{"id":239747,"date":"2021-10-30T20:13:04","date_gmt":"2021-10-30T18:13:04","guid":{"rendered":"https:\/\/www.radiopiu.net\/wordpress\/?p=239747"},"modified":"2021-10-31T06:22:14","modified_gmt":"2021-10-31T05:22:14","slug":"domenica-di-riposo-per-agordina-e-keralpen","status":"publish","type":"post","link":"https:\/\/www.radiopiu.net\/wordpress\/domenica-di-riposo-per-agordina-e-keralpen\/","title":{"rendered":"DOMENICA DI RIPOSO PER AGORDINA E KERALPEN"},"content":{"rendered":"<p><strong><a href=\"https:\/\/www.radiopiu.net\/wordpress\/campionato-agordino-di-calcio-annullata-ledizione-2020\/calcio-2020\/\" rel=\"attachment wp-att-135669\"><img loading=\"lazy\" decoding=\"async\" class=\"size-medium wp-image-135669 alignleft\" src=\"https:\/\/www.radiopiu.net\/wordpress\/wp-content\/uploads\/2020\/05\/CALCIO-2020-300x165.jpg\" alt=\"\" width=\"300\" height=\"165\" srcset=\"https:\/\/www.radiopiu.net\/wordpress\/wp-content\/uploads\/2020\/05\/CALCIO-2020-300x165.jpg 300w, https:\/\/www.radiopiu.net\/wordpress\/wp-content\/uploads\/2020\/05\/CALCIO-2020-1024x565.jpg 1024w, https:\/\/www.radiopiu.net\/wordpress\/wp-content\/uploads\/2020\/05\/CALCIO-2020-768x424.jpg 768w, https:\/\/www.radiopiu.net\/wordpress\/wp-content\/uploads\/2020\/05\/CALCIO-2020-1536x847.jpg 1536w, https:\/\/www.radiopiu.net\/wordpress\/wp-content\/uploads\/2020\/05\/CALCIO-2020.jpg 1920w\" sizes=\"auto, (max-width: 300px) 100vw, 300px\" \/><\/a>AGORDO<\/strong> In occasione della festivit\u00e0 del 1 novembre, i campionati FIGC regionali si fermano per una domenica. Niente calcio questo fine settimana, se ne riparler\u00e0 tra una settimana. In campo ci saranno solo gli allievi provinciali di De Bastiani che oggi alle 15:30 scenderanno in terra feltrina per giocare contro la Juventina Mugnai. Non scenderanno in campo le prime squadre di Agordina e Keralpen. La squadra bellunese femminile ha incamerato i primi 3 punti nell&#8217;ultima partita contro il Vittorio Veneto. Intanto la prima squadra dell&#8217;Agordina allenata da Lorenzi sta macinando punti importanti e dopo 6 giornate si trova al quarto posto con 11 punti. Si pu\u00f2 dire che un terzo dell&#8217;obbiettivo stagionale \u00e8 stato raggiunto visto che la formazione di Agordo si \u00e8 posta la salvezza come prerogativa. Una salvezza che con una trentina di punti dovrebbe essere sicura.<\/p>\n<p><strong>STEFANO FAVERO, GIOCATORE DELL&#8217;AGORDINA<\/strong><\/p>\n<audio class=\"wp-audio-shortcode\" id=\"audio-239747-1\" preload=\"none\" style=\"width: 100%;\" controls=\"controls\"><source type=\"audio\/mpeg\" src=\"https:\/\/www.radiopiu.net\/wordpress\/wp-content\/uploads\/2021\/10\/INTERVISTA-STEFANO-FAVERO.mp3?_=1\" \/><a href=\"https:\/\/www.radiopiu.net\/wordpress\/wp-content\/uploads\/2021\/10\/INTERVISTA-STEFANO-FAVERO.mp3\">https:\/\/www.radiopiu.net\/wordpress\/wp-content\/uploads\/2021\/10\/INTERVISTA-STEFANO-FAVERO.mp3<\/a><\/audio>\n<p>&nbsp;<\/p>\n<p>&nbsp;<\/p>\n<p>*****<\/p>\n","protected":false},"excerpt":{"rendered":"<p>AGORDO In occasione della festivit\u00e0 del 1 novembre, i campionati FIGC regionali si fermano per una domenica. Niente calcio questo fine settimana, se ne riparler\u00e0 tra una settimana. In campo ci saranno solo gli allievi provinciali di De Bastiani che oggi alle 15:30 scenderanno in terra feltrina per giocare contro la Juventina Mugnai. Non scenderanno&hellip;<\/p>\n","protected":false},"author":4,"featured_media":135669,"comment_status":"closed","ping_status":"open","sticky":false,"template":"","format":"standard","meta":{"_monsterinsights_skip_tracking":false,"_monsterinsights_sitenote_active":false,"_monsterinsights_sitenote_note":"","_monsterinsights_sitenote_category":0,"footnotes":""},"categories":[51,49,72],"tags":[],"class_list":["post-239747","post","type-post","status-publish","format-standard","has-post-thumbnail","hentry","category-evidenza-top","category-news-18","category-sport","category-51","category-49","category-72","description-off"],"img_url":"https:\/\/www.radiopiu.net\/wordpress\/wp-content\/uploads\/2020\/05\/CALCIO-2020.jpg","_links":{"self":[{"href":"https:\/\/www.radiopiu.net\/wordpress\/wp-json\/wp\/v2\/posts\/239747","targetHints":{"allow":["GET"]}}],"collection":[{"href":"https:\/\/www.radiopiu.net\/wordpress\/wp-json\/wp\/v2\/posts"}],"about":[{"href":"https:\/\/www.radiopiu.net\/wordpress\/wp-json\/wp\/v2\/types\/post"}],"author":[{"embeddable":true,"href":"https:\/\/www.radiopiu.net\/wordpress\/wp-json\/wp\/v2\/users\/4"}],"replies":[{"embeddable":true,"href":"https:\/\/www.radiopiu.net\/wordpress\/wp-json\/wp\/v2\/comments?post=239747"}],"version-history":[{"count":0,"href":"https:\/\/www.radiopiu.net\/wordpress\/wp-json\/wp\/v2\/posts\/239747\/revisions"}],"wp:featuredmedia":[{"embeddable":true,"href":"https:\/\/www.radiopiu.net\/wordpress\/wp-json\/wp\/v2\/media\/135669"}],"wp:attachment":[{"href":"https:\/\/www.radiopiu.net\/wordpress\/wp-json\/wp\/v2\/media?parent=239747"}],"wp:term":[{"taxonomy":"category","embeddable":true,"href":"https:\/\/www.radiopiu.net\/wordpress\/wp-json\/wp\/v2\/categories?post=239747"},{"taxonomy":"post_tag","embeddable":true,"href":"https:\/\/www.radiopiu.net\/wordpress\/wp-json\/wp\/v2\/tags?post=239747"}],"curies":[{"name":"wp","href":"https:\/\/api.w.org\/{rel}","templated":true}]}}