{"id":240011,"date":"2021-10-30T20:16:36","date_gmt":"2021-10-30T18:16:36","guid":{"rendered":"https:\/\/www.radiopiu.net\/wordpress\/?p=240011"},"modified":"2021-10-31T16:31:14","modified_gmt":"2021-10-31T15:31:14","slug":"pnnr-unopportunita-per-gli-enti-locali","status":"publish","type":"post","link":"https:\/\/www.radiopiu.net\/wordpress\/pnnr-unopportunita-per-gli-enti-locali\/","title":{"rendered":"PNNR, UN&#8217;OPPORTUNITA&#8217; PER GLI ENTI LOCALI"},"content":{"rendered":"<p><strong><a href=\"https:\/\/www.radiopiu.net\/wordpress\/giornale-radiopiu-06-febbraio-2019-direttore-mirko-mezzacasa\/logo_spi-cgil-800x445\/\" rel=\"attachment wp-att-75538\"><img loading=\"lazy\" decoding=\"async\" class=\"size-medium wp-image-75538 alignleft\" src=\"https:\/\/www.radiopiu.net\/wordpress\/wp-content\/uploads\/2019\/02\/Logo_Spi-CGIL-800x445-300x167.jpg\" alt=\"\" width=\"300\" height=\"167\" srcset=\"https:\/\/www.radiopiu.net\/wordpress\/wp-content\/uploads\/2019\/02\/Logo_Spi-CGIL-800x445-300x167.jpg 300w, https:\/\/www.radiopiu.net\/wordpress\/wp-content\/uploads\/2019\/02\/Logo_Spi-CGIL-800x445-768x427.jpg 768w, https:\/\/www.radiopiu.net\/wordpress\/wp-content\/uploads\/2019\/02\/Logo_Spi-CGIL-800x445.jpg 800w\" sizes=\"auto, (max-width: 300px) 100vw, 300px\" \/><\/a>BELLUNO<\/strong> Lo SPI CGIL parla del PIano Nazionale di Ripresa e Resilienza e lo fa facendo chiarezza e chiamando in causa gli enti locali che secondo la sigla sindacale non devono sprecare questa occasione.<\/p>\n<blockquote><p><em>Il Piano Nazionale di Ripresa e Resilienza (PNRR), come ormai sappiamo tutti. si articola su 6 missioni. Le risorse complessive sono tante, 235 miliardi di cui 87 a disposizione degli enti locali e regioni. I ministeri interessati emanano i bandi rivolti agli enti locali i quali, per poter accedere ai finanziamenti, devono presentare i progetti secondo i criteri previsti. Nella fase di costruzione di un convegno sulle opportunit\u00e0 che vengono offerte agli enti locali dal PNRR abbiamo visto il decreto che assegna i finanziamenti . Il MIMS (Ministero delle Infrastrutture e delle Mobilit\u00e0 Sostenibili) ha \u00a0\u00a0infatti recentemente emanato un decreto col quale si sono assegnati i finanziamenti, per un valore di 2,8 miliardi, ai soggetti deputati a presentare proposte, tra cui i comuni capoluoghi di provincia, che avevano inviato i progetti rispetto al Programma Innovativo Nazionale per la Qualit\u00e0 dell\u2019Abitare (PinQua) afferente alla rigenerazione urbana relativa alla missione 5 del PNRR. Gli interventi previsti sono finalizzati a ridurre il disagio abitativo aumentando il patrimonio di edilizia residenziale pubblica, a rigenerare il tessuto socioeconomico dei centri urbani, a migliorare l\u2019accessibilit\u00e0, la funzionalit\u00e0 e la sicurezza di spazi e luoghi degradati, spesso localizzati nelle periferie, il tutto in una logica di inclusione sociale utilizzando il patrimonio esistente evitando ulteriore consumo di suolo.\u00a0 Degli oltre 290 progetti pervenuti all\u2019Alta Commissione, che ha il compito di valutare la rispondenza dei progetti rispetto ai criteri definiti e assegnare un punteggio, 159 sono stati selezionati e ammessi al finanziamento. Tra questi abbiamo visto nella nostra regione i comuni di Rovigo, Padova, Venezia, Treviso con 15 milioni di euro a testa la Regione Veneto 15 milioni e Verona con ben 30 milioni. Il comune di Belluno, pur avendo presentato alcuni progetti, non rientra tra quelli ammessi ora al finanziamento. I progetti bellunesi, infatti, risultano essere tra quelli ammissibili ma con riserva. Nella lista dei 112 progetti ammissibili ma con riserva vediamo che quelli del nostro comune capoluogo risultano essere al 17\u00b0, 44\u00b0 e\u00a0 54\u00b0 posto. Non esattamente tra i primissimi. Al momento quindi Belluno risulta fuori dalla graduatoria rischiando di perdere una occasione di rilancio del territorio. Vorremmo che i progetti presentati dai comuni capoluogo di provincia siti in montagna siano presi in considerazione come gli altri territori Per questo cercheremo di verificare e chiedere a livello nazionale la possibilit\u00e0 di ampliare il fondo in questione con una ulteriore integrazione economica al fine di poter finanziare i progetti. Attiveremo le nostre strutture nazionali in modo che interessino il ministero, ma anche il ministro dell\u2019economia Daniele Franco, riconoscendo alla montagna la possibilit\u00e0 di essere protagonista. Il 12 di Novembre al convegno organizzato\u00a0 dallo Spi Cgil di Belluno ci sar\u00e0 modo di discutere di tutto questo sapendo per\u00f2 che la capacit\u00e0 di progettazione passa anche attraverso un sistema di aggregazione degli enti piu piccoli per le \u00a0competenze che sempre pi\u00f9 si rendono indispensabili.<\/em><\/p>\n<p><em>Maria Rita Gentilin &#8211; Segretaria generale SPI CGIL Belluno<\/em><\/p><\/blockquote>\n<p>&nbsp;<\/p>\n<p>&nbsp;<\/p>\n<p>&nbsp;<\/p>\n<p>*****<\/p>\n","protected":false},"excerpt":{"rendered":"<p>BELLUNO Lo SPI CGIL parla del PIano Nazionale di Ripresa e Resilienza e lo fa facendo chiarezza e chiamando in causa gli enti locali che secondo la sigla sindacale non devono sprecare questa occasione. Il Piano Nazionale di Ripresa e Resilienza (PNRR), come ormai sappiamo tutti. si articola su 6 missioni. Le risorse complessive sono&hellip;<\/p>\n","protected":false},"author":4,"featured_media":75538,"comment_status":"closed","ping_status":"open","sticky":false,"template":"","format":"standard","meta":{"_monsterinsights_skip_tracking":false,"_monsterinsights_sitenote_active":false,"_monsterinsights_sitenote_note":"","_monsterinsights_sitenote_category":0,"footnotes":""},"categories":[51,49],"tags":[],"class_list":["post-240011","post","type-post","status-publish","format-standard","has-post-thumbnail","hentry","category-evidenza-top","category-news-18","category-51","category-49","description-off"],"img_url":"https:\/\/www.radiopiu.net\/wordpress\/wp-content\/uploads\/2019\/02\/Logo_Spi-CGIL-800x445.jpg","_links":{"self":[{"href":"https:\/\/www.radiopiu.net\/wordpress\/wp-json\/wp\/v2\/posts\/240011","targetHints":{"allow":["GET"]}}],"collection":[{"href":"https:\/\/www.radiopiu.net\/wordpress\/wp-json\/wp\/v2\/posts"}],"about":[{"href":"https:\/\/www.radiopiu.net\/wordpress\/wp-json\/wp\/v2\/types\/post"}],"author":[{"embeddable":true,"href":"https:\/\/www.radiopiu.net\/wordpress\/wp-json\/wp\/v2\/users\/4"}],"replies":[{"embeddable":true,"href":"https:\/\/www.radiopiu.net\/wordpress\/wp-json\/wp\/v2\/comments?post=240011"}],"version-history":[{"count":0,"href":"https:\/\/www.radiopiu.net\/wordpress\/wp-json\/wp\/v2\/posts\/240011\/revisions"}],"wp:featuredmedia":[{"embeddable":true,"href":"https:\/\/www.radiopiu.net\/wordpress\/wp-json\/wp\/v2\/media\/75538"}],"wp:attachment":[{"href":"https:\/\/www.radiopiu.net\/wordpress\/wp-json\/wp\/v2\/media?parent=240011"}],"wp:term":[{"taxonomy":"category","embeddable":true,"href":"https:\/\/www.radiopiu.net\/wordpress\/wp-json\/wp\/v2\/categories?post=240011"},{"taxonomy":"post_tag","embeddable":true,"href":"https:\/\/www.radiopiu.net\/wordpress\/wp-json\/wp\/v2\/tags?post=240011"}],"curies":[{"name":"wp","href":"https:\/\/api.w.org\/{rel}","templated":true}]}}