{"id":240144,"date":"2021-10-31T15:50:31","date_gmt":"2021-10-31T14:50:31","guid":{"rendered":"https:\/\/www.radiopiu.net\/wordpress\/?p=240144"},"modified":"2021-10-31T16:30:11","modified_gmt":"2021-10-31T15:30:11","slug":"andrea-fontana-a-vallelunga-per-lamerican-festival-of-rome","status":"publish","type":"post","link":"https:\/\/www.radiopiu.net\/wordpress\/andrea-fontana-a-vallelunga-per-lamerican-festival-of-rome\/","title":{"rendered":"ANDREA FONTANA A VALLELUNGA PER L&#8217;AMERICAN FESTIVAL OF ROME"},"content":{"rendered":"<p><strong><a href=\"https:\/\/www.radiopiu.net\/wordpress\/andrea-fontana-a-vallelunga-per-lamerican-festival-of-rome\/3889435b-1fde-4114-a137-0333a9f2e11a\/\" rel=\"attachment wp-att-240165\"><img loading=\"lazy\" decoding=\"async\" class=\"size-medium wp-image-240165 alignleft\" src=\"https:\/\/www.radiopiu.net\/wordpress\/wp-content\/uploads\/2021\/10\/3889435b-1fde-4114-a137-0333a9f2e11a-168x300.jpg\" alt=\"\" width=\"168\" height=\"300\" srcset=\"https:\/\/www.radiopiu.net\/wordpress\/wp-content\/uploads\/2021\/10\/3889435b-1fde-4114-a137-0333a9f2e11a-168x300.jpg 168w, https:\/\/www.radiopiu.net\/wordpress\/wp-content\/uploads\/2021\/10\/3889435b-1fde-4114-a137-0333a9f2e11a-575x1024.jpg 575w, https:\/\/www.radiopiu.net\/wordpress\/wp-content\/uploads\/2021\/10\/3889435b-1fde-4114-a137-0333a9f2e11a-768x1368.jpg 768w, https:\/\/www.radiopiu.net\/wordpress\/wp-content\/uploads\/2021\/10\/3889435b-1fde-4114-a137-0333a9f2e11a-863x1536.jpg 863w, https:\/\/www.radiopiu.net\/wordpress\/wp-content\/uploads\/2021\/10\/3889435b-1fde-4114-a137-0333a9f2e11a.jpg 1150w\" sizes=\"auto, (max-width: 168px) 100vw, 168px\" \/><\/a> <\/strong><\/p>\n<p><strong>\u00a0<\/strong><\/p>\n<p><strong>\u00a0<\/strong><\/p>\n<p><strong>\u00a0<\/strong><\/p>\n<p><strong>ROMA<\/strong> Si \u00e8 conclusa da poco la Sprint Race di Vallelunga dove Andrea Fontana ha chiuso al secondo posto, al fotofinish con il primo. Alle 16:25 sar\u00e0 la volta della Long Race dove Fontana lotter\u00e0 per aggiudicarsi la prima posizione della Formula X. L&#8217;evento si pu\u00f2 seguire su YouTube <strong><a href=\"https:\/\/youtu.be\/2bTcHGUZjxs\">CLICCA QUI<\/a><\/strong><\/p>\n<p>&nbsp;<\/p>\n<p>&nbsp;<\/p>\n<p>&nbsp;<\/p>\n<p>&nbsp;<\/p>\n<p>&nbsp;<\/p>\n<p>&nbsp;<\/p>\n<p>*****<\/p>\n","protected":false},"excerpt":{"rendered":"<p>\u00a0 \u00a0 \u00a0 ROMA Si \u00e8 conclusa da poco la Sprint Race di Vallelunga dove Andrea Fontana ha chiuso al secondo posto, al fotofinish con il primo. Alle 16:25 sar\u00e0 la volta della Long Race dove Fontana lotter\u00e0 per aggiudicarsi la prima posizione della Formula X. L&#8217;evento si pu\u00f2 seguire su YouTube CLICCA QUI &nbsp;&hellip;<\/p>\n","protected":false},"author":4,"featured_media":240165,"comment_status":"closed","ping_status":"open","sticky":false,"template":"","format":"standard","meta":{"_monsterinsights_skip_tracking":false,"_monsterinsights_sitenote_active":false,"_monsterinsights_sitenote_note":"","_monsterinsights_sitenote_category":0,"footnotes":""},"categories":[104,49],"tags":[],"class_list":["post-240144","post","type-post","status-publish","format-standard","has-post-thumbnail","hentry","category-evidenza_3","category-news-18","category-104","category-49","description-off"],"img_url":"https:\/\/www.radiopiu.net\/wordpress\/wp-content\/uploads\/2021\/10\/3889435b-1fde-4114-a137-0333a9f2e11a.jpg","_links":{"self":[{"href":"https:\/\/www.radiopiu.net\/wordpress\/wp-json\/wp\/v2\/posts\/240144","targetHints":{"allow":["GET"]}}],"collection":[{"href":"https:\/\/www.radiopiu.net\/wordpress\/wp-json\/wp\/v2\/posts"}],"about":[{"href":"https:\/\/www.radiopiu.net\/wordpress\/wp-json\/wp\/v2\/types\/post"}],"author":[{"embeddable":true,"href":"https:\/\/www.radiopiu.net\/wordpress\/wp-json\/wp\/v2\/users\/4"}],"replies":[{"embeddable":true,"href":"https:\/\/www.radiopiu.net\/wordpress\/wp-json\/wp\/v2\/comments?post=240144"}],"version-history":[{"count":0,"href":"https:\/\/www.radiopiu.net\/wordpress\/wp-json\/wp\/v2\/posts\/240144\/revisions"}],"wp:featuredmedia":[{"embeddable":true,"href":"https:\/\/www.radiopiu.net\/wordpress\/wp-json\/wp\/v2\/media\/240165"}],"wp:attachment":[{"href":"https:\/\/www.radiopiu.net\/wordpress\/wp-json\/wp\/v2\/media?parent=240144"}],"wp:term":[{"taxonomy":"category","embeddable":true,"href":"https:\/\/www.radiopiu.net\/wordpress\/wp-json\/wp\/v2\/categories?post=240144"},{"taxonomy":"post_tag","embeddable":true,"href":"https:\/\/www.radiopiu.net\/wordpress\/wp-json\/wp\/v2\/tags?post=240144"}],"curies":[{"name":"wp","href":"https:\/\/api.w.org\/{rel}","templated":true}]}}