{"id":240354,"date":"2021-11-01T14:28:12","date_gmt":"2021-11-01T13:28:12","guid":{"rendered":"https:\/\/www.radiopiu.net\/wordpress\/?p=240354"},"modified":"2021-11-02T06:14:14","modified_gmt":"2021-11-02T05:14:14","slug":"meteo-condizioni-di-peggioramento-a-causa-di-rovesci-e-temporali","status":"publish","type":"post","link":"https:\/\/www.radiopiu.net\/wordpress\/meteo-condizioni-di-peggioramento-a-causa-di-rovesci-e-temporali\/","title":{"rendered":"METEO. CONDIZIONI DI PEGGIORAMENTO A CAUSA DI ROVESCI E TEMPORALI"},"content":{"rendered":"<p><strong>VENEZIA <\/strong>Il Centro funzionale decentrato della Protezione Civile del Veneto ha emesso un nuovo bollettino che annuncia l\u2019arrivo di un flusso umido e instabile dai quadranti meridionali nel pomeriggio\/serata di oggi, luned\u00ec 1 novembre, seguito da una fase di pausa nella giornata di domani, marted\u00ec 2. Sono previste, per il pomeriggio e per la serata di luned\u00ec 1 novembre, precipitazioni estese e persistenti, specie sulle zone centro settentrionali, anche a carattere di forte rovescio e temporale. Probabili quantitativi abbondanti sulle zone montane, pedemontane centrorientali e pianura nordorientale. La pianura meridionale sar\u00e0 interessata da fenomeni pi\u00f9 discontinui e di minore entit\u00e0, anche se saranno comunque possibili dei rovesci anche temporaleschi. I venti saranno temporaneamente tesi e a tratti forti dai quadranti meridionali in quota, tesi di Scirocco sulla costa in rotazione dalla serata. In montagna, il limite della neve, inizialmente superiore a 2400 m, sar\u00e0 in abbassamento in serata specie sulle Dolomiti. In considerazione delle previsioni meteo, \u00e8 decretato lo stato di attenzione in alcuni bacini idrografici del Veneto. In particolare si segnala la possibilit\u00e0 d\u2019innesco di fenomeni franosi superficiali sui versanti e la possibilit\u00e0 di innesco di colate rapide specie nelle zone di allertamento di Vene-A (Alto Piave, allerta gialla), Vene-H (Piave Pedemontano, allerta arancione), Vene-B (Alto Brenta-Bacchiglione-Alpone, allerta gialla), Vene-C (Adige-Garda e Monti Lessini, allerta gialla) e Vene-E (Basso Brenta \u2013Bacchiglione, allerta arancione). Lo stato di criticit\u00e0 \u00e8 valido dalle ore 14 di oggi, luned\u00ec 1 novembre, alle ore 8 di domani, marted\u00ec 2 novembre.<\/p>\n<p><a href=\"https:\/\/www.radiopiu.net\/wordpress\/meteo-condizioni-di-peggioramento-a-causa-di-rovesci-e-temporali\/schermata-2021-11-01-alle-14-26-55\/\" rel=\"attachment wp-att-240356\"><img loading=\"lazy\" decoding=\"async\" class=\"aligncenter wp-image-240356 size-large\" src=\"https:\/\/www.radiopiu.net\/wordpress\/wp-content\/uploads\/2021\/11\/Schermata-2021-11-01-alle-14.26.55-1024x335.png\" alt=\"\" width=\"1024\" height=\"335\" srcset=\"https:\/\/www.radiopiu.net\/wordpress\/wp-content\/uploads\/2021\/11\/Schermata-2021-11-01-alle-14.26.55-1024x335.png 1024w, https:\/\/www.radiopiu.net\/wordpress\/wp-content\/uploads\/2021\/11\/Schermata-2021-11-01-alle-14.26.55-300x98.png 300w, https:\/\/www.radiopiu.net\/wordpress\/wp-content\/uploads\/2021\/11\/Schermata-2021-11-01-alle-14.26.55-768x251.png 768w, https:\/\/www.radiopiu.net\/wordpress\/wp-content\/uploads\/2021\/11\/Schermata-2021-11-01-alle-14.26.55.png 1296w\" sizes=\"auto, (max-width: 1024px) 100vw, 1024px\" \/><\/a><\/p>\n","protected":false},"excerpt":{"rendered":"<p>VENEZIA Il Centro funzionale decentrato della Protezione Civile del Veneto ha emesso un nuovo bollettino che annuncia l\u2019arrivo di un flusso umido e instabile dai quadranti meridionali nel pomeriggio\/serata di oggi, luned\u00ec 1 novembre, seguito da una fase di pausa nella giornata di domani, marted\u00ec 2. Sono previste, per il pomeriggio e per la serata&hellip;<\/p>\n","protected":false},"author":4,"featured_media":144264,"comment_status":"closed","ping_status":"open","sticky":false,"template":"","format":"standard","meta":{"_monsterinsights_skip_tracking":false,"_monsterinsights_sitenote_active":false,"_monsterinsights_sitenote_note":"","_monsterinsights_sitenote_category":0,"footnotes":""},"categories":[49],"tags":[],"class_list":["post-240354","post","type-post","status-publish","format-standard","has-post-thumbnail","hentry","category-news-18","category-49","description-off"],"img_url":"https:\/\/www.radiopiu.net\/wordpress\/wp-content\/uploads\/2020\/06\/PIOGGIA.jpg","_links":{"self":[{"href":"https:\/\/www.radiopiu.net\/wordpress\/wp-json\/wp\/v2\/posts\/240354","targetHints":{"allow":["GET"]}}],"collection":[{"href":"https:\/\/www.radiopiu.net\/wordpress\/wp-json\/wp\/v2\/posts"}],"about":[{"href":"https:\/\/www.radiopiu.net\/wordpress\/wp-json\/wp\/v2\/types\/post"}],"author":[{"embeddable":true,"href":"https:\/\/www.radiopiu.net\/wordpress\/wp-json\/wp\/v2\/users\/4"}],"replies":[{"embeddable":true,"href":"https:\/\/www.radiopiu.net\/wordpress\/wp-json\/wp\/v2\/comments?post=240354"}],"version-history":[{"count":0,"href":"https:\/\/www.radiopiu.net\/wordpress\/wp-json\/wp\/v2\/posts\/240354\/revisions"}],"wp:featuredmedia":[{"embeddable":true,"href":"https:\/\/www.radiopiu.net\/wordpress\/wp-json\/wp\/v2\/media\/144264"}],"wp:attachment":[{"href":"https:\/\/www.radiopiu.net\/wordpress\/wp-json\/wp\/v2\/media?parent=240354"}],"wp:term":[{"taxonomy":"category","embeddable":true,"href":"https:\/\/www.radiopiu.net\/wordpress\/wp-json\/wp\/v2\/categories?post=240354"},{"taxonomy":"post_tag","embeddable":true,"href":"https:\/\/www.radiopiu.net\/wordpress\/wp-json\/wp\/v2\/tags?post=240354"}],"curies":[{"name":"wp","href":"https:\/\/api.w.org\/{rel}","templated":true}]}}