{"id":240420,"date":"2021-11-03T05:38:55","date_gmt":"2021-11-03T04:38:55","guid":{"rendered":"https:\/\/www.radiopiu.net\/wordpress\/?p=240420"},"modified":"2021-11-03T07:59:57","modified_gmt":"2021-11-03T06:59:57","slug":"giornale-radiopiu-03-novembre-2021-direttore-mirko-mezzacasa","status":"publish","type":"post","link":"https:\/\/www.radiopiu.net\/wordpress\/giornale-radiopiu-03-novembre-2021-direttore-mirko-mezzacasa\/","title":{"rendered":"GIORNALE RADIOPIU 03 NOVEMBRE 2021 DIRETTORE MIRKO MEZZACASA"},"content":{"rendered":"<h3 class=\"kvgmc6g5 cxmmr5t8 oygrvhab hcukyx3x c1et5uql\"><span style=\"color: #0000ff;\">INFORMAZIONE il canale su TELEGRAM informazione di prima mano e in tempo reale. iscriviti ed aiutaci a farlo conoscere\u00a0 \u00a0\u00a0<\/span><\/h3>\n<p>&nbsp;<\/p>\n<hr \/>\n<p>&nbsp;<\/p>\n<blockquote>\n<h3>DA NOACH A RIVAMONTE GRANDINE COME NEVE<\/h3>\n<\/blockquote>\n<p>&nbsp;<\/p>\n<p><strong>RIVAMONTE\/LA VALLE <\/strong>Precipitazioni nella conca agordina con grandinate che hanno ricoperto il manto stradale. Le testimonianze arrivano da Rivamonte e La Valle dove si vede il manto bianco di grandine. Si ringrazia per la segnalazione Andrea Zanin (Rivamonte), Andrea Amico (Saret) e Katia Zanier e Alessandro Deola (Le Campe)\u00a0 Massimo Sommariva (Noach)<\/p>\n\n\t\t\t<style type='text\/css'>\n\t\t\t\t#gallery-1 {\n\t\t\t\t\tmargin: auto;\n\t\t\t\t}\n\t\t\t\t#gallery-1 .gallery-item {\n\t\t\t\t\tfloat: left;\n\t\t\t\t\tmargin-top: 10px;\n\t\t\t\t\ttext-align: center;\n\t\t\t\t\twidth: 20%;\n\t\t\t\t}\n\t\t\t\t#gallery-1 img {\n\t\t\t\t\tborder: 2px solid #cfcfcf;\n\t\t\t\t}\n\t\t\t\t#gallery-1 .gallery-caption {\n\t\t\t\t\tmargin-left: 0;\n\t\t\t\t}\n\t\t\t\t\/* see gallery_shortcode() in wp-includes\/media.php *\/\n\t\t\t<\/style>\n\t\t<div id='gallery-1' class='dt-gallery-container gallery galleryid-240420 gallery-columns-5 gallery-size-medium'><dl class='gallery-item'>\n\t\t\t\t<dt class='gallery-icon landscape'>\n\t\t\t\t\t<a class=\"rollover rollover-zoom dt-pswp-item\" title=\"6a039d10-361e-4938-afe7-d71966fe3e57\" data-dt-img-description=\"\" data-large_image_width=\"1600\" data-large_image_height=\"1198\"href='https:\/\/www.radiopiu.net\/wordpress\/wp-content\/uploads\/2021\/11\/6a039d10-361e-4938-afe7-d71966fe3e57.jpg'><img loading=\"lazy\" decoding=\"async\" width=\"300\" height=\"225\" src=\"https:\/\/www.radiopiu.net\/wordpress\/wp-content\/uploads\/2021\/11\/6a039d10-361e-4938-afe7-d71966fe3e57-300x225.jpg\" class=\"attachment-medium size-medium\" alt=\"\" srcset=\"https:\/\/www.radiopiu.net\/wordpress\/wp-content\/uploads\/2021\/11\/6a039d10-361e-4938-afe7-d71966fe3e57-300x225.jpg 300w, https:\/\/www.radiopiu.net\/wordpress\/wp-content\/uploads\/2021\/11\/6a039d10-361e-4938-afe7-d71966fe3e57-1024x767.jpg 1024w, https:\/\/www.radiopiu.net\/wordpress\/wp-content\/uploads\/2021\/11\/6a039d10-361e-4938-afe7-d71966fe3e57-768x575.jpg 768w, https:\/\/www.radiopiu.net\/wordpress\/wp-content\/uploads\/2021\/11\/6a039d10-361e-4938-afe7-d71966fe3e57-1536x1150.jpg 1536w, https:\/\/www.radiopiu.net\/wordpress\/wp-content\/uploads\/2021\/11\/6a039d10-361e-4938-afe7-d71966fe3e57.jpg 1600w\" sizes=\"auto, (max-width: 300px) 100vw, 300px\" \/><\/a>\n\t\t\t\t<\/dt><\/dl><dl class='gallery-item'>\n\t\t\t\t<dt class='gallery-icon landscape'>\n\t\t\t\t\t<a class=\"rollover rollover-zoom dt-pswp-item\" title=\"68895dc3-c69c-44ff-8f05-8b8b9f155c1a\" data-dt-img-description=\"\" data-large_image_width=\"1280\" data-large_image_height=\"958\"href='https:\/\/www.radiopiu.net\/wordpress\/wp-content\/uploads\/2021\/11\/68895dc3-c69c-44ff-8f05-8b8b9f155c1a.jpg'><img loading=\"lazy\" decoding=\"async\" width=\"300\" height=\"225\" src=\"https:\/\/www.radiopiu.net\/wordpress\/wp-content\/uploads\/2021\/11\/68895dc3-c69c-44ff-8f05-8b8b9f155c1a-300x225.jpg\" class=\"attachment-medium size-medium\" alt=\"\" srcset=\"https:\/\/www.radiopiu.net\/wordpress\/wp-content\/uploads\/2021\/11\/68895dc3-c69c-44ff-8f05-8b8b9f155c1a-300x225.jpg 300w, https:\/\/www.radiopiu.net\/wordpress\/wp-content\/uploads\/2021\/11\/68895dc3-c69c-44ff-8f05-8b8b9f155c1a-1024x766.jpg 1024w, https:\/\/www.radiopiu.net\/wordpress\/wp-content\/uploads\/2021\/11\/68895dc3-c69c-44ff-8f05-8b8b9f155c1a-768x575.jpg 768w, https:\/\/www.radiopiu.net\/wordpress\/wp-content\/uploads\/2021\/11\/68895dc3-c69c-44ff-8f05-8b8b9f155c1a.jpg 1280w\" sizes=\"auto, (max-width: 300px) 100vw, 300px\" \/><\/a>\n\t\t\t\t<\/dt><\/dl><dl class='gallery-item'>\n\t\t\t\t<dt class='gallery-icon landscape'>\n\t\t\t\t\t<a class=\"rollover rollover-zoom dt-pswp-item\" title=\"4add7a67-d2e8-4237-b051-dd43d4a5df3f\" data-dt-img-description=\"\" data-large_image_width=\"1600\" data-large_image_height=\"1198\"href='https:\/\/www.radiopiu.net\/wordpress\/wp-content\/uploads\/2021\/11\/4add7a67-d2e8-4237-b051-dd43d4a5df3f.jpg'><img loading=\"lazy\" decoding=\"async\" width=\"300\" height=\"225\" src=\"https:\/\/www.radiopiu.net\/wordpress\/wp-content\/uploads\/2021\/11\/4add7a67-d2e8-4237-b051-dd43d4a5df3f-300x225.jpg\" class=\"attachment-medium size-medium\" alt=\"\" srcset=\"https:\/\/www.radiopiu.net\/wordpress\/wp-content\/uploads\/2021\/11\/4add7a67-d2e8-4237-b051-dd43d4a5df3f-300x225.jpg 300w, https:\/\/www.radiopiu.net\/wordpress\/wp-content\/uploads\/2021\/11\/4add7a67-d2e8-4237-b051-dd43d4a5df3f-1024x767.jpg 1024w, https:\/\/www.radiopiu.net\/wordpress\/wp-content\/uploads\/2021\/11\/4add7a67-d2e8-4237-b051-dd43d4a5df3f-768x575.jpg 768w, https:\/\/www.radiopiu.net\/wordpress\/wp-content\/uploads\/2021\/11\/4add7a67-d2e8-4237-b051-dd43d4a5df3f-1536x1150.jpg 1536w, https:\/\/www.radiopiu.net\/wordpress\/wp-content\/uploads\/2021\/11\/4add7a67-d2e8-4237-b051-dd43d4a5df3f.jpg 1600w\" sizes=\"auto, (max-width: 300px) 100vw, 300px\" \/><\/a>\n\t\t\t\t<\/dt><\/dl><dl class='gallery-item'>\n\t\t\t\t<dt class='gallery-icon landscape'>\n\t\t\t\t\t<a class=\"rollover rollover-zoom dt-pswp-item\" title=\"885903d8-c3ce-4654-b24e-65a2f512e9aa\" data-dt-img-description=\"\" data-large_image_width=\"1600\" data-large_image_height=\"1198\"href='https:\/\/www.radiopiu.net\/wordpress\/wp-content\/uploads\/2021\/11\/885903d8-c3ce-4654-b24e-65a2f512e9aa.jpg'><img loading=\"lazy\" decoding=\"async\" width=\"300\" height=\"225\" src=\"https:\/\/www.radiopiu.net\/wordpress\/wp-content\/uploads\/2021\/11\/885903d8-c3ce-4654-b24e-65a2f512e9aa-300x225.jpg\" class=\"attachment-medium size-medium\" alt=\"\" srcset=\"https:\/\/www.radiopiu.net\/wordpress\/wp-content\/uploads\/2021\/11\/885903d8-c3ce-4654-b24e-65a2f512e9aa-300x225.jpg 300w, https:\/\/www.radiopiu.net\/wordpress\/wp-content\/uploads\/2021\/11\/885903d8-c3ce-4654-b24e-65a2f512e9aa-1024x767.jpg 1024w, https:\/\/www.radiopiu.net\/wordpress\/wp-content\/uploads\/2021\/11\/885903d8-c3ce-4654-b24e-65a2f512e9aa-768x575.jpg 768w, https:\/\/www.radiopiu.net\/wordpress\/wp-content\/uploads\/2021\/11\/885903d8-c3ce-4654-b24e-65a2f512e9aa-1536x1150.jpg 1536w, https:\/\/www.radiopiu.net\/wordpress\/wp-content\/uploads\/2021\/11\/885903d8-c3ce-4654-b24e-65a2f512e9aa.jpg 1600w\" sizes=\"auto, (max-width: 300px) 100vw, 300px\" \/><\/a>\n\t\t\t\t<\/dt><\/dl><dl class='gallery-item'>\n\t\t\t\t<dt class='gallery-icon landscape'>\n\t\t\t\t\t<a class=\"rollover rollover-zoom dt-pswp-item\" title=\"b21552a3-e415-40da-87b6-890d4b9a6477\" data-dt-img-description=\"\" data-large_image_width=\"1600\" data-large_image_height=\"1198\"href='https:\/\/www.radiopiu.net\/wordpress\/wp-content\/uploads\/2021\/11\/b21552a3-e415-40da-87b6-890d4b9a6477.jpg'><img loading=\"lazy\" decoding=\"async\" width=\"300\" height=\"225\" src=\"https:\/\/www.radiopiu.net\/wordpress\/wp-content\/uploads\/2021\/11\/b21552a3-e415-40da-87b6-890d4b9a6477-300x225.jpg\" class=\"attachment-medium size-medium\" alt=\"\" srcset=\"https:\/\/www.radiopiu.net\/wordpress\/wp-content\/uploads\/2021\/11\/b21552a3-e415-40da-87b6-890d4b9a6477-300x225.jpg 300w, https:\/\/www.radiopiu.net\/wordpress\/wp-content\/uploads\/2021\/11\/b21552a3-e415-40da-87b6-890d4b9a6477-1024x767.jpg 1024w, https:\/\/www.radiopiu.net\/wordpress\/wp-content\/uploads\/2021\/11\/b21552a3-e415-40da-87b6-890d4b9a6477-768x575.jpg 768w, https:\/\/www.radiopiu.net\/wordpress\/wp-content\/uploads\/2021\/11\/b21552a3-e415-40da-87b6-890d4b9a6477-1536x1150.jpg 1536w, https:\/\/www.radiopiu.net\/wordpress\/wp-content\/uploads\/2021\/11\/b21552a3-e415-40da-87b6-890d4b9a6477.jpg 1600w\" sizes=\"auto, (max-width: 300px) 100vw, 300px\" \/><\/a>\n\t\t\t\t<\/dt><\/dl><br style=\"clear: both\" \/><dl class='gallery-item'>\n\t\t\t\t<dt class='gallery-icon landscape'>\n\t\t\t\t\t<a class=\"rollover rollover-zoom dt-pswp-item\" title=\"7e622723-ca04-432d-b9be-634d079c79f4\" data-dt-img-description=\"\" data-large_image_width=\"1599\" data-large_image_height=\"899\"href='https:\/\/www.radiopiu.net\/wordpress\/wp-content\/uploads\/2021\/11\/7e622723-ca04-432d-b9be-634d079c79f4.jpg'><img loading=\"lazy\" decoding=\"async\" width=\"300\" height=\"169\" src=\"https:\/\/www.radiopiu.net\/wordpress\/wp-content\/uploads\/2021\/11\/7e622723-ca04-432d-b9be-634d079c79f4-300x169.jpg\" class=\"attachment-medium size-medium\" alt=\"\" srcset=\"https:\/\/www.radiopiu.net\/wordpress\/wp-content\/uploads\/2021\/11\/7e622723-ca04-432d-b9be-634d079c79f4-300x169.jpg 300w, https:\/\/www.radiopiu.net\/wordpress\/wp-content\/uploads\/2021\/11\/7e622723-ca04-432d-b9be-634d079c79f4-1024x576.jpg 1024w, https:\/\/www.radiopiu.net\/wordpress\/wp-content\/uploads\/2021\/11\/7e622723-ca04-432d-b9be-634d079c79f4-768x432.jpg 768w, https:\/\/www.radiopiu.net\/wordpress\/wp-content\/uploads\/2021\/11\/7e622723-ca04-432d-b9be-634d079c79f4-1536x864.jpg 1536w, https:\/\/www.radiopiu.net\/wordpress\/wp-content\/uploads\/2021\/11\/7e622723-ca04-432d-b9be-634d079c79f4.jpg 1599w\" sizes=\"auto, (max-width: 300px) 100vw, 300px\" \/><\/a>\n\t\t\t\t<\/dt><\/dl><dl class='gallery-item'>\n\t\t\t\t<dt class='gallery-icon landscape'>\n\t\t\t\t\t<a class=\"rollover rollover-zoom dt-pswp-item\" title=\"7ad47d45-e16a-4bb8-ba16-ef5608aaed70\" data-dt-img-description=\"\" data-large_image_width=\"1599\" data-large_image_height=\"899\"href='https:\/\/www.radiopiu.net\/wordpress\/wp-content\/uploads\/2021\/11\/7ad47d45-e16a-4bb8-ba16-ef5608aaed70.jpg'><img loading=\"lazy\" decoding=\"async\" width=\"300\" height=\"169\" src=\"https:\/\/www.radiopiu.net\/wordpress\/wp-content\/uploads\/2021\/11\/7ad47d45-e16a-4bb8-ba16-ef5608aaed70-300x169.jpg\" class=\"attachment-medium size-medium\" alt=\"\" srcset=\"https:\/\/www.radiopiu.net\/wordpress\/wp-content\/uploads\/2021\/11\/7ad47d45-e16a-4bb8-ba16-ef5608aaed70-300x169.jpg 300w, https:\/\/www.radiopiu.net\/wordpress\/wp-content\/uploads\/2021\/11\/7ad47d45-e16a-4bb8-ba16-ef5608aaed70-1024x576.jpg 1024w, https:\/\/www.radiopiu.net\/wordpress\/wp-content\/uploads\/2021\/11\/7ad47d45-e16a-4bb8-ba16-ef5608aaed70-768x432.jpg 768w, https:\/\/www.radiopiu.net\/wordpress\/wp-content\/uploads\/2021\/11\/7ad47d45-e16a-4bb8-ba16-ef5608aaed70-1536x864.jpg 1536w, https:\/\/www.radiopiu.net\/wordpress\/wp-content\/uploads\/2021\/11\/7ad47d45-e16a-4bb8-ba16-ef5608aaed70.jpg 1599w\" sizes=\"auto, (max-width: 300px) 100vw, 300px\" \/><\/a>\n\t\t\t\t<\/dt><\/dl><dl class='gallery-item'>\n\t\t\t\t<dt class='gallery-icon landscape'>\n\t\t\t\t\t<a class=\"rollover rollover-zoom dt-pswp-item\" title=\"3cb045d5-982e-4cb8-9a51-414fcd2b889a\" data-dt-img-description=\"\" data-large_image_width=\"1599\" data-large_image_height=\"899\"href='https:\/\/www.radiopiu.net\/wordpress\/wp-content\/uploads\/2021\/11\/3cb045d5-982e-4cb8-9a51-414fcd2b889a.jpg'><img loading=\"lazy\" decoding=\"async\" width=\"300\" height=\"169\" src=\"https:\/\/www.radiopiu.net\/wordpress\/wp-content\/uploads\/2021\/11\/3cb045d5-982e-4cb8-9a51-414fcd2b889a-300x169.jpg\" class=\"attachment-medium size-medium\" alt=\"\" srcset=\"https:\/\/www.radiopiu.net\/wordpress\/wp-content\/uploads\/2021\/11\/3cb045d5-982e-4cb8-9a51-414fcd2b889a-300x169.jpg 300w, https:\/\/www.radiopiu.net\/wordpress\/wp-content\/uploads\/2021\/11\/3cb045d5-982e-4cb8-9a51-414fcd2b889a-1024x576.jpg 1024w, https:\/\/www.radiopiu.net\/wordpress\/wp-content\/uploads\/2021\/11\/3cb045d5-982e-4cb8-9a51-414fcd2b889a-768x432.jpg 768w, https:\/\/www.radiopiu.net\/wordpress\/wp-content\/uploads\/2021\/11\/3cb045d5-982e-4cb8-9a51-414fcd2b889a-1536x864.jpg 1536w, https:\/\/www.radiopiu.net\/wordpress\/wp-content\/uploads\/2021\/11\/3cb045d5-982e-4cb8-9a51-414fcd2b889a.jpg 1599w\" sizes=\"auto, (max-width: 300px) 100vw, 300px\" \/><\/a>\n\t\t\t\t<\/dt><\/dl><dl class='gallery-item'>\n\t\t\t\t<dt class='gallery-icon landscape'>\n\t\t\t\t\t<a class=\"rollover rollover-zoom dt-pswp-item\" title=\"cf4b1c43-d5f1-46b8-9f81-ca75606a0932\" data-dt-img-description=\"\" data-large_image_width=\"1599\" data-large_image_height=\"899\"href='https:\/\/www.radiopiu.net\/wordpress\/wp-content\/uploads\/2021\/11\/cf4b1c43-d5f1-46b8-9f81-ca75606a0932.jpg'><img loading=\"lazy\" decoding=\"async\" width=\"300\" height=\"169\" src=\"https:\/\/www.radiopiu.net\/wordpress\/wp-content\/uploads\/2021\/11\/cf4b1c43-d5f1-46b8-9f81-ca75606a0932-300x169.jpg\" class=\"attachment-medium size-medium\" alt=\"\" srcset=\"https:\/\/www.radiopiu.net\/wordpress\/wp-content\/uploads\/2021\/11\/cf4b1c43-d5f1-46b8-9f81-ca75606a0932-300x169.jpg 300w, https:\/\/www.radiopiu.net\/wordpress\/wp-content\/uploads\/2021\/11\/cf4b1c43-d5f1-46b8-9f81-ca75606a0932-1024x576.jpg 1024w, https:\/\/www.radiopiu.net\/wordpress\/wp-content\/uploads\/2021\/11\/cf4b1c43-d5f1-46b8-9f81-ca75606a0932-768x432.jpg 768w, https:\/\/www.radiopiu.net\/wordpress\/wp-content\/uploads\/2021\/11\/cf4b1c43-d5f1-46b8-9f81-ca75606a0932-1536x864.jpg 1536w, https:\/\/www.radiopiu.net\/wordpress\/wp-content\/uploads\/2021\/11\/cf4b1c43-d5f1-46b8-9f81-ca75606a0932.jpg 1599w\" sizes=\"auto, (max-width: 300px) 100vw, 300px\" \/><\/a>\n\t\t\t\t<\/dt><\/dl><dl class='gallery-item'>\n\t\t\t\t<dt class='gallery-icon landscape'>\n\t\t\t\t\t<a class=\"rollover rollover-zoom dt-pswp-item\" title=\"f1f16cd3-6fc8-4c55-b672-2a590fe596b4\" data-dt-img-description=\"\" data-large_image_width=\"1599\" data-large_image_height=\"899\"href='https:\/\/www.radiopiu.net\/wordpress\/wp-content\/uploads\/2021\/11\/f1f16cd3-6fc8-4c55-b672-2a590fe596b4.jpg'><img loading=\"lazy\" decoding=\"async\" width=\"300\" height=\"169\" src=\"https:\/\/www.radiopiu.net\/wordpress\/wp-content\/uploads\/2021\/11\/f1f16cd3-6fc8-4c55-b672-2a590fe596b4-300x169.jpg\" class=\"attachment-medium size-medium\" alt=\"\" srcset=\"https:\/\/www.radiopiu.net\/wordpress\/wp-content\/uploads\/2021\/11\/f1f16cd3-6fc8-4c55-b672-2a590fe596b4-300x169.jpg 300w, https:\/\/www.radiopiu.net\/wordpress\/wp-content\/uploads\/2021\/11\/f1f16cd3-6fc8-4c55-b672-2a590fe596b4-1024x576.jpg 1024w, https:\/\/www.radiopiu.net\/wordpress\/wp-content\/uploads\/2021\/11\/f1f16cd3-6fc8-4c55-b672-2a590fe596b4-768x432.jpg 768w, https:\/\/www.radiopiu.net\/wordpress\/wp-content\/uploads\/2021\/11\/f1f16cd3-6fc8-4c55-b672-2a590fe596b4-1536x864.jpg 1536w, https:\/\/www.radiopiu.net\/wordpress\/wp-content\/uploads\/2021\/11\/f1f16cd3-6fc8-4c55-b672-2a590fe596b4.jpg 1599w\" sizes=\"auto, (max-width: 300px) 100vw, 300px\" \/><\/a>\n\t\t\t\t<\/dt><\/dl><br style=\"clear: both\" \/><dl class='gallery-item'>\n\t\t\t\t<dt class='gallery-icon portrait'>\n\t\t\t\t\t<a class=\"rollover rollover-zoom dt-pswp-item\" title=\"251866280_1210542862788268_4250573044445123928_n\" data-dt-img-description=\"\" data-large_image_width=\"720\" data-large_image_height=\"960\"href='https:\/\/www.radiopiu.net\/wordpress\/wp-content\/uploads\/2021\/11\/251866280_1210542862788268_4250573044445123928_n.jpg'><img loading=\"lazy\" decoding=\"async\" width=\"225\" height=\"300\" src=\"https:\/\/www.radiopiu.net\/wordpress\/wp-content\/uploads\/2021\/11\/251866280_1210542862788268_4250573044445123928_n-225x300.jpg\" class=\"attachment-medium size-medium\" alt=\"\" srcset=\"https:\/\/www.radiopiu.net\/wordpress\/wp-content\/uploads\/2021\/11\/251866280_1210542862788268_4250573044445123928_n-225x300.jpg 225w, https:\/\/www.radiopiu.net\/wordpress\/wp-content\/uploads\/2021\/11\/251866280_1210542862788268_4250573044445123928_n.jpg 720w\" sizes=\"auto, (max-width: 225px) 100vw, 225px\" \/><\/a>\n\t\t\t\t<\/dt><\/dl><dl class='gallery-item'>\n\t\t\t\t<dt class='gallery-icon portrait'>\n\t\t\t\t\t<a class=\"rollover rollover-zoom dt-pswp-item\" title=\"251600622_952405042030549_4475265151827307254_n\" data-dt-img-description=\"\" data-large_image_width=\"720\" data-large_image_height=\"960\"href='https:\/\/www.radiopiu.net\/wordpress\/wp-content\/uploads\/2021\/11\/251600622_952405042030549_4475265151827307254_n.jpg'><img loading=\"lazy\" decoding=\"async\" width=\"225\" height=\"300\" src=\"https:\/\/www.radiopiu.net\/wordpress\/wp-content\/uploads\/2021\/11\/251600622_952405042030549_4475265151827307254_n-225x300.jpg\" class=\"attachment-medium size-medium\" alt=\"\" srcset=\"https:\/\/www.radiopiu.net\/wordpress\/wp-content\/uploads\/2021\/11\/251600622_952405042030549_4475265151827307254_n-225x300.jpg 225w, https:\/\/www.radiopiu.net\/wordpress\/wp-content\/uploads\/2021\/11\/251600622_952405042030549_4475265151827307254_n.jpg 720w\" sizes=\"auto, (max-width: 225px) 100vw, 225px\" \/><\/a>\n\t\t\t\t<\/dt><\/dl><dl class='gallery-item'>\n\t\t\t\t<dt class='gallery-icon portrait'>\n\t\t\t\t\t<a class=\"rollover rollover-zoom dt-pswp-item\" title=\"251394281_437639367794893_7467789003014323859_n\" data-dt-img-description=\"\" data-large_image_width=\"720\" data-large_image_height=\"960\"href='https:\/\/www.radiopiu.net\/wordpress\/wp-content\/uploads\/2021\/11\/251394281_437639367794893_7467789003014323859_n.jpg'><img loading=\"lazy\" decoding=\"async\" width=\"225\" height=\"300\" src=\"https:\/\/www.radiopiu.net\/wordpress\/wp-content\/uploads\/2021\/11\/251394281_437639367794893_7467789003014323859_n-225x300.jpg\" class=\"attachment-medium size-medium\" alt=\"\" srcset=\"https:\/\/www.radiopiu.net\/wordpress\/wp-content\/uploads\/2021\/11\/251394281_437639367794893_7467789003014323859_n-225x300.jpg 225w, https:\/\/www.radiopiu.net\/wordpress\/wp-content\/uploads\/2021\/11\/251394281_437639367794893_7467789003014323859_n.jpg 720w\" sizes=\"auto, (max-width: 225px) 100vw, 225px\" \/><\/a>\n\t\t\t\t<\/dt><\/dl><dl class='gallery-item'>\n\t\t\t\t<dt class='gallery-icon portrait'>\n\t\t\t\t\t<a class=\"rollover rollover-zoom dt-pswp-item\" title=\"251873584_189919676645608_966405726201298938_n\" data-dt-img-description=\"\" data-large_image_width=\"720\" data-large_image_height=\"960\"href='https:\/\/www.radiopiu.net\/wordpress\/wp-content\/uploads\/2021\/11\/251873584_189919676645608_966405726201298938_n.jpg'><img loading=\"lazy\" decoding=\"async\" width=\"225\" height=\"300\" src=\"https:\/\/www.radiopiu.net\/wordpress\/wp-content\/uploads\/2021\/11\/251873584_189919676645608_966405726201298938_n-225x300.jpg\" class=\"attachment-medium size-medium\" alt=\"\" srcset=\"https:\/\/www.radiopiu.net\/wordpress\/wp-content\/uploads\/2021\/11\/251873584_189919676645608_966405726201298938_n-225x300.jpg 225w, https:\/\/www.radiopiu.net\/wordpress\/wp-content\/uploads\/2021\/11\/251873584_189919676645608_966405726201298938_n.jpg 720w\" sizes=\"auto, (max-width: 225px) 100vw, 225px\" \/><\/a>\n\t\t\t\t<\/dt><\/dl><dl class='gallery-item'>\n\t\t\t\t<dt class='gallery-icon portrait'>\n\t\t\t\t\t<a class=\"rollover rollover-zoom dt-pswp-item\" title=\"8790d403-9de3-442a-a29e-b7bbd291371f\" data-dt-img-description=\"\" data-large_image_width=\"1200\" data-large_image_height=\"1600\"href='https:\/\/www.radiopiu.net\/wordpress\/wp-content\/uploads\/2021\/11\/8790d403-9de3-442a-a29e-b7bbd291371f.jpg'><img loading=\"lazy\" decoding=\"async\" width=\"225\" height=\"300\" src=\"https:\/\/www.radiopiu.net\/wordpress\/wp-content\/uploads\/2021\/11\/8790d403-9de3-442a-a29e-b7bbd291371f-225x300.jpg\" class=\"attachment-medium size-medium\" alt=\"\" srcset=\"https:\/\/www.radiopiu.net\/wordpress\/wp-content\/uploads\/2021\/11\/8790d403-9de3-442a-a29e-b7bbd291371f-225x300.jpg 225w, https:\/\/www.radiopiu.net\/wordpress\/wp-content\/uploads\/2021\/11\/8790d403-9de3-442a-a29e-b7bbd291371f-768x1024.jpg 768w, https:\/\/www.radiopiu.net\/wordpress\/wp-content\/uploads\/2021\/11\/8790d403-9de3-442a-a29e-b7bbd291371f-1152x1536.jpg 1152w, https:\/\/www.radiopiu.net\/wordpress\/wp-content\/uploads\/2021\/11\/8790d403-9de3-442a-a29e-b7bbd291371f.jpg 1200w\" sizes=\"auto, (max-width: 225px) 100vw, 225px\" \/><\/a>\n\t\t\t\t<\/dt><\/dl><br style=\"clear: both\" \/><dl class='gallery-item'>\n\t\t\t\t<dt class='gallery-icon landscape'>\n\t\t\t\t\t<a class=\"rollover rollover-zoom dt-pswp-item\" title=\"ab939130-a7a6-4484-a05e-d372e2c4a98a\" data-dt-img-description=\"\" data-large_image_width=\"1600\" data-large_image_height=\"1200\"href='https:\/\/www.radiopiu.net\/wordpress\/wp-content\/uploads\/2021\/11\/ab939130-a7a6-4484-a05e-d372e2c4a98a.jpg'><img loading=\"lazy\" decoding=\"async\" width=\"300\" height=\"225\" src=\"https:\/\/www.radiopiu.net\/wordpress\/wp-content\/uploads\/2021\/11\/ab939130-a7a6-4484-a05e-d372e2c4a98a-300x225.jpg\" class=\"attachment-medium size-medium\" alt=\"\" srcset=\"https:\/\/www.radiopiu.net\/wordpress\/wp-content\/uploads\/2021\/11\/ab939130-a7a6-4484-a05e-d372e2c4a98a-300x225.jpg 300w, https:\/\/www.radiopiu.net\/wordpress\/wp-content\/uploads\/2021\/11\/ab939130-a7a6-4484-a05e-d372e2c4a98a-1024x768.jpg 1024w, https:\/\/www.radiopiu.net\/wordpress\/wp-content\/uploads\/2021\/11\/ab939130-a7a6-4484-a05e-d372e2c4a98a-768x576.jpg 768w, https:\/\/www.radiopiu.net\/wordpress\/wp-content\/uploads\/2021\/11\/ab939130-a7a6-4484-a05e-d372e2c4a98a-1536x1152.jpg 1536w, https:\/\/www.radiopiu.net\/wordpress\/wp-content\/uploads\/2021\/11\/ab939130-a7a6-4484-a05e-d372e2c4a98a.jpg 1600w\" sizes=\"auto, (max-width: 300px) 100vw, 300px\" \/><\/a>\n\t\t\t\t<\/dt><\/dl><dl class='gallery-item'>\n\t\t\t\t<dt class='gallery-icon landscape'>\n\t\t\t\t\t<a class=\"rollover rollover-zoom dt-pswp-item\" title=\"683bcdae-42fc-4e1b-8771-b089d7757c12\" data-dt-img-description=\"\" data-large_image_width=\"1600\" data-large_image_height=\"1200\"href='https:\/\/www.radiopiu.net\/wordpress\/wp-content\/uploads\/2021\/11\/683bcdae-42fc-4e1b-8771-b089d7757c12.jpg'><img loading=\"lazy\" decoding=\"async\" width=\"300\" height=\"225\" src=\"https:\/\/www.radiopiu.net\/wordpress\/wp-content\/uploads\/2021\/11\/683bcdae-42fc-4e1b-8771-b089d7757c12-300x225.jpg\" class=\"attachment-medium size-medium\" alt=\"\" srcset=\"https:\/\/www.radiopiu.net\/wordpress\/wp-content\/uploads\/2021\/11\/683bcdae-42fc-4e1b-8771-b089d7757c12-300x225.jpg 300w, https:\/\/www.radiopiu.net\/wordpress\/wp-content\/uploads\/2021\/11\/683bcdae-42fc-4e1b-8771-b089d7757c12-1024x768.jpg 1024w, https:\/\/www.radiopiu.net\/wordpress\/wp-content\/uploads\/2021\/11\/683bcdae-42fc-4e1b-8771-b089d7757c12-768x576.jpg 768w, https:\/\/www.radiopiu.net\/wordpress\/wp-content\/uploads\/2021\/11\/683bcdae-42fc-4e1b-8771-b089d7757c12-1536x1152.jpg 1536w, https:\/\/www.radiopiu.net\/wordpress\/wp-content\/uploads\/2021\/11\/683bcdae-42fc-4e1b-8771-b089d7757c12.jpg 1600w\" sizes=\"auto, (max-width: 300px) 100vw, 300px\" \/><\/a>\n\t\t\t\t<\/dt><\/dl><dl class='gallery-item'>\n\t\t\t\t<dt class='gallery-icon landscape'>\n\t\t\t\t\t<a class=\"rollover rollover-zoom dt-pswp-item\" title=\"e5c080a5-7090-4f8c-8772-d1c0b59b9965\" data-dt-img-description=\"\" data-large_image_width=\"1600\" data-large_image_height=\"1200\"href='https:\/\/www.radiopiu.net\/wordpress\/wp-content\/uploads\/2021\/11\/e5c080a5-7090-4f8c-8772-d1c0b59b9965.jpg'><img loading=\"lazy\" decoding=\"async\" width=\"300\" height=\"225\" src=\"https:\/\/www.radiopiu.net\/wordpress\/wp-content\/uploads\/2021\/11\/e5c080a5-7090-4f8c-8772-d1c0b59b9965-300x225.jpg\" class=\"attachment-medium size-medium\" alt=\"\" srcset=\"https:\/\/www.radiopiu.net\/wordpress\/wp-content\/uploads\/2021\/11\/e5c080a5-7090-4f8c-8772-d1c0b59b9965-300x225.jpg 300w, https:\/\/www.radiopiu.net\/wordpress\/wp-content\/uploads\/2021\/11\/e5c080a5-7090-4f8c-8772-d1c0b59b9965-1024x768.jpg 1024w, https:\/\/www.radiopiu.net\/wordpress\/wp-content\/uploads\/2021\/11\/e5c080a5-7090-4f8c-8772-d1c0b59b9965-768x576.jpg 768w, https:\/\/www.radiopiu.net\/wordpress\/wp-content\/uploads\/2021\/11\/e5c080a5-7090-4f8c-8772-d1c0b59b9965-1536x1152.jpg 1536w, https:\/\/www.radiopiu.net\/wordpress\/wp-content\/uploads\/2021\/11\/e5c080a5-7090-4f8c-8772-d1c0b59b9965.jpg 1600w\" sizes=\"auto, (max-width: 300px) 100vw, 300px\" \/><\/a>\n\t\t\t\t<\/dt><\/dl><dl class='gallery-item'>\n\t\t\t\t<dt class='gallery-icon landscape'>\n\t\t\t\t\t<a class=\"rollover rollover-zoom dt-pswp-item\" title=\"c4201267-d31b-4911-9b34-14ce367a258c\" data-dt-img-description=\"\" data-large_image_width=\"1600\" data-large_image_height=\"1200\"href='https:\/\/www.radiopiu.net\/wordpress\/wp-content\/uploads\/2021\/11\/c4201267-d31b-4911-9b34-14ce367a258c.jpg'><img loading=\"lazy\" decoding=\"async\" width=\"300\" height=\"225\" src=\"https:\/\/www.radiopiu.net\/wordpress\/wp-content\/uploads\/2021\/11\/c4201267-d31b-4911-9b34-14ce367a258c-300x225.jpg\" class=\"attachment-medium size-medium\" alt=\"\" srcset=\"https:\/\/www.radiopiu.net\/wordpress\/wp-content\/uploads\/2021\/11\/c4201267-d31b-4911-9b34-14ce367a258c-300x225.jpg 300w, https:\/\/www.radiopiu.net\/wordpress\/wp-content\/uploads\/2021\/11\/c4201267-d31b-4911-9b34-14ce367a258c-1024x768.jpg 1024w, https:\/\/www.radiopiu.net\/wordpress\/wp-content\/uploads\/2021\/11\/c4201267-d31b-4911-9b34-14ce367a258c-768x576.jpg 768w, https:\/\/www.radiopiu.net\/wordpress\/wp-content\/uploads\/2021\/11\/c4201267-d31b-4911-9b34-14ce367a258c-1536x1152.jpg 1536w, https:\/\/www.radiopiu.net\/wordpress\/wp-content\/uploads\/2021\/11\/c4201267-d31b-4911-9b34-14ce367a258c.jpg 1600w\" sizes=\"auto, (max-width: 300px) 100vw, 300px\" \/><\/a>\n\t\t\t\t<\/dt><\/dl>\n\t\t\t\t<br style='clear: both' \/>\n\t\t\t<\/div>\n\n<p>&nbsp;<\/p>\n<p>&nbsp;<\/p>\n<p>&nbsp;<\/p>\n<hr \/>\n<p>&nbsp;<\/p>\n<blockquote>\n<h3>METEO. ATTESE ULTERIORI PRECIPITAZIONI. ALLERTA GIALLA<\/h3>\n<\/blockquote>\n<p><strong><img loading=\"lazy\" decoding=\"async\" class=\"alignleft\" src=\"https:\/\/www.radiopiu.net\/wordpress\/wp-content\/uploads\/2018\/08\/instabilita.jpg\" width=\"188\" height=\"113\" \/>VENEZIA<\/strong>\u00a0 Il Centro funzionale decentrato della Protezione Civile del Veneto ha emesso un nuovo bollettino che prevede, tra oggi e domani, ulteriori precipitazioni, anche a carattere di rovescio, in particolare sulle zone centro-settentrionali dove potranno risultare anche consistenti. In montagna il limite delle nevicate \u00e8 previsto in rialzo a 1900\/2200 m, con un successivo abbassamento.\u00a0 In considerazione delle previsioni meteo, si decreta inoltre lo stato di attenzione (allerta gialla) in alcuni bacini idrografici del Veneto, nei quali si potrebbero verificare episodi di innesco di fenomeni franosi superficiali sui versanti e di innesco di colate<\/p>\n<p>&nbsp;<\/p>\n<hr \/>\n<p>&nbsp;<\/p>\n<p>&nbsp;<\/p>\n<blockquote>\n<h3>OGGI I FUNERALI DI MARIA TERESA, UN PEZZO DI STORIA IMPORTANTE A VOLTAGO<\/h3>\n<\/blockquote>\n<p><strong>VOLTAGO<\/strong> Oggi alle 11 si terranno i funerali di Maria Teresa Miana, vedova Da Campo. Ai figli e parenti tutti giunga il nostro messaggio di condoglianze. A Duilio Da Campo in particolare che da sempre consideriamo importante &#8220;collaboratore&#8221; della nostra testata giornalistica. Maria Teresa Miana con il marito a fine anni Cinquanta ha fondato l&#8217;hotel Stella Alpina, precedentemente il negozio di almentari gestito dal figlio Duilio. Nei mesi scorsi la scomparsa della sorella Anania e del fratello Giovanni morti a distanza di soli 3 giorni.<\/p>\n<p><a href=\"https:\/\/www.radiopiu.net\/wordpress\/giornale-radiopiu-03-novembre-2021-direttore-mirko-mezzacasa\/5f69b0e9-0a27-483b-96ed-43458b0f547b\/\" rel=\"attachment wp-att-240516\"><img loading=\"lazy\" decoding=\"async\" class=\"alignnone size-medium wp-image-240516\" src=\"https:\/\/www.radiopiu.net\/wordpress\/wp-content\/uploads\/2021\/11\/5f69b0e9-0a27-483b-96ed-43458b0f547b-300x135.jpg\" alt=\"\" width=\"300\" height=\"135\" srcset=\"https:\/\/www.radiopiu.net\/wordpress\/wp-content\/uploads\/2021\/11\/5f69b0e9-0a27-483b-96ed-43458b0f547b-300x135.jpg 300w, https:\/\/www.radiopiu.net\/wordpress\/wp-content\/uploads\/2021\/11\/5f69b0e9-0a27-483b-96ed-43458b0f547b-1024x461.jpg 1024w, https:\/\/www.radiopiu.net\/wordpress\/wp-content\/uploads\/2021\/11\/5f69b0e9-0a27-483b-96ed-43458b0f547b-768x345.jpg 768w, https:\/\/www.radiopiu.net\/wordpress\/wp-content\/uploads\/2021\/11\/5f69b0e9-0a27-483b-96ed-43458b0f547b-1536x691.jpg 1536w, https:\/\/www.radiopiu.net\/wordpress\/wp-content\/uploads\/2021\/11\/5f69b0e9-0a27-483b-96ed-43458b0f547b.jpg 2048w\" sizes=\"auto, (max-width: 300px) 100vw, 300px\" \/><\/a><\/p>\n<p>&nbsp;<\/p>\n<p>&nbsp;<\/p>\n<p>&nbsp;<\/p>\n<hr \/>\n<p>&nbsp;<\/p>\n<h3 dir=\"auto\">VIABILITA&#8217; NUOVI CANTIERI IN PROVINCIA<\/h3>\n<p><img loading=\"lazy\" decoding=\"async\" class=\"alignleft\" src=\"https:\/\/www.radiopiu.net\/wordpress\/wp-content\/uploads\/2020\/05\/VENETO-STRADE-300x300.png\" width=\"143\" height=\"143\" \/>Veneto Strade informa, via a nuovi cantieri lungo la viabilit\u00e0 provinciale, lavori in corso anticipando l&#8217;inverno. <strong>COMELICO<\/strong>\u00a0 Per il ripristino urgente di una linea elettrica sulla Strada provinciale 30 Panoramica del Comelico tra Costa e Costalissoio in Comune di San Nicol\u00f2 Comelico interdizione totale al traffico dalle 8 alle 17\u00a0 fino a venerdi. <strong>VAL DI ZOLDO\u00a0 <\/strong>a Mezzocanale e Solagnot lungo la provinciale 251 fino al 19 novembre senso unico alternato regolato da semaforo, esclusi sabati domeniche e festivi infrasettimanali. ALPAGO Lungo la provinciale 28 delle Coste tra Tambre e Alpago senso unico alternato con semaforo o movieri dalle 8 alle 17.<\/p>\n<p>&nbsp;<\/p>\n<p><strong>PONTE BAILEY A BELLUNO<\/strong>:\u00a0 Da domani via ai lavori di sistemazione dell&#8217;infrastruttura che collega le due sponde del Piave a Lambioi,\u00a0 dalle 7 di gioved\u00ec e fino al 21 novembre senso unico alternato con semaforo esclusi giorni festivi e prefestivi. Dal 22 novembre al 4 dicembre chiusura totale<\/p>\n<p>&nbsp;<\/p>\n<hr \/>\n<p>&nbsp;<\/p>\n<div class=\"kvgmc6g5 cxmmr5t8 oygrvhab hcukyx3x c1et5uql\">\n<blockquote>\n<h3><a href=\"https:\/\/www.radiopiu.net\/wordpress\/giornale-radiopiu-16-giugno-2021-direttore-mirko-mezzacasa\/th-140\/\" rel=\"attachment wp-att-216173\"><img loading=\"lazy\" decoding=\"async\" class=\"wp-image-216173 alignleft\" src=\"https:\/\/www.radiopiu.net\/wordpress\/wp-content\/uploads\/2021\/06\/th-13.jpg\" alt=\"\" width=\"126\" height=\"84\" \/><\/a><\/h3>\n<h3><\/h3>\n<h3>INTERRUZIONI ENEL PROGRAMMATE, PER LAVORI<\/h3>\n<\/blockquote>\n<\/div>\n<p><span style=\"color: #ff0000;\">VENERDI&#8217; 05 NOVEMBRE<\/span> dalle 9 alle 12 a Voltago nelle vie Vich e Della Vittoria<\/p>\n<p>&nbsp;<\/p>\n<hr \/>\n<p>&nbsp;<\/p>\n<p>&nbsp;<\/p>\n<blockquote>\n<h3>CROCE VERDE VAL BIOIS, DOPO LO SPOSTAMENTO DELLA SEDE I PROBLEMI PER LA MANCANZA DI VOLONTARI<\/h3>\n<\/blockquote>\n<p><strong>La Croce Verde Val Biois, causa la carenza di volontari, ha emanato il calendario con i disservizi del mese di novembre.<\/strong> VENERDI&#8217; 5 NOVEMBRE 2021 dalle ore 6:00 alle ore 20:00; SABATO 6 NOVEMBRE 2021 dalle ore 6:00 al giorno DOMENICA 7 NOVEMBRE alle ore 6:00; MARTEDI&#8217; 9 NOVEMBRE 2021 dalle ore 20:00 alle ore 6:00 del MERCOLEDI&#8217; 10 NOVEMBRE 2021; VENERDI&#8217; 12 NOVEMBRE 2021 dalle ore 6:00 alle ore 20:00; SABATO 13 NOVEMBRE 2021 dalle ore 6:00 alle ore 20:00; MERCOLEDI&#8217; 17 NOVEMBRE 2021 dalle ore 20:00 alle ore 6 del GIOVEDI&#8217; 18 NOVEMBRE 2021; GIOVEDI&#8217; 18 NOVEMBRE 2021 dalle ore 20:00 alle ore 6 del VENERDI&#8217; 19 NOVEMBRE 2021; DOMENICA 21 NOVEMBRE 2021 dalle ore 20:00 alle ore 20:00 del LUNEDI&#8217; 22 NOVEMBRE 2021; SABATO 27 NOVEMBRE 2021 dalle ore 6:00 alle ore 20:00: DOMENICA 28 NOVEMBRE dalle ore 20:00 alle ore 20:00 di LUNEDI&#8217; 29 NOVEMBRE 2021.<\/p>\n<p>&nbsp;<\/p>\n<hr \/>\n<p>&nbsp;<\/p>\n<blockquote>\n<h3>IL 4 NOVEMBRE LA FESTA DELL&#8217;UNITA&#8217; NAZIONALE E DELLE FORZE ARMATE A FALCADE, RICORDANDO L&#8217;ALLUVIONE DEL 1966<\/h3>\n<\/blockquote>\n<p><strong><a href=\"https:\/\/www.radiopiu.net\/wordpress\/giornale-radiopiu-02-novembre-2021-direttore-mirko-mezzacasa\/250px-chiesafalcade\/\" rel=\"attachment wp-att-240437\"><img loading=\"lazy\" decoding=\"async\" class=\"wp-image-240437 alignleft\" src=\"https:\/\/www.radiopiu.net\/wordpress\/wp-content\/uploads\/2021\/11\/250px-ChiesaFalcade.jpg\" alt=\"\" width=\"164\" height=\"123\" \/><\/a>FALCADE<\/strong> Il 4 novembre 2021 si celebrera\u0300 la festa dell\u2019Unita\u0300 Nazionale e delle Forze Armate con la S. Messa alle 10.30 presso la Chiesa di Falcade. Al termine della funzione religiosa, verra\u0300 effettuata la deposizione di una corona di alloro presso il monumento ai caduti e, successivamente, presso le altre lapidi a ricordo. Nel pomeriggio, alle\u00a0 14, si commemorera\u0300 l\u2019anniversario dell\u2019alluvione del 1966, con la S. Messa presso la Piazza di Somor a ricordo dei nostri concittadini scomparsi a causa di quell\u2019evento. In caso di maltempo la S. Messa sara\u0300 celebrata presso la Chiesa di Falcade Alto. Si ringraziano per la collaborazione i Gruppi A.N.A. Falcade, A.N.A. Caviola\/Cime d\u2019Auta ed A.N.A. Canale d\u2019Agordo \u2013 Caviola.<\/p>\n<p>&nbsp;<\/p>\n<p>&nbsp;<\/p>\n<hr \/>\n<p>&nbsp;<\/p>\n<p>&nbsp;<\/p>\n<blockquote>\n<h3>A BREVE AL VIA AI LAVORI IN VIA AGORDINA-PARIS BORDONE SOPRA LA REGIONALE 203 AGORDINA<\/h3>\n<\/blockquote>\n<p><strong><img loading=\"lazy\" decoding=\"async\" class=\"alignleft\" src=\"https:\/\/www.radiopiu.net\/wordpress\/wp-content\/uploads\/2021\/11\/032c7a32-a525-4783-ada3-db6b47e159be.jpg\" width=\"316\" height=\"178\" \/>TAIBON<\/strong> Come anticipato la scorsa settimana ai microfoni di RADIO PIU dal consigliere provinciale Massimo Bortoluzzi nel corso di una diretta telefonica nei giorni in cui ci siamo occupati della frana irrisolta di Pisoliva (Canale d&#8217;Agordo), a breve inizieranno i lavori difronte alla sede di RADIO PIU&#8217; lungo i pendii che sovrastano l&#8217;abitazione del compianto Renato Rossi. Un intervento in emergenza in seguito al distacco di un grosso sasso arrivato nel giardino dell&#8217;abitazione, non sulla regionale 203 agordina ma solo perch\u00e9 esiste un vallo naturale che ne ha impedito la risalita. L&#8217;episodio risale alla scorsa estate ma e&#8217; solo l&#8217;ultimo di una lunga serie, perch\u00e9 in precedenza di sassi ne sono sempre caduti pur di modeste dimensioni. La Provincia, dopo il sopralluogo che ha confermato la pericolosit\u00e0 del versante ha\u00a0 stanziato 90 mila euro per la realizzazione di barriere di contenimento. &#8220;<em>Non sar\u00e0 un intervento come quello di Bries ad Agordo &#8211; ha spiegato il consigliere Bortoluzzi &#8211; dove \u00e8 stato realizzato un muro, ma la somma urgenza prevede una barriera ad assorbimento d&#8217;energia di 5 metri per 60 a protezione di via Agordina (parallela a Via Paris Bordone).\u00a0<\/em><\/p>\n<p><strong><span style=\"color: #ff0000;\">\u00a0L&#8217;INTERVISTA ALLA RADIO, OSPITE IL CONSIGLIERE MASSIMO BORTOLUZZI\u00a0<\/span><\/strong><\/p>\n<audio class=\"wp-audio-shortcode\" id=\"audio-240420-1\" preload=\"none\" style=\"width: 100%;\" controls=\"controls\"><source type=\"audio\/mpeg\" src=\"https:\/\/www.radiopiu.net\/wordpress\/wp-content\/uploads\/2021\/11\/MASSIMO-BORTO.mp3?_=1\" \/><a href=\"https:\/\/www.radiopiu.net\/wordpress\/wp-content\/uploads\/2021\/11\/MASSIMO-BORTO.mp3\">https:\/\/www.radiopiu.net\/wordpress\/wp-content\/uploads\/2021\/11\/MASSIMO-BORTO.mp3<\/a><\/audio>\n<p>&nbsp;<\/p>\n<p>&nbsp;<\/p>\n<p><strong>LA DELIBERA IN TRE PAGINE<\/strong><\/p>\n<a href=\"https:\/\/www.radiopiu.net\/wordpress\/wp-content\/uploads\/2021\/11\/13-ODG-DfB-TAIBON.pdf\" class=\"pdfemb-viewer\" style=\"\" data-width=\"max\" data-height=\"max\" data-toolbar=\"top\" data-toolbar-fixed=\"on\">13 ODG DfB TAIBON<\/a>\n<p>&nbsp;<\/p>\n<hr \/>\n<p>&nbsp;<\/p>\n<blockquote>\n<h3>COVID IN PROVINCIA: LONGARONE, OSPITALE, PONTE NELLE ALPI E SANTO STEFANO I 4 COMUNI CON PIU&#8217; CASI NEGLI ULTIMI 7 GIORNI<\/h3>\n<\/blockquote>\n<p><strong>BELLUNO<\/strong> Aggiornamento settimanale dell&#8217;Ulss 1 Dolomiti sull&#8217;andamento del covid in provincia. Il grafico sotto riportato rappresenta la curva epidemica relativa allo sviluppo pandemico nel nostro territorio.<\/p>\n<p><a href=\"https:\/\/www.radiopiu.net\/wordpress\/covid-in-provincia-longarone-ospitale-ponte-nelle-alpi-e-santo-stefano-i-4-comuni-con-piu-casi-negli-ultimi-7-giorni\/aaa-13\/\" rel=\"attachment wp-att-240609\"><img loading=\"lazy\" decoding=\"async\" class=\"wp-image-240609 alignright\" src=\"https:\/\/www.radiopiu.net\/wordpress\/wp-content\/uploads\/2021\/11\/aaa.jpg\" alt=\"\" width=\"306\" height=\"142\" srcset=\"https:\/\/www.radiopiu.net\/wordpress\/wp-content\/uploads\/2021\/11\/aaa.jpg 964w, https:\/\/www.radiopiu.net\/wordpress\/wp-content\/uploads\/2021\/11\/aaa-300x139.jpg 300w, https:\/\/www.radiopiu.net\/wordpress\/wp-content\/uploads\/2021\/11\/aaa-768x357.jpg 768w\" sizes=\"auto, (max-width: 306px) 100vw, 306px\" \/><\/a><\/p>\n<p>&nbsp;<\/p>\n<p>Attualmente positivi: 213. Nell\u2019ultima settimana la casistica covid ha registrato un significativo incremento rispetto alla settimana precedente, raddoppiando il numero di nuovi positivi (123 vs 57). Rilevante appare l\u2019incidenza dei nuovi casi fra i giovanissimi 0-14 come evidenziato nel grafico a seguire.<\/p>\n<p><a href=\"https:\/\/www.radiopiu.net\/wordpress\/covid-in-provincia-longarone-ospitale-ponte-nelle-alpi-e-santo-stefano-i-4-comuni-con-piu-casi-negli-ultimi-7-giorni\/bbb-3\/\" rel=\"attachment wp-att-240610\"><img loading=\"lazy\" decoding=\"async\" class=\"wp-image-240610 alignleft\" src=\"https:\/\/www.radiopiu.net\/wordpress\/wp-content\/uploads\/2021\/11\/bbb.png\" alt=\"\" width=\"321\" height=\"195\" srcset=\"https:\/\/www.radiopiu.net\/wordpress\/wp-content\/uploads\/2021\/11\/bbb.png 964w, https:\/\/www.radiopiu.net\/wordpress\/wp-content\/uploads\/2021\/11\/bbb-300x182.png 300w, https:\/\/www.radiopiu.net\/wordpress\/wp-content\/uploads\/2021\/11\/bbb-768x467.png 768w\" sizes=\"auto, (max-width: 321px) 100vw, 321px\" \/><\/a><\/p>\n<p>&nbsp;<\/p>\n<p>La permanenza di una casistica non trascurabile nelle fasce d\u2019et\u00e0 centrali sottolinea comunque l\u2019importanza\u00a0 della vaccinazione per prevenire in tali soggetti l\u2019infezione e le forme gravi di malattia. Le prime dosi sono sempre prenotabili da portale <a href=\"http:\/\/www.aulss1.veneto.it\/\">www.aulss1.veneto.it<\/a> oppure \u00e8 possibile presentarsi ad accesso libero in una delle sedute programmati (sedi e orari sul sito). I casi rilevati nell\u2019ultima settimana (dal 25 al 31 ottobre) sono, come detto, 123 (+66 rispetto alla settimana precedente), con un conseguente tasso di incidenza settimanale di 61,6 casi su 100 mila abitanti, superiore \u00a0all&#8217;incidenza nazionale (51,9\u00a0 su 100 mila abitanti). La mappa sottostante rappresenta l\u2019incidenza settimanale per singolo comune. Si ricorda che nei piccoli comuni, anche una minima casistica determina un\u2019incidenza (casi\/abitanti) significativa, alla luce del piccolo denominatore di popolazione.<\/p>\n<p><a href=\"https:\/\/www.radiopiu.net\/wordpress\/covid-in-provincia-longarone-ospitale-ponte-nelle-alpi-e-santo-stefano-i-4-comuni-con-piu-casi-negli-ultimi-7-giorni\/ccc-2\/\" rel=\"attachment wp-att-240611\"><img loading=\"lazy\" decoding=\"async\" class=\"wp-image-240611 alignright\" src=\"https:\/\/www.radiopiu.net\/wordpress\/wp-content\/uploads\/2021\/11\/ccc.jpg\" alt=\"\" width=\"335\" height=\"346\" srcset=\"https:\/\/www.radiopiu.net\/wordpress\/wp-content\/uploads\/2021\/11\/ccc.jpg 964w, https:\/\/www.radiopiu.net\/wordpress\/wp-content\/uploads\/2021\/11\/ccc-290x300.jpg 290w, https:\/\/www.radiopiu.net\/wordpress\/wp-content\/uploads\/2021\/11\/ccc-768x793.jpg 768w\" sizes=\"auto, (max-width: 335px) 100vw, 335px\" \/><\/a><\/p>\n<p>&nbsp;<\/p>\n<p>Appare evidente, in continuit\u00e0 con quanto gi\u00e0 segnalato in precedenti rapporti, un significativo impegno epidemico, prevalentemente giovanile, nel comune di Longarone, e nei comuni contermini di Ospitale e Ponte nelle Alpi, oltre che nel comune di San Pietro di Cadore. I due piccoli comuni del Cadore sono interessati da positivit\u00e0 emergenti ordinaria di origine famigliare o amicale. I comune di Longarone e Ponte nelle Alpi, invece, vedono buona parte delle positivit\u00e0 emergenti collegate al contesto scolastico o a paralleli contesti sportivi. Si tratta per buona parte di soggetti gi\u00e0 presi in carico nell\u2019ambito delle disposizioni contumaciali scolastiche che hanno maturato la positivit\u00e0 al Sars Cov 2 in occasione del primo o del secondo tampone di controllo. Attualemente Longarone vede 45 soggetti positivi isolati e 122 soggetti quarantenati (contatti di caso) . Il comune di Ponte nelle Alpi 21 positivi isolati e 37 soggetti quarantenati (contati di caso) Dall\u2019inizio dell\u2019epidemia, dell\u2019Ulss Dolomiti ha eseguito: 357 mila tamponi molecolari, 256 mila tamponi antigenici (non ancora registrati i tamponi antigenici eseguiti nel weekend) Il grafico sottostante evidenzia l\u2019importante incremento dei tamponi green pass eseguiti nei drive in dell\u2019Ulss nell\u2019ultima settimana.\u00a0 A questi si aggiungono i tamponi per Green Pass eseguiti dalle farmacie del territorio. L\u2019azienda \u00e8 impegnata nel garantire anche i tamponi con finalit\u00e0 di contact tracing, di screening per personale sanitario e delle case di riposo.<\/p>\n<p><a href=\"https:\/\/www.radiopiu.net\/wordpress\/covid-in-provincia-longarone-ospitale-ponte-nelle-alpi-e-santo-stefano-i-4-comuni-con-piu-casi-negli-ultimi-7-giorni\/ddd-4\/\" rel=\"attachment wp-att-240612\"><img loading=\"lazy\" decoding=\"async\" class=\"wp-image-240612 alignleft\" src=\"https:\/\/www.radiopiu.net\/wordpress\/wp-content\/uploads\/2021\/11\/ddd.jpg\" alt=\"\" width=\"276\" height=\"181\" srcset=\"https:\/\/www.radiopiu.net\/wordpress\/wp-content\/uploads\/2021\/11\/ddd.jpg 964w, https:\/\/www.radiopiu.net\/wordpress\/wp-content\/uploads\/2021\/11\/ddd-300x197.jpg 300w, https:\/\/www.radiopiu.net\/wordpress\/wp-content\/uploads\/2021\/11\/ddd-768x504.jpg 768w\" sizes=\"auto, (max-width: 276px) 100vw, 276px\" \/><\/a><\/p>\n<p>&nbsp;<\/p>\n<p>Ad oggi sono state trattate con anticorpi monoclonali dall\u2019Unit\u00e0 Operativa di\u00a0 Malattie Infettive di Belluno <strong>103<\/strong> persone. Nella settimana qui analizzata sono stati somministrati\u00a0 <strong>7 <\/strong>\u00a0trattamenti con monoclonali. L\u2019ulss Dolomiti \u00e8 uno dei territori con il pi\u00f9 alto utilizzo di anticorpi monoclonali. Per facilitare il trattamento precoce delle persone Covid positive per le quali \u00e8 indicata la somministrazione di monoclonali, l\u2019unit\u00e0 operativa di Malattie Infettive contatta i soggetti interessati e cura le prime fasi di arruolamento per il trattamento. Si invitano le persone covid positive sintomatiche a chiedere informazioni sul trattamento con anticorpi monoclonali al proprio Medico di Medicina Generale; all&#8217;Unit\u00e0 Operativa di Malattie Infettive scrivendo alla mail <a href=\"mailto:malattieinfettive.monoclonali@aulss1.veneto.it\">malattieinfettive.monoclonali@aulss1.veneto.it <\/a>Sono attualmente ricoverati al San Martino di Belluno 4\u00a0 pazienti attualmente Covid positivi in area non critica di anni\u00a0 68, 70, 84, 87. Al momento le terapie intensive non hanno persone covid positive ricoverate.<\/p>\n<p>&nbsp;<\/p>\n<p>&nbsp;<\/p>\n<hr \/>\n<p>&nbsp;<\/p>\n<blockquote>\n<h3>QUANDO &#8220;EL TACON&#8221; E&#8217; PEGGIO DEL &#8220;BUS&#8221;, PISTE DA TRIAL E VELOCITA&#8217; FOLLI<\/h3>\n<\/blockquote>\n<blockquote><p><em><span id=\"page3R_mcid21\" class=\"markedContent\">\u00a0Via Lazzarini, l<span dir=\"ltr\" role=\"presentation\">a forte velocit\u00e0 nelle ore diurne e quella folle nelle ore notturne anche superiore ai 100 km\/h\u00a0 <\/span><span dir=\"ltr\" role=\"presentation\">comprome<\/span><span dir=\"ltr\" role=\"presentation\">t<\/span><span dir=\"ltr\" role=\"presentation\">tono in modo signific<\/span><span dir=\"ltr\" role=\"presentation\">ativo <\/span> <span dir=\"ltr\" role=\"presentation\">la sicurezza<\/span> <span dir=\"ltr\" role=\"presentation\">di quanti attraversan<\/span><span dir=\"ltr\" role=\"presentation\">o nelle numerose str<\/span><span dir=\"ltr\" role=\"presentation\">i<\/span><span dir=\"ltr\" role=\"presentation\">sce <\/span><span dir=\"ltr\" role=\"presentation\">pedonali<\/span> <span dir=\"ltr\" role=\"presentation\">in relazione ai molti ragazzi che affer<\/span><span dir=\"ltr\" role=\"presentation\">iscono alle scuole della zona<\/span><span dir=\"ltr\" role=\"presentation\">,<\/span> <span dir=\"ltr\" role=\"presentation\">de<\/span><span dir=\"ltr\" role=\"presentation\">l<\/span> <span dir=\"ltr\" role=\"presentation\">numero anziani <\/span><span dir=\"ltr\" role=\"presentation\">oltre <\/span><span dir=\"ltr\" role=\"presentation\">che degli utenti dell<\/span><span dir=\"ltr\" role=\"presentation\">\u2019<\/span><span dir=\"ltr\" role=\"presentation\">ULSS.\u00a0<\/span><\/span><\/em><\/p><\/blockquote>\n<p><strong><a href=\"https:\/\/www.radiopiu.net\/wordpress\/quando-el-tacon-e-peggio-del-bus-piste-da-trial-e-velocita-folli\/249304972_10224591943459105_1779266696712966822_n\/\" rel=\"attachment wp-att-240507\"><img loading=\"lazy\" decoding=\"async\" class=\" wp-image-240507 alignleft\" src=\"https:\/\/www.radiopiu.net\/wordpress\/wp-content\/uploads\/2021\/11\/249304972_10224591943459105_1779266696712966822_n-300x263.jpg\" alt=\"\" width=\"203\" height=\"178\" srcset=\"https:\/\/www.radiopiu.net\/wordpress\/wp-content\/uploads\/2021\/11\/249304972_10224591943459105_1779266696712966822_n-300x263.jpg 300w, https:\/\/www.radiopiu.net\/wordpress\/wp-content\/uploads\/2021\/11\/249304972_10224591943459105_1779266696712966822_n.jpg 600w\" sizes=\"auto, (max-width: 203px) 100vw, 203px\" \/><\/a>BELLUNO<\/strong> Le conseguenze dei lavori in Via Feltre sono i continui rappezzamenti, in una via in cui insistono\u00a0 due<span id=\"page3R_mcid14\" class=\"markedContent\"><span dir=\"ltr\" role=\"presentation\"> rotonde in attesa di sistemazione da almeno 10 anni<\/span><span dir=\"ltr\" role=\"presentation\">, i marciapiedi sono in situazione di forte <\/span><\/span><span id=\"page3R_mcid15\" class=\"markedContent\"><span dir=\"ltr\" role=\"presentation\">\u00a0ammaloramento quindi pericolosi e poi i tombini rialzati rispetto al tappeto di asfalto, pericolosi, rumorosi e fastidiosi. Sono solo alcune delle problematiche che mette in evidenza il consigliere comunale Fabio Bristot e la posa della fibra sta solo peggiorando la situazione perch\u00e9 <\/span><\/span><span id=\"page18R_mcid1\" class=\"markedContent\"><span dir=\"ltr\" role=\"presentation\">il conglomerato <\/span><span dir=\"ltr\" role=\"presentation\">bituminoso rosa usato per chiudere gli scavi viene facilmente rimosso dal passaggio delle auto. Per questo il consigliere chiede al sindaco e assessore competente<em>: &#8220;E&#8217; <\/em><\/span><\/span><em><span id=\"page18R_mcid4\" class=\"markedContent\"><span dir=\"ltr\" role=\"presentation\">nelle intenzioni, anzi nelle determinazioni formali dell\u2019Amministrazione del Comune di Belluno <\/span><span dir=\"ltr\" role=\"presentation\">provvedere alla ricalibratura di tutti i chiusini<\/span><span dir=\"ltr\" role=\"presentation\">\/<\/span><span dir=\"ltr\" role=\"presentation\">tombini<\/span><span dir=\"ltr\" role=\"presentation\">\/pozzetti<\/span> <span dir=\"ltr\" role=\"presentation\">che hanno reso Via Feltre una sorta <\/span><span dir=\"ltr\" role=\"presentation\">di pista da trial, rendendo anche pericoloso il trans<\/span><span dir=\"ltr\" role=\"presentation\">ito veicolare? P<\/span><\/span><span id=\"page18R_mcid5\" class=\"markedContent\"><span dir=\"ltr\" role=\"presentation\">rovvedere<\/span> <span dir=\"ltr\" role=\"presentation\">al<\/span> <span dir=\"ltr\" role=\"presentation\">rifacimento <\/span><span dir=\"ltr\" role=\"presentation\">manutentivo <\/span><span dir=\"ltr\" role=\"presentation\">dei marciapiedi? P<\/span><\/span><span id=\"page18R_mcid6\" class=\"markedContent\"><span dir=\"ltr\" role=\"presentation\">rovvedere<\/span> <span dir=\"ltr\" role=\"presentation\">all<\/span><span dir=\"ltr\" role=\"presentation\">\u2019<\/span><span dir=\"ltr\" role=\"presentation\">asfaltatura di via Feltr<\/span><span dir=\"ltr\" role=\"presentation\">e e di Via <\/span><span dir=\"ltr\" role=\"presentation\">Lazzari<\/span><span dir=\"ltr\" role=\"presentation\">ni? I<\/span><\/span><span id=\"page18R_mcid8\" class=\"markedContent\"><span dir=\"ltr\" role=\"presentation\">nfine,\u00a0 \u00e8 stata presa in considerazione la realizzazione di un semaforo intelligente <\/span><span dir=\"ltr\" role=\"presentation\">di fronte all\u2019ULSS<\/span> <span dir=\"ltr\" role=\"presentation\">Dolomiti <\/span><span dir=\"ltr\" role=\"presentation\">che tarato rigorosamente sui 50 km\/h blocchi i veicoli che procedono a velocit\u00e0 superiore con lo <\/span><span dir=\"ltr\" role=\"presentation\">scatto del rosso?&#8221;\u00a0\u00a0<\/span><\/span><\/em><\/p>\n<p>&nbsp;<\/p>\n<p>&nbsp;<\/p>\n<hr \/>\n<blockquote>\n<h3><\/h3>\n<h3>LA REGIONE ANNUNCIA I RISTORI PER I MAESTRI DI SCI, ATTESI DA 2 ANNI<\/h3>\n<\/blockquote>\n<p>&nbsp;<\/p>\n<p><strong><img loading=\"lazy\" decoding=\"async\" class=\"alignleft\" src=\"https:\/\/www.radiopiu.net\/wordpress\/wp-content\/uploads\/2018\/11\/Scuola-sci-Nevegal_maestri.jpg\" width=\"255\" height=\"170\" \/>VENEZIA<\/strong> La Giunta regionale del Veneto promette i ristori ai maestri e alle scuole di sci veneti, colpiti e penalizzati\u00a0 sall\u2019azzeramento della stagione sciistica a causa del Covid. Lo sanno bene a Venezia che le restrizioni e le misure di contenimento della pandemia hanno inciso in maniera profonda sul comparto della montagna causando gravi danni economici in tutto il settore del turismo alpino. In Veneto il lockdown bianco ha causato una perdita di quasi 900 milioni di euro per le\u00a0 montagne. Annunciati i ristori grazie alla misura di sostegno assegnata dallo Stato alla Regione del Veneto. Il contributo a fondo perduto per i maestri di sci e le scuole operanti nel territorio regionale ammonta a oltre 3 milioni di euro, che saranno assegnati attraverso uno specifico bando attivato da Unioncamere, una volta sottoscritta la convenzione con la Regione\u00a0 riguarder\u00e0 nello specifico sia le scuole di sci operanti in Veneto sia i maestri di sci, in possesso di abilitazione all\u2019esercizio della professione e con regolare iscrizione all\u2019albo professionale regionale alla data di presentazione della domanda. La dotazione finanziaria del bando sar\u00e0 suddivisa fra le due categorie, destinando\u00a0 2.586.673,66 euro ai singoli maestri e 800.000 euro alle scuole di sci. Se i fondi destinati ad una delle due categorie non dovessero essere esauriti, potranno essere utilizzati a beneficio dell\u2019altra. L\u2019obbiettivo della misura intende, dunque, non solo ristorare gli operatori dai mancati introiti ma anche dare una prima iniezione di ossigeno alla montagna Veneta, in vista della riapertura della stagione invernale.<\/p>\n<blockquote><p>Nel dettaglio i 3.386.673,66 euro destinati complessivamente alle due categorie saranno cos\u00ec determinate: per le Scuole di Sci operanti in Veneto il contributo forfettario sar\u00e0 calcolato sul valore medio dei ricavi dichiarati nel periodo di imposta 2017\/2019, in base ad una percentuale massima del 10% e nei limiti di un importo massimo di 150mila euro per Scuola; per i Maestri di sci, in possesso di abilitazione all\u2019esercizio della professione, sar\u00e0 assegnato: un contributo forfettario di base di 250,00 euro, erogato a tutti i maestri a parziale copertura dei costi fissi, anche a prescindere dall\u2019attivit\u00e0 svolta; un contributo forfettario ulteriore di 600,00 euro a tutti i neo-maestri, che si sono iscritti all\u2019albo professionale dopo il 15 marzo 2020; un contributo ulteriore (con esclusione dei neo-maestri) per la perdita di reddito subita nella stagione invernale 2020-2021, parametrato in relazione all\u2019attivit\u00e0 di maestro di sci sostenuta e ai relativi redditi dichiarati in uno dei periodi di imposta 2018-2019-2020, a discrezione del richiedente. L\u2019importo totale per ciascun maestro non potr\u00e0 superare il limite massimo di 8.000 euro.<\/p><\/blockquote>\n<p>&nbsp;<\/p>\n<hr \/>\n<p>&nbsp;<\/p>\n<p>&nbsp;<\/p>\n<blockquote>\n<h3>PER IL BOB 61 MILIONI A CORTINA, ZAIA &#8220;E&#8217; IL PACCHETTO OLIMPIADI&#8221; E IL CONTRIBUENTE CHE NE PENSA?<\/h3>\n<\/blockquote>\n<p><strong><img loading=\"lazy\" decoding=\"async\" class=\"alignleft\" src=\"https:\/\/www.radiopiu.net\/wordpress\/wp-content\/uploads\/2021\/04\/cortina_guide_bob.jpg\" width=\"250\" height=\"125\" \/>VENEZIA<\/strong> Ieri in conferenza stampa a Venezia una decina di minuti sono stati dedicati\u00a0 ai 61 milioni per la pista da Bob, ma anche alla scelta di dire no a Torino (Cesana) o Innsbruk nella vicina Austria<em> &#8220;E&#8217; un&#8217;area da bonificare&#8221;<\/em> ha rimarcato Zaia<em> &#8220;un pacchetto completo per le Olimpiadi trampolino compreso&#8221;<\/em> a proposito di semplificazione ecco i due commissari.<\/p>\n<p><strong>AUDIO<\/strong><\/p>\n<audio class=\"wp-audio-shortcode\" id=\"audio-240420-2\" preload=\"none\" style=\"width: 100%;\" controls=\"controls\"><source type=\"audio\/mpeg\" src=\"https:\/\/www.radiopiu.net\/wordpress\/wp-content\/uploads\/2021\/11\/zaia-bob.mp3?_=2\" \/><a href=\"https:\/\/www.radiopiu.net\/wordpress\/wp-content\/uploads\/2021\/11\/zaia-bob.mp3\">https:\/\/www.radiopiu.net\/wordpress\/wp-content\/uploads\/2021\/11\/zaia-bob.mp3<\/a><\/audio>\n<p>&nbsp;<\/p>\n<p>&nbsp;<\/p>\n<p>&nbsp;<\/p>\n<hr \/>\n<p>&nbsp;<\/p>\n<blockquote>\n<h3>MOBILIT\u00c0 E SICUREZZA STRADALE. APPROVATA LA GRADUATORIA DEL BANDO 2021. STANZIATI 98 MILA EURO ANCHE AD AGORDO<\/h3>\n<\/blockquote>\n<p><strong><a href=\"https:\/\/www.radiopiu.net\/wordpress\/mobilita-e-sicurezza-stradale-approvata-la-graduatoria-del-bando-2021-stanziati-98-mila-euro-anche-ad-agordo\/sicurezza-stradale\/\" rel=\"attachment wp-att-240563\"><img loading=\"lazy\" decoding=\"async\" class=\" wp-image-240563 alignleft\" src=\"https:\/\/www.radiopiu.net\/wordpress\/wp-content\/uploads\/2021\/11\/SICUREZZA-STRADALE-300x201.jpg\" alt=\"\" width=\"176\" height=\"118\" srcset=\"https:\/\/www.radiopiu.net\/wordpress\/wp-content\/uploads\/2021\/11\/SICUREZZA-STRADALE-300x201.jpg 300w, https:\/\/www.radiopiu.net\/wordpress\/wp-content\/uploads\/2021\/11\/SICUREZZA-STRADALE-1024x685.jpg 1024w, https:\/\/www.radiopiu.net\/wordpress\/wp-content\/uploads\/2021\/11\/SICUREZZA-STRADALE-768x514.jpg 768w, https:\/\/www.radiopiu.net\/wordpress\/wp-content\/uploads\/2021\/11\/SICUREZZA-STRADALE-1536x1028.jpg 1536w, https:\/\/www.radiopiu.net\/wordpress\/wp-content\/uploads\/2021\/11\/SICUREZZA-STRADALE.jpg 1920w\" sizes=\"auto, (max-width: 176px) 100vw, 176px\" \/><\/a>VENEZIA <\/strong>La Giunta della Regione del Veneto, ha approvato una delibera che d\u00e0 il via libera alla graduatoria del bando 2021, per interventi a favore della mobilit\u00e0 e sicurezza stradale lungo la rete viaria comunale, con lo scopo di migliorare e ammodernare le strutture gi\u00e0 esistenti, e funzionale a raggiungere siti a valenza paesaggistico-naturalistica, di interesse storico-artistico, d\u2019interesse religioso e di valenza turistica.<\/p>\n<p>&nbsp;<\/p>\n<p><strong>LA GRADUATORIA\u00a0<\/strong><\/p>\n<a href=\"https:\/\/www.radiopiu.net\/wordpress\/wp-content\/uploads\/2021\/11\/TABELLA-GRADUATORIA-DEF-39.pdf\" class=\"pdfemb-viewer\" style=\"\" data-width=\"max\" data-height=\"max\" data-toolbar=\"top\" data-toolbar-fixed=\"on\">TABELLA GRADUATORIA DEF 39<\/a>\n<p>&nbsp;<\/p>\n<hr \/>\n<p>&nbsp;<\/p>\n<blockquote>\n<h3>IL NUOVO PONTE CHE UNISCE LE DUE SPONDE DEL PETTORINA, AGGIORNAMENTO<\/h3>\n<\/blockquote>\n<p><strong><em>L&#8217;Italia che vorrei&#8230;<\/em>\u00a0<\/strong><\/p>\n<p><strong>ROCCA PIETORE<\/strong> Sono trascorsi poco pi\u00f9 di 20 giorni dall&#8217;ultima volta che siamo stati a Col di Rocca, in quei giorni erano in corso grandi lavori per preparare la posa del ponte sul Pettorina per unire due sponde importanti. Ecco il risultato: ponte posato. Una volta ottenute le autorizzazioni il ponte sar\u00e0 percorribile per la gioia di coloro che abitano dall&#8217;altra parte del Pettorina<\/p>\n\n\t\t\t<style type='text\/css'>\n\t\t\t\t#gallery-2 {\n\t\t\t\t\tmargin: auto;\n\t\t\t\t}\n\t\t\t\t#gallery-2 .gallery-item {\n\t\t\t\t\tfloat: left;\n\t\t\t\t\tmargin-top: 10px;\n\t\t\t\t\ttext-align: center;\n\t\t\t\t\twidth: 33%;\n\t\t\t\t}\n\t\t\t\t#gallery-2 img {\n\t\t\t\t\tborder: 2px solid #cfcfcf;\n\t\t\t\t}\n\t\t\t\t#gallery-2 .gallery-caption {\n\t\t\t\t\tmargin-left: 0;\n\t\t\t\t}\n\t\t\t\t\/* see gallery_shortcode() in wp-includes\/media.php *\/\n\t\t\t<\/style>\n\t\t<div id='gallery-2' class='dt-gallery-container gallery galleryid-240420 gallery-columns-3 gallery-size-thumbnail'><dl class='gallery-item'>\n\t\t\t\t<dt class='gallery-icon landscape'>\n\t\t\t\t\t<a class=\"rollover rollover-zoom dt-pswp-item\" title=\"894e2612-1fa4-4cb4-8eb0-b79c0925569a\" data-dt-img-description=\"\" data-large_image_width=\"1024\" data-large_image_height=\"768\"href='https:\/\/www.radiopiu.net\/wordpress\/wp-content\/uploads\/2021\/10\/894e2612-1fa4-4cb4-8eb0-b79c0925569a.jpg'><img loading=\"lazy\" decoding=\"async\" width=\"150\" height=\"150\" src=\"https:\/\/www.radiopiu.net\/wordpress\/wp-content\/uploads\/2021\/10\/894e2612-1fa4-4cb4-8eb0-b79c0925569a-150x150.jpg\" class=\"attachment-thumbnail size-thumbnail\" alt=\"\" \/><\/a>\n\t\t\t\t<\/dt><\/dl><dl class='gallery-item'>\n\t\t\t\t<dt class='gallery-icon portrait'>\n\t\t\t\t\t<a class=\"rollover rollover-zoom dt-pswp-item\" title=\"45dd8e56-8ca8-4833-aa48-88609c09f45b\" data-dt-img-description=\"\" data-large_image_width=\"768\" data-large_image_height=\"1024\"href='https:\/\/www.radiopiu.net\/wordpress\/wp-content\/uploads\/2021\/10\/45dd8e56-8ca8-4833-aa48-88609c09f45b.jpg'><img loading=\"lazy\" decoding=\"async\" width=\"150\" height=\"150\" src=\"https:\/\/www.radiopiu.net\/wordpress\/wp-content\/uploads\/2021\/10\/45dd8e56-8ca8-4833-aa48-88609c09f45b-150x150.jpg\" class=\"attachment-thumbnail size-thumbnail\" alt=\"\" \/><\/a>\n\t\t\t\t<\/dt><\/dl><dl class='gallery-item'>\n\t\t\t\t<dt class='gallery-icon portrait'>\n\t\t\t\t\t<a class=\"rollover rollover-zoom dt-pswp-item\" title=\"2765e614-04d2-40e5-aac4-99e9fac2c48f\" data-dt-img-description=\"\" data-large_image_width=\"768\" data-large_image_height=\"1024\"href='https:\/\/www.radiopiu.net\/wordpress\/wp-content\/uploads\/2021\/10\/2765e614-04d2-40e5-aac4-99e9fac2c48f.jpg'><img loading=\"lazy\" decoding=\"async\" width=\"150\" height=\"150\" src=\"https:\/\/www.radiopiu.net\/wordpress\/wp-content\/uploads\/2021\/10\/2765e614-04d2-40e5-aac4-99e9fac2c48f-150x150.jpg\" class=\"attachment-thumbnail size-thumbnail\" alt=\"\" \/><\/a>\n\t\t\t\t<\/dt><\/dl><br style=\"clear: both\" \/><dl class='gallery-item'>\n\t\t\t\t<dt class='gallery-icon portrait'>\n\t\t\t\t\t<a class=\"rollover rollover-zoom dt-pswp-item\" title=\"cbae223f-0619-40a5-a68a-9341f59d9694\" data-dt-img-description=\"\" data-large_image_width=\"768\" data-large_image_height=\"1024\"href='https:\/\/www.radiopiu.net\/wordpress\/wp-content\/uploads\/2021\/10\/cbae223f-0619-40a5-a68a-9341f59d9694.jpg'><img loading=\"lazy\" decoding=\"async\" width=\"150\" height=\"150\" src=\"https:\/\/www.radiopiu.net\/wordpress\/wp-content\/uploads\/2021\/10\/cbae223f-0619-40a5-a68a-9341f59d9694-150x150.jpg\" class=\"attachment-thumbnail size-thumbnail\" alt=\"\" \/><\/a>\n\t\t\t\t<\/dt><\/dl><dl class='gallery-item'>\n\t\t\t\t<dt class='gallery-icon landscape'>\n\t\t\t\t\t<a class=\"rollover rollover-zoom dt-pswp-item\" title=\"6c0e6c93-4c49-418f-bbeb-223a4b646a7f\" data-dt-img-description=\"\" data-large_image_width=\"1600\" data-large_image_height=\"1200\"href='https:\/\/www.radiopiu.net\/wordpress\/wp-content\/uploads\/2021\/10\/6c0e6c93-4c49-418f-bbeb-223a4b646a7f.jpg'><img loading=\"lazy\" decoding=\"async\" width=\"150\" height=\"150\" src=\"https:\/\/www.radiopiu.net\/wordpress\/wp-content\/uploads\/2021\/10\/6c0e6c93-4c49-418f-bbeb-223a4b646a7f-150x150.jpg\" class=\"attachment-thumbnail size-thumbnail\" alt=\"\" \/><\/a>\n\t\t\t\t<\/dt><\/dl><dl class='gallery-item'>\n\t\t\t\t<dt class='gallery-icon landscape'>\n\t\t\t\t\t<a class=\"rollover rollover-zoom dt-pswp-item\" title=\"425e71b8-979f-4a5d-a953-5022e5ef086c\" data-dt-img-description=\"\" data-large_image_width=\"1600\" data-large_image_height=\"1200\"href='https:\/\/www.radiopiu.net\/wordpress\/wp-content\/uploads\/2021\/10\/425e71b8-979f-4a5d-a953-5022e5ef086c.jpg'><img loading=\"lazy\" decoding=\"async\" width=\"150\" height=\"150\" src=\"https:\/\/www.radiopiu.net\/wordpress\/wp-content\/uploads\/2021\/10\/425e71b8-979f-4a5d-a953-5022e5ef086c-150x150.jpg\" class=\"attachment-thumbnail size-thumbnail\" alt=\"\" \/><\/a>\n\t\t\t\t<\/dt><\/dl><br style=\"clear: both\" \/>\n\t\t\t<\/div>\n\n<p>&nbsp;<\/p>\n<blockquote>\n<h3>ARTICOLO PRECEDENTE, 12 OTTOBRE 2O21<\/h3>\n<\/blockquote>\n<p><strong>ROCCA PIETORE\u00a0<\/strong><\/p>\n<p>di Mirko Mezzacasa<\/p>\n<p>&nbsp;<\/p>\n<p><a href=\"https:\/\/www.facebook.com\/mirko.mezzacasa\/videos\/907865096795519\">https:\/\/www.facebook.com\/mirko.mezzacasa\/videos\/907865096795519<\/a><\/p>\n<p>&nbsp;<\/p>\n<hr \/>\n<p>&nbsp;<\/p>\n<p>&nbsp;<\/p>\n<blockquote>\n<h3>TORNA L&#8217;EX TEMPORE DI SCULTURA SU LEGNO<\/h3>\n<\/blockquote>\n<p><strong><a href=\"https:\/\/www.radiopiu.net\/wordpress\/torna-lex-tempore-di-scultura-su-legno\/692a5486-e41d-4949-930f-2788c4a015d1\/\" rel=\"attachment wp-att-240633\"><img loading=\"lazy\" decoding=\"async\" class=\" wp-image-240633 alignleft\" src=\"https:\/\/www.radiopiu.net\/wordpress\/wp-content\/uploads\/2021\/11\/692a5486-e41d-4949-930f-2788c4a015d1-300x225.jpg\" alt=\"\" width=\"176\" height=\"132\" srcset=\"https:\/\/www.radiopiu.net\/wordpress\/wp-content\/uploads\/2021\/11\/692a5486-e41d-4949-930f-2788c4a015d1-300x225.jpg 300w, https:\/\/www.radiopiu.net\/wordpress\/wp-content\/uploads\/2021\/11\/692a5486-e41d-4949-930f-2788c4a015d1-1024x768.jpg 1024w, https:\/\/www.radiopiu.net\/wordpress\/wp-content\/uploads\/2021\/11\/692a5486-e41d-4949-930f-2788c4a015d1-768x576.jpg 768w, https:\/\/www.radiopiu.net\/wordpress\/wp-content\/uploads\/2021\/11\/692a5486-e41d-4949-930f-2788c4a015d1-1536x1152.jpg 1536w, https:\/\/www.radiopiu.net\/wordpress\/wp-content\/uploads\/2021\/11\/692a5486-e41d-4949-930f-2788c4a015d1.jpg 1600w\" sizes=\"auto, (max-width: 176px) 100vw, 176px\" \/><\/a>BELLUNO<\/strong><\/p>\n<p>di Moreno Gioli<\/p>\n<audio class=\"wp-audio-shortcode\" id=\"audio-240420-3\" preload=\"none\" style=\"width: 100%;\" controls=\"controls\"><source type=\"audio\/mpeg\" src=\"https:\/\/www.radiopiu.net\/wordpress\/wp-content\/uploads\/2021\/11\/MORENO-GIOLI-EX-TEMPORE.mp3?_=3\" \/><a href=\"https:\/\/www.radiopiu.net\/wordpress\/wp-content\/uploads\/2021\/11\/MORENO-GIOLI-EX-TEMPORE.mp3\">https:\/\/www.radiopiu.net\/wordpress\/wp-content\/uploads\/2021\/11\/MORENO-GIOLI-EX-TEMPORE.mp3<\/a><\/audio>\n<p>&nbsp;<\/p>\n<p>&nbsp;<\/p>\n<p>&nbsp;<\/p>\n<hr \/>\n<p>&nbsp;<\/p>\n<blockquote>\n<h3>NEL GIORNO DEL 56\u00b0 COMPLEANNO&#8230; IL DISCO DI ALVISE BORTOLINI. <span style=\"color: #ff0000;\"><strong>IN ANTEPRIMA ALLA RADIO ALLE 8.35, 14.45, 16.45, 20.15<\/strong><\/span><\/h3>\n<\/blockquote>\n<blockquote class=\"wp-embedded-content\" data-secret=\"qKqXwYSC0k\"><p><a href=\"https:\/\/www.radiopiu.net\/wordpress\/canzoni-sole-il-nuovo-disco-di-alvise-bortolini\/\">&#8220;CANZONI SOLE&#8221; IL NUOVO DISCO DI ALVISE BORTOLINI<\/a><\/p><\/blockquote>\n<p><iframe loading=\"lazy\" class=\"wp-embedded-content\" sandbox=\"allow-scripts\" security=\"restricted\" style=\"position: absolute; clip: rect(1px, 1px, 1px, 1px);\" title=\"&#8220;&#8220;CANZONI SOLE&#8221; IL NUOVO DISCO DI ALVISE BORTOLINI&#8221; &#8212; Radio Pi\u00f9\" src=\"https:\/\/www.radiopiu.net\/wordpress\/canzoni-sole-il-nuovo-disco-di-alvise-bortolini\/embed\/#?secret=qKqXwYSC0k\" data-secret=\"qKqXwYSC0k\" width=\"600\" height=\"338\" frameborder=\"0\" marginwidth=\"0\" marginheight=\"0\" scrolling=\"no\"><\/iframe><\/p>\n<p>&nbsp;<\/p>\n<p>&nbsp;<\/p>\n<hr \/>\n<p>&nbsp;<\/p>\n<blockquote>\n<h3>ZAIA E LE CURE DOMICILIARI, CI SONO E DECIDONO I MEDICI<\/h3>\n<\/blockquote>\n<blockquote>\n<h3>LEGGI LA CONFERENZA STAMPA<\/h3>\n<\/blockquote>\n<p>Sale l&#8217;incidenza per il cluster di Conselve. Ma sale anche perch\u00e9 abbiamo potenziato ulteriormente la macchina dei tamponi con 100 mila al giorno.\u00a0 Terapie domiciliari: 23729 i pazineti in ospedale di 481 mila pazienti in cura a casa. Il virus c&#8217;\u00e8 ancora, siamo in pandemia, di qui l&#8217;importanza dell&#8217;uso della mascherina, anche evitare gli assembramenti. <strong>VACCINI<\/strong> L&#8217;84% dei veneti si sono vaccinati o hanno intrapreso il percorso vaccinale. Stiamo raschiando il fondo del barile, c&#8217;\u00e8 una quota di chi non pu\u00f2 vaccinarsi ma c&#8217;\u00e8 anche una quota di chi non si vuole vaccinarsi. <strong>SITUAZIONE<\/strong> Il comportato ospedaliero tiene pur con un incremento di contagi per la tante manifestazioni e assembramenti. Siamo moderatamente preoccupati. Come il fenomeno carsico: gocce al giorno che creano stallatiti. <strong>TERZA DOSE<\/strong>\u00a0 Il 70 % nelle case di riposo l&#8217;ha gi\u00e0 avuta, abbiamo chiesto un&#8217;ulteriore accelerazione per la fasce pi\u00f9 fragili. Giro di boa nella RSA entro il 10 novembre. C&#8217;\u00e8 da ragionare sul test sierologico, ovvero la carica anticorpale per andare incontro ai cittadini.<br \/>\n<strong>ECCO LE CRITICHE ALLA PISTA DA BOB DI CORTINA, S&#8217;ALZA IL GRIDO DI PROTESTA PER I 61 MILIONI CHE LA REGIONE INTENDE SPENDERE. ZAIA AVEVA CHIESTO IL COMMISSARIO PER LA PISTA DA BOB, ORA CE NE SONO ADDIRITTURA DUE&#8230; <\/strong>La visita di Bolsonaro ad Anguillara. Ho trovato poco edificante lo spettacolo che si \u00e8 dato ieri.<br \/>\nNEL VIDEO ANCHE IL CASO PROSEK, STAMANE LA RIUNIONE CON IL SOTTOSEGRETARIO CENTINAIO.<\/p>\n<p>.<\/p>\n<p><a href=\"https:\/\/www.facebook.com\/zaiaufficiale\/videos\/2354031314738989\">https:\/\/www.facebook.com\/zaiaufficiale\/videos\/2354031314738989<\/a><\/p>\n<p>&nbsp;<\/p>\n<p>&nbsp;<\/p>\n<hr \/>\n<p>&nbsp;<\/p>\n<blockquote class=\"wp-embedded-content\" data-secret=\"wTQk8xbAok\"><p><a href=\"https:\/\/www.radiopiu.net\/wordpress\/aggiornamentonov02\/\">CORONAVIRUS: AGGIORNAMENTO NAZIONALE 02 NOVEMBRE  2021<\/a><\/p><\/blockquote>\n<p><iframe loading=\"lazy\" class=\"wp-embedded-content\" sandbox=\"allow-scripts\" security=\"restricted\" style=\"position: absolute; clip: rect(1px, 1px, 1px, 1px);\" title=\"&#8220;CORONAVIRUS: AGGIORNAMENTO NAZIONALE 02 NOVEMBRE  2021&#8221; &#8212; Radio Pi\u00f9\" src=\"https:\/\/www.radiopiu.net\/wordpress\/aggiornamentonov02\/embed\/#?secret=wTQk8xbAok\" data-secret=\"wTQk8xbAok\" width=\"600\" height=\"338\" frameborder=\"0\" marginwidth=\"0\" marginheight=\"0\" scrolling=\"no\"><\/iframe><\/p>\n<p>&nbsp;<\/p>\n<blockquote class=\"wp-embedded-content\" data-secret=\"6sa8hR6XRb\"><p><a href=\"https:\/\/www.radiopiu.net\/wordpress\/agg02112021\/\">SALE L&#8217;INCIDENZA, 2.13 %, UN DECESSO NELLE 24 ORE<\/a><\/p><\/blockquote>\n<p><iframe loading=\"lazy\" class=\"wp-embedded-content\" sandbox=\"allow-scripts\" security=\"restricted\" style=\"position: absolute; clip: rect(1px, 1px, 1px, 1px);\" title=\"&#8220;SALE L&#8217;INCIDENZA, 2.13 %, UN DECESSO NELLE 24 ORE&#8221; &#8212; Radio Pi\u00f9\" src=\"https:\/\/www.radiopiu.net\/wordpress\/agg02112021\/embed\/#?secret=6sa8hR6XRb\" data-secret=\"6sa8hR6XRb\" width=\"600\" height=\"338\" frameborder=\"0\" marginwidth=\"0\" marginheight=\"0\" scrolling=\"no\"><\/iframe><\/p>\n<p>&nbsp;<\/p>\n<h2>I GRAFICI DI TIZIANO DE COL<\/h2>\n\n\t\t\t<style type='text\/css'>\n\t\t\t\t#gallery-3 {\n\t\t\t\t\tmargin: auto;\n\t\t\t\t}\n\t\t\t\t#gallery-3 .gallery-item {\n\t\t\t\t\tfloat: left;\n\t\t\t\t\tmargin-top: 10px;\n\t\t\t\t\ttext-align: center;\n\t\t\t\t\twidth: 20%;\n\t\t\t\t}\n\t\t\t\t#gallery-3 img {\n\t\t\t\t\tborder: 2px solid #cfcfcf;\n\t\t\t\t}\n\t\t\t\t#gallery-3 .gallery-caption {\n\t\t\t\t\tmargin-left: 0;\n\t\t\t\t}\n\t\t\t\t\/* see gallery_shortcode() in wp-includes\/media.php *\/\n\t\t\t<\/style>\n\t\t<div id='gallery-3' class='dt-gallery-container gallery galleryid-240420 gallery-columns-5 gallery-size-medium'><dl class='gallery-item'>\n\t\t\t\t<dt class='gallery-icon landscape'>\n\t\t\t\t\t<a class=\"rollover rollover-zoom dt-pswp-item\" title=\"7c530440-a6ad-4c96-8efc-877ef231656e\" data-dt-img-description=\"\" data-large_image_width=\"590\" data-large_image_height=\"357\"href='https:\/\/www.radiopiu.net\/wordpress\/wp-content\/uploads\/2021\/11\/7c530440-a6ad-4c96-8efc-877ef231656e.jpg'><img loading=\"lazy\" decoding=\"async\" width=\"300\" height=\"182\" src=\"https:\/\/www.radiopiu.net\/wordpress\/wp-content\/uploads\/2021\/11\/7c530440-a6ad-4c96-8efc-877ef231656e-300x182.jpg\" class=\"attachment-medium size-medium\" alt=\"\" srcset=\"https:\/\/www.radiopiu.net\/wordpress\/wp-content\/uploads\/2021\/11\/7c530440-a6ad-4c96-8efc-877ef231656e-300x182.jpg 300w, https:\/\/www.radiopiu.net\/wordpress\/wp-content\/uploads\/2021\/11\/7c530440-a6ad-4c96-8efc-877ef231656e.jpg 590w\" sizes=\"auto, (max-width: 300px) 100vw, 300px\" \/><\/a>\n\t\t\t\t<\/dt><\/dl><dl class='gallery-item'>\n\t\t\t\t<dt class='gallery-icon landscape'>\n\t\t\t\t\t<a class=\"rollover rollover-zoom dt-pswp-item\" title=\"4188983a-89db-4408-8cf5-b336b72a1148\" data-dt-img-description=\"\" data-large_image_width=\"610\" data-large_image_height=\"356\"href='https:\/\/www.radiopiu.net\/wordpress\/wp-content\/uploads\/2021\/11\/4188983a-89db-4408-8cf5-b336b72a1148.jpg'><img loading=\"lazy\" decoding=\"async\" width=\"300\" height=\"175\" src=\"https:\/\/www.radiopiu.net\/wordpress\/wp-content\/uploads\/2021\/11\/4188983a-89db-4408-8cf5-b336b72a1148-300x175.jpg\" class=\"attachment-medium size-medium\" alt=\"\" srcset=\"https:\/\/www.radiopiu.net\/wordpress\/wp-content\/uploads\/2021\/11\/4188983a-89db-4408-8cf5-b336b72a1148-300x175.jpg 300w, https:\/\/www.radiopiu.net\/wordpress\/wp-content\/uploads\/2021\/11\/4188983a-89db-4408-8cf5-b336b72a1148.jpg 610w\" sizes=\"auto, (max-width: 300px) 100vw, 300px\" \/><\/a>\n\t\t\t\t<\/dt><\/dl><dl class='gallery-item'>\n\t\t\t\t<dt class='gallery-icon landscape'>\n\t\t\t\t\t<a class=\"rollover rollover-zoom dt-pswp-item\" title=\"4a783f8a-4694-4fea-bb56-61fb4527edcc\" data-dt-img-description=\"\" data-large_image_width=\"608\" data-large_image_height=\"354\"href='https:\/\/www.radiopiu.net\/wordpress\/wp-content\/uploads\/2021\/11\/4a783f8a-4694-4fea-bb56-61fb4527edcc.jpg'><img loading=\"lazy\" decoding=\"async\" width=\"300\" height=\"175\" src=\"https:\/\/www.radiopiu.net\/wordpress\/wp-content\/uploads\/2021\/11\/4a783f8a-4694-4fea-bb56-61fb4527edcc-300x175.jpg\" class=\"attachment-medium size-medium\" alt=\"\" srcset=\"https:\/\/www.radiopiu.net\/wordpress\/wp-content\/uploads\/2021\/11\/4a783f8a-4694-4fea-bb56-61fb4527edcc-300x175.jpg 300w, https:\/\/www.radiopiu.net\/wordpress\/wp-content\/uploads\/2021\/11\/4a783f8a-4694-4fea-bb56-61fb4527edcc.jpg 608w\" sizes=\"auto, (max-width: 300px) 100vw, 300px\" \/><\/a>\n\t\t\t\t<\/dt><\/dl><dl class='gallery-item'>\n\t\t\t\t<dt class='gallery-icon landscape'>\n\t\t\t\t\t<a class=\"rollover rollover-zoom dt-pswp-item\" title=\"888f503c-920d-4dd2-88b8-21708e66f052\" data-dt-img-description=\"\" data-large_image_width=\"600\" data-large_image_height=\"359\"href='https:\/\/www.radiopiu.net\/wordpress\/wp-content\/uploads\/2021\/11\/888f503c-920d-4dd2-88b8-21708e66f052.jpg'><img loading=\"lazy\" decoding=\"async\" width=\"300\" height=\"180\" src=\"https:\/\/www.radiopiu.net\/wordpress\/wp-content\/uploads\/2021\/11\/888f503c-920d-4dd2-88b8-21708e66f052-300x180.jpg\" class=\"attachment-medium size-medium\" alt=\"\" srcset=\"https:\/\/www.radiopiu.net\/wordpress\/wp-content\/uploads\/2021\/11\/888f503c-920d-4dd2-88b8-21708e66f052-300x180.jpg 300w, https:\/\/www.radiopiu.net\/wordpress\/wp-content\/uploads\/2021\/11\/888f503c-920d-4dd2-88b8-21708e66f052.jpg 600w\" sizes=\"auto, (max-width: 300px) 100vw, 300px\" \/><\/a>\n\t\t\t\t<\/dt><\/dl><dl class='gallery-item'>\n\t\t\t\t<dt class='gallery-icon landscape'>\n\t\t\t\t\t<a class=\"rollover rollover-zoom dt-pswp-item\" title=\"5914e8ae-5ccd-49f2-b1af-6d61098da597\" data-dt-img-description=\"\" data-large_image_width=\"616\" data-large_image_height=\"345\"href='https:\/\/www.radiopiu.net\/wordpress\/wp-content\/uploads\/2021\/11\/5914e8ae-5ccd-49f2-b1af-6d61098da597.jpg'><img loading=\"lazy\" decoding=\"async\" width=\"300\" height=\"168\" src=\"https:\/\/www.radiopiu.net\/wordpress\/wp-content\/uploads\/2021\/11\/5914e8ae-5ccd-49f2-b1af-6d61098da597-300x168.jpg\" class=\"attachment-medium size-medium\" alt=\"\" srcset=\"https:\/\/www.radiopiu.net\/wordpress\/wp-content\/uploads\/2021\/11\/5914e8ae-5ccd-49f2-b1af-6d61098da597-300x168.jpg 300w, https:\/\/www.radiopiu.net\/wordpress\/wp-content\/uploads\/2021\/11\/5914e8ae-5ccd-49f2-b1af-6d61098da597.jpg 616w\" sizes=\"auto, (max-width: 300px) 100vw, 300px\" \/><\/a>\n\t\t\t\t<\/dt><\/dl><br style=\"clear: both\" \/>\n\t\t\t<\/div>\n\n<p>&nbsp;<\/p>\n<p>&nbsp;<\/p>\n<hr \/>\n<p>&nbsp;<\/p>\n<blockquote>\n<h3>\u00a0LA CAMPAGNA VACCINALE ANTINFLUENZALE<\/h3>\n<\/blockquote>\n<p><strong>BELLUNO <\/strong>\u00c8 iniziata in Ulss Dolomiti come nel resto del Veneto, la campagna antinfluenzale con la vaccinazione dei primi operatori sanitari. \u00ab<em>I nostri sanitari sono testimonial eccezionali per la campagna<\/em>\u00bb, ha commentato il direttore generale Maria Grazia Carraro che ha partecipato all\u2019avvio della campagna al San Martino di Belluno dove erano presenti anche sanitari degli altri ospedali. \u00ab<em>La vaccinazione antinfluenzale \u00e8 fortemente raccomandata per proteggere le persone fragili e le categorie a rischio per evitare le complicanze e godersi in sicurezza la stagione invernale<\/em>\u00bb La vaccinazione \u00e8 la forma pi\u00f9 efficace di prevenzione dell\u2019influenza, soprattutto per la co-circolazione di tutti e due i virus respiratori (SARS-CoV-2 e virus dell\u2019influenza), anche in considerazione del fatto che la scorsa stagione il virus influenzale ha avuto una bassa circolazione e potrebbe quest\u2019anno trovare una popolazione maggiormente suscettibile. La campagna ha lo scopo di proteggere i soggetti pi\u00f9 fragili dalle complicanze, contenere gli accessi ai pronto soccorso, supportare la diagnosi differenziale con COVID-19 dati i sintomi simili tra Covid-19 e influenza e la conseguente gestione dei casi sospetti. L\u2019Organizzazione Mondiale della Sanit\u00e0 (OMS) e il Piano Nazionale di Prevenzione vaccinale vigente riportano, tra gli obiettivi di copertura il 75% come obiettivo minimo perseguibile e il 95% come obiettivo ottimale per tutti i gruppi target.<\/p>\n\n\t\t\t<style type='text\/css'>\n\t\t\t\t#gallery-4 {\n\t\t\t\t\tmargin: auto;\n\t\t\t\t}\n\t\t\t\t#gallery-4 .gallery-item {\n\t\t\t\t\tfloat: left;\n\t\t\t\t\tmargin-top: 10px;\n\t\t\t\t\ttext-align: center;\n\t\t\t\t\twidth: 33%;\n\t\t\t\t}\n\t\t\t\t#gallery-4 img {\n\t\t\t\t\tborder: 2px solid #cfcfcf;\n\t\t\t\t}\n\t\t\t\t#gallery-4 .gallery-caption {\n\t\t\t\t\tmargin-left: 0;\n\t\t\t\t}\n\t\t\t\t\/* see gallery_shortcode() in wp-includes\/media.php *\/\n\t\t\t<\/style>\n\t\t<div id='gallery-4' class='dt-gallery-container gallery galleryid-240420 gallery-columns-3 gallery-size-medium'><dl class='gallery-item'>\n\t\t\t\t<dt class='gallery-icon landscape'>\n\t\t\t\t\t<a class=\"rollover rollover-zoom dt-pswp-item\" title=\"251825315_3126291084294377_2218220626540993538_n\" data-dt-img-description=\"\" data-large_image_width=\"2000\" data-large_image_height=\"1500\"href='https:\/\/www.radiopiu.net\/wordpress\/wp-content\/uploads\/2021\/11\/251825315_3126291084294377_2218220626540993538_n.jpg'><img loading=\"lazy\" decoding=\"async\" width=\"300\" height=\"225\" src=\"https:\/\/www.radiopiu.net\/wordpress\/wp-content\/uploads\/2021\/11\/251825315_3126291084294377_2218220626540993538_n-300x225.jpg\" class=\"attachment-medium size-medium\" alt=\"\" srcset=\"https:\/\/www.radiopiu.net\/wordpress\/wp-content\/uploads\/2021\/11\/251825315_3126291084294377_2218220626540993538_n-300x225.jpg 300w, https:\/\/www.radiopiu.net\/wordpress\/wp-content\/uploads\/2021\/11\/251825315_3126291084294377_2218220626540993538_n-1024x768.jpg 1024w, https:\/\/www.radiopiu.net\/wordpress\/wp-content\/uploads\/2021\/11\/251825315_3126291084294377_2218220626540993538_n-768x576.jpg 768w, https:\/\/www.radiopiu.net\/wordpress\/wp-content\/uploads\/2021\/11\/251825315_3126291084294377_2218220626540993538_n-1536x1152.jpg 1536w, https:\/\/www.radiopiu.net\/wordpress\/wp-content\/uploads\/2021\/11\/251825315_3126291084294377_2218220626540993538_n.jpg 2000w\" sizes=\"auto, (max-width: 300px) 100vw, 300px\" \/><\/a>\n\t\t\t\t<\/dt><\/dl><dl class='gallery-item'>\n\t\t\t\t<dt class='gallery-icon landscape'>\n\t\t\t\t\t<a class=\"rollover rollover-zoom dt-pswp-item\" title=\"251150586_3126291027627716_2842119667285083222_n\" data-dt-img-description=\"\" data-large_image_width=\"2000\" data-large_image_height=\"1500\"href='https:\/\/www.radiopiu.net\/wordpress\/wp-content\/uploads\/2021\/11\/251150586_3126291027627716_2842119667285083222_n.jpg'><img loading=\"lazy\" decoding=\"async\" width=\"300\" height=\"225\" src=\"https:\/\/www.radiopiu.net\/wordpress\/wp-content\/uploads\/2021\/11\/251150586_3126291027627716_2842119667285083222_n-300x225.jpg\" class=\"attachment-medium size-medium\" alt=\"\" srcset=\"https:\/\/www.radiopiu.net\/wordpress\/wp-content\/uploads\/2021\/11\/251150586_3126291027627716_2842119667285083222_n-300x225.jpg 300w, https:\/\/www.radiopiu.net\/wordpress\/wp-content\/uploads\/2021\/11\/251150586_3126291027627716_2842119667285083222_n-1024x768.jpg 1024w, https:\/\/www.radiopiu.net\/wordpress\/wp-content\/uploads\/2021\/11\/251150586_3126291027627716_2842119667285083222_n-768x576.jpg 768w, https:\/\/www.radiopiu.net\/wordpress\/wp-content\/uploads\/2021\/11\/251150586_3126291027627716_2842119667285083222_n-1536x1152.jpg 1536w, https:\/\/www.radiopiu.net\/wordpress\/wp-content\/uploads\/2021\/11\/251150586_3126291027627716_2842119667285083222_n.jpg 2000w\" sizes=\"auto, (max-width: 300px) 100vw, 300px\" \/><\/a>\n\t\t\t\t<\/dt><\/dl><dl class='gallery-item'>\n\t\t\t\t<dt class='gallery-icon landscape'>\n\t\t\t\t\t<a class=\"rollover rollover-zoom dt-pswp-item\" title=\"251382633_3126291927627626_3034030434891565960_n\" data-dt-img-description=\"\" data-large_image_width=\"2000\" data-large_image_height=\"1500\"href='https:\/\/www.radiopiu.net\/wordpress\/wp-content\/uploads\/2021\/11\/251382633_3126291927627626_3034030434891565960_n.jpg'><img loading=\"lazy\" decoding=\"async\" width=\"300\" height=\"225\" src=\"https:\/\/www.radiopiu.net\/wordpress\/wp-content\/uploads\/2021\/11\/251382633_3126291927627626_3034030434891565960_n-300x225.jpg\" class=\"attachment-medium size-medium\" alt=\"\" srcset=\"https:\/\/www.radiopiu.net\/wordpress\/wp-content\/uploads\/2021\/11\/251382633_3126291927627626_3034030434891565960_n-300x225.jpg 300w, https:\/\/www.radiopiu.net\/wordpress\/wp-content\/uploads\/2021\/11\/251382633_3126291927627626_3034030434891565960_n-1024x768.jpg 1024w, https:\/\/www.radiopiu.net\/wordpress\/wp-content\/uploads\/2021\/11\/251382633_3126291927627626_3034030434891565960_n-768x576.jpg 768w, https:\/\/www.radiopiu.net\/wordpress\/wp-content\/uploads\/2021\/11\/251382633_3126291927627626_3034030434891565960_n-1536x1152.jpg 1536w, https:\/\/www.radiopiu.net\/wordpress\/wp-content\/uploads\/2021\/11\/251382633_3126291927627626_3034030434891565960_n.jpg 2000w\" sizes=\"auto, (max-width: 300px) 100vw, 300px\" \/><\/a>\n\t\t\t\t<\/dt><\/dl><br style=\"clear: both\" \/><dl class='gallery-item'>\n\t\t\t\t<dt class='gallery-icon portrait'>\n\t\t\t\t\t<a class=\"rollover rollover-zoom dt-pswp-item\" title=\"251593809_3126291060961046_6871768805599364454_n\" data-dt-img-description=\"\" data-large_image_width=\"1500\" data-large_image_height=\"2000\"href='https:\/\/www.radiopiu.net\/wordpress\/wp-content\/uploads\/2021\/11\/251593809_3126291060961046_6871768805599364454_n.jpg'><img loading=\"lazy\" decoding=\"async\" width=\"225\" height=\"300\" src=\"https:\/\/www.radiopiu.net\/wordpress\/wp-content\/uploads\/2021\/11\/251593809_3126291060961046_6871768805599364454_n-225x300.jpg\" class=\"attachment-medium size-medium\" alt=\"\" srcset=\"https:\/\/www.radiopiu.net\/wordpress\/wp-content\/uploads\/2021\/11\/251593809_3126291060961046_6871768805599364454_n-225x300.jpg 225w, https:\/\/www.radiopiu.net\/wordpress\/wp-content\/uploads\/2021\/11\/251593809_3126291060961046_6871768805599364454_n-768x1024.jpg 768w, https:\/\/www.radiopiu.net\/wordpress\/wp-content\/uploads\/2021\/11\/251593809_3126291060961046_6871768805599364454_n-1152x1536.jpg 1152w, https:\/\/www.radiopiu.net\/wordpress\/wp-content\/uploads\/2021\/11\/251593809_3126291060961046_6871768805599364454_n.jpg 1500w\" sizes=\"auto, (max-width: 225px) 100vw, 225px\" \/><\/a>\n\t\t\t\t<\/dt><\/dl><dl class='gallery-item'>\n\t\t\t\t<dt class='gallery-icon portrait'>\n\t\t\t\t\t<a class=\"rollover rollover-zoom dt-pswp-item\" title=\"253199266_3126291080961044_5466216603444191148_n\" data-dt-img-description=\"\" data-large_image_width=\"1500\" data-large_image_height=\"2000\"href='https:\/\/www.radiopiu.net\/wordpress\/wp-content\/uploads\/2021\/11\/253199266_3126291080961044_5466216603444191148_n.jpg'><img loading=\"lazy\" decoding=\"async\" width=\"225\" height=\"300\" src=\"https:\/\/www.radiopiu.net\/wordpress\/wp-content\/uploads\/2021\/11\/253199266_3126291080961044_5466216603444191148_n-225x300.jpg\" class=\"attachment-medium size-medium\" alt=\"\" srcset=\"https:\/\/www.radiopiu.net\/wordpress\/wp-content\/uploads\/2021\/11\/253199266_3126291080961044_5466216603444191148_n-225x300.jpg 225w, https:\/\/www.radiopiu.net\/wordpress\/wp-content\/uploads\/2021\/11\/253199266_3126291080961044_5466216603444191148_n-768x1024.jpg 768w, https:\/\/www.radiopiu.net\/wordpress\/wp-content\/uploads\/2021\/11\/253199266_3126291080961044_5466216603444191148_n-1152x1536.jpg 1152w, https:\/\/www.radiopiu.net\/wordpress\/wp-content\/uploads\/2021\/11\/253199266_3126291080961044_5466216603444191148_n.jpg 1500w\" sizes=\"auto, (max-width: 225px) 100vw, 225px\" \/><\/a>\n\t\t\t\t<\/dt><\/dl><dl class='gallery-item'>\n\t\t\t\t<dt class='gallery-icon portrait'>\n\t\t\t\t\t<a class=\"rollover rollover-zoom dt-pswp-item\" title=\"252550786_3126291900960962_7084665813406234404_n\" data-dt-img-description=\"\" data-large_image_width=\"1500\" data-large_image_height=\"2000\"href='https:\/\/www.radiopiu.net\/wordpress\/wp-content\/uploads\/2021\/11\/252550786_3126291900960962_7084665813406234404_n.jpg'><img loading=\"lazy\" decoding=\"async\" width=\"225\" height=\"300\" src=\"https:\/\/www.radiopiu.net\/wordpress\/wp-content\/uploads\/2021\/11\/252550786_3126291900960962_7084665813406234404_n-225x300.jpg\" class=\"attachment-medium size-medium\" alt=\"\" srcset=\"https:\/\/www.radiopiu.net\/wordpress\/wp-content\/uploads\/2021\/11\/252550786_3126291900960962_7084665813406234404_n-225x300.jpg 225w, https:\/\/www.radiopiu.net\/wordpress\/wp-content\/uploads\/2021\/11\/252550786_3126291900960962_7084665813406234404_n-768x1024.jpg 768w, https:\/\/www.radiopiu.net\/wordpress\/wp-content\/uploads\/2021\/11\/252550786_3126291900960962_7084665813406234404_n-1152x1536.jpg 1152w, https:\/\/www.radiopiu.net\/wordpress\/wp-content\/uploads\/2021\/11\/252550786_3126291900960962_7084665813406234404_n.jpg 1500w\" sizes=\"auto, (max-width: 225px) 100vw, 225px\" \/><\/a>\n\t\t\t\t<\/dt><\/dl><br style=\"clear: both\" \/>\n\t\t\t<\/div>\n\n<p>&nbsp;<\/p>\n<p>&nbsp;<\/p>\n<hr \/>\n<p>&nbsp;<\/p>\n<blockquote>\n<h3>GIORNATE VACCINALI ANTINFLUENZALI 15-16-17-18-19 novembre<\/h3>\n<\/blockquote>\n<p class=\"western\" align=\"justify\"><strong><img loading=\"lazy\" decoding=\"async\" class=\"alignleft\" src=\"https:\/\/www.radiopiu.net\/wordpress\/wp-content\/uploads\/2018\/01\/vaccinoinfluenza.jpg\" width=\"209\" height=\"137\" \/>PONTE NELLE ALPI<\/strong>\u00a0 Le sedute vaccinali sono dedicate esclusivamente agli assistiti dei seguenti medici: De Marchi, De Pasqual, Lorenzato, Mares, Scapol,\u00a0 a Ponte nelle Alpi presso la Casa Rossa in via Roma da luned\u00ec 15 a venerd\u00ec 19 novembre con la seguente organizzazione: Ogni giornata \u00e8 dedicata agli assistiti di un singolo medico: LUNEDI\u2019 15 dr.ssa\u00a0 De Marchi;\u00a0 MARTEDI\u2019 16 dr. De Pasqual; MERCOLEDI\u2019 17 dr.ssa Lorenzato GIOVEDI\u2019 18 dr.ssa Mares VENERDI\u2019 19 dr.ssa Scapol. La mattina dalle 8.30 alle 11.00 \u00e8 dedicata ai soggetti di et\u00e0 pari o superiore ai 75 anni il pomeriggio dalle 16.00 alle 19.00 \u00e8 dedicato ai soggetti di et\u00e0 pari o inferiore ai 74 anni. Mentre i soggetti di et\u00e0 pari o superiore ai 60 anni possono accedere tutti alla vaccinazione antinfluenzale, i soggetti con meno di 60 anni possono accedere solo se appartenenti alle\u00a0 categorie a rischio.<\/p>\n<p>&nbsp;<\/p>\n<p>&nbsp;<\/p>\n<hr \/>\n<p>&nbsp;<\/p>\n<blockquote>\n<h3>AGGIORNAMENTO NEVE AL SUOLO, 02 NOVEMBRE 2021<\/h3>\n<\/blockquote>\n<p><strong>FOTO, FALCADE da FREGONA DI CANALE D&#8217;AGORDO<\/strong><\/p>\n<p><strong> DI SUSY DAN<\/strong><\/p>\n<p><a href=\"https:\/\/www.radiopiu.net\/wordpress\/aggiornamento-neve-al-suolo-02-novembre-2021\/1d5b16ef-bdc9-43c6-82ce-f8f97c6958b1\/\" rel=\"attachment wp-att-240461\"><img loading=\"lazy\" decoding=\"async\" class=\"alignnone size-medium wp-image-240461\" src=\"https:\/\/www.radiopiu.net\/wordpress\/wp-content\/uploads\/2021\/11\/1d5b16ef-bdc9-43c6-82ce-f8f97c6958b1-300x169.jpg\" alt=\"\" width=\"300\" height=\"169\" srcset=\"https:\/\/www.radiopiu.net\/wordpress\/wp-content\/uploads\/2021\/11\/1d5b16ef-bdc9-43c6-82ce-f8f97c6958b1-300x169.jpg 300w, https:\/\/www.radiopiu.net\/wordpress\/wp-content\/uploads\/2021\/11\/1d5b16ef-bdc9-43c6-82ce-f8f97c6958b1-768x432.jpg 768w, https:\/\/www.radiopiu.net\/wordpress\/wp-content\/uploads\/2021\/11\/1d5b16ef-bdc9-43c6-82ce-f8f97c6958b1.jpg 1024w\" sizes=\"auto, (max-width: 300px) 100vw, 300px\" \/>\u00a0<\/a><\/p>\n<p>&nbsp;<\/p>\n<a href=\"https:\/\/www.radiopiu.net\/wordpress\/wp-content\/uploads\/2021\/11\/2021_11_02_Dolomiti-Neve-al-suolo.pdf\" class=\"pdfemb-viewer\" style=\"\" data-width=\"max\" data-height=\"max\" data-toolbar=\"top\" data-toolbar-fixed=\"on\">2021_11_02_Dolomiti Neve al suolo<\/a>\n<p>&nbsp;<\/p>\n<hr \/>\n<p>&nbsp;<\/p>\n<p>&nbsp;<\/p>\n<div class=\"moz-text-html\" lang=\"x-unicode\">\n<div dir=\"ltr\">\n<blockquote>\n<h2><b><span style=\"font-size: large;\"><a href=\"https:\/\/www.radiopiu.net\/wordpress\/giornale-radiopiu-03-novembre-2021-direttore-mirko-mezzacasa\/img_1842\/\" rel=\"attachment wp-att-240541\"><img loading=\"lazy\" decoding=\"async\" class=\"size-medium wp-image-240541 alignleft\" src=\"https:\/\/www.radiopiu.net\/wordpress\/wp-content\/uploads\/2021\/11\/IMG_1842-300x158.jpg\" alt=\"\" width=\"300\" height=\"158\" srcset=\"https:\/\/www.radiopiu.net\/wordpress\/wp-content\/uploads\/2021\/11\/IMG_1842-300x158.jpg 300w, https:\/\/www.radiopiu.net\/wordpress\/wp-content\/uploads\/2021\/11\/IMG_1842-1024x539.jpg 1024w, https:\/\/www.radiopiu.net\/wordpress\/wp-content\/uploads\/2021\/11\/IMG_1842-768x404.jpg 768w, https:\/\/www.radiopiu.net\/wordpress\/wp-content\/uploads\/2021\/11\/IMG_1842-1536x808.jpg 1536w, https:\/\/www.radiopiu.net\/wordpress\/wp-content\/uploads\/2021\/11\/IMG_1842-2048x1077.jpg 2048w\" sizes=\"auto, (max-width: 300px) 100vw, 300px\" \/><\/a>Marco Paolini e la giornalista Floriana Bulfon per il trentennale dalla morte di Tina Merlin\u00a0<\/span><\/b><\/h2>\n<p>&nbsp;<\/p><\/blockquote>\n<\/div>\n<\/div>\n<div class=\"moz-text-html\" lang=\"x-unicode\">\n<div dir=\"ltr\">\n<p><span style=\"font-size: large;\"><strong>BELLUNO<\/strong><em>\u00abTina Merlin \u00e8 una figura che oggi, a trent\u2019anni dalla morte, rimane di profonda attualit\u00e0. Rappresenta quei valori di verit\u00e0, approfondimento e giustizia che sono fondamentali nella costruzione di una societ\u00e0 civile\u00bb.<\/em> \u00c8 quanto ha affermato il consigliere provinciale Simone Deola\u00a0 \u00a0durante la conferenza stampa di presentazione del convegno per il trentennale dalla morte di Tina Merlin, in programma venerd\u00ec 5 novembre al Teatro Comunale di Belluno alle 10.30. Un evento organizzato dal Sindacato giornalisti del Veneto, dalla Federazione nazionale della stampa italiana e dall\u2019Assostampa bellunese, insieme alla Provincia di Belluno, ai Comuni di Longarone, Belluno e Borgo Valbelluna, con l\u2019Associazione culturale Tina Merlin, Articolo 21, Scuole in Rete e la Fondazione Vajont. <\/span><span style=\"font-size: large;\">Durante il convegno di venerd\u00ec verr\u00e0 lanciato anche il concorso curato dalle Scuole in Rete, dedicato agli studenti delle scuole superiori,\u00a0 premiazione il 7 giugno.<\/span><\/p>\n<\/div>\n<\/div>\n<blockquote>\n<blockquote>\n<div class=\"moz-text-html\" lang=\"x-unicode\">\n<div dir=\"ltr\"><\/div>\n<\/div>\n<h3><\/h3>\n<p>&nbsp;<\/p>\n<p>&nbsp;<\/p><\/blockquote>\n<\/blockquote>\n<hr \/>\n<blockquote>\n<blockquote><p>&nbsp;<\/p>\n<blockquote>\n<h3>LA MESSA IN RICORDO DEI CADUTI DELLA MONTAGNA<\/h3>\n<\/blockquote>\n<\/blockquote>\n<\/blockquote>\n<p>https:\/\/www.facebook.com\/mirko.mezzacasa\/videos\/242568061187037<\/p>\n<blockquote>\n<blockquote><p>&nbsp;<\/p><\/blockquote>\n<\/blockquote>\n<hr \/>\n<p>&nbsp;<\/p>\n<blockquote>\n<blockquote>\n<h2><strong><a href=\"https:\/\/www.radiopiu.net\/wordpress\/walter-delogu-dallinferno-a-sanpa-lintervista\/schermata-2021-10-29-alle-23-30-30\/\" rel=\"attachment wp-att-239913\"><img loading=\"lazy\" decoding=\"async\" class=\"size-medium wp-image-239913 alignleft\" src=\"https:\/\/www.radiopiu.net\/wordpress\/wp-content\/uploads\/2021\/10\/Schermata-2021-10-29-alle-23.30.30-300x195.png\" alt=\"\" width=\"300\" height=\"195\" srcset=\"https:\/\/www.radiopiu.net\/wordpress\/wp-content\/uploads\/2021\/10\/Schermata-2021-10-29-alle-23.30.30-300x195.png 300w, https:\/\/www.radiopiu.net\/wordpress\/wp-content\/uploads\/2021\/10\/Schermata-2021-10-29-alle-23.30.30-1024x667.png 1024w, https:\/\/www.radiopiu.net\/wordpress\/wp-content\/uploads\/2021\/10\/Schermata-2021-10-29-alle-23.30.30-768x500.png 768w, https:\/\/www.radiopiu.net\/wordpress\/wp-content\/uploads\/2021\/10\/Schermata-2021-10-29-alle-23.30.30.png 1352w\" sizes=\"auto, (max-width: 300px) 100vw, 300px\" \/><\/a><span style=\"color: #993300;\">WALTER DELOGU, DALL&#8217;INFERNO A SANPA&#8230;L&#8217;INTERVISTA<\/span><\/strong><\/h2>\n<p><strong>di Luisa Alchini<\/strong><\/p>\n<p>L&#8217;intervista a Walter Delogu<\/p>\n<audio class=\"wp-audio-shortcode\" id=\"audio-240420-4\" preload=\"none\" style=\"width: 100%;\" controls=\"controls\"><source type=\"audio\/mpeg\" src=\"https:\/\/www.radiopiu.net\/wordpress\/wp-content\/uploads\/2021\/10\/intyervista-completa-Walter-Delogu-29102021.mp3?_=4\" \/><a href=\"https:\/\/www.radiopiu.net\/wordpress\/wp-content\/uploads\/2021\/10\/intyervista-completa-Walter-Delogu-29102021.mp3\">https:\/\/www.radiopiu.net\/wordpress\/wp-content\/uploads\/2021\/10\/intyervista-completa-Walter-Delogu-29102021.mp3<\/a><\/audio>\n<p>&nbsp;<\/p><\/blockquote>\n<\/blockquote>\n<p>&nbsp;<\/p>\n<hr \/>\n<h3><\/h3>\n<blockquote>\n<h3>UNIVERSIT\u00c0 DEL VOLONTARIATO, AL VIA L&#8217;OTTAVA EDIZIONE<\/h3>\n<\/blockquote>\n<p><strong>BELLUNO\u00a0<\/strong> Un percorso, per formare i volontari del futuro, sempre pi\u00f9 attrattivo. \u00c8 l&#8217;Universit\u00e0 del Volontariato, progetto formativo realizzato da Csv Belluno Treviso insieme a Universit\u00e0 Ca\u2019 Foscari Venezia, giunto quest\u2019anno alla sua ottava edizione. Rispetto all\u2019annualit\u00e0 precedente, nel 2021 sono cresciute da 135 a 185 le domande di iscrizione, segno del rinnovato interesse per una proposta didattica attuale, rivolta all\u2019acquisizione di competenze immediatamente spendibili per cittadini, studenti e volontari sia negli ambiti professionali sia nelle attivit\u00e0 associative. Venerd\u00ec 5 novembre a Treviso la cerimonia per la consegna degli attestati 2020\/2021 e l\u2019apertura del nuovo anno di studi in programma dalle 16 nell\u2019Aula Magna di Palazzo San Leonardo in Riviera Santa Margherita.<\/p>\n<p>&nbsp;<\/p>\n<p>&nbsp;<\/p>\n<hr \/>\n<p><strong>\u00a0<\/strong><\/p>\n<p><strong>TORNANO GLI SPETTACOLI DI MISTERO<\/strong><\/p>\n<p><strong><a href=\"https:\/\/www.radiopiu.net\/wordpress\/giornale-radiopiu-21-ottobre-2021-direttore-mirko-mezzacasa\/sedico-8\/\" rel=\"attachment wp-att-238042\"><img loading=\"lazy\" decoding=\"async\" class=\"wp-image-238042 alignleft\" src=\"https:\/\/www.radiopiu.net\/wordpress\/wp-content\/uploads\/2021\/10\/SEDICO-225x300.jpg\" alt=\"\" width=\"119\" height=\"159\" srcset=\"https:\/\/www.radiopiu.net\/wordpress\/wp-content\/uploads\/2021\/10\/SEDICO-225x300.jpg 225w, https:\/\/www.radiopiu.net\/wordpress\/wp-content\/uploads\/2021\/10\/SEDICO.jpg 510w\" sizes=\"auto, (max-width: 119px) 100vw, 119px\" \/><\/a><\/strong><\/p>\n<p><strong>\u00a0<\/strong><\/p>\n<p><strong>\u00a0<\/strong><\/p>\n<p><strong>BELLUNO<\/strong> Gli eventi: \u00a0Venerd\u00ec 5 a <strong>Mel<\/strong> \u201cQuattro ciacole al fil\u00f2\u201d presso l\u2019ex chiesa di San Pietro, sabato 6<strong> a Gron di Sospirolo\u00a0 ed Alano di Piave<\/strong> passeggiata guidata e animata,\u00a0 domenica 7 transumanza delle capre\u00a0 da <strong>Caralte<\/strong> a Valle di Cadore.<\/p>\n<p>&nbsp;<\/p>\n<p>&nbsp;<\/p>\n<p>&nbsp;<\/p>\n<div dir=\"auto\">\n<blockquote>\n<h3><\/h3>\n<\/blockquote>\n<\/div>\n<div dir=\"auto\">\n<hr \/>\n<p>&nbsp;<\/p>\n<h3><a href=\"https:\/\/www.radiopiu.net\/wordpress\/giornale-radiopiu-02-novembre-2021-direttore-mirko-mezzacasa\/immagine-campagna-x-social\/\" rel=\"attachment wp-att-240334\"><img loading=\"lazy\" decoding=\"async\" class=\"wp-image-240334 alignleft\" src=\"https:\/\/www.radiopiu.net\/wordpress\/wp-content\/uploads\/2021\/11\/immagine-Campagna-x-Social-300x300.jpg\" alt=\"\" width=\"193\" height=\"193\" srcset=\"https:\/\/www.radiopiu.net\/wordpress\/wp-content\/uploads\/2021\/11\/immagine-Campagna-x-Social-300x300.jpg 300w, https:\/\/www.radiopiu.net\/wordpress\/wp-content\/uploads\/2021\/11\/immagine-Campagna-x-Social-1024x1024.jpg 1024w, https:\/\/www.radiopiu.net\/wordpress\/wp-content\/uploads\/2021\/11\/immagine-Campagna-x-Social-150x150.jpg 150w, https:\/\/www.radiopiu.net\/wordpress\/wp-content\/uploads\/2021\/11\/immagine-Campagna-x-Social-768x768.jpg 768w, https:\/\/www.radiopiu.net\/wordpress\/wp-content\/uploads\/2021\/11\/immagine-Campagna-x-Social.jpg 1080w\" sizes=\"auto, (max-width: 193px) 100vw, 193px\" \/><\/a><\/h3>\n<h3><\/h3>\n<h3><\/h3>\n<h3>SABATO E DOMENICA I CIOCCOLATINI DELL&#8217;AIRC AD AGORDO<\/h3>\n<p><strong>AGORDO<\/strong> sabato\u00a06 novembre e domenica 7 novembre 2021 al mattino in Piazza della Libert\u00e0 ad Agordo saranno presenti i volontari\u00a0 per l\u2019iniziativa \u201cI Cioccolatini della Ricerca AIRC\u201d.<\/p>\n<p>&nbsp;<\/p>\n<p>&nbsp;<\/p>\n<p>&nbsp;<\/p>\n<hr \/>\n<p>&nbsp;<\/p>\n<blockquote>\n<h3>IL CORSO DI GINNASTICA POSTURALE A CANALE D&#8217;AGORDO<\/h3>\n<\/blockquote>\n<p><strong>CANALE D&#8217;AGORDO<\/strong> E&#8217; in programma il corso di ginnastica posturale con la fisioterapista Silvana Andrich che inizier\u00e0 a Canale d&#8217;Agordo luned\u00ec 22 novembre presso la Casa del Popolo di via Roma. Info e prenotazioni al numero whatsApp 3779665237. Vi ricordiamo, inoltre, che durante il mese di novembre l&#8217;ufficio pro loco di Canale d&#8217;Agordo rimarr\u00e0 CHIUSO e che il Museo e la Casa natale di Papa Luciani saranno <u>visitabili su richiesta e prenotazione allo 04371948001<\/u> entro il giorno prima.<\/p>\n<p>&nbsp;<\/p>\n<\/div>\n<hr \/>\n<p>&nbsp;<\/p>\n<blockquote>\n<h3>QUANDO PARLANO&#8230; DI NOI<\/h3>\n<\/blockquote>\n<p><strong><img loading=\"lazy\" decoding=\"async\" class=\"alignleft\" src=\"https:\/\/www.radiopiu.net\/wordpress\/wp-content\/uploads\/2021\/11\/31408cf0-86a1-4bff-ac3c-2b8b37cea308.jpg\" width=\"116\" height=\"201\" \/>AGORDO<\/strong>\u00a0 Questa \u00e8\u00a0 una pubblicazione uscita da qualche mese e segnala 66 borghi dipinti d&#8217;Italia. Molti di pi\u00f9 sono i paesi dipinti in Italia, una tradizione ben consolidata che vive tutt&#8217;ora. Affreschi e dipinti a secco arricchiscono i borghi di moltissimi luoghi, <strong>ma paesi decorati con l&#8217;antica tecnica del graffito, o sgraffito, ufficialmente sono solo due in Italia: Agordo (Veneto) e Camaiore (Toscana).<\/strong> Il paesino di Casoli, a Camaiore, \u00e8 nato prima di Agordo (2010) e conta oltre 50 opere, invece quello di Agordo 22. I due paesi sono simbolicamente gemellati e in passato si sono scambiati gli artisti che vi hanno partecipato. Un ringraziamento va al comitato di Solosagre.it per l&#8217;interessante pubblicazione. Un doveroso grazie a quanti hanno creduto ad Agordo paese del graffito, primo tra tutti il nostro Dunio Piccolin.<\/p>\n<p>&nbsp;<\/p>\n<p>&nbsp;<\/p>\n\n\t\t\t<style type='text\/css'>\n\t\t\t\t#gallery-5 {\n\t\t\t\t\tmargin: auto;\n\t\t\t\t}\n\t\t\t\t#gallery-5 .gallery-item {\n\t\t\t\t\tfloat: left;\n\t\t\t\t\tmargin-top: 10px;\n\t\t\t\t\ttext-align: center;\n\t\t\t\t\twidth: 25%;\n\t\t\t\t}\n\t\t\t\t#gallery-5 img {\n\t\t\t\t\tborder: 2px solid #cfcfcf;\n\t\t\t\t}\n\t\t\t\t#gallery-5 .gallery-caption {\n\t\t\t\t\tmargin-left: 0;\n\t\t\t\t}\n\t\t\t\t\/* see gallery_shortcode() in wp-includes\/media.php *\/\n\t\t\t<\/style>\n\t\t<div id='gallery-5' class='dt-gallery-container gallery galleryid-240420 gallery-columns-4 gallery-size-medium'><dl class='gallery-item'>\n\t\t\t\t<dt class='gallery-icon landscape'>\n\t\t\t\t\t<a class=\"rollover rollover-zoom dt-pswp-item\" title=\"5ba4af2b-4008-4dd9-b806-2337aedeb227\" data-dt-img-description=\"\" data-large_image_width=\"2048\" data-large_image_height=\"1991\"href='https:\/\/www.radiopiu.net\/wordpress\/wp-content\/uploads\/2021\/11\/5ba4af2b-4008-4dd9-b806-2337aedeb227.jpg'><img loading=\"lazy\" decoding=\"async\" width=\"300\" height=\"292\" src=\"https:\/\/www.radiopiu.net\/wordpress\/wp-content\/uploads\/2021\/11\/5ba4af2b-4008-4dd9-b806-2337aedeb227-300x292.jpg\" class=\"attachment-medium size-medium\" alt=\"\" srcset=\"https:\/\/www.radiopiu.net\/wordpress\/wp-content\/uploads\/2021\/11\/5ba4af2b-4008-4dd9-b806-2337aedeb227-300x292.jpg 300w, https:\/\/www.radiopiu.net\/wordpress\/wp-content\/uploads\/2021\/11\/5ba4af2b-4008-4dd9-b806-2337aedeb227-1024x996.jpg 1024w, https:\/\/www.radiopiu.net\/wordpress\/wp-content\/uploads\/2021\/11\/5ba4af2b-4008-4dd9-b806-2337aedeb227-768x747.jpg 768w, https:\/\/www.radiopiu.net\/wordpress\/wp-content\/uploads\/2021\/11\/5ba4af2b-4008-4dd9-b806-2337aedeb227-1536x1493.jpg 1536w, https:\/\/www.radiopiu.net\/wordpress\/wp-content\/uploads\/2021\/11\/5ba4af2b-4008-4dd9-b806-2337aedeb227.jpg 2048w\" sizes=\"auto, (max-width: 300px) 100vw, 300px\" \/><\/a>\n\t\t\t\t<\/dt><\/dl><dl class='gallery-item'>\n\t\t\t\t<dt class='gallery-icon portrait'>\n\t\t\t\t\t<a class=\"rollover rollover-zoom dt-pswp-item\" title=\"82c450c0-8c57-42f9-8257-427f493f3d59\" data-dt-img-description=\"\" data-large_image_width=\"1473\" data-large_image_height=\"1696\"href='https:\/\/www.radiopiu.net\/wordpress\/wp-content\/uploads\/2021\/11\/82c450c0-8c57-42f9-8257-427f493f3d59.jpg'><img loading=\"lazy\" decoding=\"async\" width=\"261\" height=\"300\" src=\"https:\/\/www.radiopiu.net\/wordpress\/wp-content\/uploads\/2021\/11\/82c450c0-8c57-42f9-8257-427f493f3d59-261x300.jpg\" class=\"attachment-medium size-medium\" alt=\"\" srcset=\"https:\/\/www.radiopiu.net\/wordpress\/wp-content\/uploads\/2021\/11\/82c450c0-8c57-42f9-8257-427f493f3d59-261x300.jpg 261w, https:\/\/www.radiopiu.net\/wordpress\/wp-content\/uploads\/2021\/11\/82c450c0-8c57-42f9-8257-427f493f3d59-889x1024.jpg 889w, https:\/\/www.radiopiu.net\/wordpress\/wp-content\/uploads\/2021\/11\/82c450c0-8c57-42f9-8257-427f493f3d59-768x884.jpg 768w, https:\/\/www.radiopiu.net\/wordpress\/wp-content\/uploads\/2021\/11\/82c450c0-8c57-42f9-8257-427f493f3d59-1334x1536.jpg 1334w, https:\/\/www.radiopiu.net\/wordpress\/wp-content\/uploads\/2021\/11\/82c450c0-8c57-42f9-8257-427f493f3d59.jpg 1473w\" sizes=\"auto, (max-width: 261px) 100vw, 261px\" \/><\/a>\n\t\t\t\t<\/dt><\/dl><dl class='gallery-item'>\n\t\t\t\t<dt class='gallery-icon portrait'>\n\t\t\t\t\t<a class=\"rollover rollover-zoom dt-pswp-item\" title=\"3e0df26a-a5cf-4675-a55a-3312d912b27e\" data-dt-img-description=\"\" data-large_image_width=\"1232\" data-large_image_height=\"2048\"href='https:\/\/www.radiopiu.net\/wordpress\/wp-content\/uploads\/2021\/11\/3e0df26a-a5cf-4675-a55a-3312d912b27e.jpg'><img loading=\"lazy\" decoding=\"async\" width=\"180\" height=\"300\" src=\"https:\/\/www.radiopiu.net\/wordpress\/wp-content\/uploads\/2021\/11\/3e0df26a-a5cf-4675-a55a-3312d912b27e-180x300.jpg\" class=\"attachment-medium size-medium\" alt=\"\" srcset=\"https:\/\/www.radiopiu.net\/wordpress\/wp-content\/uploads\/2021\/11\/3e0df26a-a5cf-4675-a55a-3312d912b27e-180x300.jpg 180w, https:\/\/www.radiopiu.net\/wordpress\/wp-content\/uploads\/2021\/11\/3e0df26a-a5cf-4675-a55a-3312d912b27e-616x1024.jpg 616w, https:\/\/www.radiopiu.net\/wordpress\/wp-content\/uploads\/2021\/11\/3e0df26a-a5cf-4675-a55a-3312d912b27e-768x1277.jpg 768w, https:\/\/www.radiopiu.net\/wordpress\/wp-content\/uploads\/2021\/11\/3e0df26a-a5cf-4675-a55a-3312d912b27e-924x1536.jpg 924w, https:\/\/www.radiopiu.net\/wordpress\/wp-content\/uploads\/2021\/11\/3e0df26a-a5cf-4675-a55a-3312d912b27e.jpg 1232w\" sizes=\"auto, (max-width: 180px) 100vw, 180px\" \/><\/a>\n\t\t\t\t<\/dt><\/dl><dl class='gallery-item'>\n\t\t\t\t<dt class='gallery-icon portrait'>\n\t\t\t\t\t<a class=\"rollover rollover-zoom dt-pswp-item\" title=\"cf8357f6-9496-463e-af08-d6ff7033cdb1\" data-dt-img-description=\"\" data-large_image_width=\"1304\" data-large_image_height=\"1826\"href='https:\/\/www.radiopiu.net\/wordpress\/wp-content\/uploads\/2021\/11\/cf8357f6-9496-463e-af08-d6ff7033cdb1.jpg'><img loading=\"lazy\" decoding=\"async\" width=\"214\" height=\"300\" src=\"https:\/\/www.radiopiu.net\/wordpress\/wp-content\/uploads\/2021\/11\/cf8357f6-9496-463e-af08-d6ff7033cdb1-214x300.jpg\" class=\"attachment-medium size-medium\" alt=\"\" srcset=\"https:\/\/www.radiopiu.net\/wordpress\/wp-content\/uploads\/2021\/11\/cf8357f6-9496-463e-af08-d6ff7033cdb1-214x300.jpg 214w, https:\/\/www.radiopiu.net\/wordpress\/wp-content\/uploads\/2021\/11\/cf8357f6-9496-463e-af08-d6ff7033cdb1-731x1024.jpg 731w, https:\/\/www.radiopiu.net\/wordpress\/wp-content\/uploads\/2021\/11\/cf8357f6-9496-463e-af08-d6ff7033cdb1-768x1075.jpg 768w, https:\/\/www.radiopiu.net\/wordpress\/wp-content\/uploads\/2021\/11\/cf8357f6-9496-463e-af08-d6ff7033cdb1-1097x1536.jpg 1097w, https:\/\/www.radiopiu.net\/wordpress\/wp-content\/uploads\/2021\/11\/cf8357f6-9496-463e-af08-d6ff7033cdb1.jpg 1304w\" sizes=\"auto, (max-width: 214px) 100vw, 214px\" \/><\/a>\n\t\t\t\t<\/dt><\/dl><br style=\"clear: both\" \/>\n\t\t\t<\/div>\n\n<blockquote>\n<h3>AD AGOSTO&#8230; ALLA RADIO di GIANNI SANTOMASO<\/h3>\n<\/blockquote>\n<p><strong>AD AGOSTO ALLA RADIO\u00a0<\/strong><\/p>\n<p><strong>AGORDINO<\/strong><\/p>\n<p>di Gianni Santomaso<\/p>\n<audio class=\"wp-audio-shortcode\" id=\"audio-240420-5\" preload=\"none\" style=\"width: 100%;\" controls=\"controls\"><source type=\"audio\/mpeg\" src=\"https:\/\/www.radiopiu.net\/wordpress\/wp-content\/uploads\/2021\/08\/GIANNI-66-BORGHI.mp3?_=5\" \/><a href=\"https:\/\/www.radiopiu.net\/wordpress\/wp-content\/uploads\/2021\/08\/GIANNI-66-BORGHI.mp3\">https:\/\/www.radiopiu.net\/wordpress\/wp-content\/uploads\/2021\/08\/GIANNI-66-BORGHI.mp3<\/a><\/audio>\n<p>&nbsp;<\/p>\n<p><strong>ROCCA PIETORE<\/strong> A novembre \u00e8 bello girovagare nei borghi, come i tre che il Ministero del turismo ha candidato per il bando \u201cBest Tourism Village\u201d dell\u2019ONU: Rocca Pietore con la frazione di Sottoguda (Veneto), San Ginesio (Marche) e Gerace (Calabria). Scoprili all\u2019interno di Borghi Magazine di novembre, la rivista bilingue collegata ai Borghi pi\u00f9 Belli d\u2019Italia, da oggi in edicola. Nell\u2019Appennino i luoghi si prestano molto alle divagazioni di novembre, a chi ama camminare e osservare la bellezza intorno a s\u00e9: Trevi in Umbria, Visso e Sassoferrato nelle Marche. Inoltre, l\u2019intervista di Vittorio Sgarbi sulla mostra di Depero al Mart di Rovereto e altre piacevoli soste tra cultura, artigianato e passione.<\/p>\n<p><a href=\"https:\/\/www.radiopiu.net\/wordpress\/quando-parlano-di-noi\/87f7094d-f099-4f69-a232-3aede581ab41\/\" rel=\"attachment wp-att-240553\"><img loading=\"lazy\" decoding=\"async\" class=\"alignnone size-medium wp-image-240553\" src=\"https:\/\/www.radiopiu.net\/wordpress\/wp-content\/uploads\/2021\/11\/87f7094d-f099-4f69-a232-3aede581ab41-300x300.jpg\" alt=\"\" width=\"300\" height=\"300\" srcset=\"https:\/\/www.radiopiu.net\/wordpress\/wp-content\/uploads\/2021\/11\/87f7094d-f099-4f69-a232-3aede581ab41-300x300.jpg 300w, https:\/\/www.radiopiu.net\/wordpress\/wp-content\/uploads\/2021\/11\/87f7094d-f099-4f69-a232-3aede581ab41-1024x1024.jpg 1024w, https:\/\/www.radiopiu.net\/wordpress\/wp-content\/uploads\/2021\/11\/87f7094d-f099-4f69-a232-3aede581ab41-150x150.jpg 150w, https:\/\/www.radiopiu.net\/wordpress\/wp-content\/uploads\/2021\/11\/87f7094d-f099-4f69-a232-3aede581ab41-768x768.jpg 768w, https:\/\/www.radiopiu.net\/wordpress\/wp-content\/uploads\/2021\/11\/87f7094d-f099-4f69-a232-3aede581ab41-1536x1536.jpg 1536w, https:\/\/www.radiopiu.net\/wordpress\/wp-content\/uploads\/2021\/11\/87f7094d-f099-4f69-a232-3aede581ab41.jpg 1600w\" sizes=\"auto, (max-width: 300px) 100vw, 300px\" \/><\/a><\/p>\n<p>&nbsp;<\/p>\n<p>&nbsp;<\/p>\n<hr \/>\n<p>&nbsp;<\/p>\n<blockquote>\n<h3>CURIOSIT\u00c0 DAL LIBRO \u201cUNA FINESTRA SU RIVA\u201d: A VILLAGRANDE IL PRIMATO PER I MELI ED I PERI<\/h3>\n<\/blockquote>\n<div dir=\"auto\">\n<div class=\"j83agx80 k4urcfbm\" role=\"none\">\n<div class=\"l60d2q6s d1544ag0 sj5x9vvc tw6a2znq l9j0dhe7 ni8dbmo4 stjgntxs e72ty7fz qlfml3jp inkptoze qttc61fc jm1wdb64 qv66sw1b ljqsnud1 odn2s2vf tkr6xdv7\" role=\"none\">\n<div class=\"rq0escxv l9j0dhe7 du4w35lb __fb-light-mode\" role=\"none\">\n<div dir=\"auto\" role=\"none\">\n<p><strong>di RENATO BONA\u00a0<\/strong><\/p>\n<\/div>\n<div class=\"oo9gr5id ii04i59q\" dir=\"auto\" role=\"none\">Villagrande \u00e8 la meta di questa tappa (una delle ultime\u2026) dell\u2019ipotetico viaggio che abbiamo intrapreso alcune settimane fa con meta Rivamonte Agordino, guidati dallo speciale libro fotografico che il Club Unesco Agordino presieduto da Giuliano Laveder ha realizzato nell\u2019ottobre 2013 con la tipografia Castaldi di Agordo, intitolato: \u201cUna finestra su Riva\u201d. Nell\u2019introduzione viene precisato che \u201cPer accompagnare e rendere la lettura pi\u00f9 piacevole si \u00e8 anche pensato di inserire qualche notizia curiosa, appresa da fonti locali, notizie d\u2019archivio o trasmesse oralmente da tutti quegli informatori che con entusiasmo e generosit\u00e0 si sono prestati a condividere fotografie di famiglia, ricordi, raccontare aneddoti ed esperienze di vita vissuta\u201d. Partiamo, dunque, e proponiamo la riproduzione di un\u2019immagine di gruppo dal titolo: \u201cVillagrande\u201d cui segue la dicitura che precisa: \u201cAi Fossali-Festa di S. Antonio, fine anni \u201920. Il 14 giugno si tenevano i festeggiamenti \u2018di chiusura\u2019 della festa di S. Antonio: si suonava, si beveva, si cantava; un\u2019occasione in pi\u00f9 per stare in compagnia. Prima fila da sinistra: Giusto Schena dalle Miotte, Pietro Rosson (P\u00f2po dei Casen\u00f3ve), Giacomo Gnech (F\u00e8ri), Giovanni Rosson (Barba B\u00e8l), Arcangelo Gnech (Bane), Domenico Conedera, Felice Zanin (Cici de la Nani) e Giacomo Mottes (M\u00e9to Baga); seconda fila da sinistra: Romolo Botter, Giuseppe Conedera, Fioravante Cont (Picol Bat\u00ect), Fiore Mattarel e Tranquillo Gnech (Chilo Ninc\u00f2l); terza fila da sinistra: ciclista non identificato, Cherubino Pedrech di Digoman, Giovanni Battista Laveder (Tita Ros\u00e0lia), Giovanni Sommariva (Pac\u00e9t), Giovanni Fossen (Dan\u00e0ta), Silvestro Schena, Pietro Gnech (Minc\u00f2l), non identificato, Carlo Schena (C\u00e0oser); ultima fila dietro, da sinistra: il terzo bambino \u00e8 Bruno Gnech (del N\u00e9), non identificato, il quarto bambino non identificato, Luce, non identificato, Martino Gnech (T\u00f2ti). Pietro Giovanni Conedera di Pedandola, non identificato e l\u2019ultimo, seduto sulla staccionata: Antonio Zanin della Spia. La foto successiva \u00e8 una veduta di Rivamonte dai Campi\u00f3i per la quale si spiega che: \u201cNel 1934 la frazione contava 236 abitanti. La valle vicina era detta C\u00f2sta del Mosc\u00f3n. Cronaca: negli anni \u201950 numerose erano le piante da frutto presenti sul territorio: il censimento del 1951 riporta 866 meli e 802 peri, la frazione col maggior numero di piante era Villagrande, seguita da Zenich e Tos. Un altro gruppo \u201cAlla fontana di Villagrande, anni 50\u201d di cui si legge: da sinistra si intravede Cesarina Xaiz, in piedi Rina Gnech, Paolina Zanin, Speranza Laveder, Margherita Fossen, Davide Gnech, Arcangela Gnech (Nati) ed Emilia Sommariva. Sulla sinistra il lavatoio ormai scomparso. Tocca ora a: \u201cCasa dei B\u00f3ra, anni \u201860\u201d: si noti la fontana (non pi\u00f9 esistente) sul cui bordo \u00e8 seduto Giacomo Conedera (M\u00e9to B\u00f3ra). Ed ecco una coppia: Angela Semplici con il marito Giovanni Taio (Chip) nella foto sotto il titolo: \u201cCarrera: anni \u201870\u201d. Presenza femminile in minoranza nella successiva immagine scattata al Bar Nin Baga alla fine degli anni \u201950. Da sinistra: Luciano Conedera, Giovanni Pasquali e Felice Del Din. Pasquali era conosciuto da tutti come \u201cmaestro Sar\u00e9t\u201d. Il suo primo incarico di insegnante fu a Farra d\u2019Alpago nel 1935; poi si spost\u00f2 a Gosaldo, infine prese servizio alla scuola dei Tos \u201cdove segu\u00ec sino al diploma tanti bambini che ancor oggi lo ricordano. La sua passione per la scuola lo portava a dare lezioni serali e ad aiutare nella preparazione degli esami di ammissione alla media molti studenti. Nel 1974 and\u00f2 in pensione, ma ogni tanto la sua passione lo portava ancora a far visita alle nuove classi, ammaliando le nuove generazioni con le sue doti di narratore dei classici della letteratura\u201d. \u201cProvvista di legna per l\u2019inverno\u201d \u00e8 il titolo scelto per lo scatto della coppia al femminile, da sinistra: Speranza Laveder e Antonietta Schena, a Villagrande, anni \u201950. Il nonno coi baffoni \u00e8 Giacomo Gnech (Grillo), nato il 1873! Segue la foto dedicata a Villagrande 1930, con dicitura: Battista Conedera (B\u00f2ra) in posa con la sorella Lucia (Thi\u00e9ta) per immortalare la costruzione del suo primo mobile. Tocca ora allo scatto davanti al negozio di frutta e verdura del Chip, anni \u201960. Seduta sul marciapiede Graziella Faoro. Cronaca: a Villagrande erano presenti altri esercizi: e negli anni \u201930 viene riportato nei documenti d\u2019archivio che il negozio di Amalia Fossali vendeva farine, risi, crusche, saponi, olii, conserve, formaggi, candele, cioccolato, confetture, terraglie, grassi, vini e liquori per asportazione; c\u2019era solo l\u2019imbarazzo della scelta! Tocca ora a \u201cGioco delle bocce, inizi \u2018900\u201d e quindi ci avviano alla conclusione di questa tappa con \u201cCasa della Catalina prima della demolizione e la vecchia fontana sulla piazza del Nai, anni \u201890\u201d cui fa seguito \u201cPietro Gnech (Gal) sul suo triciclo, met\u00e0 degli anni \u201940. Cronaca: la popolazione di Rivamonte nel 1935 era di 1.899 persone, con 37 nuovi nati. Tocca al gruppo col titolo \u201cVillagrande fine anni \u201850\u201d che ci mostra, dietro da sinistra: Maria Luisa Gnech, Luigia Gnech (Gigetta), Margherita Fossen (Ita), Antonia Schena (N\u00f2thi) e Luciano Gnech; davanti da sinistra: Gabriella Gnech, Annamaria Gnech e Annalisa Conedera. Chiudiamo con uno scatto del 1958 che ci propone, da sinistra: Maria Mottes, Vittoria Lavarini, Carolina Botter, Gino (marito di Giovanna Rosson), Antonia Fossen, Giovanna Rosso, Efisio Fossen, Luigia Fadig\u00e0 (Gisa), Stefania Mottes e moglie di Efisio, Amabile Rosson.<\/div>\n<div dir=\"auto\" role=\"none\">\n\n\t\t\t<style type='text\/css'>\n\t\t\t\t#gallery-6 {\n\t\t\t\t\tmargin: auto;\n\t\t\t\t}\n\t\t\t\t#gallery-6 .gallery-item {\n\t\t\t\t\tfloat: left;\n\t\t\t\t\tmargin-top: 10px;\n\t\t\t\t\ttext-align: center;\n\t\t\t\t\twidth: 20%;\n\t\t\t\t}\n\t\t\t\t#gallery-6 img {\n\t\t\t\t\tborder: 2px solid #cfcfcf;\n\t\t\t\t}\n\t\t\t\t#gallery-6 .gallery-caption {\n\t\t\t\t\tmargin-left: 0;\n\t\t\t\t}\n\t\t\t\t\/* see gallery_shortcode() in wp-includes\/media.php *\/\n\t\t\t<\/style>\n\t\t<div id='gallery-6' class='dt-gallery-container gallery galleryid-240420 gallery-columns-5 gallery-size-thumbnail'><dl class='gallery-item'>\n\t\t\t\t<dt class='gallery-icon landscape'>\n\t\t\t\t\t<a class=\"rollover rollover-zoom dt-pswp-item\" title=\"251357105_302606881688576_744472991463243106_n\" data-dt-img-description=\"\" data-large_image_width=\"280\" data-large_image_height=\"200\"href='https:\/\/www.radiopiu.net\/wordpress\/wp-content\/uploads\/2021\/11\/251357105_302606881688576_744472991463243106_n.jpg'><img loading=\"lazy\" decoding=\"async\" width=\"150\" height=\"150\" src=\"https:\/\/www.radiopiu.net\/wordpress\/wp-content\/uploads\/2021\/11\/251357105_302606881688576_744472991463243106_n-150x150.jpg\" class=\"attachment-thumbnail size-thumbnail\" alt=\"\" \/><\/a>\n\t\t\t\t<\/dt><\/dl><dl class='gallery-item'>\n\t\t\t\t<dt class='gallery-icon portrait'>\n\t\t\t\t\t<a class=\"rollover rollover-zoom dt-pswp-item\" title=\"252319392_2144855379004030_9046561415998081311_n\" data-dt-img-description=\"\" data-large_image_width=\"188\" data-large_image_height=\"206\"href='https:\/\/www.radiopiu.net\/wordpress\/wp-content\/uploads\/2021\/11\/252319392_2144855379004030_9046561415998081311_n.jpg'><img loading=\"lazy\" decoding=\"async\" width=\"150\" height=\"150\" src=\"https:\/\/www.radiopiu.net\/wordpress\/wp-content\/uploads\/2021\/11\/252319392_2144855379004030_9046561415998081311_n-150x150.jpg\" class=\"attachment-thumbnail size-thumbnail\" alt=\"\" \/><\/a>\n\t\t\t\t<\/dt><\/dl><dl class='gallery-item'>\n\t\t\t\t<dt class='gallery-icon landscape'>\n\t\t\t\t\t<a class=\"rollover rollover-zoom dt-pswp-item\" title=\"251312030_358354046044287_6164258274505239220_n\" data-dt-img-description=\"\" data-large_image_width=\"350\" data-large_image_height=\"203\"href='https:\/\/www.radiopiu.net\/wordpress\/wp-content\/uploads\/2021\/11\/251312030_358354046044287_6164258274505239220_n.jpg'><img loading=\"lazy\" decoding=\"async\" width=\"150\" height=\"150\" src=\"https:\/\/www.radiopiu.net\/wordpress\/wp-content\/uploads\/2021\/11\/251312030_358354046044287_6164258274505239220_n-150x150.jpg\" class=\"attachment-thumbnail size-thumbnail\" alt=\"\" \/><\/a>\n\t\t\t\t<\/dt><\/dl><dl class='gallery-item'>\n\t\t\t\t<dt class='gallery-icon landscape'>\n\t\t\t\t\t<a class=\"rollover rollover-zoom dt-pswp-item\" title=\"252671700_2301709639963462_7941179770271068708_n\" data-dt-img-description=\"\" data-large_image_width=\"222\" data-large_image_height=\"206\"href='https:\/\/www.radiopiu.net\/wordpress\/wp-content\/uploads\/2021\/11\/252671700_2301709639963462_7941179770271068708_n.jpg'><img loading=\"lazy\" decoding=\"async\" width=\"150\" height=\"150\" src=\"https:\/\/www.radiopiu.net\/wordpress\/wp-content\/uploads\/2021\/11\/252671700_2301709639963462_7941179770271068708_n-150x150.jpg\" class=\"attachment-thumbnail size-thumbnail\" alt=\"\" \/><\/a>\n\t\t\t\t<\/dt><\/dl><dl class='gallery-item'>\n\t\t\t\t<dt class='gallery-icon landscape'>\n\t\t\t\t\t<a class=\"rollover rollover-zoom dt-pswp-item\" title=\"251809087_4395548257148810_4376530803710351040_n\" data-dt-img-description=\"\" data-large_image_width=\"332\" data-large_image_height=\"206\"href='https:\/\/www.radiopiu.net\/wordpress\/wp-content\/uploads\/2021\/11\/251809087_4395548257148810_4376530803710351040_n.jpg'><img loading=\"lazy\" decoding=\"async\" width=\"150\" height=\"150\" src=\"https:\/\/www.radiopiu.net\/wordpress\/wp-content\/uploads\/2021\/11\/251809087_4395548257148810_4376530803710351040_n-150x150.jpg\" class=\"attachment-thumbnail size-thumbnail\" alt=\"\" \/><\/a>\n\t\t\t\t<\/dt><\/dl><br style=\"clear: both\" \/><dl class='gallery-item'>\n\t\t\t\t<dt class='gallery-icon portrait'>\n\t\t\t\t\t<a class=\"rollover rollover-zoom dt-pswp-item\" title=\"251288403_4721572207889001_4955300486567196706_n\" data-dt-img-description=\"\" data-large_image_width=\"173\" data-large_image_height=\"199\"href='https:\/\/www.radiopiu.net\/wordpress\/wp-content\/uploads\/2021\/11\/251288403_4721572207889001_4955300486567196706_n.jpg'><img loading=\"lazy\" decoding=\"async\" width=\"150\" height=\"150\" src=\"https:\/\/www.radiopiu.net\/wordpress\/wp-content\/uploads\/2021\/11\/251288403_4721572207889001_4955300486567196706_n-150x150.jpg\" class=\"attachment-thumbnail size-thumbnail\" alt=\"\" \/><\/a>\n\t\t\t\t<\/dt><\/dl><dl class='gallery-item'>\n\t\t\t\t<dt class='gallery-icon portrait'>\n\t\t\t\t\t<a class=\"rollover rollover-zoom dt-pswp-item\" title=\"251579444_199626732317404_5571268298271787714_n\" data-dt-img-description=\"\" data-large_image_width=\"158\" data-large_image_height=\"206\"href='https:\/\/www.radiopiu.net\/wordpress\/wp-content\/uploads\/2021\/11\/251579444_199626732317404_5571268298271787714_n.jpg'><img loading=\"lazy\" decoding=\"async\" width=\"150\" height=\"150\" src=\"https:\/\/www.radiopiu.net\/wordpress\/wp-content\/uploads\/2021\/11\/251579444_199626732317404_5571268298271787714_n-150x150.jpg\" class=\"attachment-thumbnail size-thumbnail\" alt=\"\" \/><\/a>\n\t\t\t\t<\/dt><\/dl><dl class='gallery-item'>\n\t\t\t\t<dt class='gallery-icon portrait'>\n\t\t\t\t\t<a class=\"rollover rollover-zoom dt-pswp-item\" title=\"251292880_1029388224296754_6384615972519362084_n\" data-dt-img-description=\"\" data-large_image_width=\"152\" data-large_image_height=\"206\"href='https:\/\/www.radiopiu.net\/wordpress\/wp-content\/uploads\/2021\/11\/251292880_1029388224296754_6384615972519362084_n.jpg'><img loading=\"lazy\" decoding=\"async\" width=\"150\" height=\"150\" src=\"https:\/\/www.radiopiu.net\/wordpress\/wp-content\/uploads\/2021\/11\/251292880_1029388224296754_6384615972519362084_n-150x150.jpg\" class=\"attachment-thumbnail size-thumbnail\" alt=\"\" \/><\/a>\n\t\t\t\t<\/dt><\/dl><dl class='gallery-item'>\n\t\t\t\t<dt class='gallery-icon portrait'>\n\t\t\t\t\t<a class=\"rollover rollover-zoom dt-pswp-item\" title=\"251224551_1940111929490870_2728277048498195804_n\" data-dt-img-description=\"\" data-large_image_width=\"154\" data-large_image_height=\"206\"href='https:\/\/www.radiopiu.net\/wordpress\/wp-content\/uploads\/2021\/11\/251224551_1940111929490870_2728277048498195804_n.jpg'><img loading=\"lazy\" decoding=\"async\" width=\"150\" height=\"150\" src=\"https:\/\/www.radiopiu.net\/wordpress\/wp-content\/uploads\/2021\/11\/251224551_1940111929490870_2728277048498195804_n-150x150.jpg\" class=\"attachment-thumbnail size-thumbnail\" alt=\"\" \/><\/a>\n\t\t\t\t<\/dt><\/dl><dl class='gallery-item'>\n\t\t\t\t<dt class='gallery-icon portrait'>\n\t\t\t\t\t<a class=\"rollover rollover-zoom dt-pswp-item\" title=\"251092015_6321802214556452_703231992097314305_n\" data-dt-img-description=\"\" data-large_image_width=\"168\" data-large_image_height=\"206\"href='https:\/\/www.radiopiu.net\/wordpress\/wp-content\/uploads\/2021\/11\/251092015_6321802214556452_703231992097314305_n.jpg'><img loading=\"lazy\" decoding=\"async\" width=\"150\" height=\"150\" src=\"https:\/\/www.radiopiu.net\/wordpress\/wp-content\/uploads\/2021\/11\/251092015_6321802214556452_703231992097314305_n-150x150.jpg\" class=\"attachment-thumbnail size-thumbnail\" alt=\"\" \/><\/a>\n\t\t\t\t<\/dt><\/dl><br style=\"clear: both\" \/><dl class='gallery-item'>\n\t\t\t\t<dt class='gallery-icon landscape'>\n\t\t\t\t\t<a class=\"rollover rollover-zoom dt-pswp-item\" title=\"251362898_1872213499656320_6250898559841527489_n\" data-dt-img-description=\"\" data-large_image_width=\"319\" data-large_image_height=\"206\"href='https:\/\/www.radiopiu.net\/wordpress\/wp-content\/uploads\/2021\/11\/251362898_1872213499656320_6250898559841527489_n.jpg'><img loading=\"lazy\" decoding=\"async\" width=\"150\" height=\"150\" src=\"https:\/\/www.radiopiu.net\/wordpress\/wp-content\/uploads\/2021\/11\/251362898_1872213499656320_6250898559841527489_n-150x150.jpg\" class=\"attachment-thumbnail size-thumbnail\" alt=\"\" \/><\/a>\n\t\t\t\t<\/dt><\/dl><dl class='gallery-item'>\n\t\t\t\t<dt class='gallery-icon portrait'>\n\t\t\t\t\t<a class=\"rollover rollover-zoom dt-pswp-item\" title=\"251047144_1064285724375778_1781511575565713128_n\" data-dt-img-description=\"\" data-large_image_width=\"152\" data-large_image_height=\"260\"href='https:\/\/www.radiopiu.net\/wordpress\/wp-content\/uploads\/2021\/11\/251047144_1064285724375778_1781511575565713128_n.jpg'><img loading=\"lazy\" decoding=\"async\" width=\"150\" height=\"150\" src=\"https:\/\/www.radiopiu.net\/wordpress\/wp-content\/uploads\/2021\/11\/251047144_1064285724375778_1781511575565713128_n-150x150.jpg\" class=\"attachment-thumbnail size-thumbnail\" alt=\"\" \/><\/a>\n\t\t\t\t<\/dt><\/dl><dl class='gallery-item'>\n\t\t\t\t<dt class='gallery-icon portrait'>\n\t\t\t\t\t<a class=\"rollover rollover-zoom dt-pswp-item\" title=\"251655386_412006640553181_5756367552912524212_n\" data-dt-img-description=\"\" data-large_image_width=\"151\" data-large_image_height=\"225\"href='https:\/\/www.radiopiu.net\/wordpress\/wp-content\/uploads\/2021\/11\/251655386_412006640553181_5756367552912524212_n.jpg'><img loading=\"lazy\" decoding=\"async\" width=\"150\" height=\"150\" src=\"https:\/\/www.radiopiu.net\/wordpress\/wp-content\/uploads\/2021\/11\/251655386_412006640553181_5756367552912524212_n-150x150.jpg\" class=\"attachment-thumbnail size-thumbnail\" alt=\"\" \/><\/a>\n\t\t\t\t<\/dt><\/dl><dl class='gallery-item'>\n\t\t\t\t<dt class='gallery-icon landscape'>\n\t\t\t\t\t<a class=\"rollover rollover-zoom dt-pswp-item\" title=\"251337015_623652011970217_6034777657549712464_n\" data-dt-img-description=\"\" data-large_image_width=\"280\" data-large_image_height=\"199\"href='https:\/\/www.radiopiu.net\/wordpress\/wp-content\/uploads\/2021\/11\/251337015_623652011970217_6034777657549712464_n.jpg'><img loading=\"lazy\" decoding=\"async\" width=\"150\" height=\"150\" src=\"https:\/\/www.radiopiu.net\/wordpress\/wp-content\/uploads\/2021\/11\/251337015_623652011970217_6034777657549712464_n-150x150.jpg\" class=\"attachment-thumbnail size-thumbnail\" alt=\"\" \/><\/a>\n\t\t\t\t<\/dt><\/dl><dl class='gallery-item'>\n\t\t\t\t<dt class='gallery-icon landscape'>\n\t\t\t\t\t<a class=\"rollover rollover-zoom dt-pswp-item\" title=\"251783937_264763025581661_7504907462590164930_n\" data-dt-img-description=\"\" data-large_image_width=\"280\" data-large_image_height=\"199\"href='https:\/\/www.radiopiu.net\/wordpress\/wp-content\/uploads\/2021\/11\/251783937_264763025581661_7504907462590164930_n.jpg'><img loading=\"lazy\" decoding=\"async\" width=\"150\" height=\"150\" src=\"https:\/\/www.radiopiu.net\/wordpress\/wp-content\/uploads\/2021\/11\/251783937_264763025581661_7504907462590164930_n-150x150.jpg\" class=\"attachment-thumbnail size-thumbnail\" alt=\"\" \/><\/a>\n\t\t\t\t<\/dt><\/dl><br style=\"clear: both\" \/>\n\t\t\t<\/div>\n\n<\/div>\n<\/div>\n<\/div>\n<div class=\"ns4p8fja j83agx80 cbu4d94t a6sixzi8 bkfpd7mw d2edcug0 buofh1pr nred35xi\" role=\"none\">\n<div class=\"buofh1pr rj1gh0hx\" role=\"none\"><\/div>\n<\/div>\n<\/div>\n<div class=\"nred35xi p3ovkuyr k4urcfbm\"><\/div>\n<\/div>\n<div dir=\"auto\">\n<p>&nbsp;<\/p>\n<p>&nbsp;<\/p>\n<hr \/>\n<p>&nbsp;<\/p>\n<h1><span style=\"color: #ff0000;\">IERI ALLA RADIO&#8230;<\/span><\/h1>\n<blockquote>\n<h3>DALLE COLLINE DEL PROSECCO&#8230; GIULIANO VANTAGGI<\/h3>\n<\/blockquote>\n<p><img loading=\"lazy\" decoding=\"async\" class=\"\" src=\"https:\/\/www.radiopiu.net\/wordpress\/wp-content\/uploads\/2020\/03\/GIULIANO-VANTAGGI.jpg\" width=\"94\" height=\"125\" \/> di Claudio Fontanive<\/p>\n<audio class=\"wp-audio-shortcode\" id=\"audio-240420-6\" preload=\"none\" style=\"width: 100%;\" controls=\"controls\"><source type=\"audio\/mpeg\" src=\"https:\/\/www.radiopiu.net\/wordpress\/wp-content\/uploads\/2021\/11\/giuliano-vantaggi-2-novembre.mp3?_=6\" \/><a href=\"https:\/\/www.radiopiu.net\/wordpress\/wp-content\/uploads\/2021\/11\/giuliano-vantaggi-2-novembre.mp3\">https:\/\/www.radiopiu.net\/wordpress\/wp-content\/uploads\/2021\/11\/giuliano-vantaggi-2-novembre.mp3<\/a><\/audio>\n<p>&nbsp;<\/p>\n<p>&nbsp;<\/p>\n<hr \/>\n<p>&nbsp;<\/p>\n<p>&nbsp;<\/p>\n<p>&nbsp;<\/p>\n<div>\n<div class=\"b654a4as d2edcug0\">\n<div class=\"rq0escxv hkbzh7o3 jwdofwj8 n8tt0mok r8blr3vg hyh9befq\">\n<p><a class=\"dt-pswp-item\" href=\"https:\/\/www.radiopiu.net\/wordpress\/wp-content\/uploads\/2020\/10\/pp.jpg\" data-dt-img-description=\"\" data-large_image_width=\"640\" data-large_image_height=\"640\"><img loading=\"lazy\" decoding=\"async\" class=\"wp-image-163678 alignleft\" src=\"https:\/\/www.radiopiu.net\/wordpress\/wp-content\/uploads\/2020\/10\/pp-300x300.jpg\" alt=\"\" width=\"106\" height=\"106\" srcset=\"https:\/\/www.radiopiu.net\/wordpress\/wp-content\/uploads\/2020\/10\/pp-300x300.jpg 300w, https:\/\/www.radiopiu.net\/wordpress\/wp-content\/uploads\/2020\/10\/pp-150x150.jpg 150w, https:\/\/www.radiopiu.net\/wordpress\/wp-content\/uploads\/2020\/10\/pp-125x125.jpg 125w, https:\/\/www.radiopiu.net\/wordpress\/wp-content\/uploads\/2020\/10\/pp-200x200.jpg 200w, https:\/\/www.radiopiu.net\/wordpress\/wp-content\/uploads\/2020\/10\/pp-80x80.jpg 80w, https:\/\/www.radiopiu.net\/wordpress\/wp-content\/uploads\/2020\/10\/pp-480x480.jpg 480w, https:\/\/www.radiopiu.net\/wordpress\/wp-content\/uploads\/2020\/10\/pp.jpg 640w\" sizes=\"auto, (max-width: 106px) 100vw, 106px\" \/><\/a><\/p>\n<\/div>\n<\/div>\n<\/div>\n<div>\n<div class=\"page-title-head hgroup\">\n<div class=\"page-title-head hgroup\">\n<div class=\"b654a4as d2edcug0\">\n<div class=\"j83agx80 btwxx1t3 lhclo0ds hop8lmos nkwizq5d scwd0bx6 roh60bw9\">\n<div class=\"rq0escxv hkbzh7o3 jwdofwj8 n8tt0mok r8blr3vg hyh9befq\">\n<div class=\"do00u71z l9j0dhe7 k4urcfbm\">\n<h2><span style=\"color: #000080;\">DON CESARE, IL PENSIERO DEL GIORNO. ALLA RADIO ALLE 7 DEL MATTINO E ALLE 19.30 DELLA SERA.\u00a0\u00a0<\/span><\/h2>\n<p>&nbsp;<\/p>\n<p>&nbsp;<\/p>\n<audio class=\"wp-audio-shortcode\" id=\"audio-240420-7\" preload=\"none\" style=\"width: 100%;\" controls=\"controls\"><source type=\"audio\/mpeg\" src=\"https:\/\/www.radiopiu.net\/wordpress\/wp-content\/uploads\/2021\/11\/cesare-1.mp3?_=7\" \/><a href=\"https:\/\/www.radiopiu.net\/wordpress\/wp-content\/uploads\/2021\/11\/cesare-1.mp3\">https:\/\/www.radiopiu.net\/wordpress\/wp-content\/uploads\/2021\/11\/cesare-1.mp3<\/a><\/audio>\n<\/div>\n<\/div>\n<\/div>\n<\/div>\n<\/div>\n<\/div>\n<\/div>\n<hr \/>\n<p>&nbsp;<\/p>\n<blockquote>\n<h3>IN VIVO VERSO, SETTIMA STAGIONE CON BRUNELLA MORO, DAL LUNEDI AL VENERDI ALLE 7.10, 10.10 E 18.50<\/h3>\n<\/blockquote>\n<p><strong>AUDIO<\/strong><\/p>\n<audio class=\"wp-audio-shortcode\" id=\"audio-240420-8\" preload=\"none\" style=\"width: 100%;\" controls=\"controls\"><source type=\"audio\/mpeg\" src=\"https:\/\/www.radiopiu.net\/wordpress\/wp-content\/uploads\/2021\/10\/02-ALESSANDRA-SERVI_DIPENDE-DALLE-MARGHERITE.mp3?_=8\" \/><a href=\"https:\/\/www.radiopiu.net\/wordpress\/wp-content\/uploads\/2021\/10\/02-ALESSANDRA-SERVI_DIPENDE-DALLE-MARGHERITE.mp3\">https:\/\/www.radiopiu.net\/wordpress\/wp-content\/uploads\/2021\/10\/02-ALESSANDRA-SERVI_DIPENDE-DALLE-MARGHERITE.mp3<\/a><\/audio>\n<p>&nbsp;<\/p>\n<p><span style=\"font-family: Verdana, sans-serif;\"><span style=\"font-size: large;\"><a href=\"https:\/\/www.radiopiu.net\/wordpress\/dipende-dalle-margherite-di-alessandra-servi\/2-alessandra-servi-foto-2\/\" rel=\"attachment wp-att-240470\"><img loading=\"lazy\" decoding=\"async\" class=\" wp-image-240470 alignleft\" src=\"https:\/\/www.radiopiu.net\/wordpress\/wp-content\/uploads\/2021\/11\/2-ALESSANDRA-SERVI-FOTO-300x300.jpg\" alt=\"\" width=\"192\" height=\"192\" srcset=\"https:\/\/www.radiopiu.net\/wordpress\/wp-content\/uploads\/2021\/11\/2-ALESSANDRA-SERVI-FOTO-300x300.jpg 300w, https:\/\/www.radiopiu.net\/wordpress\/wp-content\/uploads\/2021\/11\/2-ALESSANDRA-SERVI-FOTO-150x150.jpg 150w, https:\/\/www.radiopiu.net\/wordpress\/wp-content\/uploads\/2021\/11\/2-ALESSANDRA-SERVI-FOTO-768x768.jpg 768w, https:\/\/www.radiopiu.net\/wordpress\/wp-content\/uploads\/2021\/11\/2-ALESSANDRA-SERVI-FOTO.jpg 960w\" sizes=\"auto, (max-width: 192px) 100vw, 192px\" \/><\/a>Alessandra Servi <\/span><\/span><\/p>\n<p><span style=\"font-family: Verdana, sans-serif;\"><span style=\"font-size: large;\">DIPENDE DALLE MARGHERITE<\/span><\/span><\/p>\n<p><span style=\"font-family: Verdana, sans-serif;\"><span style=\"font-size: large;\">E&#8217; il mio ordine<\/span><\/span><\/p>\n<p><span style=\"font-family: Verdana, sans-serif;\"><span style=\"font-size: large;\">a sublimare o scatenare<\/span><\/span><\/p>\n<p><span style=\"font-family: Verdana, sans-serif;\"><span style=\"font-size: large;\">l&#8217;ossessione,<\/span><\/span><\/p>\n<p><span style=\"font-family: Verdana, sans-serif;\"><span style=\"font-size: large;\">dipende dalle margherite,<\/span><\/span><\/p>\n<p><span style=\"font-family: Verdana, sans-serif;\"><span style=\"font-size: large;\">dalla tua presenza,<\/span><\/span><\/p>\n<p><span style=\"font-family: Verdana, sans-serif;\"><span style=\"font-size: large;\">dal mio silenzio.<\/span><\/span><\/p>\n<p>&nbsp;<\/p>\n<p>&nbsp;<\/p>\n<p><strong>LA RACCOLTA COMPLETA\u00a0 \u00a0<\/strong><\/p>\n<blockquote class=\"wp-embedded-content\" data-secret=\"MVwuAnNTzv\"><p><a href=\"https:\/\/www.radiopiu.net\/wordpress\/in-vivo-verso\/\">In Vivo Verso<\/a><\/p><\/blockquote>\n<p><iframe loading=\"lazy\" class=\"wp-embedded-content\" sandbox=\"allow-scripts\" security=\"restricted\" style=\"position: absolute; clip: rect(1px, 1px, 1px, 1px);\" title=\"&#8220;In Vivo Verso&#8221; &#8212; Radio Pi\u00f9\" src=\"https:\/\/www.radiopiu.net\/wordpress\/in-vivo-verso\/embed\/#?secret=MVwuAnNTzv\" data-secret=\"MVwuAnNTzv\" width=\"600\" height=\"338\" frameborder=\"0\" marginwidth=\"0\" marginheight=\"0\" scrolling=\"no\"><\/iframe><\/p>\n<p>&nbsp;<\/p>\n<p>&nbsp;<\/p>\n<p>&nbsp;<\/p>\n<div class=\"ecm0bbzt e5nlhep0 a8c37x1j\">\n<div class=\"kvgmc6g5 cxmmr5t8 oygrvhab hcukyx3x c1et5uql\">\n<div class=\"gmail-kvgmc6g5 gmail-cxmmr5t8 gmail-oygrvhab gmail-hcukyx3x gmail-c1et5uql gmail-ii04i59q\">\n<div class=\"page-title-head hgroup\">\n<div class=\"page-title-head hgroup\">\n<div class=\"b654a4as d2edcug0\">\n<div class=\"j83agx80 btwxx1t3 lhclo0ds hop8lmos nkwizq5d scwd0bx6 roh60bw9\">\n<div class=\"rq0escxv hkbzh7o3 jwdofwj8 n8tt0mok r8blr3vg hyh9befq\">\n<div class=\"do00u71z l9j0dhe7 k4urcfbm\">\n<hr \/>\n<p>&nbsp;<\/p>\n<h2><span style=\"color: #ff6600;\"><a href=\"https:\/\/www.radiopiu.net\/wordpress\/la-rassegna-stampa-da-lamico-del-popolo-26-dicembre-2020\/luisa-manfroi-2\/\" rel=\"attachment wp-att-181500\"><img loading=\"lazy\" decoding=\"async\" class=\"wp-image-181500 alignleft\" src=\"https:\/\/www.radiopiu.net\/wordpress\/wp-content\/uploads\/2020\/12\/LUISA-MANFROI-300x300.jpg\" alt=\"\" width=\"125\" height=\"125\" srcset=\"https:\/\/www.radiopiu.net\/wordpress\/wp-content\/uploads\/2020\/12\/LUISA-MANFROI-300x300.jpg 300w, https:\/\/www.radiopiu.net\/wordpress\/wp-content\/uploads\/2020\/12\/LUISA-MANFROI-150x150.jpg 150w, https:\/\/www.radiopiu.net\/wordpress\/wp-content\/uploads\/2020\/12\/LUISA-MANFROI-768x770.jpg 768w, https:\/\/www.radiopiu.net\/wordpress\/wp-content\/uploads\/2020\/12\/LUISA-MANFROI.jpg 958w\" sizes=\"auto, (max-width: 125px) 100vw, 125px\" \/><\/a>CONNESSI di Luisa Manfroi\u00a0<\/span><\/h2>\n<p><strong>LA TERZA PUNTATA\u00a0<\/strong><\/p>\n<audio class=\"wp-audio-shortcode\" id=\"audio-240420-9\" preload=\"none\" style=\"width: 100%;\" controls=\"controls\"><source type=\"audio\/mpeg\" src=\"https:\/\/www.radiopiu.net\/wordpress\/wp-content\/uploads\/2021\/10\/SEMPRE-CONNESSI-TERZA-PUNTATA.mp3?_=9\" \/><a href=\"https:\/\/www.radiopiu.net\/wordpress\/wp-content\/uploads\/2021\/10\/SEMPRE-CONNESSI-TERZA-PUNTATA.mp3\">https:\/\/www.radiopiu.net\/wordpress\/wp-content\/uploads\/2021\/10\/SEMPRE-CONNESSI-TERZA-PUNTATA.mp3<\/a><\/audio>\n<p>&nbsp;<\/p>\n<blockquote class=\"wp-embedded-content\" data-secret=\"Ndyd30aub5\"><p><a href=\"https:\/\/www.radiopiu.net\/wordpress\/connessi-2\/\">Connessi<\/a><\/p><\/blockquote>\n<p><iframe loading=\"lazy\" class=\"wp-embedded-content\" sandbox=\"allow-scripts\" security=\"restricted\" style=\"position: absolute; clip: rect(1px, 1px, 1px, 1px);\" title=\"&#8220;Connessi&#8221; &#8212; Radio Pi\u00f9\" src=\"https:\/\/www.radiopiu.net\/wordpress\/connessi-2\/embed\/#?secret=Ndyd30aub5\" data-secret=\"Ndyd30aub5\" width=\"600\" height=\"338\" frameborder=\"0\" marginwidth=\"0\" marginheight=\"0\" scrolling=\"no\"><\/iframe><\/p>\n<p>&nbsp;<\/p>\n<p>&nbsp;<\/p>\n<p>&nbsp;<\/p>\n<hr \/>\n<p>&nbsp;<\/p>\n<p><span style=\"color: #0000ff;\">MUSICA PIU&#8217;<\/span><\/p>\n<p>&nbsp;<\/p>\n<div class=\"mkdf-post-text\">\n<div class=\"mkdf-post-text-inner\">\n<div class=\"mkdf-post-text-main\">\n<div class=\"mkdf-post-text\">\n<div class=\"mkdf-post-text-inner\">\n<div class=\"mkdf-post-text-main\">\n<div class=\"mkdf-post-text\">\n<div class=\"mkdf-post-text-inner\">\n<div class=\"mkdf-post-text-main\">\n<div class=\"page-title-head hgroup\">\n<div class=\"page-title-head hgroup\">\n<div class=\"mkdf-post-text\">\n<div class=\"mkdf-post-text-inner\">\n<div class=\"mkdf-post-text-main\">\n<div class=\"mkdf-post-text\">\n<div class=\"mkdf-post-text-inner\">\n<div class=\"mkdf-post-text-main\">\n<div class=\"page-title-head hgroup\">\n<div class=\"page-title-head hgroup\">\n<div class=\"page-title-head hgroup\">\n<div class=\"page-title-head hgroup\">\n<div class=\"b654a4as d2edcug0\">\n<div class=\"page-title-head hgroup\">\n<div class=\"page-title-head hgroup\">\n<div class=\"page-title-head hgroup\">\n<div class=\"page-title-head hgroup\">\n<div class=\"b654a4as d2edcug0\">\n<div class=\"page-title-head hgroup\">\n<div class=\"page-title-head hgroup\">\n<div class=\"page-title-head hgroup\">\n<div class=\"page-title-head hgroup\">\n<div class=\"b654a4as d2edcug0\">\n<div>\n<div>\n<div class=\"mkdf-post-text\">\n<div class=\"mkdf-post-text-inner\">\n<div class=\"mkdf-post-text-main\">\n<div class=\"mkdf-post-text\">\n<div class=\"mkdf-post-text-inner\">\n<div class=\"mkdf-post-text-main\">\n<div class=\"mkdf-post-text\">\n<div class=\"mkdf-post-text-inner\">\n<div class=\"mkdf-post-text-main\">\n<div class=\"page-title-head hgroup\">\n<div class=\"page-title-head hgroup\">\n<div class=\"mkdf-post-text\">\n<div class=\"mkdf-post-text-inner\">\n<div class=\"mkdf-post-text-main\">\n<div class=\"mkdf-post-text\">\n<div class=\"mkdf-post-text-inner\">\n<div class=\"mkdf-post-text-main\">\n<div class=\"page-title-head hgroup\">\n<div class=\"page-title-head hgroup\">\n<div class=\"page-title-head hgroup\">\n<div class=\"page-title-head hgroup\">\n<div class=\"b654a4as d2edcug0\">\n<div class=\"page-title-head hgroup\">\n<div class=\"page-title-head hgroup\">\n<div class=\"page-title-head hgroup\">\n<div class=\"page-title-head hgroup\">\n<div class=\"b654a4as d2edcug0\">\n<div class=\"page-title-head hgroup\">\n<div class=\"page-title-head hgroup\">\n<div class=\"page-title-head hgroup\">\n<div class=\"page-title-head hgroup\">\n<div class=\"b654a4as d2edcug0\">\n<div><a href=\"https:\/\/www.radiopiu.net\/wordpress\/giornale-radiopiu-20-settembre-2021-direttore-mirko-mezzacasa\/pp-79\/\" rel=\"attachment wp-att-232921\"><img loading=\"lazy\" decoding=\"async\" class=\"wp-image-232921 alignleft\" src=\"https:\/\/www.radiopiu.net\/wordpress\/wp-content\/uploads\/2021\/09\/pp-1-300x300.jpg\" alt=\"\" width=\"135\" height=\"135\" srcset=\"https:\/\/www.radiopiu.net\/wordpress\/wp-content\/uploads\/2021\/09\/pp-1-300x300.jpg 300w, https:\/\/www.radiopiu.net\/wordpress\/wp-content\/uploads\/2021\/09\/pp-1-150x150.jpg 150w, https:\/\/www.radiopiu.net\/wordpress\/wp-content\/uploads\/2021\/09\/pp-1.jpg 640w\" sizes=\"auto, (max-width: 135px) 100vw, 135px\" \/><\/a><\/div>\n<div><\/div>\n<div><\/div>\n<div>\n<p><strong>MUSICA ALLA RADIO, IL PROGRAMMA DI LORIS SCUSSEL &#8220;COLLAGE OPERAZIONE NOSTALGIA&#8221; DAL LUNEDI AL VENERDI ALLE 16.00\u00a0 E ALLE 23\u00a0<\/strong><\/p>\n<\/div>\n<p>&nbsp;<\/p>\n<p>&nbsp;<\/p>\n<p><strong>LA PUNTATA DI IERI, n. 467\u00a0<\/strong><\/p>\n<audio class=\"wp-audio-shortcode\" id=\"audio-240420-10\" preload=\"none\" style=\"width: 100%;\" controls=\"controls\"><source type=\"audio\/mpeg\" src=\"https:\/\/www.radiopiu.net\/wordpress\/wp-content\/uploads\/2021\/10\/Collage-467.mp3?_=10\" \/><a href=\"https:\/\/www.radiopiu.net\/wordpress\/wp-content\/uploads\/2021\/10\/Collage-467.mp3\">https:\/\/www.radiopiu.net\/wordpress\/wp-content\/uploads\/2021\/10\/Collage-467.mp3<\/a><\/audio>\n<p>&nbsp;<\/p>\n<p>&nbsp;<\/p>\n<\/div>\n<\/div>\n<\/div>\n<\/div>\n<\/div>\n<\/div>\n<\/div>\n<\/div>\n<\/div>\n<\/div>\n<\/div>\n<\/div>\n<\/div>\n<\/div>\n<\/div>\n<\/div>\n<\/div>\n<\/div>\n<\/div>\n<\/div>\n<\/div>\n<\/div>\n<\/div>\n<\/div>\n<\/div>\n<\/div>\n<\/div>\n<\/div>\n<\/div>\n<\/div>\n<\/div>\n<\/div>\n<\/div>\n<\/div>\n<\/div>\n<\/div>\n<\/div>\n<\/div>\n<\/div>\n<\/div>\n<\/div>\n<\/div>\n<\/div>\n<\/div>\n<\/div>\n<\/div>\n<\/div>\n<\/div>\n<\/div>\n<\/div>\n<\/div>\n<\/div>\n<\/div>\n<\/div>\n<\/div>\n<\/div>\n<\/div>\n<\/div>\n<\/div>\n<\/div>\n<\/div>\n<\/div>\n<\/div>\n<\/div>\n<\/div>\n<\/div>\n<blockquote class=\"wp-embedded-content\" data-secret=\"CmIhavk2Mu\"><p><a href=\"https:\/\/www.radiopiu.net\/wordpress\/freemix-la-liberta-musicale-mixata-da-dj-athos-e-raccontata-da-dj-jack\/\">FREEMIX, LA LIBERTA&#8217; MUSICALE MIXATA DA DJ ATHOS E RACCONTATA DA DJ JACK<\/a><\/p><\/blockquote>\n<p><iframe loading=\"lazy\" class=\"wp-embedded-content\" sandbox=\"allow-scripts\" security=\"restricted\" style=\"position: absolute; clip: rect(1px, 1px, 1px, 1px);\" title=\"&#8220;FREEMIX, LA LIBERTA&#8217; MUSICALE MIXATA DA DJ ATHOS E RACCONTATA DA DJ JACK&#8221; &#8212; Radio Pi\u00f9\" src=\"https:\/\/www.radiopiu.net\/wordpress\/freemix-la-liberta-musicale-mixata-da-dj-athos-e-raccontata-da-dj-jack\/embed\/#?secret=CmIhavk2Mu\" data-secret=\"CmIhavk2Mu\" width=\"600\" height=\"338\" frameborder=\"0\" marginwidth=\"0\" marginheight=\"0\" scrolling=\"no\"><\/iframe><\/p>\n<p>&nbsp;<\/p>\n<p>&nbsp;<\/p>\n<blockquote class=\"wp-embedded-content\" data-secret=\"q1cfulHN7M\"><p><a href=\"https:\/\/www.radiopiu.net\/wordpress\/da-ieri-alla-radio-in-palinsesto-loris-e-maurizio-con-la-grande-musica\/\">IL BLUES ALLA RADIO &#8230; COME NON L&#8217;AVETE MAI SENTITO PRIMA<\/a><\/p><\/blockquote>\n<p><iframe loading=\"lazy\" class=\"wp-embedded-content\" sandbox=\"allow-scripts\" security=\"restricted\" style=\"position: absolute; clip: rect(1px, 1px, 1px, 1px);\" title=\"&#8220;IL BLUES ALLA RADIO &#8230; COME NON L&#8217;AVETE MAI SENTITO PRIMA&#8221; &#8212; Radio Pi\u00f9\" src=\"https:\/\/www.radiopiu.net\/wordpress\/da-ieri-alla-radio-in-palinsesto-loris-e-maurizio-con-la-grande-musica\/embed\/#?secret=q1cfulHN7M\" data-secret=\"q1cfulHN7M\" width=\"600\" height=\"338\" frameborder=\"0\" marginwidth=\"0\" marginheight=\"0\" scrolling=\"no\"><\/iframe><\/p>\n<p>&nbsp;<\/p>\n<p>&nbsp;<\/p>\n<p>&nbsp;<\/p>\n<p>&nbsp;<\/p>\n<hr \/>\n<p>&nbsp;<\/p>\n<blockquote>\n<h3><span style=\"color: #0000ff;\">INFORMAZIONE il canale su TELEGRAM informazione di prima mano e in tempo reale. iscriviti ed aiutaci a farlo conoscere\u00a0\u00a0<\/span><\/h3>\n<\/blockquote>\n<div>\n<div class=\"page-title-head hgroup\">\n<div class=\"page-title-head hgroup\">\n<div class=\"page-title-head hgroup\">\n<div class=\"page-title-head hgroup\">\n<div class=\"b654a4as d2edcug0\">\n<div class=\"page-title-head hgroup\">\n<div class=\"page-title-head hgroup\">\n<div class=\"page-title-head hgroup\">\n<div class=\"page-title-head hgroup\">\n<div class=\"b654a4as d2edcug0\">\n<div class=\"page-title-head hgroup\">\n<div class=\"page-title-head hgroup\">\n<div class=\"page-title-head hgroup\">\n<div class=\"page-title-head hgroup\">\n<div class=\"page-title-head hgroup\">\n<div>\n<div>\n<div>\n<div>\n<div>\n<div class=\"page-title-head hgroup\">\n<div class=\"page-title-head hgroup\">\n<div class=\"page-title-head hgroup\">\n<div class=\"page-title-head hgroup\">\n<div class=\"b654a4as d2edcug0\">\n<div class=\"page-title-head hgroup\">\n<div class=\"page-title-head hgroup\">\n<div class=\"page-title-head hgroup\">\n<div class=\"page-title-head hgroup\">\n<div class=\"b654a4as d2edcug0\">\n<div>\n<p>&nbsp;<\/p>\n<\/div>\n<div>\n<div class=\"page-title-head hgroup\">\n<div class=\"page-title-head hgroup\">\n<div class=\"page-title-head hgroup\">\n<div class=\"page-title-head hgroup\">\n<div class=\"page-title-head hgroup\">\n<div class=\"b654a4as d2edcug0\">\n<div>\n<hr \/>\n<\/div>\n<\/div>\n<div>\n<div>\n<div>\n<div>\n<p>&nbsp;<\/p>\n<\/div>\n<div>\n<div>\n<div>\n<p>&nbsp;<\/p>\n<\/div>\n<div>\n<div>\n<p><strong>DUE MINUTI UN LIBRO, TUTTI I GIORNI ALLA RADIO ALLE 9.40 E ALLE 17.50<\/strong><\/p>\n<div>\n<div>\n<p><strong>LA RACCOLTA COMPLETA\u00a0\u00a0<\/strong><\/p>\n<\/div>\n<div>\n<blockquote class=\"wp-embedded-content\" data-secret=\"7JGpA6JW3U\"><p><a href=\"https:\/\/www.radiopiu.net\/wordpress\/due-minuti-un-libro\/\">Due minuti un libro<\/a><\/p><\/blockquote>\n<p><iframe loading=\"lazy\" class=\"wp-embedded-content\" sandbox=\"allow-scripts\" security=\"restricted\" style=\"position: absolute; clip: rect(1px, 1px, 1px, 1px);\" title=\"&#8220;Due minuti un libro&#8221; &#8212; Radio Pi\u00f9\" src=\"https:\/\/www.radiopiu.net\/wordpress\/due-minuti-un-libro\/embed\/#?secret=7JGpA6JW3U\" data-secret=\"7JGpA6JW3U\" width=\"600\" height=\"338\" frameborder=\"0\" marginwidth=\"0\" marginheight=\"0\" scrolling=\"no\"><\/iframe><\/p>\n<p>&nbsp;<\/p>\n<\/div>\n<\/div>\n<\/div>\n<div class=\"mkdf-post-text\">\n<div class=\"mkdf-post-text-inner\">\n<div class=\"mkdf-post-text-main\">\n<div class=\"mkdf-post-text\">\n<div class=\"mkdf-post-text-inner\">\n<div class=\"mkdf-post-text-main\">\n<div class=\"mkdf-post-text\">\n<div class=\"mkdf-post-text-inner\">\n<div class=\"mkdf-post-text-main\">\n<div class=\"page-title-head hgroup\">\n<div class=\"page-title-head hgroup\">\n<div class=\"mkdf-post-text\">\n<div class=\"mkdf-post-text-inner\">\n<div class=\"mkdf-post-text-main\">\n<div class=\"mkdf-post-text\">\n<div class=\"mkdf-post-text-inner\">\n<div class=\"mkdf-post-text-main\">\n<div class=\"page-title-head hgroup\">\n<div class=\"page-title-head hgroup\">\n<div class=\"page-title-head hgroup\">\n<div class=\"page-title-head hgroup\">\n<div class=\"b654a4as d2edcug0\">\n<div class=\"page-title-head hgroup\">\n<div class=\"page-title-head hgroup\">\n<div class=\"page-title-head hgroup\">\n<div class=\"page-title-head hgroup\">\n<div class=\"b654a4as d2edcug0\">\n<div class=\"page-title-head hgroup\">\n<div class=\"page-title-head hgroup\">\n<div class=\"page-title-head hgroup\">\n<div class=\"page-title-head hgroup\">\n<div class=\"b654a4as d2edcug0\">\n<div>\n<p>&nbsp;<\/p>\n<p>&nbsp;<\/p>\n<\/div>\n<div>\n<hr \/>\n<p>&nbsp;<\/p>\n<\/div>\n<div>\n<h2><span style=\"color: #808000;\">L&#8217;ALMANACCO LADINO\u00a0\u00a0<\/span><\/h2>\n<p><strong>LA RACCOLTA<\/strong><\/p>\n<blockquote class=\"wp-embedded-content\" data-secret=\"BhtxcPGsdh\"><p><a href=\"https:\/\/www.radiopiu.net\/wordpress\/almanacco-ladino\/\">Almanacco Ladino<\/a><\/p><\/blockquote>\n<p><iframe loading=\"lazy\" class=\"wp-embedded-content\" sandbox=\"allow-scripts\" security=\"restricted\" style=\"position: absolute; clip: rect(1px, 1px, 1px, 1px);\" title=\"&#8220;Almanacco Ladino&#8221; &#8212; Radio Pi\u00f9\" src=\"https:\/\/www.radiopiu.net\/wordpress\/almanacco-ladino\/embed\/#?secret=BhtxcPGsdh\" data-secret=\"BhtxcPGsdh\" width=\"600\" height=\"338\" frameborder=\"0\" marginwidth=\"0\" marginheight=\"0\" scrolling=\"no\"><\/iframe><\/p>\n<hr \/>\n<p>&nbsp;<\/p>\n<h2><span style=\"color: #800080;\">LA RASSEGNA STAMPA DA L&#8217;AMICO DEL POPOLO<\/span><\/h2>\n<blockquote class=\"wp-embedded-content\" data-secret=\"KcqcHK8xdy\"><p><a href=\"https:\/\/www.radiopiu.net\/wordpress\/rassegna-stampa-di-gianni-santomaso\/\">Rassegna stampa da l&#8217;amico del popolo &#8211; di Gianni Santomaso<\/a><\/p><\/blockquote>\n<p><iframe loading=\"lazy\" class=\"wp-embedded-content\" sandbox=\"allow-scripts\" security=\"restricted\" style=\"position: absolute; clip: rect(1px, 1px, 1px, 1px);\" title=\"&#8220;Rassegna stampa da l&#8217;amico del popolo &#8211; di Gianni Santomaso&#8221; &#8212; Radio Pi\u00f9\" src=\"https:\/\/www.radiopiu.net\/wordpress\/rassegna-stampa-di-gianni-santomaso\/embed\/#?secret=KcqcHK8xdy\" data-secret=\"KcqcHK8xdy\" width=\"600\" height=\"338\" frameborder=\"0\" marginwidth=\"0\" marginheight=\"0\" scrolling=\"no\"><\/iframe><\/p>\n<p>&nbsp;<\/p>\n<p>&nbsp;<\/p>\n<p>&nbsp;<\/p>\n<div class=\"ecm0bbzt e5nlhep0 a8c37x1j\">\n<div class=\"kvgmc6g5 cxmmr5t8 oygrvhab hcukyx3x c1et5uql\">\n<div class=\"gmail-kvgmc6g5 gmail-cxmmr5t8 gmail-oygrvhab gmail-hcukyx3x gmail-c1et5uql gmail-ii04i59q\">\n<div>\n<div class=\"page-title-head hgroup\">\n<div class=\"page-title-head hgroup\">\n<div class=\"b654a4as d2edcug0\">\n<div class=\"j83agx80 btwxx1t3 lhclo0ds hop8lmos nkwizq5d scwd0bx6 roh60bw9\">\n<div class=\"rq0escxv hkbzh7o3 jwdofwj8 n8tt0mok r8blr3vg hyh9befq\">\n<div class=\"do00u71z l9j0dhe7 k4urcfbm\">\n<div>\n<div class=\"page-title-head hgroup\">\n<div class=\"page-title-head hgroup\">\n<div class=\"page-title-head hgroup\">\n<div class=\"page-title-head hgroup\">\n<div class=\"b654a4as d2edcug0\">\n<div class=\"page-title-head hgroup\">\n<div class=\"page-title-head hgroup\">\n<div class=\"page-title-head hgroup\">\n<div class=\"page-title-head hgroup\">\n<div class=\"b654a4as d2edcug0\">\n<div class=\"page-title-head hgroup\">\n<div class=\"page-title-head hgroup\">\n<div class=\"page-title-head hgroup\">\n<div class=\"page-title-head hgroup\">\n<div class=\"page-title-head hgroup\">\n<div class=\"mkdf-post-text\">\n<div class=\"mkdf-post-text-inner\">\n<div class=\"mkdf-post-text-main\">\n<div class=\"mkdf-post-text\">\n<div class=\"mkdf-post-text-inner\">\n<div class=\"mkdf-post-text-main\">\n<div class=\"mkdf-post-text\">\n<div class=\"mkdf-post-text-inner\">\n<div class=\"mkdf-post-text-main\">\n<div class=\"page-title-head hgroup\">\n<div class=\"page-title-head hgroup\">\n<div class=\"mkdf-post-text\">\n<div class=\"mkdf-post-text-inner\">\n<div class=\"mkdf-post-text-main\">\n<div class=\"mkdf-post-text\">\n<div class=\"mkdf-post-text-inner\">\n<div class=\"mkdf-post-text-main\">\n<div>\n<div class=\"page-title-head hgroup\">\n<div class=\"page-title-head hgroup\">\n<div>\n<div class=\"page-title-head hgroup\">\n<div class=\"page-title-head hgroup\">\n<div class=\"b654a4as d2edcug0\">\n<div>\n<div class=\"page-title-head hgroup\" style=\"text-align: left;\">\n<div class=\"page-title-head hgroup\">\n<div dir=\"auto\">\n<p><a class=\"dt-pswp-item pspw-wrap-ready\" href=\"https:\/\/i0.wp.com\/www.radiopiu.net\/wordpress\/wp-content\/uploads\/2018\/09\/WhatsApp-Image-2018-09-20-at-16.04.06.jpeg?ssl=1\" data-dt-img-description=\"\" data-large_image_width=\"800\" data-large_image_height=\"100\"><img loading=\"lazy\" decoding=\"async\" class=\"aligncenter wp-image-61378 size-full jetpack-lazy-image jetpack-lazy-image--handled\" src=\"https:\/\/i0.wp.com\/www.radiopiu.net\/wordpress\/wp-content\/uploads\/2018\/09\/WhatsApp-Image-2018-09-20-at-16.04.06.jpeg?resize=800%2C100&amp;ssl=1\" sizes=\"auto, (max-width: 800px) 100vw, 800px\" srcset=\"https:\/\/i0.wp.com\/www.radiopiu.net\/wordpress\/wp-content\/uploads\/2018\/09\/WhatsApp-Image-2018-09-20-at-16.04.06.jpeg?w=800&amp;ssl=1 800w, https:\/\/i0.wp.com\/www.radiopiu.net\/wordpress\/wp-content\/uploads\/2018\/09\/WhatsApp-Image-2018-09-20-at-16.04.06.jpeg?resize=300%2C38&amp;ssl=1 300w, https:\/\/i0.wp.com\/www.radiopiu.net\/wordpress\/wp-content\/uploads\/2018\/09\/WhatsApp-Image-2018-09-20-at-16.04.06.jpeg?resize=768%2C96&amp;ssl=1 768w\" alt=\"\" width=\"800\" height=\"100\" data-lazy-loaded=\"1\" \/><\/a><\/p>\n<\/div>\n<\/div>\n<\/div>\n<\/div>\n<\/div>\n<\/div>\n<\/div>\n<\/div>\n<\/div>\n<\/div>\n<\/div>\n<\/div>\n<\/div>\n<\/div>\n<\/div>\n<\/div>\n<\/div>\n<\/div>\n<\/div>\n<\/div>\n<\/div>\n<\/div>\n<\/div>\n<\/div>\n<\/div>\n<\/div>\n<\/div>\n<\/div>\n<\/div>\n<\/div>\n<\/div>\n<\/div>\n<\/div>\n<\/div>\n<\/div>\n<\/div>\n<\/div>\n<\/div>\n<\/div>\n<\/div>\n<\/div>\n<\/div>\n<\/div>\n<\/div>\n<p>&nbsp;<\/p>\n<\/div>\n<\/div>\n<\/div>\n<\/div>\n<\/div>\n<\/div>\n<\/div>\n<\/div>\n<\/div>\n<\/div>\n<p>&nbsp;<\/p>\n<p><center><b>Mercoledi 3<\/b><\/center><b>Tempo atteso: <\/b>Nuovo graduale peggioramento con cielo coperto e primi fenomeni, gi\u00e0 in mattinata, in successiva estensione a tutta la montagna veneta con fase pi\u00f9 acuta del maltempo nel pomeriggio\/sera. Contesto termico assai fresco con debole escursione termica giornaliera.<br \/>\n<b>Precipitazioni: <\/b>Probabilit\u00e0 medio-alta al mattino (70\/80%) e molto alta al pomeriggio\/sera (100%) per precipitazioni inizialmente deboli e sparse, nevose oltre i 1500-1600 m sulle Dolomiti e 1700-1900 m sulle Prealpi; nel pomeriggio-sera precipitazioni diffuse, moderate o a tratti forti, anche a carattere di rovescio specie sulle Prealpi, con graduale rialzo del limite neve fino a 1800-2000 m sulle Dolomiti e 2000-2200 m sulle Prealpi in serata. A fine evento attese cumulate intorno ai 30-50 mm, localmente fino a 80 mm su Prealpi.<br \/>\n<b>Temperature: <\/b>In quota minime al mattino stazionarie o in lieve diminuzione, nelle valli probabile rialzo per assenza d&#8217;irraggiamento notturno. Massime in lieve rialzo in quota e in diminuzione nelle valli. Su Prealpi a 1500 m min 1\u00b0C max 4\u00b0C, a 2000 m min -2\u00b0C max 2\u00b0C. Su Dolomiti a 2000 m min -3\u00b0C max 1\u00b0C, a 3000 m min -8\u00b0C max -5\u00b0C.<br \/>\n<b>Venti: <\/b>Nelle valli prevalentemente deboli di direzione variabile, in quota moderati\/tesi da sud-ovest, a tratti tesi\/forti da sud nel pomeriggio\/sera; a 15-35 km\/h a 2000 m e 30-65 km\/h a 3000 m.<\/p>\n<hr \/>\n<p><center><b>Giovedi 4<\/b><\/center><b>Tempo atteso: <\/b>Al mattino tempo ancora perturbato con cielo coperto e precipitazioni diffuse con limite neve in abbassamento; al pomeriggio attenuazione della nuvolosit\u00e0 ed esaurimento dei fenomeni.<br \/>\n<b>Precipitazioni: <\/b>Nella notte e fino a parte della mattinata, diffuse con limite delle nevicate in abbassamento fino a 1600-1800 verso fine episodio.<br \/>\n<b>Temperature: <\/b>Minime in rialzo e massime in leggera flessione. Su Prealpi a 1500 m min 1\u00b0C max 5\u00b0C, a 2000 m min -1\u00b0C max 2\u00b0C. Su Dolomiti a 2000 m min -1\u00b0C max 2\u00b0C, a 3000 m min -9\u00b0C max -5\u00b0C.<br \/>\n<b>Venti: <\/b>Al mattino venti ancora tesi\/forti da sud\/sud-ovest in quota in successiva attenuazione; deboli di direzione variabile nelle valli.<\/p>\n<hr \/>\n<p><center><b>Venerdi 5<\/b><\/center>Nuvolosit\u00e0 in diminuzione fino a cielo generalmente poco nuvoloso. Temperature in diminuzione, eccetto lieve ripresa delle massime nei fondovalle. Venti moderati da sud-est in quota, deboli di direzione variabile nelle valli.<\/p>\n<hr \/>\n<p><center><b>Sabato 6<\/b><\/center>Pressione in ulteriore aumento con tempo stabile e soleggiato, cielo terso e sgombro da nubi. Temperature in aumento in quota, minime in calo e massime in aumento nelle valli. Previsore: AdB<\/p>\n<p>&nbsp;<\/p>\n<p>&nbsp;<\/p>\n<hr \/>\n<p>&nbsp;<\/p>\n<div class=\"mkdf-post-text\">\n<div class=\"mkdf-post-text-inner\">\n<p><a href=\"https:\/\/www.radiopiu.net\/wordpress\/giornale-radiopiu-15-settembre-2018-direttore-mirko-mezzacasa\/sport-7\/\" rel=\"attachment wp-att-60761\"><img loading=\"lazy\" decoding=\"async\" class=\"wp-image-60761 size-full aligncenter\" src=\"https:\/\/www.radiopiu.net\/wordpress\/wp-content\/uploads\/2018\/09\/sport.jpg\" alt=\"\" width=\"800\" height=\"100\" srcset=\"https:\/\/www.radiopiu.net\/wordpress\/wp-content\/uploads\/2018\/09\/sport.jpg 800w, https:\/\/www.radiopiu.net\/wordpress\/wp-content\/uploads\/2018\/09\/sport-300x38.jpg 300w, https:\/\/www.radiopiu.net\/wordpress\/wp-content\/uploads\/2018\/09\/sport-768x96.jpg 768w\" sizes=\"auto, (max-width: 800px) 100vw, 800px\" \/><\/a><\/p>\n<\/div>\n<\/div>\n<p>&nbsp;<\/p>\n<blockquote>\n<h3>IL LE VILLE INCIAMPA CON IL SOVRAMONTE NEL CAMPIONATO CSI OPEN<\/h3>\n<\/blockquote>\n<p><strong><a href=\"https:\/\/www.radiopiu.net\/wordpress\/estratti-i-biglietti-vincenti-della-lotteria-di-san-vincenzo\/us-le-ville\/\" rel=\"attachment wp-att-163077\"><img loading=\"lazy\" decoding=\"async\" class=\" wp-image-163077 alignleft\" src=\"https:\/\/www.radiopiu.net\/wordpress\/wp-content\/uploads\/2020\/09\/US-LE-VILLE-300x295.jpg\" alt=\"\" width=\"236\" height=\"232\" srcset=\"https:\/\/www.radiopiu.net\/wordpress\/wp-content\/uploads\/2020\/09\/US-LE-VILLE-300x295.jpg 300w, https:\/\/www.radiopiu.net\/wordpress\/wp-content\/uploads\/2020\/09\/US-LE-VILLE-80x80.jpg 80w, https:\/\/www.radiopiu.net\/wordpress\/wp-content\/uploads\/2020\/09\/US-LE-VILLE-488x480.jpg 488w, https:\/\/www.radiopiu.net\/wordpress\/wp-content\/uploads\/2020\/09\/US-LE-VILLE.jpg 585w\" sizes=\"auto, (max-width: 236px) 100vw, 236px\" \/><\/a>AGORDO<\/strong> Fine settimana da dimenticare per il Le Ville CSi che all&#8217;Ivano Dorigo di Agordo perde contro il fanalino di coda Sovramonte. Gli ospiti, che erano ultimi in classifica. fanno il colpaccio incamerando la prima vittoria stagionale contro una delle squadre che ad inizio stagione puntava in alto. La formazione allenata da Romano Costantini non riesce a racimolare punti nella sesta giornata del Campionato CSI Open e rimane al quarto posto a quota 7 punti in classifica. Una sconfitta che arriva in un momento sbagliato della stagione visto che i ragazzi agordini riposeranno nel prossimo turno e, vista la classifica corta, potrebbero finire nella parte bassa della graduatoria. Un turno di riposo che per\u00f2 potrebbe fare bene al Le Ville, un fine settimana per rimettere in ordine le idee visti gli alti e bassi di inizio stagione<\/p>\n<p><strong>ANDREA BATTAIN, GIOCATORE DEL LE VILLE<\/strong><\/p>\n<audio class=\"wp-audio-shortcode\" id=\"audio-240420-11\" preload=\"none\" style=\"width: 100%;\" controls=\"controls\"><source type=\"audio\/mpeg\" src=\"https:\/\/www.radiopiu.net\/wordpress\/wp-content\/uploads\/2021\/11\/ANDREA-BATTAIN-LE-VILLE-CSI.mp3?_=11\" \/><a href=\"https:\/\/www.radiopiu.net\/wordpress\/wp-content\/uploads\/2021\/11\/ANDREA-BATTAIN-LE-VILLE-CSI.mp3\">https:\/\/www.radiopiu.net\/wordpress\/wp-content\/uploads\/2021\/11\/ANDREA-BATTAIN-LE-VILLE-CSI.mp3<\/a><\/audio>\n<p>&nbsp;<\/p>\n<hr \/>\n<p>&nbsp;<\/p>\n<blockquote>\n<h3>PALLAVOLO. BELLUNESI PRIMI ASSOLUTI IN A3<\/h3>\n<\/blockquote>\n<blockquote><p><em><a href=\"https:\/\/www.radiopiu.net\/wordpress\/pallavolo-bellunesi-primi-assoluti-in-a3\/muro_drl_belluno_vs_fano\/\" rel=\"attachment wp-att-240466\"><img loading=\"lazy\" decoding=\"async\" class=\"size-medium wp-image-240466 alignleft\" src=\"https:\/\/www.radiopiu.net\/wordpress\/wp-content\/uploads\/2021\/11\/Muro_Drl_Belluno_vs_Fano-300x168.jpg\" alt=\"\" width=\"300\" height=\"168\" srcset=\"https:\/\/www.radiopiu.net\/wordpress\/wp-content\/uploads\/2021\/11\/Muro_Drl_Belluno_vs_Fano-300x168.jpg 300w, https:\/\/www.radiopiu.net\/wordpress\/wp-content\/uploads\/2021\/11\/Muro_Drl_Belluno_vs_Fano-1024x573.jpg 1024w, https:\/\/www.radiopiu.net\/wordpress\/wp-content\/uploads\/2021\/11\/Muro_Drl_Belluno_vs_Fano-768x430.jpg 768w, https:\/\/www.radiopiu.net\/wordpress\/wp-content\/uploads\/2021\/11\/Muro_Drl_Belluno_vs_Fano.jpg 1376w\" sizes=\"auto, (max-width: 300px) 100vw, 300px\" \/><\/a>Il muro di Belluno \u00e8 gi\u00e0 diventato un marchio di fabbrica. <span class=\"gmail-Apple-converted-space\">\u00a0<\/span><\/em><\/p><\/blockquote>\n<p><b>BELLUNO\u00a0 <\/b>C\u2019\u00e8 una speciale classifica della Serie A3 e la squadra del \u00a0Belluno \u00e8 prima assoluta. Non una graduatoria qualsiasi, ma legata a un fondamentale chiave del volley: il muro.<span class=\"gmail-Apple-converted-space\"> \u00a0<\/span>Nessuna squadra &#8211; nei due gironi di A3 &#8211; mura quanto i bellunesi. Dopo i 6 \u201cmonster block\u201d dell\u2019esordio contro l\u2019Abba Pineto e gli 8 della trasferta maceratese con la Med Store Tunit, i rinoceronti hanno alzato sensibilmente il loro rendimento a San Lazzaro di Savena: al cospetto della Geetit Bologna, sono stati 16 i palloni attaccati dagli emiliani e rispediti nell\u2019altra met\u00e0 campo.<span class=\"gmail-Apple-converted-space\"> \u00a0<\/span>Ancor pi\u00f9 clamoroso, poi, l\u2019exploit di sabato scorso nella vittoria contro Fano, quando Filippo Maccabruni e compagni hanno stampato qualcosa come 19 muri. Il totale \u00e8 presto fatto: 49, uno in pi\u00f9 di Grottazzolina (seconda in questa classifica) e tre di Montecchio Maggiore. Guarda caso, proprio il sestetto che i biancobl\u00f9 affronteranno domenica, nel prossimo turno in calendario.<span class=\"gmail-Apple-converted-space\"> \u00a0<\/span>Il riferimento a Maccabruni non \u00e8 casuale, se \u00e8 vero che il regista di Segrate ha fermato 11 attacchi avversari nelle ultime due partite e, nella graduatoria individuale, \u00e8 ottavo assoluto a quota 13: primo, per\u00f2, fra i palleggiatori.<span class=\"gmail-Apple-converted-space\">\u00a0<\/span><\/p>\n<p>&nbsp;<\/p>\n<\/div>\n<\/div>\n<\/div>\n<\/div>\n<\/div>\n<\/div>\n<\/div>\n<\/div>\n<\/div>\n<\/div>\n<\/div>\n<\/div>\n<\/div>\n<\/div>\n<\/div>\n<\/div>\n<\/div>\n<\/div>\n<\/div>\n<\/div>\n<\/div>\n<\/div>\n<\/div>\n<\/div>\n<\/div>\n<\/div>\n<\/div>\n<\/div>\n<\/div>\n<\/div>\n<\/div>\n<\/div>\n<\/div>\n<\/div>\n<\/div>\n<\/div>\n<\/div>\n<\/div>\n<\/div>\n<\/div>\n<\/div>\n<\/div>\n<\/div>\n<\/div>\n<\/div>\n<\/div>\n<\/div>\n<\/div>\n<\/div>\n<\/div>\n<\/div>\n<\/div>\n<\/div>\n<\/div>\n<\/div>\n<\/div>\n<\/div>\n<\/div>\n<\/div>\n<\/div>\n<\/div>\n<\/div>\n<\/div>\n<\/div>\n<\/div>\n<\/div>\n<\/div>\n<\/div>\n<\/div>\n<\/div>\n<\/div>\n<\/div>\n<\/div>\n<\/div>\n<\/div>\n<\/div>\n<\/div>\n<\/div>\n<\/div>\n<\/div>\n<\/div>\n<\/div>\n<\/div>\n<\/div>\n<\/div>\n<\/div>\n","protected":false},"excerpt":{"rendered":"<p>INFORMAZIONE il canale su TELEGRAM informazione di prima mano e in tempo reale. iscriviti ed aiutaci a farlo conoscere\u00a0 \u00a0\u00a0 &nbsp; &nbsp; DA NOACH A RIVAMONTE GRANDINE COME NEVE &nbsp; RIVAMONTE\/LA VALLE Precipitazioni nella conca agordina con grandinate che hanno ricoperto il manto stradale. Le testimonianze arrivano da Rivamonte e La Valle dove si vede&hellip;<\/p>\n","protected":false},"author":4,"featured_media":240655,"comment_status":"closed","ping_status":"open","sticky":false,"template":"","format":"standard","meta":{"_monsterinsights_skip_tracking":false,"_monsterinsights_sitenote_active":false,"_monsterinsights_sitenote_note":"","_monsterinsights_sitenote_category":0,"footnotes":""},"categories":[104,86,49],"tags":[],"class_list":["post-240420","post","type-post","status-publish","format-standard","has-post-thumbnail","hentry","category-evidenza_3","category-gr","category-news-18","category-104","category-86","category-49","description-off"],"img_url":"https:\/\/www.radiopiu.net\/wordpress\/wp-content\/uploads\/2021\/11\/4add7a67-d2e8-4237-b051-dd43d4a5df3f.jpg","_links":{"self":[{"href":"https:\/\/www.radiopiu.net\/wordpress\/wp-json\/wp\/v2\/posts\/240420","targetHints":{"allow":["GET"]}}],"collection":[{"href":"https:\/\/www.radiopiu.net\/wordpress\/wp-json\/wp\/v2\/posts"}],"about":[{"href":"https:\/\/www.radiopiu.net\/wordpress\/wp-json\/wp\/v2\/types\/post"}],"author":[{"embeddable":true,"href":"https:\/\/www.radiopiu.net\/wordpress\/wp-json\/wp\/v2\/users\/4"}],"replies":[{"embeddable":true,"href":"https:\/\/www.radiopiu.net\/wordpress\/wp-json\/wp\/v2\/comments?post=240420"}],"version-history":[{"count":0,"href":"https:\/\/www.radiopiu.net\/wordpress\/wp-json\/wp\/v2\/posts\/240420\/revisions"}],"wp:featuredmedia":[{"embeddable":true,"href":"https:\/\/www.radiopiu.net\/wordpress\/wp-json\/wp\/v2\/media\/240655"}],"wp:attachment":[{"href":"https:\/\/www.radiopiu.net\/wordpress\/wp-json\/wp\/v2\/media?parent=240420"}],"wp:term":[{"taxonomy":"category","embeddable":true,"href":"https:\/\/www.radiopiu.net\/wordpress\/wp-json\/wp\/v2\/categories?post=240420"},{"taxonomy":"post_tag","embeddable":true,"href":"https:\/\/www.radiopiu.net\/wordpress\/wp-json\/wp\/v2\/tags?post=240420"}],"curies":[{"name":"wp","href":"https:\/\/api.w.org\/{rel}","templated":true}]}}