{"id":240484,"date":"2021-11-02T11:39:46","date_gmt":"2021-11-02T10:39:46","guid":{"rendered":"https:\/\/www.radiopiu.net\/wordpress\/?p=240484"},"modified":"2021-11-02T11:41:56","modified_gmt":"2021-11-02T10:41:56","slug":"giornate-vaccinali-antinfluenzali-15-16-17-18-19-novembre","status":"publish","type":"post","link":"https:\/\/www.radiopiu.net\/wordpress\/giornate-vaccinali-antinfluenzali-15-16-17-18-19-novembre\/","title":{"rendered":"GIORNATE VACCINALI ANTINFLUENZALI 15-16-17-18-19 novembre"},"content":{"rendered":"<p>&nbsp;<\/p>\n<p class=\"western\" align=\"justify\"><strong><img loading=\"lazy\" decoding=\"async\" class=\"alignleft\" src=\"https:\/\/www.radiopiu.net\/wordpress\/wp-content\/uploads\/2018\/01\/vaccinoinfluenza.jpg\" width=\"209\" height=\"137\" \/>PONTE NELLE ALPI<\/strong>\u00a0 Le sedute vaccinali sono dedicate esclusivamente agli assistiti dei seguenti medici: De Marchi, De Pasqual, Lorenzato, Mares, Scapol,\u00a0 a Ponte nelle Alpi presso la Casa Rossa in via Roma da luned\u00ec 15 a venerd\u00ec 19 novembre con la seguente organizzazione: Ogni giornata \u00e8 dedicata agli assistiti di un singolo medico: LUNEDI\u2019 15 dr.ssa\u00a0 De Marchi;\u00a0 MARTEDI\u2019 16 dr. De Pasqual; MERCOLEDI\u2019 17 dr.ssa Lorenzato GIOVEDI\u2019 18 dr.ssa Mares VENERDI\u2019 19 dr.ssa Scapol. La mattina dalle 8.30 alle 11.00 \u00e8 dedicata ai soggetti di et\u00e0 pari o superiore ai 75 anni il pomeriggio dalle 16.00 alle 19.00 \u00e8 dedicato ai soggetti di et\u00e0 pari o inferiore ai 74 anni. Mentre i soggetti di et\u00e0 pari o superiore ai 60 anni possono accedere tutti alla vaccinazione antinfluenzale, i soggetti con meno di 60 anni possono accedere solo se appartenenti alle\u00a0 categorie a rischio.<\/p>\n<p class=\"western\"><span style=\"font-family: Arial, serif;\"><span style=\"font-size: xx-small;\">\u00a0<\/span><\/span><\/p>\n","protected":false},"excerpt":{"rendered":"<p>&nbsp; PONTE NELLE ALPI\u00a0 Le sedute vaccinali sono dedicate esclusivamente agli assistiti dei seguenti medici: De Marchi, De Pasqual, Lorenzato, Mares, Scapol,\u00a0 a Ponte nelle Alpi presso la Casa Rossa in via Roma da luned\u00ec 15 a venerd\u00ec 19 novembre con la seguente organizzazione: Ogni giornata \u00e8 dedicata agli assistiti di un singolo medico: LUNEDI\u2019&hellip;<\/p>\n","protected":false},"author":4,"featured_media":42390,"comment_status":"closed","ping_status":"open","sticky":false,"template":"","format":"standard","meta":{"_monsterinsights_skip_tracking":false,"_monsterinsights_sitenote_active":false,"_monsterinsights_sitenote_note":"","_monsterinsights_sitenote_category":0,"footnotes":""},"categories":[49],"tags":[],"class_list":["post-240484","post","type-post","status-publish","format-standard","has-post-thumbnail","hentry","category-news-18","category-49","description-off"],"img_url":"https:\/\/www.radiopiu.net\/wordpress\/wp-content\/uploads\/2018\/01\/vaccinoinfluenza.jpg","_links":{"self":[{"href":"https:\/\/www.radiopiu.net\/wordpress\/wp-json\/wp\/v2\/posts\/240484","targetHints":{"allow":["GET"]}}],"collection":[{"href":"https:\/\/www.radiopiu.net\/wordpress\/wp-json\/wp\/v2\/posts"}],"about":[{"href":"https:\/\/www.radiopiu.net\/wordpress\/wp-json\/wp\/v2\/types\/post"}],"author":[{"embeddable":true,"href":"https:\/\/www.radiopiu.net\/wordpress\/wp-json\/wp\/v2\/users\/4"}],"replies":[{"embeddable":true,"href":"https:\/\/www.radiopiu.net\/wordpress\/wp-json\/wp\/v2\/comments?post=240484"}],"version-history":[{"count":0,"href":"https:\/\/www.radiopiu.net\/wordpress\/wp-json\/wp\/v2\/posts\/240484\/revisions"}],"wp:featuredmedia":[{"embeddable":true,"href":"https:\/\/www.radiopiu.net\/wordpress\/wp-json\/wp\/v2\/media\/42390"}],"wp:attachment":[{"href":"https:\/\/www.radiopiu.net\/wordpress\/wp-json\/wp\/v2\/media?parent=240484"}],"wp:term":[{"taxonomy":"category","embeddable":true,"href":"https:\/\/www.radiopiu.net\/wordpress\/wp-json\/wp\/v2\/categories?post=240484"},{"taxonomy":"post_tag","embeddable":true,"href":"https:\/\/www.radiopiu.net\/wordpress\/wp-json\/wp\/v2\/tags?post=240484"}],"curies":[{"name":"wp","href":"https:\/\/api.w.org\/{rel}","templated":true}]}}