{"id":240763,"date":"2021-11-03T15:38:14","date_gmt":"2021-11-03T14:38:14","guid":{"rendered":"https:\/\/www.radiopiu.net\/wordpress\/?p=240763"},"modified":"2021-11-03T15:38:35","modified_gmt":"2021-11-03T14:38:35","slug":"proposta-di-legge-statale-segretari-comunali-piu-risorse-per-i-comuni-e-possibilita-di-nuove-assunzioni","status":"publish","type":"post","link":"https:\/\/www.radiopiu.net\/wordpress\/proposta-di-legge-statale-segretari-comunali-piu-risorse-per-i-comuni-e-possibilita-di-nuove-assunzioni\/","title":{"rendered":"PROPOSTA DI LEGGE STATALE SEGRETARI COMUNALI: PIU&#8217; RISORSE PER I COMUNI E POSSIBILITA&#8217; DI NUOVE ASSUNZIONI"},"content":{"rendered":"<p><a href=\"https:\/\/www.radiopiu.net\/wordpress\/approvata-la-legge-di-tutela-delle-minoranze-linguistiche\/consiglieri019\/\" rel=\"attachment wp-att-237952\"><img loading=\"lazy\" decoding=\"async\" class=\"wp-image-237952 alignleft\" src=\"https:\/\/www.radiopiu.net\/wordpress\/wp-content\/uploads\/2021\/10\/consiglieri019-205x300.jpg\" alt=\"\" width=\"113\" height=\"165\" srcset=\"https:\/\/www.radiopiu.net\/wordpress\/wp-content\/uploads\/2021\/10\/consiglieri019-205x300.jpg 205w, https:\/\/www.radiopiu.net\/wordpress\/wp-content\/uploads\/2021\/10\/consiglieri019-701x1024.jpg 701w, https:\/\/www.radiopiu.net\/wordpress\/wp-content\/uploads\/2021\/10\/consiglieri019-768x1123.jpg 768w, https:\/\/www.radiopiu.net\/wordpress\/wp-content\/uploads\/2021\/10\/consiglieri019-1051x1536.jpg 1051w, https:\/\/www.radiopiu.net\/wordpress\/wp-content\/uploads\/2021\/10\/consiglieri019-1401x2048.jpg 1401w, https:\/\/www.radiopiu.net\/wordpress\/wp-content\/uploads\/2021\/10\/consiglieri019-scaled.jpg 1752w\" sizes=\"auto, (max-width: 113px) 100vw, 113px\" \/> <\/a><strong>VENEZIA<\/strong> Pi\u00f9 risorse a disposizione del capitolo personale e possibilit\u00e0 di nuove assunzioni. Il nodo \u00e8 la spesa per i segretari comunali. Una Proposta di legge statale che porta la firma della consigliera regionale della Lega Silvia Cestaro potrebbe risolvere la questione e portare una boccata d&#8217;ossigeno nei municipi, da anni alle prese con la spesa crescente del personale e con l&#8217;impossibilit\u00e0, di conseguenza, di avere sufficienti risorse per nuove assunzioni, nonostante l&#8217;organico vada di anno in anno assottigliandosi. La Pdls punta a scorporare i costi del segretario comunale dalla spesa del personale per imputarli in parte corrente.<\/p>\n<p><strong>SILVIA CESTARO, CONSIGLIERE REGIONALE<\/strong><\/p>\n<audio class=\"wp-audio-shortcode\" id=\"audio-240763-1\" preload=\"none\" style=\"width: 100%;\" controls=\"controls\"><source type=\"audio\/mpeg\" src=\"https:\/\/www.radiopiu.net\/wordpress\/wp-content\/uploads\/2021\/11\/Cestaro-su-Pdls-segretario-comunale.mp3?_=1\" \/><a href=\"https:\/\/www.radiopiu.net\/wordpress\/wp-content\/uploads\/2021\/11\/Cestaro-su-Pdls-segretario-comunale.mp3\">https:\/\/www.radiopiu.net\/wordpress\/wp-content\/uploads\/2021\/11\/Cestaro-su-Pdls-segretario-comunale.mp3<\/a><\/audio>\n<p>&nbsp;<\/p>\n<p>&nbsp;<\/p>\n<p>&nbsp;<\/p>\n<p>*****<\/p>\n","protected":false},"excerpt":{"rendered":"<p>VENEZIA Pi\u00f9 risorse a disposizione del capitolo personale e possibilit\u00e0 di nuove assunzioni. Il nodo \u00e8 la spesa per i segretari comunali. Una Proposta di legge statale che porta la firma della consigliera regionale della Lega Silvia Cestaro potrebbe risolvere la questione e portare una boccata d&#8217;ossigeno nei municipi, da anni alle prese con la&hellip;<\/p>\n","protected":false},"author":4,"featured_media":240773,"comment_status":"closed","ping_status":"open","sticky":false,"template":"","format":"standard","meta":{"_monsterinsights_skip_tracking":false,"_monsterinsights_sitenote_active":false,"_monsterinsights_sitenote_note":"","_monsterinsights_sitenote_category":0,"footnotes":""},"categories":[49],"tags":[],"class_list":["post-240763","post","type-post","status-publish","format-standard","has-post-thumbnail","hentry","category-news-18","category-49","description-off"],"img_url":"https:\/\/www.radiopiu.net\/wordpress\/wp-content\/uploads\/2021\/11\/CESTARO-ORIZZONTALE.png","_links":{"self":[{"href":"https:\/\/www.radiopiu.net\/wordpress\/wp-json\/wp\/v2\/posts\/240763","targetHints":{"allow":["GET"]}}],"collection":[{"href":"https:\/\/www.radiopiu.net\/wordpress\/wp-json\/wp\/v2\/posts"}],"about":[{"href":"https:\/\/www.radiopiu.net\/wordpress\/wp-json\/wp\/v2\/types\/post"}],"author":[{"embeddable":true,"href":"https:\/\/www.radiopiu.net\/wordpress\/wp-json\/wp\/v2\/users\/4"}],"replies":[{"embeddable":true,"href":"https:\/\/www.radiopiu.net\/wordpress\/wp-json\/wp\/v2\/comments?post=240763"}],"version-history":[{"count":0,"href":"https:\/\/www.radiopiu.net\/wordpress\/wp-json\/wp\/v2\/posts\/240763\/revisions"}],"wp:featuredmedia":[{"embeddable":true,"href":"https:\/\/www.radiopiu.net\/wordpress\/wp-json\/wp\/v2\/media\/240773"}],"wp:attachment":[{"href":"https:\/\/www.radiopiu.net\/wordpress\/wp-json\/wp\/v2\/media?parent=240763"}],"wp:term":[{"taxonomy":"category","embeddable":true,"href":"https:\/\/www.radiopiu.net\/wordpress\/wp-json\/wp\/v2\/categories?post=240763"},{"taxonomy":"post_tag","embeddable":true,"href":"https:\/\/www.radiopiu.net\/wordpress\/wp-json\/wp\/v2\/tags?post=240763"}],"curies":[{"name":"wp","href":"https:\/\/api.w.org\/{rel}","templated":true}]}}