{"id":240911,"date":"2021-11-04T13:36:18","date_gmt":"2021-11-04T12:36:18","guid":{"rendered":"https:\/\/www.radiopiu.net\/wordpress\/?p=240911"},"modified":"2021-11-04T13:39:13","modified_gmt":"2021-11-04T12:39:13","slug":"sasso-sulla-strada-di-san-lucano-nessun-ferito","status":"publish","type":"post","link":"https:\/\/www.radiopiu.net\/wordpress\/sasso-sulla-strada-di-san-lucano-nessun-ferito\/","title":{"rendered":"SASSO SULLA STRADA DI SAN LUCANO, NESSUN FERITO"},"content":{"rendered":"<p>&nbsp;<\/p>\n<p>&nbsp;<\/p>\n<p><strong><a href=\"https:\/\/www.radiopiu.net\/wordpress\/?attachment_id=240910\" rel=\"attachment wp-att-240910\"><img loading=\"lazy\" decoding=\"async\" class=\"size-medium wp-image-240910 alignleft\" src=\"https:\/\/www.radiopiu.net\/wordpress\/wp-content\/uploads\/2021\/11\/251999256_2065607916948046_641396876917323860_n-165x300.jpg\" alt=\"\" width=\"165\" height=\"300\" srcset=\"https:\/\/www.radiopiu.net\/wordpress\/wp-content\/uploads\/2021\/11\/251999256_2065607916948046_641396876917323860_n-165x300.jpg 165w, https:\/\/www.radiopiu.net\/wordpress\/wp-content\/uploads\/2021\/11\/251999256_2065607916948046_641396876917323860_n.jpg 528w\" sizes=\"auto, (max-width: 165px) 100vw, 165px\" \/><\/a><\/strong><\/p>\n<p>&nbsp;<\/p>\n<p><strong>TAIBON<\/strong> Nel video e nella foto di Alessio De Lazzer il sasso caduto dalle Pale di San Lucano, ha raggiunto la strada comunale nel corso della notte a seguito degli eventi meteorologici, in valle non \u00e8 una novit\u00e0, ma trovarselo davanti &#8211; all&#8217;altezza del &#8220;valin&#8221; dopo la chiesa di San Lucano &#8211;\u00a0 fa un certo effetto. Sul posto gli uomini del Comune di Taibon per il ripristino della viabilit\u00e0. Il sasso si \u00e8 staccato da un&#8217;altezza di 400-500 metri, quindi dalle sovrastanti pale di San Lucano, non \u00e8 escluso si tratti di un effetto post incendio del 2018.<\/p>\n<p>&nbsp;<\/p>\n<div style=\"width: 848px;\" class=\"wp-video\"><video class=\"wp-video-shortcode\" id=\"video-240911-1\" width=\"848\" height=\"480\" preload=\"metadata\" controls=\"controls\"><source type=\"video\/mp4\" src=\"https:\/\/www.radiopiu.net\/wordpress\/wp-content\/uploads\/2021\/11\/WhatsApp-Video-2021-11-04-at-10.20.51.mp4?_=1\" \/><a href=\"https:\/\/www.radiopiu.net\/wordpress\/wp-content\/uploads\/2021\/11\/WhatsApp-Video-2021-11-04-at-10.20.51.mp4\">https:\/\/www.radiopiu.net\/wordpress\/wp-content\/uploads\/2021\/11\/WhatsApp-Video-2021-11-04-at-10.20.51.mp4<\/a><\/video><\/div>\n<p>&nbsp;<\/p>\n<p>***<\/p>\n","protected":false},"excerpt":{"rendered":"<p>&nbsp; &nbsp; &nbsp; TAIBON Nel video e nella foto di Alessio De Lazzer il sasso caduto dalle Pale di San Lucano, ha raggiunto la strada comunale nel corso della notte a seguito degli eventi meteorologici, in valle non \u00e8 una novit\u00e0, ma trovarselo davanti &#8211; all&#8217;altezza del &#8220;valin&#8221; dopo la chiesa di San Lucano &#8211;\u00a0&hellip;<\/p>\n","protected":false},"author":4,"featured_media":240910,"comment_status":"closed","ping_status":"open","sticky":false,"template":"","format":"standard","meta":{"_monsterinsights_skip_tracking":false,"_monsterinsights_sitenote_active":false,"_monsterinsights_sitenote_note":"","_monsterinsights_sitenote_category":0,"footnotes":""},"categories":[51,49],"tags":[],"class_list":["post-240911","post","type-post","status-publish","format-standard","has-post-thumbnail","hentry","category-evidenza-top","category-news-18","category-51","category-49","description-off"],"img_url":"https:\/\/www.radiopiu.net\/wordpress\/wp-content\/uploads\/2021\/11\/251999256_2065607916948046_641396876917323860_n.jpg","_links":{"self":[{"href":"https:\/\/www.radiopiu.net\/wordpress\/wp-json\/wp\/v2\/posts\/240911","targetHints":{"allow":["GET"]}}],"collection":[{"href":"https:\/\/www.radiopiu.net\/wordpress\/wp-json\/wp\/v2\/posts"}],"about":[{"href":"https:\/\/www.radiopiu.net\/wordpress\/wp-json\/wp\/v2\/types\/post"}],"author":[{"embeddable":true,"href":"https:\/\/www.radiopiu.net\/wordpress\/wp-json\/wp\/v2\/users\/4"}],"replies":[{"embeddable":true,"href":"https:\/\/www.radiopiu.net\/wordpress\/wp-json\/wp\/v2\/comments?post=240911"}],"version-history":[{"count":0,"href":"https:\/\/www.radiopiu.net\/wordpress\/wp-json\/wp\/v2\/posts\/240911\/revisions"}],"wp:featuredmedia":[{"embeddable":true,"href":"https:\/\/www.radiopiu.net\/wordpress\/wp-json\/wp\/v2\/media\/240910"}],"wp:attachment":[{"href":"https:\/\/www.radiopiu.net\/wordpress\/wp-json\/wp\/v2\/media?parent=240911"}],"wp:term":[{"taxonomy":"category","embeddable":true,"href":"https:\/\/www.radiopiu.net\/wordpress\/wp-json\/wp\/v2\/categories?post=240911"},{"taxonomy":"post_tag","embeddable":true,"href":"https:\/\/www.radiopiu.net\/wordpress\/wp-json\/wp\/v2\/tags?post=240911"}],"curies":[{"name":"wp","href":"https:\/\/api.w.org\/{rel}","templated":true}]}}