{"id":240937,"date":"2021-11-04T13:33:58","date_gmt":"2021-11-04T12:33:58","guid":{"rendered":"https:\/\/www.radiopiu.net\/wordpress\/?p=240937"},"modified":"2021-11-04T13:40:01","modified_gmt":"2021-11-04T12:40:01","slug":"fiocco-azzurro-in-consiglio-comunale-a-ponte-nelle-alpi","status":"publish","type":"post","link":"https:\/\/www.radiopiu.net\/wordpress\/fiocco-azzurro-in-consiglio-comunale-a-ponte-nelle-alpi\/","title":{"rendered":"FIOCCO AZZURRO IN CONSIGLIO COMUNALE A PONTE NELLE ALPI"},"content":{"rendered":"<blockquote>\n<h3><b>Vice sindaca e neo mamma:\u00a0 le congratulazioni a\u00a0 Lucia Da Rold<\/b><\/h3>\n<\/blockquote>\n<p><em><span class=\"gmail-Apple-converted-space\"><a href=\"https:\/\/www.radiopiu.net\/wordpress\/fiocco-azzurro-in-consiglio-comunale-a-ponte-nelle-alpi\/fiocco_azzurro_in_consiglio\/\" rel=\"attachment wp-att-240938\"><img loading=\"lazy\" decoding=\"async\" class=\"size-medium wp-image-240938 alignleft\" src=\"https:\/\/www.radiopiu.net\/wordpress\/wp-content\/uploads\/2021\/11\/Fiocco_azzurro_in_consiglio-300x186.jpg\" alt=\"\" width=\"300\" height=\"186\" srcset=\"https:\/\/www.radiopiu.net\/wordpress\/wp-content\/uploads\/2021\/11\/Fiocco_azzurro_in_consiglio-300x186.jpg 300w, https:\/\/www.radiopiu.net\/wordpress\/wp-content\/uploads\/2021\/11\/Fiocco_azzurro_in_consiglio-1024x636.jpg 1024w, https:\/\/www.radiopiu.net\/wordpress\/wp-content\/uploads\/2021\/11\/Fiocco_azzurro_in_consiglio-768x477.jpg 768w, https:\/\/www.radiopiu.net\/wordpress\/wp-content\/uploads\/2021\/11\/Fiocco_azzurro_in_consiglio.jpg 1162w\" sizes=\"auto, (max-width: 300px) 100vw, 300px\" \/><\/a><\/span><\/em><strong>PONTE NELLE ALPI<\/strong> Un applauso di tutti i presenti alla neo mamma e vice sindaca Lucia Da Rold, e un regalo per il piccolo Tommaso, hanno aperto la recente seduta consiliare.<span class=\"gmail-Apple-converted-space\"> \u00a0<\/span>Poco prima dell\u2019approvazione dei verbali, il sindaco Paolo Vendramini ha espresso le congratulazioni e le felicitazioni della comunit\u00e0 a Lucia: <em>\u00abLa forza delle donne \u00e8 ammirevole e la dedizione della nostra vice sindaca al bene comune \u00e8 encomiabile. Dopo due settimane si \u00e8 gi\u00e0 organizzata per poter continuare a seguire i suoi importanti referati (sociale, cultura, istruzione) e dedicarsi al ruolo di mamma\u00bb. <\/em>Il consiglio comunale ha dato poi il via libera a una serie di interventi amministrativi, come la riqualificazione del PalaQuantin, la sistemazione del PalaMares, le opere pubbliche del Pnrr. \u00c8 stato approvato all\u2019unanimit\u00e0, inoltre, l\u2019impegno dell\u2019amministrazione di reperire eventuali finanziamenti regionali per opere al bocciodromo di Nuova Erto.<\/p>\n","protected":false},"excerpt":{"rendered":"<p>Vice sindaca e neo mamma:\u00a0 le congratulazioni a\u00a0 Lucia Da Rold PONTE NELLE ALPI Un applauso di tutti i presenti alla neo mamma e vice sindaca Lucia Da Rold, e un regalo per il piccolo Tommaso, hanno aperto la recente seduta consiliare. \u00a0Poco prima dell\u2019approvazione dei verbali, il sindaco Paolo Vendramini ha espresso le congratulazioni&hellip;<\/p>\n","protected":false},"author":4,"featured_media":240938,"comment_status":"closed","ping_status":"open","sticky":false,"template":"","format":"standard","meta":{"_monsterinsights_skip_tracking":false,"_monsterinsights_sitenote_active":false,"_monsterinsights_sitenote_note":"","_monsterinsights_sitenote_category":0,"footnotes":""},"categories":[51,49],"tags":[],"class_list":["post-240937","post","type-post","status-publish","format-standard","has-post-thumbnail","hentry","category-evidenza-top","category-news-18","category-51","category-49","description-off"],"img_url":"https:\/\/www.radiopiu.net\/wordpress\/wp-content\/uploads\/2021\/11\/Fiocco_azzurro_in_consiglio.jpg","_links":{"self":[{"href":"https:\/\/www.radiopiu.net\/wordpress\/wp-json\/wp\/v2\/posts\/240937","targetHints":{"allow":["GET"]}}],"collection":[{"href":"https:\/\/www.radiopiu.net\/wordpress\/wp-json\/wp\/v2\/posts"}],"about":[{"href":"https:\/\/www.radiopiu.net\/wordpress\/wp-json\/wp\/v2\/types\/post"}],"author":[{"embeddable":true,"href":"https:\/\/www.radiopiu.net\/wordpress\/wp-json\/wp\/v2\/users\/4"}],"replies":[{"embeddable":true,"href":"https:\/\/www.radiopiu.net\/wordpress\/wp-json\/wp\/v2\/comments?post=240937"}],"version-history":[{"count":0,"href":"https:\/\/www.radiopiu.net\/wordpress\/wp-json\/wp\/v2\/posts\/240937\/revisions"}],"wp:featuredmedia":[{"embeddable":true,"href":"https:\/\/www.radiopiu.net\/wordpress\/wp-json\/wp\/v2\/media\/240938"}],"wp:attachment":[{"href":"https:\/\/www.radiopiu.net\/wordpress\/wp-json\/wp\/v2\/media?parent=240937"}],"wp:term":[{"taxonomy":"category","embeddable":true,"href":"https:\/\/www.radiopiu.net\/wordpress\/wp-json\/wp\/v2\/categories?post=240937"},{"taxonomy":"post_tag","embeddable":true,"href":"https:\/\/www.radiopiu.net\/wordpress\/wp-json\/wp\/v2\/tags?post=240937"}],"curies":[{"name":"wp","href":"https:\/\/api.w.org\/{rel}","templated":true}]}}