{"id":240952,"date":"2021-11-04T13:34:11","date_gmt":"2021-11-04T12:34:11","guid":{"rendered":"https:\/\/www.radiopiu.net\/wordpress\/?p=240952"},"modified":"2021-11-04T13:39:50","modified_gmt":"2021-11-04T12:39:50","slug":"celebrazioni-del-iv-novembre-a-feltre","status":"publish","type":"post","link":"https:\/\/www.radiopiu.net\/wordpress\/celebrazioni-del-iv-novembre-a-feltre\/","title":{"rendered":"CELEBRAZIONI DEL IV NOVEMBRE A FELTRE"},"content":{"rendered":"<p><strong>FELTRE<\/strong>\u00a0 Si sono tenute stamane a Feltre le celebrazioni del 4 novembre, in occasione del Giorno dell\u2019Unit\u00e0 Nazionale e della Giornata delle Forze Armate. Il sindaco Paolo Perenzin si \u00e8 recato dapprima al cimitero militare germanico in localit\u00e0 San Paolo dove ha deposto una corona d\u2019alloro, quindi &#8211; alla presenza delle Autorit\u00e0 militari e dei rappresentanti delle associazioni combattentistiche e d\u2019arma &#8211; ha preso parte alla cerimonia commemorativa presso il monumento ai caduti di tutte le guerre. Il corteo si \u00e8 quindi spostato all\u2019interno del cimitero cittadino dove presso la cappella il parroco della concattedrale di Feltre, don Angelo Balcon, ha celebrato la santa messa. Al termine della stessa il sindaco ha tenuto un breve intervento nel quale ha sottolineato l\u2019importanza del significato di questa giornata. <em>\u201cOvunque noi siamo \u2013 ha detto tra l\u2019altro il sindaco \u2013 dobbiamo cercare di lavorare per promuovere lo spirito di collaborazione e per tenere lontano invece lo spirito di oppressione. Nella nostra costituzione repubblicana &#8211; ha sottolineato ancora il sindaco Perenzin \u2013 viene fatto uno scatto avanti importante quando si dice che la difesa della patria \u00e8 un dovere sacro di ogni cittadino e che per\u00f2 non dobbiamo pi\u00f9 intendere la guerra come uno strumento di oppressione e di minaccia e che alle Forze Armate \u00e8 dato il compito di mantenere la pace e la convivenza tra le persone. Un monito che avevano evidentemente lasciato ben chiaro ai nostri padri costituenti i trent\u2019anni precedenti, iniziati con lo scoppio della prima guerra mondiale, e che ci impegna oggi, in autentico spirito di unit\u00e0 nazionale, a fare tutto quanto ci fa stare insieme.\u201d <\/em>La cerimonia, alla quale hanno preso parte anche alcuni cittadini, si \u00e8 conclusa con la deposizione delle corone al Sacrario Italiano e al Cimitero Austro-Ungarico.<\/p>\n\n\t\t\t<style type='text\/css'>\n\t\t\t\t#gallery-1 {\n\t\t\t\t\tmargin: auto;\n\t\t\t\t}\n\t\t\t\t#gallery-1 .gallery-item {\n\t\t\t\t\tfloat: left;\n\t\t\t\t\tmargin-top: 10px;\n\t\t\t\t\ttext-align: center;\n\t\t\t\t\twidth: 50%;\n\t\t\t\t}\n\t\t\t\t#gallery-1 img {\n\t\t\t\t\tborder: 2px solid #cfcfcf;\n\t\t\t\t}\n\t\t\t\t#gallery-1 .gallery-caption {\n\t\t\t\t\tmargin-left: 0;\n\t\t\t\t}\n\t\t\t\t\/* see gallery_shortcode() in wp-includes\/media.php *\/\n\t\t\t<\/style>\n\t\t<div id='gallery-1' class='dt-gallery-container gallery galleryid-240952 gallery-columns-2 gallery-size-medium'><dl class='gallery-item'>\n\t\t\t\t<dt class='gallery-icon landscape'>\n\t\t\t\t\t<a class=\"rollover rollover-zoom dt-pswp-item\" title=\"Feltre 4 novembre 2021 (15)\" data-dt-img-description=\"\" data-large_image_width=\"2560\" data-large_image_height=\"1440\"href='https:\/\/www.radiopiu.net\/wordpress\/wp-content\/uploads\/2021\/11\/Feltre-4-novembre-2021-15-scaled.jpg'><img loading=\"lazy\" decoding=\"async\" width=\"300\" height=\"169\" src=\"https:\/\/www.radiopiu.net\/wordpress\/wp-content\/uploads\/2021\/11\/Feltre-4-novembre-2021-15-300x169.jpg\" class=\"attachment-medium size-medium\" alt=\"\" srcset=\"https:\/\/www.radiopiu.net\/wordpress\/wp-content\/uploads\/2021\/11\/Feltre-4-novembre-2021-15-300x169.jpg 300w, https:\/\/www.radiopiu.net\/wordpress\/wp-content\/uploads\/2021\/11\/Feltre-4-novembre-2021-15-1024x576.jpg 1024w, https:\/\/www.radiopiu.net\/wordpress\/wp-content\/uploads\/2021\/11\/Feltre-4-novembre-2021-15-768x432.jpg 768w, https:\/\/www.radiopiu.net\/wordpress\/wp-content\/uploads\/2021\/11\/Feltre-4-novembre-2021-15-1536x864.jpg 1536w, https:\/\/www.radiopiu.net\/wordpress\/wp-content\/uploads\/2021\/11\/Feltre-4-novembre-2021-15-2048x1152.jpg 2048w\" sizes=\"auto, (max-width: 300px) 100vw, 300px\" \/><\/a>\n\t\t\t\t<\/dt><\/dl><dl class='gallery-item'>\n\t\t\t\t<dt class='gallery-icon landscape'>\n\t\t\t\t\t<a class=\"rollover rollover-zoom dt-pswp-item\" title=\"Feltre 4 novembre 2021 (2)\" data-dt-img-description=\"\" data-large_image_width=\"2560\" data-large_image_height=\"1440\"href='https:\/\/www.radiopiu.net\/wordpress\/wp-content\/uploads\/2021\/11\/Feltre-4-novembre-2021-2-scaled.jpg'><img loading=\"lazy\" decoding=\"async\" width=\"300\" height=\"169\" src=\"https:\/\/www.radiopiu.net\/wordpress\/wp-content\/uploads\/2021\/11\/Feltre-4-novembre-2021-2-300x169.jpg\" class=\"attachment-medium size-medium\" alt=\"\" srcset=\"https:\/\/www.radiopiu.net\/wordpress\/wp-content\/uploads\/2021\/11\/Feltre-4-novembre-2021-2-300x169.jpg 300w, https:\/\/www.radiopiu.net\/wordpress\/wp-content\/uploads\/2021\/11\/Feltre-4-novembre-2021-2-1024x576.jpg 1024w, https:\/\/www.radiopiu.net\/wordpress\/wp-content\/uploads\/2021\/11\/Feltre-4-novembre-2021-2-768x432.jpg 768w, https:\/\/www.radiopiu.net\/wordpress\/wp-content\/uploads\/2021\/11\/Feltre-4-novembre-2021-2-1536x864.jpg 1536w, https:\/\/www.radiopiu.net\/wordpress\/wp-content\/uploads\/2021\/11\/Feltre-4-novembre-2021-2-2048x1152.jpg 2048w\" sizes=\"auto, (max-width: 300px) 100vw, 300px\" \/><\/a>\n\t\t\t\t<\/dt><\/dl><br style=\"clear: both\" \/><dl class='gallery-item'>\n\t\t\t\t<dt class='gallery-icon landscape'>\n\t\t\t\t\t<a class=\"rollover rollover-zoom dt-pswp-item\" title=\"Feltre 4 novembre 2021 (8)\" data-dt-img-description=\"\" data-large_image_width=\"2560\" data-large_image_height=\"1440\"href='https:\/\/www.radiopiu.net\/wordpress\/wp-content\/uploads\/2021\/11\/Feltre-4-novembre-2021-8-scaled.jpg'><img loading=\"lazy\" decoding=\"async\" width=\"300\" height=\"169\" src=\"https:\/\/www.radiopiu.net\/wordpress\/wp-content\/uploads\/2021\/11\/Feltre-4-novembre-2021-8-300x169.jpg\" class=\"attachment-medium size-medium\" alt=\"\" srcset=\"https:\/\/www.radiopiu.net\/wordpress\/wp-content\/uploads\/2021\/11\/Feltre-4-novembre-2021-8-300x169.jpg 300w, https:\/\/www.radiopiu.net\/wordpress\/wp-content\/uploads\/2021\/11\/Feltre-4-novembre-2021-8-1024x576.jpg 1024w, https:\/\/www.radiopiu.net\/wordpress\/wp-content\/uploads\/2021\/11\/Feltre-4-novembre-2021-8-768x432.jpg 768w, https:\/\/www.radiopiu.net\/wordpress\/wp-content\/uploads\/2021\/11\/Feltre-4-novembre-2021-8-1536x864.jpg 1536w, https:\/\/www.radiopiu.net\/wordpress\/wp-content\/uploads\/2021\/11\/Feltre-4-novembre-2021-8-2048x1152.jpg 2048w\" sizes=\"auto, (max-width: 300px) 100vw, 300px\" \/><\/a>\n\t\t\t\t<\/dt><\/dl><dl class='gallery-item'>\n\t\t\t\t<dt class='gallery-icon landscape'>\n\t\t\t\t\t<a class=\"rollover rollover-zoom dt-pswp-item\" title=\"Feltre 4 novembre 2021 (1)\" data-dt-img-description=\"\" data-large_image_width=\"2560\" data-large_image_height=\"1440\"href='https:\/\/www.radiopiu.net\/wordpress\/wp-content\/uploads\/2021\/11\/Feltre-4-novembre-2021-1-scaled.jpg'><img loading=\"lazy\" decoding=\"async\" width=\"300\" height=\"169\" src=\"https:\/\/www.radiopiu.net\/wordpress\/wp-content\/uploads\/2021\/11\/Feltre-4-novembre-2021-1-300x169.jpg\" class=\"attachment-medium size-medium\" alt=\"\" srcset=\"https:\/\/www.radiopiu.net\/wordpress\/wp-content\/uploads\/2021\/11\/Feltre-4-novembre-2021-1-300x169.jpg 300w, https:\/\/www.radiopiu.net\/wordpress\/wp-content\/uploads\/2021\/11\/Feltre-4-novembre-2021-1-1024x576.jpg 1024w, https:\/\/www.radiopiu.net\/wordpress\/wp-content\/uploads\/2021\/11\/Feltre-4-novembre-2021-1-768x432.jpg 768w, https:\/\/www.radiopiu.net\/wordpress\/wp-content\/uploads\/2021\/11\/Feltre-4-novembre-2021-1-1536x864.jpg 1536w, https:\/\/www.radiopiu.net\/wordpress\/wp-content\/uploads\/2021\/11\/Feltre-4-novembre-2021-1-2048x1152.jpg 2048w\" sizes=\"auto, (max-width: 300px) 100vw, 300px\" \/><\/a>\n\t\t\t\t<\/dt><\/dl><br style=\"clear: both\" \/>\n\t\t\t<\/div>\n\n<p>&nbsp;<\/p>\n","protected":false},"excerpt":{"rendered":"<p>FELTRE\u00a0 Si sono tenute stamane a Feltre le celebrazioni del 4 novembre, in occasione del Giorno dell\u2019Unit\u00e0 Nazionale e della Giornata delle Forze Armate. Il sindaco Paolo Perenzin si \u00e8 recato dapprima al cimitero militare germanico in localit\u00e0 San Paolo dove ha deposto una corona d\u2019alloro, quindi &#8211; alla presenza delle Autorit\u00e0 militari e dei&hellip;<\/p>\n","protected":false},"author":4,"featured_media":240956,"comment_status":"closed","ping_status":"open","sticky":false,"template":"","format":"standard","meta":{"_monsterinsights_skip_tracking":false,"_monsterinsights_sitenote_active":false,"_monsterinsights_sitenote_note":"","_monsterinsights_sitenote_category":0,"footnotes":""},"categories":[104,49],"tags":[],"class_list":["post-240952","post","type-post","status-publish","format-standard","has-post-thumbnail","hentry","category-evidenza_3","category-news-18","category-104","category-49","description-off"],"img_url":"https:\/\/www.radiopiu.net\/wordpress\/wp-content\/uploads\/2021\/11\/Feltre-4-novembre-2021-1-scaled.jpg","_links":{"self":[{"href":"https:\/\/www.radiopiu.net\/wordpress\/wp-json\/wp\/v2\/posts\/240952","targetHints":{"allow":["GET"]}}],"collection":[{"href":"https:\/\/www.radiopiu.net\/wordpress\/wp-json\/wp\/v2\/posts"}],"about":[{"href":"https:\/\/www.radiopiu.net\/wordpress\/wp-json\/wp\/v2\/types\/post"}],"author":[{"embeddable":true,"href":"https:\/\/www.radiopiu.net\/wordpress\/wp-json\/wp\/v2\/users\/4"}],"replies":[{"embeddable":true,"href":"https:\/\/www.radiopiu.net\/wordpress\/wp-json\/wp\/v2\/comments?post=240952"}],"version-history":[{"count":0,"href":"https:\/\/www.radiopiu.net\/wordpress\/wp-json\/wp\/v2\/posts\/240952\/revisions"}],"wp:featuredmedia":[{"embeddable":true,"href":"https:\/\/www.radiopiu.net\/wordpress\/wp-json\/wp\/v2\/media\/240956"}],"wp:attachment":[{"href":"https:\/\/www.radiopiu.net\/wordpress\/wp-json\/wp\/v2\/media?parent=240952"}],"wp:term":[{"taxonomy":"category","embeddable":true,"href":"https:\/\/www.radiopiu.net\/wordpress\/wp-json\/wp\/v2\/categories?post=240952"},{"taxonomy":"post_tag","embeddable":true,"href":"https:\/\/www.radiopiu.net\/wordpress\/wp-json\/wp\/v2\/tags?post=240952"}],"curies":[{"name":"wp","href":"https:\/\/api.w.org\/{rel}","templated":true}]}}