{"id":240964,"date":"2021-11-04T13:34:16","date_gmt":"2021-11-04T12:34:16","guid":{"rendered":"https:\/\/www.radiopiu.net\/wordpress\/?p=240964"},"modified":"2021-11-04T13:36:11","modified_gmt":"2021-11-04T12:36:11","slug":"bellunoturismo","status":"publish","type":"post","link":"https:\/\/www.radiopiu.net\/wordpress\/bellunoturismo\/","title":{"rendered":"CRESCE IL TURISMO IN CITTA&#8217;, AD AGOSTO MEGLIO DEL PRE COVID"},"content":{"rendered":"<p><strong>BELLUNO<\/strong> I dati certificati diffusi dall&#8217;Ufficio Statistico Regionale sul turismo in citt\u00e0 confermano il buon andamento del settore e registrano un dato importante: nel mese di agosto, le presenze hanno sfondato quota 35mila, superando cos\u00ec quelle degli stessi mesi nelle annate pre-pandemia. Una crescita continua, quella delle presenze turistiche nel capoluogo sotto le amministrazioni Massaro, che sono passate dalle 113mila del 2011 \u2013 anno precedente la prima elezione \u2013 alle 175mila del 2019, a cui ha fatto seguito un&#8217;annata segnata dalla pandemia e dal crollo verticale per i flussi turistici a livello mondiale, quando le presenze a Belluno scesero a 124mila. Il 2021 ha per\u00f2 fatto registrare una decisa inversione di tendenza: nel periodo gennaio-agosto \u2013 ultimi dati disponibili \u2013 sono state gi\u00e0 113mila le presenze registrate, contro le 123mila degli stessi mesi del 2019, arrivando quindi gi\u00e0 vicini alla migliore annata dell&#8217;ultimo decennio (nel 2020 erano state 87mila). In particolare, il mese di agosto 2021 \u00e8 stato il pi\u00f9 \u201cfrequentato\u201d degli ultimi 10 anni con oltre 35mila presenze, superando anche l&#8217;agosto pre-Covid (34mila nel 2019); \u00e8 dal 2017 che nel mese di agosto si registrano oltre 30mila presenze in citt\u00e0 (il picco pi\u00f9 basso nel 2020 con 31mila). Tornano a crescere anche gli arrivi: 29mila nel 2021 contro i 23mila dello scorso anno, mentre nel 2019 erano stati 41mila.<\/p>\n<p><strong>L&#8217;ASSESSORE AL TURISMO YUKI D&#8217;EMILIA<\/strong><\/p>\n<div style=\"width: 1200px;\" class=\"wp-video\"><video class=\"wp-video-shortcode\" id=\"video-240964-1\" width=\"1200\" height=\"675\" preload=\"metadata\" controls=\"controls\"><source type=\"video\/mp4\" src=\"https:\/\/www.radiopiu.net\/wordpress\/wp-content\/uploads\/2021\/11\/dEmilia-Dati-turismo-ufficiali-estate-2021.mp4?_=1\" \/><a href=\"https:\/\/www.radiopiu.net\/wordpress\/wp-content\/uploads\/2021\/11\/dEmilia-Dati-turismo-ufficiali-estate-2021.mp4\">https:\/\/www.radiopiu.net\/wordpress\/wp-content\/uploads\/2021\/11\/dEmilia-Dati-turismo-ufficiali-estate-2021.mp4<\/a><\/video><\/div>\n<p>&nbsp;<\/p>\n","protected":false},"excerpt":{"rendered":"<p>BELLUNO I dati certificati diffusi dall&#8217;Ufficio Statistico Regionale sul turismo in citt\u00e0 confermano il buon andamento del settore e registrano un dato importante: nel mese di agosto, le presenze hanno sfondato quota 35mila, superando cos\u00ec quelle degli stessi mesi nelle annate pre-pandemia. Una crescita continua, quella delle presenze turistiche nel capoluogo sotto le amministrazioni Massaro,&hellip;<\/p>\n","protected":false},"author":4,"featured_media":210552,"comment_status":"closed","ping_status":"open","sticky":false,"template":"","format":"standard","meta":{"_monsterinsights_skip_tracking":false,"_monsterinsights_sitenote_active":false,"_monsterinsights_sitenote_note":"","_monsterinsights_sitenote_category":0,"footnotes":""},"categories":[51,49],"tags":[],"class_list":["post-240964","post","type-post","status-publish","format-standard","has-post-thumbnail","hentry","category-evidenza-top","category-news-18","category-51","category-49","description-off"],"img_url":"https:\/\/www.radiopiu.net\/wordpress\/wp-content\/uploads\/2021\/05\/PONTE-VITTORIA-BELLUNO.jpg","_links":{"self":[{"href":"https:\/\/www.radiopiu.net\/wordpress\/wp-json\/wp\/v2\/posts\/240964","targetHints":{"allow":["GET"]}}],"collection":[{"href":"https:\/\/www.radiopiu.net\/wordpress\/wp-json\/wp\/v2\/posts"}],"about":[{"href":"https:\/\/www.radiopiu.net\/wordpress\/wp-json\/wp\/v2\/types\/post"}],"author":[{"embeddable":true,"href":"https:\/\/www.radiopiu.net\/wordpress\/wp-json\/wp\/v2\/users\/4"}],"replies":[{"embeddable":true,"href":"https:\/\/www.radiopiu.net\/wordpress\/wp-json\/wp\/v2\/comments?post=240964"}],"version-history":[{"count":0,"href":"https:\/\/www.radiopiu.net\/wordpress\/wp-json\/wp\/v2\/posts\/240964\/revisions"}],"wp:featuredmedia":[{"embeddable":true,"href":"https:\/\/www.radiopiu.net\/wordpress\/wp-json\/wp\/v2\/media\/210552"}],"wp:attachment":[{"href":"https:\/\/www.radiopiu.net\/wordpress\/wp-json\/wp\/v2\/media?parent=240964"}],"wp:term":[{"taxonomy":"category","embeddable":true,"href":"https:\/\/www.radiopiu.net\/wordpress\/wp-json\/wp\/v2\/categories?post=240964"},{"taxonomy":"post_tag","embeddable":true,"href":"https:\/\/www.radiopiu.net\/wordpress\/wp-json\/wp\/v2\/tags?post=240964"}],"curies":[{"name":"wp","href":"https:\/\/api.w.org\/{rel}","templated":true}]}}