{"id":240982,"date":"2021-11-04T14:49:18","date_gmt":"2021-11-04T13:49:18","guid":{"rendered":"https:\/\/www.radiopiu.net\/wordpress\/?p=240982"},"modified":"2021-11-04T14:49:18","modified_gmt":"2021-11-04T13:49:18","slug":"provincia-di-trento-35cm-di-neve-e-la-strada-chiude","status":"publish","type":"post","link":"https:\/\/www.radiopiu.net\/wordpress\/provincia-di-trento-35cm-di-neve-e-la-strada-chiude\/","title":{"rendered":"PROVINCIA DI TRENTO, 35CM DI NEVE E LA STRADA CHIUDE"},"content":{"rendered":"<p><strong>ROCCA PIETORE<\/strong> Strada di Passo Fedaia, lato bellunese ripulito e transitabile anche perch\u00e9 sono stati realizzati i fermaneve, lato trentino i fermaneve non sono nemmeno stati progettati e la conseguenza \u00e8 questa: 35 centimetri e la strada \u00e8 chiusa. Evidentemente ai &#8220;cugini&#8221; di tenere aperto il Passo poco interessa.<\/p>\n<p><img decoding=\"async\" src=\"https:\/\/www.radiopiu.net\/wordpress\/wp-content\/uploads\/2021\/11\/dbb780c5-4d83-4d5f-bbeb-570a75b98712.jpg\" \/><\/p>\n","protected":false},"excerpt":{"rendered":"<p>ROCCA PIETORE Strada di Passo Fedaia, lato bellunese ripulito e transitabile anche perch\u00e9 sono stati realizzati i fermaneve, lato trentino i fermaneve non sono nemmeno stati progettati e la conseguenza \u00e8 questa: 35 centimetri e la strada \u00e8 chiusa. Evidentemente ai &#8220;cugini&#8221; di tenere aperto il Passo poco interessa.<\/p>\n","protected":false},"author":4,"featured_media":240983,"comment_status":"closed","ping_status":"open","sticky":false,"template":"","format":"standard","meta":{"_monsterinsights_skip_tracking":false,"_monsterinsights_sitenote_active":false,"_monsterinsights_sitenote_note":"","_monsterinsights_sitenote_category":0,"footnotes":""},"categories":[51,49],"tags":[],"class_list":["post-240982","post","type-post","status-publish","format-standard","has-post-thumbnail","hentry","category-evidenza-top","category-news-18","category-51","category-49","description-off"],"img_url":"https:\/\/www.radiopiu.net\/wordpress\/wp-content\/uploads\/2021\/11\/dbb780c5-4d83-4d5f-bbeb-570a75b98712.jpg","_links":{"self":[{"href":"https:\/\/www.radiopiu.net\/wordpress\/wp-json\/wp\/v2\/posts\/240982","targetHints":{"allow":["GET"]}}],"collection":[{"href":"https:\/\/www.radiopiu.net\/wordpress\/wp-json\/wp\/v2\/posts"}],"about":[{"href":"https:\/\/www.radiopiu.net\/wordpress\/wp-json\/wp\/v2\/types\/post"}],"author":[{"embeddable":true,"href":"https:\/\/www.radiopiu.net\/wordpress\/wp-json\/wp\/v2\/users\/4"}],"replies":[{"embeddable":true,"href":"https:\/\/www.radiopiu.net\/wordpress\/wp-json\/wp\/v2\/comments?post=240982"}],"version-history":[{"count":0,"href":"https:\/\/www.radiopiu.net\/wordpress\/wp-json\/wp\/v2\/posts\/240982\/revisions"}],"wp:featuredmedia":[{"embeddable":true,"href":"https:\/\/www.radiopiu.net\/wordpress\/wp-json\/wp\/v2\/media\/240983"}],"wp:attachment":[{"href":"https:\/\/www.radiopiu.net\/wordpress\/wp-json\/wp\/v2\/media?parent=240982"}],"wp:term":[{"taxonomy":"category","embeddable":true,"href":"https:\/\/www.radiopiu.net\/wordpress\/wp-json\/wp\/v2\/categories?post=240982"},{"taxonomy":"post_tag","embeddable":true,"href":"https:\/\/www.radiopiu.net\/wordpress\/wp-json\/wp\/v2\/tags?post=240982"}],"curies":[{"name":"wp","href":"https:\/\/api.w.org\/{rel}","templated":true}]}}