{"id":240991,"date":"2021-11-04T15:21:18","date_gmt":"2021-11-04T14:21:18","guid":{"rendered":"https:\/\/www.radiopiu.net\/wordpress\/?p=240991"},"modified":"2021-11-04T15:22:37","modified_gmt":"2021-11-04T14:22:37","slug":"donna-bellunese-fermata-a-villorba-con-il-coltello-tra-le-mani","status":"publish","type":"post","link":"https:\/\/www.radiopiu.net\/wordpress\/donna-bellunese-fermata-a-villorba-con-il-coltello-tra-le-mani\/","title":{"rendered":"DONNA BELLUNESE FERMATA A VILLORBA CON IL COLTELLO TRA LE MANI"},"content":{"rendered":"<p><strong><a href=\"https:\/\/www.radiopiu.net\/wordpress\/donna-bellunese-fermata-a-villorba-con-il-coltello-tra-le-mani\/normal_240_1\/\" rel=\"attachment wp-att-240996\"><img loading=\"lazy\" decoding=\"async\" class=\"size-medium wp-image-240996 alignleft\" src=\"https:\/\/www.radiopiu.net\/wordpress\/wp-content\/uploads\/2021\/11\/normal_240_1-300x162.jpg\" alt=\"\" width=\"300\" height=\"162\" srcset=\"https:\/\/www.radiopiu.net\/wordpress\/wp-content\/uploads\/2021\/11\/normal_240_1-300x162.jpg 300w, https:\/\/www.radiopiu.net\/wordpress\/wp-content\/uploads\/2021\/11\/normal_240_1.jpg 505w\" sizes=\"auto, (max-width: 300px) 100vw, 300px\" \/><\/a>VILLORBA (TV)\u00a0<\/strong>I Carabinieri della Stazione di Villorba (TV) sono intervenuti nella tarda mattinata di ieri presso la stazione ferroviaria di Lancenigo di Villorba (TV) dove stava sostando il treno regionale Conegliano &#8211; Venezia. Il Capotreno, infatti, aveva nella circostanza fatto allontanare i passeggeri da una delle carrozze ove veniva segnalata una donna, in evidente stato di alterazione psico-fisica, che brandiva un coltello. La pattuglia di militari dell&#8217;Arma, con prontezza e professionalit\u00e0, convinceva in poco tempo la donna, una 41enne del bellunese gi\u00e0 nota alle Forze dell&#8217;Ordine, a deporre l&#8217;arma a terra, quindi la stessa veniva affidata ai sanitari del 118. Per il possesso ingiustificato del coltello, a carico della donna seguir\u00e0 la segnalazione all&#8217;Autorit\u00e0 Giudiziaria. Il traffico ferroviario, dopo un rallentamento di una ventina di minuti, \u00e8 ripreso regolarmente. (FOTO: oggitreviso.it)<\/p>\n<p>&nbsp;<\/p>\n<p>&nbsp;<\/p>\n<p>*****<\/p>\n","protected":false},"excerpt":{"rendered":"<p>VILLORBA (TV)\u00a0I Carabinieri della Stazione di Villorba (TV) sono intervenuti nella tarda mattinata di ieri presso la stazione ferroviaria di Lancenigo di Villorba (TV) dove stava sostando il treno regionale Conegliano &#8211; Venezia. Il Capotreno, infatti, aveva nella circostanza fatto allontanare i passeggeri da una delle carrozze ove veniva segnalata una donna, in evidente stato&hellip;<\/p>\n","protected":false},"author":4,"featured_media":240996,"comment_status":"closed","ping_status":"open","sticky":false,"template":"","format":"standard","meta":{"_monsterinsights_skip_tracking":false,"_monsterinsights_sitenote_active":false,"_monsterinsights_sitenote_note":"","_monsterinsights_sitenote_category":0,"footnotes":""},"categories":[51,49],"tags":[],"class_list":["post-240991","post","type-post","status-publish","format-standard","has-post-thumbnail","hentry","category-evidenza-top","category-news-18","category-51","category-49","description-off"],"img_url":"https:\/\/www.radiopiu.net\/wordpress\/wp-content\/uploads\/2021\/11\/normal_240_1.jpg","_links":{"self":[{"href":"https:\/\/www.radiopiu.net\/wordpress\/wp-json\/wp\/v2\/posts\/240991","targetHints":{"allow":["GET"]}}],"collection":[{"href":"https:\/\/www.radiopiu.net\/wordpress\/wp-json\/wp\/v2\/posts"}],"about":[{"href":"https:\/\/www.radiopiu.net\/wordpress\/wp-json\/wp\/v2\/types\/post"}],"author":[{"embeddable":true,"href":"https:\/\/www.radiopiu.net\/wordpress\/wp-json\/wp\/v2\/users\/4"}],"replies":[{"embeddable":true,"href":"https:\/\/www.radiopiu.net\/wordpress\/wp-json\/wp\/v2\/comments?post=240991"}],"version-history":[{"count":0,"href":"https:\/\/www.radiopiu.net\/wordpress\/wp-json\/wp\/v2\/posts\/240991\/revisions"}],"wp:featuredmedia":[{"embeddable":true,"href":"https:\/\/www.radiopiu.net\/wordpress\/wp-json\/wp\/v2\/media\/240996"}],"wp:attachment":[{"href":"https:\/\/www.radiopiu.net\/wordpress\/wp-json\/wp\/v2\/media?parent=240991"}],"wp:term":[{"taxonomy":"category","embeddable":true,"href":"https:\/\/www.radiopiu.net\/wordpress\/wp-json\/wp\/v2\/categories?post=240991"},{"taxonomy":"post_tag","embeddable":true,"href":"https:\/\/www.radiopiu.net\/wordpress\/wp-json\/wp\/v2\/tags?post=240991"}],"curies":[{"name":"wp","href":"https:\/\/api.w.org\/{rel}","templated":true}]}}