{"id":241014,"date":"2021-11-04T16:01:51","date_gmt":"2021-11-04T15:01:51","guid":{"rendered":"https:\/\/www.radiopiu.net\/wordpress\/?p=241014"},"modified":"2021-11-04T16:02:27","modified_gmt":"2021-11-04T15:02:27","slug":"aggiornamento-covid-ulss-1-48-nuove-positivita-a-san-pietro-chiudono-le-scuole-fino-al-9-novembre","status":"publish","type":"post","link":"https:\/\/www.radiopiu.net\/wordpress\/aggiornamento-covid-ulss-1-48-nuove-positivita-a-san-pietro-chiudono-le-scuole-fino-al-9-novembre\/","title":{"rendered":"AGGIORNAMENTO COVID ULSS 1: 48 NUOVE POSITIVITA&#8217;, A SAN PIETRO CHIUDONO LE SCUOLE FINO AL 9 NOVEMBRE"},"content":{"rendered":"<p><strong><a href=\"https:\/\/www.radiopiu.net\/wordpress\/monoclonali-pronti-per-la-somministrazione-in-ulss-1-dolomiti\/ulss-1-2\/\" rel=\"attachment wp-att-198838\"><img loading=\"lazy\" decoding=\"async\" class=\"size-medium wp-image-198838 alignleft\" src=\"https:\/\/www.radiopiu.net\/wordpress\/wp-content\/uploads\/2021\/03\/ULSS-1-300x158.jpg\" alt=\"\" width=\"300\" height=\"158\" srcset=\"https:\/\/www.radiopiu.net\/wordpress\/wp-content\/uploads\/2021\/03\/ULSS-1-300x158.jpg 300w, https:\/\/www.radiopiu.net\/wordpress\/wp-content\/uploads\/2021\/03\/ULSS-1-768x404.jpg 768w, https:\/\/www.radiopiu.net\/wordpress\/wp-content\/uploads\/2021\/03\/ULSS-1.jpg 776w\" sizes=\"auto, (max-width: 300px) 100vw, 300px\" \/><\/a>BELLUNO\u00a0 <\/strong>Nelle ultime 24 ore sono emerse 48 nuove positivit\u00e0, in forte incremento rispetto ai giorni precedenti. Alla luce dell&#8217;importante incremento della casistica Covid nel comune di San Pietro, con prevalente interessamento di bambini \/ ragazzi frequentanti le locali scuole Primaria e Secondaria di I grado, \u00e8 stata concordata con il Sindaco e le autorit\u00e0 scolastiche la sospensione dell&#8217;attivit\u00e0\u00a0 del plesso fino a marted\u00ec 09.11.2021. I primi giorni della prossima settimana sar\u00e0 rivalutata la situazione epidemiologica per eventuali ulteriori decisioni. Si segnala, inoltre, la rilevazione di 5 positivit\u00e0 tra ospiti e 4 tra operatori in una casa di riposo del Feltrino. Al momento gli ospiti sono asintomatici. La situazione \u00e8 attentamente monitorata. \u00ab<em>Osservando i dati epidemiologici di altri Paesi europei a noi vicini, \u00e8 necessario tenere alta l\u2019attenzione\u00bb, ribadisce il direttore generale Maria Grazia Carraro, \u00ab manteniamo comportamenti prudenti evitando luoghi affollati, usando la mascherina, arieggiando spesso i locali e igienizzando le mani<\/em>\u00bb<\/p>\n<p>&nbsp;<\/p>\n<p>&nbsp;<\/p>\n<p>*****<\/p>\n","protected":false},"excerpt":{"rendered":"<p>BELLUNO\u00a0 Nelle ultime 24 ore sono emerse 48 nuove positivit\u00e0, in forte incremento rispetto ai giorni precedenti. Alla luce dell&#8217;importante incremento della casistica Covid nel comune di San Pietro, con prevalente interessamento di bambini \/ ragazzi frequentanti le locali scuole Primaria e Secondaria di I grado, \u00e8 stata concordata con il Sindaco e le autorit\u00e0&hellip;<\/p>\n","protected":false},"author":4,"featured_media":198838,"comment_status":"closed","ping_status":"open","sticky":false,"template":"","format":"standard","meta":{"_monsterinsights_skip_tracking":false,"_monsterinsights_sitenote_active":false,"_monsterinsights_sitenote_note":"","_monsterinsights_sitenote_category":0,"footnotes":""},"categories":[51,49],"tags":[],"class_list":["post-241014","post","type-post","status-publish","format-standard","has-post-thumbnail","hentry","category-evidenza-top","category-news-18","category-51","category-49","description-off"],"img_url":"https:\/\/www.radiopiu.net\/wordpress\/wp-content\/uploads\/2021\/03\/ULSS-1.jpg","_links":{"self":[{"href":"https:\/\/www.radiopiu.net\/wordpress\/wp-json\/wp\/v2\/posts\/241014","targetHints":{"allow":["GET"]}}],"collection":[{"href":"https:\/\/www.radiopiu.net\/wordpress\/wp-json\/wp\/v2\/posts"}],"about":[{"href":"https:\/\/www.radiopiu.net\/wordpress\/wp-json\/wp\/v2\/types\/post"}],"author":[{"embeddable":true,"href":"https:\/\/www.radiopiu.net\/wordpress\/wp-json\/wp\/v2\/users\/4"}],"replies":[{"embeddable":true,"href":"https:\/\/www.radiopiu.net\/wordpress\/wp-json\/wp\/v2\/comments?post=241014"}],"version-history":[{"count":0,"href":"https:\/\/www.radiopiu.net\/wordpress\/wp-json\/wp\/v2\/posts\/241014\/revisions"}],"wp:featuredmedia":[{"embeddable":true,"href":"https:\/\/www.radiopiu.net\/wordpress\/wp-json\/wp\/v2\/media\/198838"}],"wp:attachment":[{"href":"https:\/\/www.radiopiu.net\/wordpress\/wp-json\/wp\/v2\/media?parent=241014"}],"wp:term":[{"taxonomy":"category","embeddable":true,"href":"https:\/\/www.radiopiu.net\/wordpress\/wp-json\/wp\/v2\/categories?post=241014"},{"taxonomy":"post_tag","embeddable":true,"href":"https:\/\/www.radiopiu.net\/wordpress\/wp-json\/wp\/v2\/tags?post=241014"}],"curies":[{"name":"wp","href":"https:\/\/api.w.org\/{rel}","templated":true}]}}