{"id":241056,"date":"2021-11-05T05:35:07","date_gmt":"2021-11-05T04:35:07","guid":{"rendered":"https:\/\/www.radiopiu.net\/wordpress\/?p=241056"},"modified":"2021-11-05T05:50:29","modified_gmt":"2021-11-05T04:50:29","slug":"operaio-della-valle-del-biois-cade-da-una-piattaforma-a-fonzaso-e-ricoverato-a-treviso","status":"publish","type":"post","link":"https:\/\/www.radiopiu.net\/wordpress\/operaio-della-valle-del-biois-cade-da-una-piattaforma-a-fonzaso-e-ricoverato-a-treviso\/","title":{"rendered":"&#8220;PAOLONE&#8221; ELETTRICISTA DELLA VALLE DEL BIOIS CADE DA UNA PIATTAFORMA A FONZASO, E&#8217; RICOVERATO A TREVISO"},"content":{"rendered":"<p><strong><a href=\"https:\/\/www.radiopiu.net\/wordpress\/operaio-della-valle-del-biois-cade-da-una-piattaforma-a-fonzaso-e-ricoverato-a-treviso\/a7849c8f-0424-46e3-a05b-a95060c39e48\/\" rel=\"attachment wp-att-241057\"><img loading=\"lazy\" decoding=\"async\" class=\"size-medium wp-image-241057 alignleft\" src=\"https:\/\/www.radiopiu.net\/wordpress\/wp-content\/uploads\/2021\/11\/a7849c8f-0424-46e3-a05b-a95060c39e48-300x134.jpg\" alt=\"\" width=\"300\" height=\"134\" srcset=\"https:\/\/www.radiopiu.net\/wordpress\/wp-content\/uploads\/2021\/11\/a7849c8f-0424-46e3-a05b-a95060c39e48-300x134.jpg 300w, https:\/\/www.radiopiu.net\/wordpress\/wp-content\/uploads\/2021\/11\/a7849c8f-0424-46e3-a05b-a95060c39e48-1024x458.jpg 1024w, https:\/\/www.radiopiu.net\/wordpress\/wp-content\/uploads\/2021\/11\/a7849c8f-0424-46e3-a05b-a95060c39e48-768x344.jpg 768w, https:\/\/www.radiopiu.net\/wordpress\/wp-content\/uploads\/2021\/11\/a7849c8f-0424-46e3-a05b-a95060c39e48-1536x687.jpg 1536w, https:\/\/www.radiopiu.net\/wordpress\/wp-content\/uploads\/2021\/11\/a7849c8f-0424-46e3-a05b-a95060c39e48.jpg 1600w\" sizes=\"auto, (max-width: 300px) 100vw, 300px\" \/><\/a>FONZASO<\/strong> Un altro incidente sul lavoro dalle conseguenze gravi funesta questa giornata. Un uomo di 59 anni \u00e8 caduto da un&#8217;impalcatura di sei metri mentre lavorava presso un capannone nella zona industriale di Fonzaso di propriet\u00e0 della Spicam-lavorazione meccaniche. Era impegnato su una piattaforma semovente quando ha perso l&#8217;equilibrio cadendo rovinosamente a terra. Immediato l&#8217;intervento dei sanitari del Suem 118 e dell&#8217;elicottero di Pieve di Cadore. Dopo le prime cure il falcadino Paolo Pescosta (ancora cosciente) \u00e8 stato trasportato d&#8217;urgenza al C\u00e0 Foncello di Treviso, dove \u00e8\u00a0 stato poi ricoverato in rianimazione, i sanitari si sono riservati la prognosi in virt\u00f9 del trauma cranico facciale e delle minuscole fratture alla colonna vertebrale. Tutta da chiarire la dinamica dell&#8217;incidente, per questo sul posto hanno condotto le indagini i Carabinieri della stazione di Arsi\u00e8 e i funzionari dello Spisal competenti per territorio.<\/p>\n<p>&nbsp;<\/p>\n","protected":false},"excerpt":{"rendered":"<p>FONZASO Un altro incidente sul lavoro dalle conseguenze gravi funesta questa giornata. Un uomo di 59 anni \u00e8 caduto da un&#8217;impalcatura di sei metri mentre lavorava presso un capannone nella zona industriale di Fonzaso di propriet\u00e0 della Spicam-lavorazione meccaniche. Era impegnato su una piattaforma semovente quando ha perso l&#8217;equilibrio cadendo rovinosamente a terra. Immediato l&#8217;intervento&hellip;<\/p>\n","protected":false},"author":4,"featured_media":241057,"comment_status":"closed","ping_status":"open","sticky":false,"template":"","format":"standard","meta":{"_monsterinsights_skip_tracking":false,"_monsterinsights_sitenote_active":false,"_monsterinsights_sitenote_note":"","_monsterinsights_sitenote_category":0,"footnotes":""},"categories":[51,49],"tags":[],"class_list":["post-241056","post","type-post","status-publish","format-standard","has-post-thumbnail","hentry","category-evidenza-top","category-news-18","category-51","category-49","description-off"],"img_url":"https:\/\/www.radiopiu.net\/wordpress\/wp-content\/uploads\/2021\/11\/a7849c8f-0424-46e3-a05b-a95060c39e48.jpg","_links":{"self":[{"href":"https:\/\/www.radiopiu.net\/wordpress\/wp-json\/wp\/v2\/posts\/241056","targetHints":{"allow":["GET"]}}],"collection":[{"href":"https:\/\/www.radiopiu.net\/wordpress\/wp-json\/wp\/v2\/posts"}],"about":[{"href":"https:\/\/www.radiopiu.net\/wordpress\/wp-json\/wp\/v2\/types\/post"}],"author":[{"embeddable":true,"href":"https:\/\/www.radiopiu.net\/wordpress\/wp-json\/wp\/v2\/users\/4"}],"replies":[{"embeddable":true,"href":"https:\/\/www.radiopiu.net\/wordpress\/wp-json\/wp\/v2\/comments?post=241056"}],"version-history":[{"count":0,"href":"https:\/\/www.radiopiu.net\/wordpress\/wp-json\/wp\/v2\/posts\/241056\/revisions"}],"wp:featuredmedia":[{"embeddable":true,"href":"https:\/\/www.radiopiu.net\/wordpress\/wp-json\/wp\/v2\/media\/241057"}],"wp:attachment":[{"href":"https:\/\/www.radiopiu.net\/wordpress\/wp-json\/wp\/v2\/media?parent=241056"}],"wp:term":[{"taxonomy":"category","embeddable":true,"href":"https:\/\/www.radiopiu.net\/wordpress\/wp-json\/wp\/v2\/categories?post=241056"},{"taxonomy":"post_tag","embeddable":true,"href":"https:\/\/www.radiopiu.net\/wordpress\/wp-json\/wp\/v2\/tags?post=241056"}],"curies":[{"name":"wp","href":"https:\/\/api.w.org\/{rel}","templated":true}]}}