{"id":241064,"date":"2021-11-05T05:37:59","date_gmt":"2021-11-05T04:37:59","guid":{"rendered":"https:\/\/www.radiopiu.net\/wordpress\/?p=241064"},"modified":"2021-11-05T05:48:39","modified_gmt":"2021-11-05T04:48:39","slug":"flessibilita-luxottica-agordo-il-piano-di-novembre-e-dicembre-con-un-premio-sulla-presenza","status":"publish","type":"post","link":"https:\/\/www.radiopiu.net\/wordpress\/flessibilita-luxottica-agordo-il-piano-di-novembre-e-dicembre-con-un-premio-sulla-presenza\/","title":{"rendered":"FLESSIBILITA&#8217; LUXOTTICA AGORDO: IL PIANO DI NOVEMBRE E DICEMBRE CON UN PREMIO SULLA PRESENZA"},"content":{"rendered":"<p><strong><a href=\"https:\/\/www.radiopiu.net\/wordpress\/giornale-radiopiu-01-agosto-2020-direttore-mirko-mezzacasa\/814ace46-a8a2-4c2d-a100-4d87aa509ef3\/\" rel=\"attachment wp-att-152483\"><img loading=\"lazy\" decoding=\"async\" class=\"size-medium wp-image-152483 alignleft\" src=\"https:\/\/www.radiopiu.net\/wordpress\/wp-content\/uploads\/2020\/07\/814ace46-a8a2-4c2d-a100-4d87aa509ef3-300x225.jpg\" alt=\"\" width=\"300\" height=\"225\" srcset=\"https:\/\/www.radiopiu.net\/wordpress\/wp-content\/uploads\/2020\/07\/814ace46-a8a2-4c2d-a100-4d87aa509ef3-300x225.jpg 300w, https:\/\/www.radiopiu.net\/wordpress\/wp-content\/uploads\/2020\/07\/814ace46-a8a2-4c2d-a100-4d87aa509ef3-1024x768.jpg 1024w, https:\/\/www.radiopiu.net\/wordpress\/wp-content\/uploads\/2020\/07\/814ace46-a8a2-4c2d-a100-4d87aa509ef3-768x576.jpg 768w, https:\/\/www.radiopiu.net\/wordpress\/wp-content\/uploads\/2020\/07\/814ace46-a8a2-4c2d-a100-4d87aa509ef3-1536x1152.jpg 1536w, https:\/\/www.radiopiu.net\/wordpress\/wp-content\/uploads\/2020\/07\/814ace46-a8a2-4c2d-a100-4d87aa509ef3.jpg 1560w\" sizes=\"auto, (max-width: 300px) 100vw, 300px\" \/><\/a>AGORDO<\/strong> RSU e Luxottica si sono incontrati nelle ultime ore per stilare il calendario della flessibilit\u00e0 positiva per i mesi di novembre e dicembre. Sono 5 i sabati lavorativi concordati dalle parti ma le maestranze saranno chiamate a lavorare per 4 fine settimana. Queste le date: 13, 20, 27 novembre, 4 e 11 dicembre. Nelle giornate del 13, 27 novembre e 4 dicembre lo stabilimento lavorer\u00e0 a pieno regime con entrambi i turni chiamati al lavoro. Il 20 novembre e l&#8217;11 dicembre lavoreranno solo gli operai con turno mattina in quella settimana. RSU e dirigenza Luxottica hanno concordato un premio di partecipazione per coloro che saranno pi\u00f9 presenti in questi sabati lavorativi. In base a quante giornate di flessibilit\u00e0 far\u00e0 il dipendente, Luxottica erogher\u00e0, con la busta paga di dicembre in consegna a gennaio, un bonus che consiste in 50 euro per un sabato lavorato, 100 euro per due presenze di flessibilit\u00e0, 200 euro nel caso in cui l&#8217;operaio sia presente per tre sabati e 400 euro per il dipendete che timbrer\u00e0 il cartellino in tutti e quattro i sabati lavorativi. Tutto verr\u00e0 retribuito in proporzione alle ore lavorate.<\/p>\n<p>&nbsp;<\/p>\n<p>&nbsp;<\/p>\n<p>****<\/p>\n","protected":false},"excerpt":{"rendered":"<p>AGORDO RSU e Luxottica si sono incontrati nelle ultime ore per stilare il calendario della flessibilit\u00e0 positiva per i mesi di novembre e dicembre. Sono 5 i sabati lavorativi concordati dalle parti ma le maestranze saranno chiamate a lavorare per 4 fine settimana. Queste le date: 13, 20, 27 novembre, 4 e 11 dicembre. Nelle&hellip;<\/p>\n","protected":false},"author":4,"featured_media":152483,"comment_status":"closed","ping_status":"open","sticky":false,"template":"","format":"standard","meta":{"_monsterinsights_skip_tracking":false,"_monsterinsights_sitenote_active":false,"_monsterinsights_sitenote_note":"","_monsterinsights_sitenote_category":0,"footnotes":""},"categories":[51,49],"tags":[],"class_list":["post-241064","post","type-post","status-publish","format-standard","has-post-thumbnail","hentry","category-evidenza-top","category-news-18","category-51","category-49","description-off"],"img_url":"https:\/\/www.radiopiu.net\/wordpress\/wp-content\/uploads\/2020\/07\/814ace46-a8a2-4c2d-a100-4d87aa509ef3.jpg","_links":{"self":[{"href":"https:\/\/www.radiopiu.net\/wordpress\/wp-json\/wp\/v2\/posts\/241064","targetHints":{"allow":["GET"]}}],"collection":[{"href":"https:\/\/www.radiopiu.net\/wordpress\/wp-json\/wp\/v2\/posts"}],"about":[{"href":"https:\/\/www.radiopiu.net\/wordpress\/wp-json\/wp\/v2\/types\/post"}],"author":[{"embeddable":true,"href":"https:\/\/www.radiopiu.net\/wordpress\/wp-json\/wp\/v2\/users\/4"}],"replies":[{"embeddable":true,"href":"https:\/\/www.radiopiu.net\/wordpress\/wp-json\/wp\/v2\/comments?post=241064"}],"version-history":[{"count":0,"href":"https:\/\/www.radiopiu.net\/wordpress\/wp-json\/wp\/v2\/posts\/241064\/revisions"}],"wp:featuredmedia":[{"embeddable":true,"href":"https:\/\/www.radiopiu.net\/wordpress\/wp-json\/wp\/v2\/media\/152483"}],"wp:attachment":[{"href":"https:\/\/www.radiopiu.net\/wordpress\/wp-json\/wp\/v2\/media?parent=241064"}],"wp:term":[{"taxonomy":"category","embeddable":true,"href":"https:\/\/www.radiopiu.net\/wordpress\/wp-json\/wp\/v2\/categories?post=241064"},{"taxonomy":"post_tag","embeddable":true,"href":"https:\/\/www.radiopiu.net\/wordpress\/wp-json\/wp\/v2\/tags?post=241064"}],"curies":[{"name":"wp","href":"https:\/\/api.w.org\/{rel}","templated":true}]}}