{"id":241065,"date":"2021-11-04T19:50:10","date_gmt":"2021-11-04T18:50:10","guid":{"rendered":"https:\/\/www.radiopiu.net\/wordpress\/?p=241065"},"modified":"2021-11-04T19:52:40","modified_gmt":"2021-11-04T18:52:40","slug":"i-nomi-delle-convocate-al-torneo","status":"publish","type":"post","link":"https:\/\/www.radiopiu.net\/wordpress\/i-nomi-delle-convocate-al-torneo\/","title":{"rendered":"I NOMI DELLE CONVOCATE AL TORNEO DI QUALIFICAZIONE OLIMPICA"},"content":{"rendered":"<p><span style=\"color: #0000ff;\">HOCKEY FEMMINILE\u00a0<\/span><\/p>\n<table width=\"100%\">\n<tbody>\n<tr>\n<td>\n<table width=\"100%\">\n<tbody>\n<tr>\n<td><\/td>\n<\/tr>\n<\/tbody>\n<\/table>\n<\/td>\n<\/tr>\n<tr>\n<td>\n<table width=\"100%\">\n<tbody>\n<tr>\n<td>\n<table width=\"100%\">\n<tbody>\n<tr>\n<td>\n<h3>Italia femminile a F\u00fcssen dall&#8217;11 al 14 novembre a caccia dell&#8217;impresa per ottenere il pass per Pechino 2022. Le azzurrine under 18 in Ungheria per il Torneo 4 Nazioni.<\/h3>\n<\/td>\n<\/tr>\n<\/tbody>\n<\/table>\n<\/td>\n<\/tr>\n<\/tbody>\n<\/table>\n<table width=\"100%\">\n<tbody>\n<tr>\n<td>\n<table width=\"100%\">\n<tbody>\n<tr>\n<td>\n<h4><a href=\"https:\/\/www.radiopiu.net\/wordpress\/i-nomi-delle-convocate-al-torneo-di-qualificazione-olimpica\/6f32f194-e25d-736f-0476-88fce9359fa8\/\" rel=\"attachment wp-att-241066\"><img loading=\"lazy\" decoding=\"async\" class=\"size-medium wp-image-241066 alignleft\" src=\"https:\/\/www.radiopiu.net\/wordpress\/wp-content\/uploads\/2021\/11\/6f32f194-e25d-736f-0476-88fce9359fa8-300x200.jpg\" alt=\"\" width=\"300\" height=\"200\" srcset=\"https:\/\/www.radiopiu.net\/wordpress\/wp-content\/uploads\/2021\/11\/6f32f194-e25d-736f-0476-88fce9359fa8-300x200.jpg 300w, https:\/\/www.radiopiu.net\/wordpress\/wp-content\/uploads\/2021\/11\/6f32f194-e25d-736f-0476-88fce9359fa8-1024x683.jpg 1024w, https:\/\/www.radiopiu.net\/wordpress\/wp-content\/uploads\/2021\/11\/6f32f194-e25d-736f-0476-88fce9359fa8-768x512.jpg 768w, https:\/\/www.radiopiu.net\/wordpress\/wp-content\/uploads\/2021\/11\/6f32f194-e25d-736f-0476-88fce9359fa8.jpg 1200w\" sizes=\"auto, (max-width: 300px) 100vw, 300px\" \/><\/a>L\u2019operazione <strong>F<\/strong><strong>\u00fcssen<\/strong>, per <strong>l\u2019hockey su<\/strong> <strong>ghiaccio<\/strong> <strong>femminile<\/strong> italiano, scatter\u00e0 luned\u00ec 8 novembre. Sar\u00e0 quella, infatti, la data in cui le 23 ragazze convocate da <strong>coach Max Fedrizzi<\/strong> si ritroveranno a <strong>Egna<\/strong> per poi trasferirsi immediatamente in Germania e preparare al meglio l\u2019appuntamento pi\u00f9 importante degli ultimi anni: il <strong>torneo di qualificazione olimpica<\/strong>. L\u2019<strong>Italia<\/strong>, infatti, si giocher\u00e0 il pass per le <strong>Olimpiadi di Pechino 2022<\/strong> dall\u201911 al 14 febbraio nella cittadina bavarese famosa per i castelli: si parte gioved\u00ec 11 novembre alle ore 20.45 contro la <strong>Danimarca<\/strong>, quindi, dopo un giorno di riposo, si riprende sabato 13 novembre alle ore 12 contro la <strong>Germania<\/strong> padrona di casa, per poi concludere il torneo domenica 14 novembre alle ore 15.30 contro l\u2019<strong>Austria<\/strong>. Le azzurre sono le outsider del quadrangolare, che promuove una sola squadra ai <strong>Giochi invernali<\/strong>, in virt\u00f9 del 16esimo posto nel ranking IIHF contro il 14esimo dell\u2019Austria, l\u201911esimo della Danimarca e l\u2019ottavo della Germania.<\/h4>\n<p><strong><a href=\"https:\/\/www.radiopiu.net\/wordpress\/i-nomi-delle-convocate-al-torneo-di-qualificazione-olimpica\/211008_tp_team_italy_dib8840-1024x683\/\" rel=\"attachment wp-att-241067\"><img loading=\"lazy\" decoding=\"async\" class=\"size-medium wp-image-241067 alignright\" src=\"https:\/\/www.radiopiu.net\/wordpress\/wp-content\/uploads\/2021\/11\/211008_TP_Team_Italy_DIB8840-1024x683-1-300x200.jpg\" alt=\"\" width=\"300\" height=\"200\" srcset=\"https:\/\/www.radiopiu.net\/wordpress\/wp-content\/uploads\/2021\/11\/211008_TP_Team_Italy_DIB8840-1024x683-1-300x200.jpg 300w, https:\/\/www.radiopiu.net\/wordpress\/wp-content\/uploads\/2021\/11\/211008_TP_Team_Italy_DIB8840-1024x683-1-768x512.jpg 768w, https:\/\/www.radiopiu.net\/wordpress\/wp-content\/uploads\/2021\/11\/211008_TP_Team_Italy_DIB8840-1024x683-1.jpg 1024w\" sizes=\"auto, (max-width: 300px) 100vw, 300px\" \/><\/a>Portiere<\/strong>: Elisa Biondi (Ambri Piotta Girls \u2013 SUI), Martina Fedel (Brinkens U18 \u2013 SWE), Ilaria Girardi (Lakers Egna).<\/p>\n<p><strong>Difensore<\/strong>: Valentina Bettarini (Eagles Bolzano), Mara Da Rech (Eagles Bolzano), Laura Lobis (Eagles Bolzano), Nadia Mattivi (Boston University \u2013 NCAA), Greta Niccolai (Lugano \u2013 SUI), Valentina Ricca (Girls Project Aosta), Franziska Stocker (Eagles Bolzano), Amie Varano (Eagles Bolzano).<\/p>\n<p><strong>Attaccanti<\/strong>: Aurora Abatangelo (Lugano Ladies \u2013 SUI), Eleonora Bonafini (Eagles Bolzano), Anna Callovini (Eagles Bolzano), Mia Campo Bagatin (Ice Bears Dobbiaco), Anna Caumo (Ice Bears Dobbiaco), Chelsea Furlani (Eagles Bolzano), Samantha Gius (Eagles Bolzano), Sara Kaneppele (Eagles Bolzano), Marta Mazzocchi (Girls Project Aosta), Elena Perathoner (Lakers Egna), Rebecca Roccella (Ambri Piotta Girls \u2013 SUI), Carola Saletta (Lausanne \u2013 SUI)<\/p>\n<p><strong>Coaching staff<\/strong>: Massimo Fedrizzi (head coach), Martin Pavlu (assistant coach), Luca Giovinazzo (assistant coach)<\/p>\n<h4>\u00a0Contemporaneamente alla nazionale senior, si rimetter\u00e0 al lavoro anche la <strong>nazionale under 18 femminile<\/strong>, che dal 9 al 15 gennaio 2022 parteciper\u00e0 a <strong>G<\/strong><strong>y\u00f6r<\/strong>, in <strong>Ungheria<\/strong>, al Mondiale di Prima Divisione gruppo A. Nella stessa localit\u00e0 magiara, le ragazze guidate per l\u2019occasione da <strong>Stefano Dapr\u00e0<\/strong>, disputeranno il <strong>Torneo 4 Nazioni<\/strong> affrontando nell\u2019ordine <strong>Ungheria<\/strong> (11 novembre, ore 19), <strong>Francia<\/strong> (12 novembre, ore 15.30) e <strong>Slovacchia<\/strong> (13 novembre, ore 10.30).<\/h4>\n<p><strong>Portiere<\/strong>: Margherita Ostoni, Carlotta Regine.\u00a0<strong>Difensore<\/strong>: Olivia Cambruzzi, Emma Cereghini, Emily De Cristofaro, Elisa Innocenti, Agata Muraro, Anna Passarella, Emma Rindone, Saskia Rohregger.\u00a0<strong>Attaccanti<\/strong>: Isabel Augustin, Federica Boaglio, Sarah Engele, Matilde Fantin, Annalisa Giuliani, Manuela Heidenberger, Mia Klettenhammer, Ilary Larese De Pasqua, Priscilla Palazzari, Beatrice Parini, Eleonora Trombetta, Lara Zanettini.<\/p>\n<p><strong>Coaching staff<\/strong>: Stefano Dapr\u00e0 (head coach), Davide Bertin (assistant coach), Luca Giacomuzzi (assistant coach).<\/p>\n<p>FOTO DIEGO BARBIERI_FISG<\/td>\n<\/tr>\n<\/tbody>\n<\/table>\n<\/td>\n<\/tr>\n<\/tbody>\n<\/table>\n<\/td>\n<\/tr>\n<\/tbody>\n<\/table>\n","protected":false},"excerpt":{"rendered":"<p>HOCKEY FEMMINILE\u00a0 Italia femminile a F\u00fcssen dall&#8217;11 al 14 novembre a caccia dell&#8217;impresa per ottenere il pass per Pechino 2022. Le azzurrine under 18 in Ungheria per il Torneo 4 Nazioni. L\u2019operazione F\u00fcssen, per l\u2019hockey su ghiaccio femminile italiano, scatter\u00e0 luned\u00ec 8 novembre. Sar\u00e0 quella, infatti, la data in cui le 23 ragazze convocate da&hellip;<\/p>\n","protected":false},"author":4,"featured_media":241066,"comment_status":"closed","ping_status":"open","sticky":false,"template":"","format":"standard","meta":{"_monsterinsights_skip_tracking":false,"_monsterinsights_sitenote_active":false,"_monsterinsights_sitenote_note":"","_monsterinsights_sitenote_category":0,"footnotes":""},"categories":[49,72],"tags":[],"class_list":["post-241065","post","type-post","status-publish","format-standard","has-post-thumbnail","hentry","category-news-18","category-sport","category-49","category-72","description-off"],"img_url":"https:\/\/www.radiopiu.net\/wordpress\/wp-content\/uploads\/2021\/11\/6f32f194-e25d-736f-0476-88fce9359fa8.jpg","_links":{"self":[{"href":"https:\/\/www.radiopiu.net\/wordpress\/wp-json\/wp\/v2\/posts\/241065","targetHints":{"allow":["GET"]}}],"collection":[{"href":"https:\/\/www.radiopiu.net\/wordpress\/wp-json\/wp\/v2\/posts"}],"about":[{"href":"https:\/\/www.radiopiu.net\/wordpress\/wp-json\/wp\/v2\/types\/post"}],"author":[{"embeddable":true,"href":"https:\/\/www.radiopiu.net\/wordpress\/wp-json\/wp\/v2\/users\/4"}],"replies":[{"embeddable":true,"href":"https:\/\/www.radiopiu.net\/wordpress\/wp-json\/wp\/v2\/comments?post=241065"}],"version-history":[{"count":0,"href":"https:\/\/www.radiopiu.net\/wordpress\/wp-json\/wp\/v2\/posts\/241065\/revisions"}],"wp:featuredmedia":[{"embeddable":true,"href":"https:\/\/www.radiopiu.net\/wordpress\/wp-json\/wp\/v2\/media\/241066"}],"wp:attachment":[{"href":"https:\/\/www.radiopiu.net\/wordpress\/wp-json\/wp\/v2\/media?parent=241065"}],"wp:term":[{"taxonomy":"category","embeddable":true,"href":"https:\/\/www.radiopiu.net\/wordpress\/wp-json\/wp\/v2\/categories?post=241065"},{"taxonomy":"post_tag","embeddable":true,"href":"https:\/\/www.radiopiu.net\/wordpress\/wp-json\/wp\/v2\/tags?post=241065"}],"curies":[{"name":"wp","href":"https:\/\/api.w.org\/{rel}","templated":true}]}}