{"id":241083,"date":"2021-11-05T05:36:30","date_gmt":"2021-11-05T04:36:30","guid":{"rendered":"https:\/\/www.radiopiu.net\/wordpress\/?p=241083"},"modified":"2021-11-05T05:50:08","modified_gmt":"2021-11-05T04:50:08","slug":"la-prima-neve-le-prime-piogge-e-la-rabbia-sale-quello-che-non-va","status":"publish","type":"post","link":"https:\/\/www.radiopiu.net\/wordpress\/la-prima-neve-le-prime-piogge-e-la-rabbia-sale-quello-che-non-va\/","title":{"rendered":"LA PRIMA NEVE, LE PRIME PIOGGE E LA RABBIA SALE&#8230; quello che non va"},"content":{"rendered":"<h3><\/h3>\n<p><a href=\"https:\/\/www.radiopiu.net\/wordpress\/ultimora-strada-c-riaperta\/416a42ac-72ff-4a01-bf1c-4b600c0426e2\/\" rel=\"attachment wp-att-240893\"><img loading=\"lazy\" decoding=\"async\" class=\"wp-image-240893 alignleft\" src=\"https:\/\/www.radiopiu.net\/wordpress\/wp-content\/uploads\/2021\/11\/416a42ac-72ff-4a01-bf1c-4b600c0426e2-300x225.jpg\" alt=\"\" width=\"197\" height=\"148\" srcset=\"https:\/\/www.radiopiu.net\/wordpress\/wp-content\/uploads\/2021\/11\/416a42ac-72ff-4a01-bf1c-4b600c0426e2-300x225.jpg 300w, https:\/\/www.radiopiu.net\/wordpress\/wp-content\/uploads\/2021\/11\/416a42ac-72ff-4a01-bf1c-4b600c0426e2-768x576.jpg 768w, https:\/\/www.radiopiu.net\/wordpress\/wp-content\/uploads\/2021\/11\/416a42ac-72ff-4a01-bf1c-4b600c0426e2.jpg 1024w\" sizes=\"auto, (max-width: 197px) 100vw, 197px\" \/><\/a>Ad Arabba il Tir di traverso ha mandato il tilt il traffico di prima mattina, il sindaco Leandro Grones:<em>&#8220;Un traffico di tir che prima non c&#8217;era\u00a0 \u00e8 tempo di fare una valutazione. Scelgono queste strade in mezzo alle montagne per risparmiare, ma \u00e8 impensabile. Alcuni azzardano anche il Pordoi&#8221;<\/em>. A Rocca Pietore Fedaia (lato Trento) chiuso&#8230; per 35 centrimetri di neve. Succede da anni e il sindaco Andrea De Bernardin ci ha provato con le buone e anche con le cattive, ma tutto pare senza soluzione perch\u00e9 ai trentini va bene cos\u00ec anche perch\u00e9 \u00e8 pur sempre una buona barriera di confine per il turista che sceglie l&#8217;altra parte&#8230; Scendendo nella Conca Agordina il problema \u00e8 invece la gallerai dei Castei, la Gardaland dell&#8217;Agordino con cascate d&#8217;acqua che scendono dall&#8217;alto, per il momento cade solo acqua, e grandi pozzanghere che si formano dentro e fuori dal tunnel. Di tutt&#8217;altra natura l&#8217;episodio in Valle di San Lucano, il grosso masso che si \u00e8 staccato dalle Pale di San Lucano (zona interessata dall&#8217;incendio del 2018), \u00e8 arrivato diritto in strada, fortunatamente a quell&#8217;ora, di notte in pieno nubifragio non transitava nessuno.\u00a0 A proposito di 203 agordina, continuano i lavori di disaggio e bonifica in zona La Stanga, mercoledi un&#8217;ora di chiusura totale dalle 8.45 alle 9.35 come comunicato con largo anticipo da Veneto Strade.(mm)<\/p>\n","protected":false},"excerpt":{"rendered":"<p>Ad Arabba il Tir di traverso ha mandato il tilt il traffico di prima mattina, il sindaco Leandro Grones:&#8220;Un traffico di tir che prima non c&#8217;era\u00a0 \u00e8 tempo di fare una valutazione. Scelgono queste strade in mezzo alle montagne per risparmiare, ma \u00e8 impensabile. Alcuni azzardano anche il Pordoi&#8221;. A Rocca Pietore Fedaia (lato Trento)&hellip;<\/p>\n","protected":false},"author":4,"featured_media":240910,"comment_status":"closed","ping_status":"open","sticky":false,"template":"","format":"standard","meta":{"_monsterinsights_skip_tracking":false,"_monsterinsights_sitenote_active":false,"_monsterinsights_sitenote_note":"","_monsterinsights_sitenote_category":0,"footnotes":""},"categories":[51,49],"tags":[],"class_list":["post-241083","post","type-post","status-publish","format-standard","has-post-thumbnail","hentry","category-evidenza-top","category-news-18","category-51","category-49","description-off"],"img_url":"https:\/\/www.radiopiu.net\/wordpress\/wp-content\/uploads\/2021\/11\/251999256_2065607916948046_641396876917323860_n.jpg","_links":{"self":[{"href":"https:\/\/www.radiopiu.net\/wordpress\/wp-json\/wp\/v2\/posts\/241083","targetHints":{"allow":["GET"]}}],"collection":[{"href":"https:\/\/www.radiopiu.net\/wordpress\/wp-json\/wp\/v2\/posts"}],"about":[{"href":"https:\/\/www.radiopiu.net\/wordpress\/wp-json\/wp\/v2\/types\/post"}],"author":[{"embeddable":true,"href":"https:\/\/www.radiopiu.net\/wordpress\/wp-json\/wp\/v2\/users\/4"}],"replies":[{"embeddable":true,"href":"https:\/\/www.radiopiu.net\/wordpress\/wp-json\/wp\/v2\/comments?post=241083"}],"version-history":[{"count":0,"href":"https:\/\/www.radiopiu.net\/wordpress\/wp-json\/wp\/v2\/posts\/241083\/revisions"}],"wp:featuredmedia":[{"embeddable":true,"href":"https:\/\/www.radiopiu.net\/wordpress\/wp-json\/wp\/v2\/media\/240910"}],"wp:attachment":[{"href":"https:\/\/www.radiopiu.net\/wordpress\/wp-json\/wp\/v2\/media?parent=241083"}],"wp:term":[{"taxonomy":"category","embeddable":true,"href":"https:\/\/www.radiopiu.net\/wordpress\/wp-json\/wp\/v2\/categories?post=241083"},{"taxonomy":"post_tag","embeddable":true,"href":"https:\/\/www.radiopiu.net\/wordpress\/wp-json\/wp\/v2\/tags?post=241083"}],"curies":[{"name":"wp","href":"https:\/\/api.w.org\/{rel}","templated":true}]}}