{"id":241141,"date":"2021-11-05T12:25:58","date_gmt":"2021-11-05T11:25:58","guid":{"rendered":"https:\/\/www.radiopiu.net\/wordpress\/?p=241141"},"modified":"2021-11-05T13:06:51","modified_gmt":"2021-11-05T12:06:51","slug":"da-fiera-cavalli-di-verona-luca-zaia-fa-il-punto-sulla-situazione-covid-19-in-veneto","status":"publish","type":"post","link":"https:\/\/www.radiopiu.net\/wordpress\/da-fiera-cavalli-di-verona-luca-zaia-fa-il-punto-sulla-situazione-covid-19-in-veneto\/","title":{"rendered":"VENETO: OTTAVA REGIONE PER NUMERO DI DECESSI IL VENETO RIMANE IN ZONA BIANCA"},"content":{"rendered":"<p><strong>VERONA<\/strong> Cambia la location per il punto stampa del Presidente del Veneto Luca Zaia che oggi da Fiera Cavalli di Verona far\u00e0 il punto della situazione sul Covid in Veneto.<\/p>\n<p>IL BOLLETTINO:\u00a0 TAMPONI OLTRE 16 MILA POSITIVI DA INIZIO EPIDEMIA 483.465, POSITIVI ATTUALI 11.833,\u00a0 NELLE ULTIME 24 ORE POSITIVI 792\u00a0 INCIDENZA 0,78%,\u00a0 RICOVERATI TOTALI\u00a0 280 (+7 ) IN AREA NON CRITICA 234\u00a0 (+6 )\u00a0 IN TERAPIA INTENSIVA 46\u00a0 (-1 ) MORTI DA INIZIO EPIDEMIA 11.841\u00a0 (+1) Veneto ottava regione in Italia per mortalit\u00e0, positivi attuali quasi 12mila dopo la soglia minima di poche settimana fa attorno ad 8.000.<\/p>\n<p>&nbsp;<\/p>\n<blockquote>\n<h3><strong>LEGGI LA CONFERENZA STAMPA<\/strong><\/h3>\n<p><strong>175,8 su 100mila abitanti non vaccinati si \u00e8 infettato, mentre il 30,1 dei vaccinati si contagiato.\u00a0 Incidenza 0.78% Rt a 1,1 occupazione degli ospedali\u00a0 3%<\/strong><\/p><\/blockquote>\n<p>Siamo in una fiera, il merito \u00e8 di coloro che si sono vaccinati. <strong>TARGET VACCINAZIONE<\/strong>\u00a0 Sopra gli 80 annni 99%, 70-79 anni 73%, 60-69 anni 89%, 50-59 anni 85%, 40-49 anni 79%, 30-39 anni\u00a0 78% 20-29 anni\u00a0 83% 12-19 anni 69%\u00a0 I ragazzi hanno risposto in maniera performante soprattutto la fascia 20-29 anni. Nelle ultime due settimane i non vaccinati che si sono infettati sono 175 su 100mila abitanti, i vaccinati 36,1 su 100 mila abitanti. Essere vaccinato 80% della possibilit\u00e0 in meno di infettarsi, l&#8217;80% dei ricoverati in terapia intensiva non \u00e8 vaccinato e la met\u00e0 dei ricoverati in area non critica. Non faccio il difensore dei vaccini ma non posso accettare ci sia una sola campagna, rimango per la volont\u00e0 vaccinale. Siamo preoccupati perch\u00e9 l&#8217;atteggiamento \u00e8 quello del rilassamento.\u00a0 \u00c8 aumentata del 50% in una settimana, da 30 a 46 pazienti, l&#8217;occupazione delle terapie intensive da parte dei malati di Covid-19 in Veneto. Se \u00e8 un trend\u00a0 \u00e8 preoccupante. Stiamo lavorando a pieno regime con le terapie intensive (occupazione totale 356 pazienti).<\/p>\n<p>&nbsp;<\/p>\n<p><a href=\"https:\/\/www.facebook.com\/zaiaufficiale\/videos\/398230535330032\">https:\/\/www.facebook.com\/zaiaufficiale\/videos\/398230535330032<\/a><\/p>\n<p>&nbsp;<\/p>\n","protected":false},"excerpt":{"rendered":"<p>VERONA Cambia la location per il punto stampa del Presidente del Veneto Luca Zaia che oggi da Fiera Cavalli di Verona far\u00e0 il punto della situazione sul Covid in Veneto. IL BOLLETTINO:\u00a0 TAMPONI OLTRE 16 MILA POSITIVI DA INIZIO EPIDEMIA 483.465, POSITIVI ATTUALI 11.833,\u00a0 NELLE ULTIME 24 ORE POSITIVI 792\u00a0 INCIDENZA 0,78%,\u00a0 RICOVERATI TOTALI\u00a0 280&hellip;<\/p>\n","protected":false},"author":4,"featured_media":241144,"comment_status":"closed","ping_status":"open","sticky":false,"template":"","format":"standard","meta":{"_monsterinsights_skip_tracking":false,"_monsterinsights_sitenote_active":false,"_monsterinsights_sitenote_note":"","_monsterinsights_sitenote_category":0,"footnotes":""},"categories":[104,49],"tags":[],"class_list":["post-241141","post","type-post","status-publish","format-standard","has-post-thumbnail","hentry","category-evidenza_3","category-news-18","category-104","category-49","description-off"],"img_url":"https:\/\/www.radiopiu.net\/wordpress\/wp-content\/uploads\/2021\/11\/ZAIA-CAVALLI.jpg","_links":{"self":[{"href":"https:\/\/www.radiopiu.net\/wordpress\/wp-json\/wp\/v2\/posts\/241141","targetHints":{"allow":["GET"]}}],"collection":[{"href":"https:\/\/www.radiopiu.net\/wordpress\/wp-json\/wp\/v2\/posts"}],"about":[{"href":"https:\/\/www.radiopiu.net\/wordpress\/wp-json\/wp\/v2\/types\/post"}],"author":[{"embeddable":true,"href":"https:\/\/www.radiopiu.net\/wordpress\/wp-json\/wp\/v2\/users\/4"}],"replies":[{"embeddable":true,"href":"https:\/\/www.radiopiu.net\/wordpress\/wp-json\/wp\/v2\/comments?post=241141"}],"version-history":[{"count":0,"href":"https:\/\/www.radiopiu.net\/wordpress\/wp-json\/wp\/v2\/posts\/241141\/revisions"}],"wp:featuredmedia":[{"embeddable":true,"href":"https:\/\/www.radiopiu.net\/wordpress\/wp-json\/wp\/v2\/media\/241144"}],"wp:attachment":[{"href":"https:\/\/www.radiopiu.net\/wordpress\/wp-json\/wp\/v2\/media?parent=241141"}],"wp:term":[{"taxonomy":"category","embeddable":true,"href":"https:\/\/www.radiopiu.net\/wordpress\/wp-json\/wp\/v2\/categories?post=241141"},{"taxonomy":"post_tag","embeddable":true,"href":"https:\/\/www.radiopiu.net\/wordpress\/wp-json\/wp\/v2\/tags?post=241141"}],"curies":[{"name":"wp","href":"https:\/\/api.w.org\/{rel}","templated":true}]}}