{"id":241255,"date":"2021-11-05T18:15:26","date_gmt":"2021-11-05T17:15:26","guid":{"rendered":"https:\/\/www.radiopiu.net\/wordpress\/?p=241255"},"modified":"2021-11-06T06:07:44","modified_gmt":"2021-11-06T05:07:44","slug":"lappello-di-paolini-oggi-servono-giornalisti-come-tina-merlin","status":"publish","type":"post","link":"https:\/\/www.radiopiu.net\/wordpress\/lappello-di-paolini-oggi-servono-giornalisti-come-tina-merlin\/","title":{"rendered":"L&#8217;APPELLO DI PAOLINI &#8220;OGGI SERVONO GIORNALISTI COME TINA MERLIN&#8221;"},"content":{"rendered":"<p><strong><a class=\"dt-pswp-item\" href=\"https:\/\/www.radiopiu.net\/wordpress\/wp-content\/uploads\/2021\/11\/c8b44fe2-a9fa-41e5-aef9-5260bdcfea39-1-881x495-1.jpg\" data-dt-img-description=\"\" data-large_image_width=\"881\" data-large_image_height=\"495\"><img loading=\"lazy\" decoding=\"async\" class=\"wp-image-241256 alignleft\" src=\"https:\/\/www.radiopiu.net\/wordpress\/wp-content\/uploads\/2021\/11\/c8b44fe2-a9fa-41e5-aef9-5260bdcfea39-1-881x495-1-300x169.jpg\" alt=\"\" width=\"343\" height=\"193\" srcset=\"https:\/\/www.radiopiu.net\/wordpress\/wp-content\/uploads\/2021\/11\/c8b44fe2-a9fa-41e5-aef9-5260bdcfea39-1-881x495-1-300x169.jpg 300w, https:\/\/www.radiopiu.net\/wordpress\/wp-content\/uploads\/2021\/11\/c8b44fe2-a9fa-41e5-aef9-5260bdcfea39-1-881x495-1-768x432.jpg 768w, https:\/\/www.radiopiu.net\/wordpress\/wp-content\/uploads\/2021\/11\/c8b44fe2-a9fa-41e5-aef9-5260bdcfea39-1-881x495-1.jpg 881w\" sizes=\"auto, (max-width: 343px) 100vw, 343px\" \/><\/a>BELLUNO<\/strong> <em>\u00abDov\u2019\u00e8 Tina Merlin adesso? Insieme ai giornalisti che raccontano le tragedie invisibili del nostro Paese e che per questo spesso rischiano aggressioni e minacce\u00bb.<\/em> Cos\u00ec Marco Paolini dal palco del Teatro Comunale di Belluno, dove stamattina si \u00e8 tenuto il convegno nazionale per il trentennale della morte della giornalista che raccont\u00f2 il Vajont, l\u2019unica che raccolse le preoccupazioni degli abitanti di Erto e Casso prima dell\u2019onda del 9 ottobre 1963 e che seppe fare il lavoro da \u201ccane da guardia\u201d del potere, andando contro la Sade e i potentati economici. Un evento con 400 persone in presenza, voluto dal Sindacato giornalisti Veneto e dalla Fnsi, e organizzato insieme all\u2019Assostampa bellunese, ad Articolo 21 Veneto e alla Provincia di Belluno, con l\u2019associazione culturale Tina Merlin, i Comuni di Belluno, Longarone e Borgo Valbelluna, e con le Scuole in Rete. Dov\u2019\u00e8 Tina Merlin adesso? \u00abC\u2019\u00e8, ce ne sono tante. Sono i giornalisti precari che vengono anestetizzati con le querele bavaglio e con compensi da fame\u00bb la risposta di Giuseppe Giulietti, presidente Fnsi, in un accorato appello al ministro Federico D\u2019Inc\u00e0, presente a teatro per sbloccare le leggi contro le querele temerari e per l\u2019equo compenso dormienti in Parlamento. Dov\u2019\u00e8 Tina Merlin adesso? \u00abSarebbe tra gli operai di Ideal Standard e di Acc , a raccogliere le loro voci in ansia per il futuro delle fabbriche dove lavorano in Sinistra Piave\u00bb la risposta di Adriana Lotto, presidente dell\u2019associazione culturale Tina Merlin, che ha tracciato un profilo preciso e appassionato allo stesso tempo della cronista, della staffetta partigiana, della donna e madre Clementina Merlin, detta Tina. Ma anche Marco Paolini ha dato la sua risposta. L\u2019attore noto al grande pubblico soprattutto per l\u2019Orazione Civile sul Vajont ha lasciato le prove della prima nazionale del nuovo spettacolo \u201cSani!\u201d (domani sera al Teatri Verdi di Pordenone) per tornare \u2013 oltre 20 anni dopo \u2013 a parlare di Vajont e di Tina Merlin. \u00ab\u201cSulla pelle viva\u201d, il libro scritto dalla <a class=\"dt-pswp-item\" href=\"https:\/\/www.radiopiu.net\/wordpress\/wp-content\/uploads\/2021\/11\/252630011_2070392069787647_5198631681547842386_n.jpg\" data-dt-img-description=\"\" data-large_image_width=\"398\" data-large_image_height=\"600\"><img loading=\"lazy\" decoding=\"async\" class=\"wp-image-241263 alignright\" src=\"https:\/\/www.radiopiu.net\/wordpress\/wp-content\/uploads\/2021\/11\/252630011_2070392069787647_5198631681547842386_n.jpg\" alt=\"\" width=\"273\" height=\"412\" srcset=\"https:\/\/www.radiopiu.net\/wordpress\/wp-content\/uploads\/2021\/11\/252630011_2070392069787647_5198631681547842386_n.jpg 398w, https:\/\/www.radiopiu.net\/wordpress\/wp-content\/uploads\/2021\/11\/252630011_2070392069787647_5198631681547842386_n-199x300.jpg 199w\" sizes=\"auto, (max-width: 273px) 100vw, 273px\" \/><\/a>Merlin sulla tragedia del 9 ottobre 1963, mi ha trasmesso qualcosa di cui non riuscivo a liberarmi. \u00c8 quell\u2019emozione che oggi bisogna ritrovare in tutte le cose che si fanno. Perch\u00e9 l\u2019emozione \u00e8 cura. Cura delle cose, cura delle persone, cura dei paesaggi\u2026 \u201cSulla pelle viva\u201d \u00e8 un libro che produce un\u2019emozione e fa nascere una curiosit\u00e0 verso la storia di Tina Merlin e del Vajont. Oggi viviamo in una societ\u00e0 di dati, ma i dati da soli non bastano: servono le emozioni. Questa \u00e8 la grande eredit\u00e0 di Tina Merlin\u00bb. Emozione trasmessa ancora oggi dalle parole scritta da Tina Merlini fra la fine degli anni Sessanta e gli anni Novanta, e lette con passione dall\u2019attrice Anna Tringali del Teatro Bresci. Emozione che \u00e8 diventata il filo rosso dell\u2019intervento di Floriana Bulfon, giornalista d\u2019inchiesta e vittima di minacce e querele bavaglio: \u00abTina ha lottato per la sua gente, in un periodo in cui quella gente nessuno voleva ascoltarla\u00bb le sue parole d\u2019esordio. \u00abAnche oggi ci sono parole, moniti soprattutto, che nessuno sembra voler ascoltare. Il nostro Paese dovrebbe aver imparato il concetto di dissesto idrogeologico. Invece continuiamo a costruire sul fango e a cementificare sui morti. Bisogna recuperare il modello della denuncia. Uscire, ascoltare le persone, raccontare, scrivere. Osservare, soprattutto osservare\u00bb. Osservare come \u00e8 normale per un giornalista d\u2019inchiesta e come dovranno fare i ragazzi delle scuole bellunesi, a cui \u00e8 dedicato il concorso lanciato sempre dal palco del Comunale da Franco Chemello, coordinatore di Scuole in Rete: un tema sulla figura di Tina per il biennio delle superiori; un articolo d\u2019inchiesta per i ragazzi del triennio. Dovranno osservare, proprio come faceva Tina Merlin. Che ha sempre sofferto il peso della realt\u00e0 povera, contadina, e scarsamente scolarizzata in cui viveva. Una condizione di subalternit\u00e0 che \u00e8 stata stigmatizzata anche dagli studenti della consulta provinciale e delle Scuole in Rete. Anche da loro un appello accorato, sullo stile di Tina: \u00abSe vogliamo contrastare lo spopolamento della montagna, si deve partire dall\u2019istruzione. E servono facolt\u00e0 universitarie a Belluno e in provincia, perch\u00e9 la formazione e l\u2019istruzione sono dignit\u00e0. E la dignit\u00e0 \u00e8 la base della libert\u00e0 e della democrazia\u00bb. Insomma, la lezione di Tina, trent\u2019anni dopo, \u00e8 ancora viva. Lo hanno ribadito in apertura dei lavori l\u2019assessore comunale di Belluno, Marco Perale, il presidente della Provincia e sindaco di Longarone, Roberto Padrin e il ministro bellunese D\u2019Inc\u00e0 che, insieme a Giulietti, ha proposto di dedicare a Tina Merlin e alla libert\u00e0 di informazione quale presidio democratico, un luogo pubblico, una via, un parco, una piazza magari con una statua.<\/p>\n<p>&nbsp;<\/p>\n<blockquote>\n<h3><a class=\"dt-pswp-item\" href=\"https:\/\/www.radiopiu.net\/wordpress\/wp-content\/uploads\/2021\/11\/252614079_2070399699786884_4620276247036049298_n.jpg\" data-dt-img-description=\"\" data-large_image_width=\"1600\" data-large_image_height=\"1066\"><img loading=\"lazy\" decoding=\"async\" class=\"size-thumbnail wp-image-241266 alignleft\" src=\"https:\/\/www.radiopiu.net\/wordpress\/wp-content\/uploads\/2021\/11\/252614079_2070399699786884_4620276247036049298_n-150x150.jpg\" alt=\"\" width=\"150\" height=\"150\" \/><\/a>IL MINISTRO FEDERICO D&#8217;INCA&#8217;<\/h3>\n<p>Uno dei miei pi\u00f9 grandi desideri \u00e8 che il territorio bellunese ospiti un monumento in onore di <a class=\"oajrlxb2 g5ia77u1 qu0x051f esr5mh6w e9989ue4 r7d6kgcz rq0escxv nhd2j8a9 nc684nl6 p7hjln8o kvgmc6g5 cxmmr5t8 oygrvhab hcukyx3x jb3vyjys rz4wbd8a qt6c0cv9 a8nywdso i1ao9s8h esuyzwwr f1sip0of lzcic4wl q66pz984 gpro0wi8 b1v8xokw\" tabindex=\"0\" role=\"link\" href=\"https:\/\/www.facebook.com\/hashtag\/tinamerlin?__eep__=6&amp;__cft__[0]=AZVbFeBDfmyRiJfjABs5k8BQkdtdgBT7jkARQWYou9ppNSUYGcp5dTIJ2_gxNRXJlFTCSoXO_YM6o12dB0f8FmPTi1a-Oh-_tTGpz77olpDciM4uNBtdl5OaOEBtvDSaV1r9pQe_wah4O_sRcPqxXBSa&amp;__tn__=*NK-R\">#TinaMerlin<\/a>. E questo desiderio l\u2019ho espresso oggi al teatro comunale di Belluno nel corso delle commemorazioni nel trentennale della morte di questa donna coraggiosa, integerrima giornalista dell&#8217;Unit\u00e0 che \u00e8 stata protagonista di molte battaglie civili. Tina Merlin \u00e8 un simbolo per tutti noi nel percorso verso il raggiungimento di una reale, concreta e consapevole parit\u00e0 di genere. \u00c8 un esempio per le tante ragazze e i ragazzi che aspirano a diventare giornalisti e che nel senso di responsabilit\u00e0 e nello spirito di giustizia che hanno caratterizzato il lavoro della Merlin possono trovare grande fonte d\u2019ispirazione per diventare loro stessi protagonisti di un\u2019informazione seria, imparziale e misurata. Un altro mio desiderio \u00e8 poter inaugurare quel monumento in sua memoria.<\/p>\n<p>&nbsp;<\/p>\n<p>&nbsp;<\/p>\n<p>***<\/p><\/blockquote>\n","protected":false},"excerpt":{"rendered":"<p>BELLUNO \u00abDov\u2019\u00e8 Tina Merlin adesso? Insieme ai giornalisti che raccontano le tragedie invisibili del nostro Paese e che per questo spesso rischiano aggressioni e minacce\u00bb. Cos\u00ec Marco Paolini dal palco del Teatro Comunale di Belluno, dove stamattina si \u00e8 tenuto il convegno nazionale per il trentennale della morte della giornalista che raccont\u00f2 il Vajont, l\u2019unica&hellip;<\/p>\n","protected":false},"author":1,"featured_media":241256,"comment_status":"closed","ping_status":"open","sticky":false,"template":"","format":"standard","meta":{"_monsterinsights_skip_tracking":false,"_monsterinsights_sitenote_active":false,"_monsterinsights_sitenote_note":"","_monsterinsights_sitenote_category":0,"footnotes":""},"categories":[104,49],"tags":[],"class_list":["post-241255","post","type-post","status-publish","format-standard","has-post-thumbnail","hentry","category-evidenza_3","category-news-18","category-104","category-49","description-off"],"img_url":"https:\/\/www.radiopiu.net\/wordpress\/wp-content\/uploads\/2021\/11\/c8b44fe2-a9fa-41e5-aef9-5260bdcfea39-1-881x495-1.jpg","_links":{"self":[{"href":"https:\/\/www.radiopiu.net\/wordpress\/wp-json\/wp\/v2\/posts\/241255","targetHints":{"allow":["GET"]}}],"collection":[{"href":"https:\/\/www.radiopiu.net\/wordpress\/wp-json\/wp\/v2\/posts"}],"about":[{"href":"https:\/\/www.radiopiu.net\/wordpress\/wp-json\/wp\/v2\/types\/post"}],"author":[{"embeddable":true,"href":"https:\/\/www.radiopiu.net\/wordpress\/wp-json\/wp\/v2\/users\/1"}],"replies":[{"embeddable":true,"href":"https:\/\/www.radiopiu.net\/wordpress\/wp-json\/wp\/v2\/comments?post=241255"}],"version-history":[{"count":0,"href":"https:\/\/www.radiopiu.net\/wordpress\/wp-json\/wp\/v2\/posts\/241255\/revisions"}],"wp:featuredmedia":[{"embeddable":true,"href":"https:\/\/www.radiopiu.net\/wordpress\/wp-json\/wp\/v2\/media\/241256"}],"wp:attachment":[{"href":"https:\/\/www.radiopiu.net\/wordpress\/wp-json\/wp\/v2\/media?parent=241255"}],"wp:term":[{"taxonomy":"category","embeddable":true,"href":"https:\/\/www.radiopiu.net\/wordpress\/wp-json\/wp\/v2\/categories?post=241255"},{"taxonomy":"post_tag","embeddable":true,"href":"https:\/\/www.radiopiu.net\/wordpress\/wp-json\/wp\/v2\/tags?post=241255"}],"curies":[{"name":"wp","href":"https:\/\/api.w.org\/{rel}","templated":true}]}}