{"id":241318,"date":"2021-11-06T05:50:45","date_gmt":"2021-11-06T04:50:45","guid":{"rendered":"https:\/\/www.radiopiu.net\/wordpress\/?p=241318"},"modified":"2021-11-06T06:07:17","modified_gmt":"2021-11-06T05:07:17","slug":"contratto-operai-idraulico-forestali-verso-la-firma-finale-dellaccordo","status":"publish","type":"post","link":"https:\/\/www.radiopiu.net\/wordpress\/contratto-operai-idraulico-forestali-verso-la-firma-finale-dellaccordo\/","title":{"rendered":"CONTRATTO OPERAI IDRAULICO-FORESTALI VERSO LA FIRMA FINALE DELL&#8217;ACCORDO"},"content":{"rendered":"<p><strong><a href=\"https:\/\/www.radiopiu.net\/wordpress\/giornale-radiopiu-31-dicembre-2018-direttore-mirko-mezzacasa\/argentera_ferrere-7\/\" rel=\"attachment wp-att-71005\"><img loading=\"lazy\" decoding=\"async\" class=\"size-medium wp-image-71005 alignleft\" src=\"https:\/\/www.radiopiu.net\/wordpress\/wp-content\/uploads\/2018\/12\/argentera_ferrere-3-300x114.jpg\" alt=\"\" width=\"300\" height=\"114\" srcset=\"https:\/\/www.radiopiu.net\/wordpress\/wp-content\/uploads\/2018\/12\/argentera_ferrere-3-300x114.jpg 300w, https:\/\/www.radiopiu.net\/wordpress\/wp-content\/uploads\/2018\/12\/argentera_ferrere-3-768x293.jpg 768w, https:\/\/www.radiopiu.net\/wordpress\/wp-content\/uploads\/2018\/12\/argentera_ferrere-3.jpg 865w\" sizes=\"auto, (max-width: 300px) 100vw, 300px\" \/><\/a>ROMA<\/strong> Con l&#8217;approvazione ieri in via definitiva al Senato del Decreto Incendi che contiene un articolo sullo status del contratto degli operai forestali, cade ogni ostacolo verso la firma dell&#8217;accordo contrattuale. Che dovr\u00e0 avvenire, tra Sindacati e parti datoriali tra le quali Uncem, al pi\u00f9 presto. L&#8217;emendamento inserito nei lavori parlamentari nella conversione del DL Incendi, \u00e8 stato stimolato dalla Conferenza delle Regioni e fa s\u00ec che tutte le parti coinvolte possano finalmente siglare il rinnovo del contratto. Pertanto, appena sar\u00e0 pubblicata la legge definitiva, verr\u00e0 immediatamente riconvocato il tavolo negoziale per la firma definitiva di un contratto atteso da anni. <em>&#8220;Un risultato importante che Uncem, insieme con tutti i componenti del tavolo, aspettava da tempo a chiusura di un lavoro che ci ha visti impegnati per mesi su un contratto che dar\u00e0 un po&#8217; di serenit\u00e0 e dignit\u00e0 al settore e a 65mila lavoratori forestali italiani&#8221;. <\/em>Lo afferma Vincenzo Luciano, Vicepresidente nazionale Uncem e Presidente Uncem Campania.<\/p>\n","protected":false},"excerpt":{"rendered":"<p>ROMA Con l&#8217;approvazione ieri in via definitiva al Senato del Decreto Incendi che contiene un articolo sullo status del contratto degli operai forestali, cade ogni ostacolo verso la firma dell&#8217;accordo contrattuale. Che dovr\u00e0 avvenire, tra Sindacati e parti datoriali tra le quali Uncem, al pi\u00f9 presto. L&#8217;emendamento inserito nei lavori parlamentari nella conversione del DL&hellip;<\/p>\n","protected":false},"author":4,"featured_media":71005,"comment_status":"closed","ping_status":"open","sticky":false,"template":"","format":"standard","meta":{"_monsterinsights_skip_tracking":false,"_monsterinsights_sitenote_active":false,"_monsterinsights_sitenote_note":"","_monsterinsights_sitenote_category":0,"footnotes":""},"categories":[51,49],"tags":[],"class_list":["post-241318","post","type-post","status-publish","format-standard","has-post-thumbnail","hentry","category-evidenza-top","category-news-18","category-51","category-49","description-off"],"img_url":"https:\/\/www.radiopiu.net\/wordpress\/wp-content\/uploads\/2018\/12\/argentera_ferrere-3.jpg","_links":{"self":[{"href":"https:\/\/www.radiopiu.net\/wordpress\/wp-json\/wp\/v2\/posts\/241318","targetHints":{"allow":["GET"]}}],"collection":[{"href":"https:\/\/www.radiopiu.net\/wordpress\/wp-json\/wp\/v2\/posts"}],"about":[{"href":"https:\/\/www.radiopiu.net\/wordpress\/wp-json\/wp\/v2\/types\/post"}],"author":[{"embeddable":true,"href":"https:\/\/www.radiopiu.net\/wordpress\/wp-json\/wp\/v2\/users\/4"}],"replies":[{"embeddable":true,"href":"https:\/\/www.radiopiu.net\/wordpress\/wp-json\/wp\/v2\/comments?post=241318"}],"version-history":[{"count":0,"href":"https:\/\/www.radiopiu.net\/wordpress\/wp-json\/wp\/v2\/posts\/241318\/revisions"}],"wp:featuredmedia":[{"embeddable":true,"href":"https:\/\/www.radiopiu.net\/wordpress\/wp-json\/wp\/v2\/media\/71005"}],"wp:attachment":[{"href":"https:\/\/www.radiopiu.net\/wordpress\/wp-json\/wp\/v2\/media?parent=241318"}],"wp:term":[{"taxonomy":"category","embeddable":true,"href":"https:\/\/www.radiopiu.net\/wordpress\/wp-json\/wp\/v2\/categories?post=241318"},{"taxonomy":"post_tag","embeddable":true,"href":"https:\/\/www.radiopiu.net\/wordpress\/wp-json\/wp\/v2\/tags?post=241318"}],"curies":[{"name":"wp","href":"https:\/\/api.w.org\/{rel}","templated":true}]}}