{"id":241502,"date":"2021-11-08T08:14:55","date_gmt":"2021-11-08T07:14:55","guid":{"rendered":"https:\/\/www.radiopiu.net\/wordpress\/?p=241502"},"modified":"2021-11-08T08:14:56","modified_gmt":"2021-11-08T07:14:56","slug":"periodo-di-transizione-di-john-francis-della-pietra","status":"publish","type":"post","link":"https:\/\/www.radiopiu.net\/wordpress\/periodo-di-transizione-di-john-francis-della-pietra\/","title":{"rendered":"PERIODO DI TRANSIZIONE&#8230;DI JOHN FRANCIS DELLA PIETRA"},"content":{"rendered":"<p><strong><a href=\"https:\/\/www.radiopiu.net\/wordpress\/periodo-di-transizione-di-john-francis-della-pietra\/1a6c876d-6484-4691-9cd7-2c7ccff1fbf9\/\" rel=\"attachment wp-att-241503\"><img loading=\"lazy\" decoding=\"async\" class=\"size-medium wp-image-241503 alignright\" src=\"https:\/\/www.radiopiu.net\/wordpress\/wp-content\/uploads\/2021\/11\/1a6c876d-6484-4691-9cd7-2c7ccff1fbf9-169x300.jpg\" alt=\"\" width=\"169\" height=\"300\" srcset=\"https:\/\/www.radiopiu.net\/wordpress\/wp-content\/uploads\/2021\/11\/1a6c876d-6484-4691-9cd7-2c7ccff1fbf9-169x300.jpg 169w, https:\/\/www.radiopiu.net\/wordpress\/wp-content\/uploads\/2021\/11\/1a6c876d-6484-4691-9cd7-2c7ccff1fbf9-576x1024.jpg 576w, https:\/\/www.radiopiu.net\/wordpress\/wp-content\/uploads\/2021\/11\/1a6c876d-6484-4691-9cd7-2c7ccff1fbf9-768x1366.jpg 768w, https:\/\/www.radiopiu.net\/wordpress\/wp-content\/uploads\/2021\/11\/1a6c876d-6484-4691-9cd7-2c7ccff1fbf9-864x1536.jpg 864w, https:\/\/www.radiopiu.net\/wordpress\/wp-content\/uploads\/2021\/11\/1a6c876d-6484-4691-9cd7-2c7ccff1fbf9.jpg 899w\" sizes=\"auto, (max-width: 169px) 100vw, 169px\" \/><\/a>PERIODO DI TRANSIZIONE<\/strong><\/p>\n<p><strong>di John Francis Della Pietra<\/strong><\/p>\n<p>Cos\u00ec \u00e8 quello della natura<br \/>\nL&#8217;autunno<br \/>\nChe porta dal caldo estate al freddo inverno<br \/>\nAccompagnandoci per mano dolcemente<br \/>\nInfatti nelle valli permangono i vivaci colori<br \/>\nMentre lass\u00f9 stagliate al cielo biancheggiano gi\u00e0 le vette<br \/>\nAll&#8217;assolato tiepido meriggio<br \/>\nSubitaneo incede il crepuscolo<br \/>\nForiero d&#8217;oscurit\u00e0 e di scintillanti stelle<br \/>\nChe nella notte ci conducono<br \/>\nCon quelle lunghe punte quasi ad indicarci la via<br \/>\nCos\u00ec pure nella vita<br \/>\nLa mezza et\u00e0<br \/>\nCi trasborda dalla giovinezza all anzianit\u00e0<br \/>\nLo fa gradualmente<br \/>\nConsentendoci di comprendere pian piano<br \/>\nIn un tutt&#8217;uno<br \/>\nSi fondono immagini cromatismi emozioni e sensazioni<br \/>\nChe c&#8217;ausiliano benignamente<br \/>\nIn questo meraviglioso<br \/>\nPeriodo di transizione<\/p>\n<p>&nbsp;<\/p>\n\n\t\t\t<style type='text\/css'>\n\t\t\t\t#gallery-1 {\n\t\t\t\t\tmargin: auto;\n\t\t\t\t}\n\t\t\t\t#gallery-1 .gallery-item {\n\t\t\t\t\tfloat: left;\n\t\t\t\t\tmargin-top: 10px;\n\t\t\t\t\ttext-align: center;\n\t\t\t\t\twidth: 50%;\n\t\t\t\t}\n\t\t\t\t#gallery-1 img {\n\t\t\t\t\tborder: 2px solid #cfcfcf;\n\t\t\t\t}\n\t\t\t\t#gallery-1 .gallery-caption {\n\t\t\t\t\tmargin-left: 0;\n\t\t\t\t}\n\t\t\t\t\/* see gallery_shortcode() in wp-includes\/media.php *\/\n\t\t\t<\/style>\n\t\t<div id='gallery-1' class='dt-gallery-container gallery galleryid-241502 gallery-columns-2 gallery-size-medium'><dl class='gallery-item'>\n\t\t\t\t<dt class='gallery-icon landscape'>\n\t\t\t\t\t<a class=\"rollover rollover-zoom dt-pswp-item\" title=\"699c3f50-4ff1-45a2-a821-4c924fbff12d\" data-dt-img-description=\"\" data-large_image_width=\"1599\" data-large_image_height=\"899\"href='https:\/\/www.radiopiu.net\/wordpress\/wp-content\/uploads\/2021\/11\/699c3f50-4ff1-45a2-a821-4c924fbff12d.jpg'><img loading=\"lazy\" decoding=\"async\" width=\"300\" height=\"169\" src=\"https:\/\/www.radiopiu.net\/wordpress\/wp-content\/uploads\/2021\/11\/699c3f50-4ff1-45a2-a821-4c924fbff12d-300x169.jpg\" class=\"attachment-medium size-medium\" alt=\"\" srcset=\"https:\/\/www.radiopiu.net\/wordpress\/wp-content\/uploads\/2021\/11\/699c3f50-4ff1-45a2-a821-4c924fbff12d-300x169.jpg 300w, https:\/\/www.radiopiu.net\/wordpress\/wp-content\/uploads\/2021\/11\/699c3f50-4ff1-45a2-a821-4c924fbff12d-1024x576.jpg 1024w, https:\/\/www.radiopiu.net\/wordpress\/wp-content\/uploads\/2021\/11\/699c3f50-4ff1-45a2-a821-4c924fbff12d-768x432.jpg 768w, https:\/\/www.radiopiu.net\/wordpress\/wp-content\/uploads\/2021\/11\/699c3f50-4ff1-45a2-a821-4c924fbff12d-1536x864.jpg 1536w, https:\/\/www.radiopiu.net\/wordpress\/wp-content\/uploads\/2021\/11\/699c3f50-4ff1-45a2-a821-4c924fbff12d.jpg 1599w\" sizes=\"auto, (max-width: 300px) 100vw, 300px\" \/><\/a>\n\t\t\t\t<\/dt><\/dl><dl class='gallery-item'>\n\t\t\t\t<dt class='gallery-icon landscape'>\n\t\t\t\t\t<a class=\"rollover rollover-zoom dt-pswp-item\" title=\"13554757-baad-4f38-9479-d5d58f53e3f9\" data-dt-img-description=\"\" data-large_image_width=\"1599\" data-large_image_height=\"899\"href='https:\/\/www.radiopiu.net\/wordpress\/wp-content\/uploads\/2021\/11\/13554757-baad-4f38-9479-d5d58f53e3f9.jpg'><img loading=\"lazy\" decoding=\"async\" width=\"300\" height=\"169\" src=\"https:\/\/www.radiopiu.net\/wordpress\/wp-content\/uploads\/2021\/11\/13554757-baad-4f38-9479-d5d58f53e3f9-300x169.jpg\" class=\"attachment-medium size-medium\" alt=\"\" srcset=\"https:\/\/www.radiopiu.net\/wordpress\/wp-content\/uploads\/2021\/11\/13554757-baad-4f38-9479-d5d58f53e3f9-300x169.jpg 300w, https:\/\/www.radiopiu.net\/wordpress\/wp-content\/uploads\/2021\/11\/13554757-baad-4f38-9479-d5d58f53e3f9-1024x576.jpg 1024w, https:\/\/www.radiopiu.net\/wordpress\/wp-content\/uploads\/2021\/11\/13554757-baad-4f38-9479-d5d58f53e3f9-768x432.jpg 768w, https:\/\/www.radiopiu.net\/wordpress\/wp-content\/uploads\/2021\/11\/13554757-baad-4f38-9479-d5d58f53e3f9-1536x864.jpg 1536w, https:\/\/www.radiopiu.net\/wordpress\/wp-content\/uploads\/2021\/11\/13554757-baad-4f38-9479-d5d58f53e3f9.jpg 1599w\" sizes=\"auto, (max-width: 300px) 100vw, 300px\" \/><\/a>\n\t\t\t\t<\/dt><\/dl><br style=\"clear: both\" \/>\n\t\t\t<\/div>\n\n<p>&nbsp;<\/p>\n<p>*****<\/p>\n","protected":false},"excerpt":{"rendered":"<p>PERIODO DI TRANSIZIONE di John Francis Della Pietra Cos\u00ec \u00e8 quello della natura L&#8217;autunno Che porta dal caldo estate al freddo inverno Accompagnandoci per mano dolcemente Infatti nelle valli permangono i vivaci colori Mentre lass\u00f9 stagliate al cielo biancheggiano gi\u00e0 le vette All&#8217;assolato tiepido meriggio Subitaneo incede il crepuscolo Foriero d&#8217;oscurit\u00e0 e di scintillanti stelle&hellip;<\/p>\n","protected":false},"author":4,"featured_media":241505,"comment_status":"closed","ping_status":"open","sticky":false,"template":"","format":"standard","meta":{"_monsterinsights_skip_tracking":false,"_monsterinsights_sitenote_active":false,"_monsterinsights_sitenote_note":"","_monsterinsights_sitenote_category":0,"footnotes":""},"categories":[49],"tags":[],"class_list":["post-241502","post","type-post","status-publish","format-standard","has-post-thumbnail","hentry","category-news-18","category-49","description-off"],"img_url":"https:\/\/www.radiopiu.net\/wordpress\/wp-content\/uploads\/2021\/11\/13554757-baad-4f38-9479-d5d58f53e3f9.jpg","_links":{"self":[{"href":"https:\/\/www.radiopiu.net\/wordpress\/wp-json\/wp\/v2\/posts\/241502","targetHints":{"allow":["GET"]}}],"collection":[{"href":"https:\/\/www.radiopiu.net\/wordpress\/wp-json\/wp\/v2\/posts"}],"about":[{"href":"https:\/\/www.radiopiu.net\/wordpress\/wp-json\/wp\/v2\/types\/post"}],"author":[{"embeddable":true,"href":"https:\/\/www.radiopiu.net\/wordpress\/wp-json\/wp\/v2\/users\/4"}],"replies":[{"embeddable":true,"href":"https:\/\/www.radiopiu.net\/wordpress\/wp-json\/wp\/v2\/comments?post=241502"}],"version-history":[{"count":0,"href":"https:\/\/www.radiopiu.net\/wordpress\/wp-json\/wp\/v2\/posts\/241502\/revisions"}],"wp:featuredmedia":[{"embeddable":true,"href":"https:\/\/www.radiopiu.net\/wordpress\/wp-json\/wp\/v2\/media\/241505"}],"wp:attachment":[{"href":"https:\/\/www.radiopiu.net\/wordpress\/wp-json\/wp\/v2\/media?parent=241502"}],"wp:term":[{"taxonomy":"category","embeddable":true,"href":"https:\/\/www.radiopiu.net\/wordpress\/wp-json\/wp\/v2\/categories?post=241502"},{"taxonomy":"post_tag","embeddable":true,"href":"https:\/\/www.radiopiu.net\/wordpress\/wp-json\/wp\/v2\/tags?post=241502"}],"curies":[{"name":"wp","href":"https:\/\/api.w.org\/{rel}","templated":true}]}}