{"id":241657,"date":"2021-11-08T17:56:05","date_gmt":"2021-11-08T16:56:05","guid":{"rendered":"https:\/\/www.radiopiu.net\/wordpress\/?p=241657"},"modified":"2021-11-09T05:49:52","modified_gmt":"2021-11-09T04:49:52","slug":"crisi-acc-christian-ferrari-cigl-veneto-trovare-una-soluzione-che-dia-una-prospettiva-allo-stabilimento-e-nellinteresse-non-solo-dei-lavoratori-ma-del-tessuto-produttivo-bellunese-e-dellint","status":"publish","type":"post","link":"https:\/\/www.radiopiu.net\/wordpress\/crisi-acc-christian-ferrari-cigl-veneto-trovare-una-soluzione-che-dia-una-prospettiva-allo-stabilimento-e-nellinteresse-non-solo-dei-lavoratori-ma-del-tessuto-produttivo-bellunese-e-dellint\/","title":{"rendered":"CRISI ACC, CHRISTIAN FERRARI (CIGL VENETO): &#8220;TROVARE UNA SOLUZIONE CHE DIA UNA PROSPETTIVA ALLO STABILIMENTO \u00c8 NELL&#8217;INTERESSE NON SOLO DEI LAVORATORI, MA DEL TESSUTO PRODUTTIVO BELLUNESE E DELL&#8217;INTERA REGIONE&#8221;"},"content":{"rendered":"<p><strong><a href=\"https:\/\/www.radiopiu.net\/wordpress\/crisi-acc-christian-ferrari-cigl-veneto-trovare-una-soluzione-che-dia-una-prospettiva-allo-stabilimento-e-nellinteresse-non-solo-dei-lavoratori-ma-del-tessuto-produttivo-bellunese-e-dellint\/253534831_3024093527808904_5651824521787199655_n\/\" rel=\"attachment wp-att-241658\"><img loading=\"lazy\" decoding=\"async\" class=\"size-medium wp-image-241658 alignleft\" src=\"https:\/\/www.radiopiu.net\/wordpress\/wp-content\/uploads\/2021\/11\/253534831_3024093527808904_5651824521787199655_n-300x200.jpg\" alt=\"\" width=\"300\" height=\"200\" srcset=\"https:\/\/www.radiopiu.net\/wordpress\/wp-content\/uploads\/2021\/11\/253534831_3024093527808904_5651824521787199655_n-300x200.jpg 300w, https:\/\/www.radiopiu.net\/wordpress\/wp-content\/uploads\/2021\/11\/253534831_3024093527808904_5651824521787199655_n-1024x683.jpg 1024w, https:\/\/www.radiopiu.net\/wordpress\/wp-content\/uploads\/2021\/11\/253534831_3024093527808904_5651824521787199655_n-768x512.jpg 768w, https:\/\/www.radiopiu.net\/wordpress\/wp-content\/uploads\/2021\/11\/253534831_3024093527808904_5651824521787199655_n-1536x1024.jpg 1536w, https:\/\/www.radiopiu.net\/wordpress\/wp-content\/uploads\/2021\/11\/253534831_3024093527808904_5651824521787199655_n.jpg 1920w\" sizes=\"auto, (max-width: 300px) 100vw, 300px\" \/><\/a>VENEZIA<\/strong> Mercoled\u00ec incontro convocato dall&#8217;Assessore Donazzan sulle criticit\u00e0 della filiera del freddo tra Acc, Electrolux e organizzazioni sindacali. Christian Ferrari, segretario generale Cgil Veneto, che sar\u00e0 presente al confronto, fa il punto della situazione su Acc e lancia un appello alle Istituzioni e sistema economico &#8220;<em>L&#8217;azienda di Borgo Valbelluna \u00e8 l\u2019unico stabilimento italiano che produce compressori per la refrigerazione domestica. La chiusura della sua attivit\u00e0 non determinerebbe solo una grave e ulteriore ferita sociale (con centinaia di posti di lavoro in meno) a un territorio gi\u00e0 in grande difficolt\u00e0 come Belluno, ma anche la perdita &#8211; per il Veneto e per il Paese &#8211; di una competenza industriale decisiva per il nostro futuro produttivo. La tecnologia dei nuovi compressori \u00e8 infatti al centro della transizione ecologica e digitale dell\u2019elettrodomestico e &#8211; nel frattempo &#8211; la crisi delle catene logistiche globalizzate causata dalla pandemia minaccia la sicurezza degli approvvigionamenti per il settore del freddo, che rappresenta un asset molto rilevante per l&#8217;Italia, basti pensare all&#8217;Electrolux di Susegana. La Cgil \u00e8 a favore di una soluzione di mercato. Ma, con realismo, occorre ammettere che questa opzione non \u00e8 dietro l&#8217;angolo. I tentativi messi in campo dal Governo non sono andati a buon fine: sia per quanto riguarda l&#8217;utilizzo dei fondi previsti dalla Legge Prodi &#8211; bis, non autorizzato dalla Commissione europea; sia per il progetto ItalComp (che avrebbe coinvolto anche l&#8217;Embraco), prima promosso e poi accantonato; sia infine sull&#8217;utilizzo del Fondo Grandi Imprese. Il Governo, per evitare l&#8217;ennesimo e a questo punto esiziale errore, dovrebbe almeno disattivare al pi\u00f9 presto il meccanismo che sta portando ad anticipare la fine dell\u2019amministrazione straordinaria rispetto alla scadenza di legge, che verrebbe convertita in un fallimento senza via di uscita. Anche la Regione Veneto, che si \u00e8 presa fin qui a cuore la vicenda, deve fare un passo in pi\u00f9 nell&#8217;attivazione di una \u201csoluzione-ponte\u201d per mettere in sicurezza ACC, garantendole una produzione adeguata, visto che i clienti non mancano, e completando l\u2019investimento sul compressore a velocit\u00e0 variabile che le garantir\u00e0 un prospero futuro. Per poi cedere a investitori internazionali che la consolidino e sviluppino. Non mancano le alternative interessanti. Potrebbe trattarsi del Gruppo Fincantieri, o della stessa Electrolux, o di un altro soggetto. Potrebbe trattarsi di soluzioni definitive o temporanee. In ogni caso, occorre mettere in campo sia a livello regionale che nazionale una politica industriale degna di questo nome e all&#8217;altezza delle sfide che il tempo che viviamo ci pone davanti: dalla conversione ecologica alla transizione digitale. Pensare di affrontarle lasciando tutto allo spontaneismo del mercato e alle sue tempistiche, vuol dire rinunciare al proprio ruolo e rassegnarsi alla perdita di ulteriore terreno da parte del nostro sistema economico e della manifattura italiana. E a pagarne il prezzo pi\u00f9 salato sarebbero, come sempre, le lavoratrici e i lavoratori, insieme alle aree pi\u00f9 svantaggiate del nostro Paese, che a parole tutti sostengono di voler proteggere e che invece rischiano sempre di pi\u00f9 di essere abbandonate a un destino di declino e di spopolamento<\/em>&#8221;<\/p>\n<p><em>(FONTE: Pagina Facebook CGIL Veneto)<\/em><\/p>\n<p>&nbsp;<\/p>\n<p>&nbsp;<\/p>\n<p>*****<\/p>\n","protected":false},"excerpt":{"rendered":"<p>VENEZIA Mercoled\u00ec incontro convocato dall&#8217;Assessore Donazzan sulle criticit\u00e0 della filiera del freddo tra Acc, Electrolux e organizzazioni sindacali. Christian Ferrari, segretario generale Cgil Veneto, che sar\u00e0 presente al confronto, fa il punto della situazione su Acc e lancia un appello alle Istituzioni e sistema economico &#8220;L&#8217;azienda di Borgo Valbelluna \u00e8 l\u2019unico stabilimento italiano che produce&hellip;<\/p>\n","protected":false},"author":4,"featured_media":217731,"comment_status":"closed","ping_status":"open","sticky":false,"template":"","format":"standard","meta":{"_monsterinsights_skip_tracking":false,"_monsterinsights_sitenote_active":false,"_monsterinsights_sitenote_note":"","_monsterinsights_sitenote_category":0,"footnotes":""},"categories":[51,49],"tags":[],"class_list":["post-241657","post","type-post","status-publish","format-standard","has-post-thumbnail","hentry","category-evidenza-top","category-news-18","category-51","category-49","description-off"],"img_url":"https:\/\/www.radiopiu.net\/wordpress\/wp-content\/uploads\/2021\/06\/ACC-MEL.png","_links":{"self":[{"href":"https:\/\/www.radiopiu.net\/wordpress\/wp-json\/wp\/v2\/posts\/241657","targetHints":{"allow":["GET"]}}],"collection":[{"href":"https:\/\/www.radiopiu.net\/wordpress\/wp-json\/wp\/v2\/posts"}],"about":[{"href":"https:\/\/www.radiopiu.net\/wordpress\/wp-json\/wp\/v2\/types\/post"}],"author":[{"embeddable":true,"href":"https:\/\/www.radiopiu.net\/wordpress\/wp-json\/wp\/v2\/users\/4"}],"replies":[{"embeddable":true,"href":"https:\/\/www.radiopiu.net\/wordpress\/wp-json\/wp\/v2\/comments?post=241657"}],"version-history":[{"count":0,"href":"https:\/\/www.radiopiu.net\/wordpress\/wp-json\/wp\/v2\/posts\/241657\/revisions"}],"wp:featuredmedia":[{"embeddable":true,"href":"https:\/\/www.radiopiu.net\/wordpress\/wp-json\/wp\/v2\/media\/217731"}],"wp:attachment":[{"href":"https:\/\/www.radiopiu.net\/wordpress\/wp-json\/wp\/v2\/media?parent=241657"}],"wp:term":[{"taxonomy":"category","embeddable":true,"href":"https:\/\/www.radiopiu.net\/wordpress\/wp-json\/wp\/v2\/categories?post=241657"},{"taxonomy":"post_tag","embeddable":true,"href":"https:\/\/www.radiopiu.net\/wordpress\/wp-json\/wp\/v2\/tags?post=241657"}],"curies":[{"name":"wp","href":"https:\/\/api.w.org\/{rel}","templated":true}]}}