{"id":241728,"date":"2021-11-10T05:21:53","date_gmt":"2021-11-10T04:21:53","guid":{"rendered":"https:\/\/www.radiopiu.net\/wordpress\/?p=241728"},"modified":"2021-11-10T06:05:11","modified_gmt":"2021-11-10T05:05:11","slug":"guarda-europa-verde-e-canalis-pd-veneto-e-piemonte-unite-nella-proposta-di-riutilizzo-della-pista-da-bob-di-cesana-torinese-per-le-olimpiadi-2026","status":"publish","type":"post","link":"https:\/\/www.radiopiu.net\/wordpress\/guarda-europa-verde-e-canalis-pd-veneto-e-piemonte-unite-nella-proposta-di-riutilizzo-della-pista-da-bob-di-cesana-torinese-per-le-olimpiadi-2026\/","title":{"rendered":"GUARDA (EUROPA VERDE) E CANALIS (PD): \u201cVENETO E PIEMONTE UNITE NELLA PROPOSTA DI RIUTILIZZO DELLA PISTA DA BOB DI CESANA TORINESE PER LE OLIMPIADI 2026.\u201d"},"content":{"rendered":"<p><span class=\"s1\"><strong><a href=\"https:\/\/www.radiopiu.net\/wordpress\/zaia-e-la-pista-da-bob-a-cortina-lintervento-in-conferenza-stampa\/cortina_guide_bob-3\/\" rel=\"attachment wp-att-204667\"><img loading=\"lazy\" decoding=\"async\" class=\"size-medium wp-image-204667 alignleft\" src=\"https:\/\/www.radiopiu.net\/wordpress\/wp-content\/uploads\/2021\/04\/cortina_guide_bob-1-300x150.jpg\" alt=\"\" width=\"300\" height=\"150\" srcset=\"https:\/\/www.radiopiu.net\/wordpress\/wp-content\/uploads\/2021\/04\/cortina_guide_bob-1-300x150.jpg 300w, https:\/\/www.radiopiu.net\/wordpress\/wp-content\/uploads\/2021\/04\/cortina_guide_bob-1.jpg 600w\" sizes=\"auto, (max-width: 300px) 100vw, 300px\" \/><\/a>VENEZIA\/TORINO <\/strong>Sulla Pista da Bob a Cortina in vista delle Olimpiadi invernali 2026, opera dai costi esuberanti e contestata da movimenti e cittadini, la Consigliera regionale veneta Cristina Guarda (Europa Verde) e la Consigliera regionale piemontese Monica Canalis (PD) intervengono con una proposta alternativa: \u201c<em>Di fronte alle emergenze sociali ed economiche del nostro Paese, occorre razionalizzare le risorse e utilizzarle in modo sostenibile, senza creare sprechi. <\/em><\/span><em><span class=\"s1\">Per questo sollecitiamo il Governo e la Regione Veneto a valutare alternative meno onerose e impattanti, come il riutilizzo della pista da bob di Cesana Torinese, costruita per le Olimpiadi di Torino 2006, in alternativa alla costruzione di una nuova pista a Cortina d&#8217;Ampezzo, il cui costo \u00e8 di almeno 61 milioni di euro, a cui si aggiungerebbero 400.000 euro di perdite annue. <\/span><\/em><em><span class=\"s1\">Siamo ancora in tempo per fermarci e optare per la pista di Cesana Torinese, il cui ripristino avverrebbe ad un costo decisamente pi\u00f9 contenuto e quindi rispettoso dei contribuenti. <\/span><\/em><em><span class=\"s1\">In questo modo si otterrebbe un risparmio e si darebbe ascolto alle proteste di tanti cittadini che stanno chiedendo di salvaguardare il pi\u00f9 possibile l\u2019ecosistema delle Dolomiti in vista delle olimpiadi di Milano-Cortina 2026. <\/span><\/em><em><span class=\"s1\">La pista da Bob di Cesana Torinese, in localit\u00e0 Pariol, esiste gi\u00e0 e andrebbe semplicemente ripristinata, in accordo con la Federazione del Bob per garantire la durabilit\u00e0 dell\u2019intervento.\u00a0 <\/span><\/em><span class=\"s1\"><em>La pista \u00e8 inoltre situata a poca distanza dalla linea ferroviaria internazionale Torino-Modane e il suo accesso pu\u00f2 essere garantito mediante spostamenti a basso impatto ambientale. Le Olimpiadi 2026 possono fare tappa anche in Piemonte<\/em>.\u201d <\/span><span class=\"s1\">Aggiunge Cristina Guarda, per Europa Verde Veneto &#8211; \u201c<em>Per noi la priorit\u00e0 \u00e8 investire in impianti che possano avere un vero futuro, senza perdite per un comune bellunese o per la Regione. Quindi, non scartiamo a priori nemmeno l\u2019idea di utilizzare l\u2019impianto di Innsbruck, che ha dato testimonianza di avere una continuit\u00e0 d\u2019uso della propria pista. Dato per\u00f2 che gli interessi di bandiera pare vengano prima della ragionevolezza economica, almeno puntiamo su un impianto da ristrutturare con meno spreco di soldi, come pu\u00f2 essere la pista di Cesana Torinese, andando quindi anche ad accrescere il lavoro di squadra in vista dei giochi olimpici. Zaia investa i milioni previsti per la pista da bob in politiche a sostegno delle nostre montagne, creando impiego e migliorando le possibilit\u00e0 abitative; i cittadini apprezzerebbero molto questo cambio di rotta<\/em>\u201d.<\/span><\/p>\n<p>&nbsp;<\/p>\n<p>&nbsp;<\/p>\n<p>&nbsp;<\/p>\n<p>****<\/p>\n","protected":false},"excerpt":{"rendered":"<p>VENEZIA\/TORINO Sulla Pista da Bob a Cortina in vista delle Olimpiadi invernali 2026, opera dai costi esuberanti e contestata da movimenti e cittadini, la Consigliera regionale veneta Cristina Guarda (Europa Verde) e la Consigliera regionale piemontese Monica Canalis (PD) intervengono con una proposta alternativa: \u201cDi fronte alle emergenze sociali ed economiche del nostro Paese, occorre&hellip;<\/p>\n","protected":false},"author":4,"featured_media":204667,"comment_status":"closed","ping_status":"open","sticky":false,"template":"","format":"standard","meta":{"_monsterinsights_skip_tracking":false,"_monsterinsights_sitenote_active":false,"_monsterinsights_sitenote_note":"","_monsterinsights_sitenote_category":0,"footnotes":""},"categories":[51,49],"tags":[],"class_list":["post-241728","post","type-post","status-publish","format-standard","has-post-thumbnail","hentry","category-evidenza-top","category-news-18","category-51","category-49","description-off"],"img_url":"https:\/\/www.radiopiu.net\/wordpress\/wp-content\/uploads\/2021\/04\/cortina_guide_bob-1.jpg","_links":{"self":[{"href":"https:\/\/www.radiopiu.net\/wordpress\/wp-json\/wp\/v2\/posts\/241728","targetHints":{"allow":["GET"]}}],"collection":[{"href":"https:\/\/www.radiopiu.net\/wordpress\/wp-json\/wp\/v2\/posts"}],"about":[{"href":"https:\/\/www.radiopiu.net\/wordpress\/wp-json\/wp\/v2\/types\/post"}],"author":[{"embeddable":true,"href":"https:\/\/www.radiopiu.net\/wordpress\/wp-json\/wp\/v2\/users\/4"}],"replies":[{"embeddable":true,"href":"https:\/\/www.radiopiu.net\/wordpress\/wp-json\/wp\/v2\/comments?post=241728"}],"version-history":[{"count":0,"href":"https:\/\/www.radiopiu.net\/wordpress\/wp-json\/wp\/v2\/posts\/241728\/revisions"}],"wp:featuredmedia":[{"embeddable":true,"href":"https:\/\/www.radiopiu.net\/wordpress\/wp-json\/wp\/v2\/media\/204667"}],"wp:attachment":[{"href":"https:\/\/www.radiopiu.net\/wordpress\/wp-json\/wp\/v2\/media?parent=241728"}],"wp:term":[{"taxonomy":"category","embeddable":true,"href":"https:\/\/www.radiopiu.net\/wordpress\/wp-json\/wp\/v2\/categories?post=241728"},{"taxonomy":"post_tag","embeddable":true,"href":"https:\/\/www.radiopiu.net\/wordpress\/wp-json\/wp\/v2\/tags?post=241728"}],"curies":[{"name":"wp","href":"https:\/\/api.w.org\/{rel}","templated":true}]}}