{"id":241739,"date":"2021-11-10T05:25:05","date_gmt":"2021-11-10T04:25:05","guid":{"rendered":"https:\/\/www.radiopiu.net\/wordpress\/?p=241739"},"modified":"2021-11-10T06:03:39","modified_gmt":"2021-11-10T05:03:39","slug":"241739-2as","status":"publish","type":"post","link":"https:\/\/www.radiopiu.net\/wordpress\/241739-2as\/","title":{"rendered":"ISTITUZIONI E PRIVATI SOLIDALI CON CHI OPERA NELLA PROTEZIONE CIVILE PER IL NUOVO SITO SUL FERTAZZA."},"content":{"rendered":"<p><strong><img loading=\"lazy\" decoding=\"async\" class=\"alignleft\" src=\"https:\/\/www.radiopiu.net\/wordpress\/wp-content\/uploads\/2021\/11\/12482bb1-ffe0-415d-a604-9b453de84c25-300x300.jpg\" width=\"222\" height=\"222\" \/>SELVA DI CADORE <\/strong>Che gli uomini e le donne del Radio Club Cime Bianche si siano fatti ben volere per il loro impegno non \u00e8 cosa nuova e non \u00e8 nemmeno nota dai soli giorni dell&#8217;uragano Vaia, perch\u00e9 il Radio Club c&#8217;\u00e8,\u00a0 e c&#8217;\u00e8 sempre stato fin dal 1978 anno della fondazione. Un conto \u00e8 ripeterlo nei vari convegni, anniversari di eventi mettendo bene in fila le parole, un&#8217;altra cosa \u00e8 rimarcarlo con fatti concreti, ovvero con interventi economici che le situazioni le risolvono. L&#8217;ultimo esempio sono i lavori sulla cima del monte Fertazza a 2100 metri, anello di congiunzione fondamentale per le comunicazioni in vallata. Qui a primavera, quando le condizioni meteo lo permetteranno sar\u00e0 terminato il sito TLC (dedicato alle comunicazioni) grazie al fattivo impegno del soggetto attuatore: l&#8217;Unione Montana Agordina sul posto con le sue maestranze dopo l&#8217;unanime nulla osta del Presidente Michele Costa e della Conferenza dei sindaci. Ma non finsisce qui, infatti il getto della platea a servizio del sito \u00e8 stato reso possibile dall&#8217;uso dell&#8217;elicottero del centro operativo regionale della Protezione Civile con l&#8217;assessore Gianpaolo Bottacin e con il direttore l&#8217;ingegner Luca Soppelsa. I privati ci hanno messo del loro: la ditta De Pra (con sede anche ad Agordo) dopo l&#8217;importante intervento sul monte Gardellon\u00a0 (Gosaldo) ha infatti regalato altri 11 metri cubi di calcestruzzo, la Telebit di Padova impianti di comunicazione ha fornito il traliccio per l&#8217;impianto irradiante e gli armadi per le apparecchiature. Francesco Dell&#8217;Osbel, presidente del Radio Cime Bianche senza dimenticare nessuno ha espresso pubblicamente il suo grazie agli enti pubblici e privati per la preziosa collaborazione. <em>&#8220;Con grande senso civico &#8211; sottolinea Dell&#8217;Osbel &#8211; i lavori sono a buon punto, saranno terminati a primavera&#8221;.\u00a0<\/em><\/p>\n<p>&nbsp;<\/p>\n<p><strong>\u00a0DAL CORRIERE DELLE ALPI\u00a0 GIANNI SANTOMASO\u00a0\u00a0<\/strong><\/p>\n<audio class=\"wp-audio-shortcode\" id=\"audio-241739-1\" preload=\"none\" style=\"width: 100%;\" controls=\"controls\"><source type=\"audio\/mpeg\" src=\"https:\/\/www.radiopiu.net\/wordpress\/wp-content\/uploads\/2021\/11\/gianni2.mp3?_=1\" \/><a href=\"https:\/\/www.radiopiu.net\/wordpress\/wp-content\/uploads\/2021\/11\/gianni2.mp3\">https:\/\/www.radiopiu.net\/wordpress\/wp-content\/uploads\/2021\/11\/gianni2.mp3<\/a><\/audio>\n<p>&nbsp;<\/p>\n<p>&nbsp;<\/p>\n<div style=\"width: 848px;\" class=\"wp-video\"><video class=\"wp-video-shortcode\" id=\"video-241739-1\" width=\"848\" height=\"480\" preload=\"metadata\" controls=\"controls\"><source type=\"video\/mp4\" src=\"https:\/\/www.radiopiu.net\/wordpress\/wp-content\/uploads\/2021\/11\/WhatsApp-Video-2021-11-09-at-14.00.11.mp4?_=1\" \/><a href=\"https:\/\/www.radiopiu.net\/wordpress\/wp-content\/uploads\/2021\/11\/WhatsApp-Video-2021-11-09-at-14.00.11.mp4\">https:\/\/www.radiopiu.net\/wordpress\/wp-content\/uploads\/2021\/11\/WhatsApp-Video-2021-11-09-at-14.00.11.mp4<\/a><\/video><\/div>\n<p>&nbsp;<\/p>\n","protected":false},"excerpt":{"rendered":"<p>SELVA DI CADORE Che gli uomini e le donne del Radio Club Cime Bianche si siano fatti ben volere per il loro impegno non \u00e8 cosa nuova e non \u00e8 nemmeno nota dai soli giorni dell&#8217;uragano Vaia, perch\u00e9 il Radio Club c&#8217;\u00e8,\u00a0 e c&#8217;\u00e8 sempre stato fin dal 1978 anno della fondazione. Un conto \u00e8&hellip;<\/p>\n","protected":false},"author":4,"featured_media":241741,"comment_status":"closed","ping_status":"open","sticky":false,"template":"","format":"standard","meta":{"_monsterinsights_skip_tracking":false,"_monsterinsights_sitenote_active":false,"_monsterinsights_sitenote_note":"","_monsterinsights_sitenote_category":0,"footnotes":""},"categories":[51,49],"tags":[],"class_list":["post-241739","post","type-post","status-publish","format-standard","has-post-thumbnail","hentry","category-evidenza-top","category-news-18","category-51","category-49","description-off"],"img_url":"https:\/\/www.radiopiu.net\/wordpress\/wp-content\/uploads\/2021\/11\/12482bb1-ffe0-415d-a604-9b453de84c25.jpg","_links":{"self":[{"href":"https:\/\/www.radiopiu.net\/wordpress\/wp-json\/wp\/v2\/posts\/241739","targetHints":{"allow":["GET"]}}],"collection":[{"href":"https:\/\/www.radiopiu.net\/wordpress\/wp-json\/wp\/v2\/posts"}],"about":[{"href":"https:\/\/www.radiopiu.net\/wordpress\/wp-json\/wp\/v2\/types\/post"}],"author":[{"embeddable":true,"href":"https:\/\/www.radiopiu.net\/wordpress\/wp-json\/wp\/v2\/users\/4"}],"replies":[{"embeddable":true,"href":"https:\/\/www.radiopiu.net\/wordpress\/wp-json\/wp\/v2\/comments?post=241739"}],"version-history":[{"count":0,"href":"https:\/\/www.radiopiu.net\/wordpress\/wp-json\/wp\/v2\/posts\/241739\/revisions"}],"wp:featuredmedia":[{"embeddable":true,"href":"https:\/\/www.radiopiu.net\/wordpress\/wp-json\/wp\/v2\/media\/241741"}],"wp:attachment":[{"href":"https:\/\/www.radiopiu.net\/wordpress\/wp-json\/wp\/v2\/media?parent=241739"}],"wp:term":[{"taxonomy":"category","embeddable":true,"href":"https:\/\/www.radiopiu.net\/wordpress\/wp-json\/wp\/v2\/categories?post=241739"},{"taxonomy":"post_tag","embeddable":true,"href":"https:\/\/www.radiopiu.net\/wordpress\/wp-json\/wp\/v2\/tags?post=241739"}],"curies":[{"name":"wp","href":"https:\/\/api.w.org\/{rel}","templated":true}]}}