{"id":241834,"date":"2021-11-09T18:49:40","date_gmt":"2021-11-09T17:49:40","guid":{"rendered":"https:\/\/www.radiopiu.net\/wordpress\/?p=241834"},"modified":"2021-11-09T18:49:40","modified_gmt":"2021-11-09T17:49:40","slug":"nominati-i-primari-di-radioterapia-e-psichiatria-di-belluno","status":"publish","type":"post","link":"https:\/\/www.radiopiu.net\/wordpress\/nominati-i-primari-di-radioterapia-e-psichiatria-di-belluno\/","title":{"rendered":"Nominati i primari di Radioterapia e Psichiatria di Belluno"},"content":{"rendered":"<blockquote>\n<h2 align=\"CENTER\"><\/h2>\n<\/blockquote>\n<p><span style=\"font-size: large;\"><strong>BELLUNO<\/strong>\u00a0 <\/span><span style=\"font-size: large;\">Sono stati nominati\u00a0 i nuovi direttori di unit\u00e0 operativa di Radioterapia e Psichiatria di Belluno.<\/span><\/p>\n<p><span style=\"font-size: large;\">Il dottor Alessandro Magli \u00e8 il nuovo direttore della Radioterapia. Classe 1970, originario di Varese, si \u00e8 laureato in Medicina e chirurgia all\u2019universit\u00e0 di Pavia dove poi si \u00e8 specializzato in Radioterapia oncologica. Attualmente presta servizio all\u2019azienda ospedaliera universitaria di Udine.<\/span><\/p>\n<p><span style=\"font-size: large;\">Il dottor Aldo Gatto \u00e8 il nuovo direttore della Psichiatria di Belluno. Classe 1969, padovano, si \u00e8 laureato in medicina e chirurgia e specializzato in Psichiatria all\u2019universit\u00e0 di Padova. Attualmente presta servizio all\u2019Azienda Ulss 6 Euganea.<\/span><\/p>\n<blockquote><p><em><span style=\"font-size: large;\">\u00abUn benvenuto ai nuovi direttori che avremo modo di presentarvi a breve, quando prenderanno servizio in Ulss Dolomiti\u00bb, commenta il Direttore Generale Maria Grazia Carraro, \u00absono entrambi professionisti di alto livello che daranno un importante contributo alla squadra dell\u2019Ulss Dolomiti. Colgo l\u2019occasione per ringraziare i facenti funzione che hanno traghettato i reparti in questo periodo non facile, con grande dedizione e professionalit\u00e0\u00bb.<\/span><\/em><\/p><\/blockquote>\n<p>&nbsp;<\/p>\n<p>&nbsp;<\/p>\n","protected":false},"excerpt":{"rendered":"<p>BELLUNO\u00a0 Sono stati nominati\u00a0 i nuovi direttori di unit\u00e0 operativa di Radioterapia e Psichiatria di Belluno. Il dottor Alessandro Magli \u00e8 il nuovo direttore della Radioterapia. Classe 1970, originario di Varese, si \u00e8 laureato in Medicina e chirurgia all\u2019universit\u00e0 di Pavia dove poi si \u00e8 specializzato in Radioterapia oncologica. Attualmente presta servizio all\u2019azienda ospedaliera universitaria&hellip;<\/p>\n","protected":false},"author":4,"featured_media":57211,"comment_status":"closed","ping_status":"open","sticky":false,"template":"","format":"standard","meta":{"_monsterinsights_skip_tracking":false,"_monsterinsights_sitenote_active":false,"_monsterinsights_sitenote_note":"","_monsterinsights_sitenote_category":0,"footnotes":""},"categories":[49],"tags":[],"class_list":["post-241834","post","type-post","status-publish","format-standard","has-post-thumbnail","hentry","category-news-18","category-49","description-off"],"img_url":"https:\/\/www.radiopiu.net\/wordpress\/wp-content\/uploads\/2018\/08\/ULSS1-DOLOMITI.jpeg","_links":{"self":[{"href":"https:\/\/www.radiopiu.net\/wordpress\/wp-json\/wp\/v2\/posts\/241834","targetHints":{"allow":["GET"]}}],"collection":[{"href":"https:\/\/www.radiopiu.net\/wordpress\/wp-json\/wp\/v2\/posts"}],"about":[{"href":"https:\/\/www.radiopiu.net\/wordpress\/wp-json\/wp\/v2\/types\/post"}],"author":[{"embeddable":true,"href":"https:\/\/www.radiopiu.net\/wordpress\/wp-json\/wp\/v2\/users\/4"}],"replies":[{"embeddable":true,"href":"https:\/\/www.radiopiu.net\/wordpress\/wp-json\/wp\/v2\/comments?post=241834"}],"version-history":[{"count":0,"href":"https:\/\/www.radiopiu.net\/wordpress\/wp-json\/wp\/v2\/posts\/241834\/revisions"}],"wp:featuredmedia":[{"embeddable":true,"href":"https:\/\/www.radiopiu.net\/wordpress\/wp-json\/wp\/v2\/media\/57211"}],"wp:attachment":[{"href":"https:\/\/www.radiopiu.net\/wordpress\/wp-json\/wp\/v2\/media?parent=241834"}],"wp:term":[{"taxonomy":"category","embeddable":true,"href":"https:\/\/www.radiopiu.net\/wordpress\/wp-json\/wp\/v2\/categories?post=241834"},{"taxonomy":"post_tag","embeddable":true,"href":"https:\/\/www.radiopiu.net\/wordpress\/wp-json\/wp\/v2\/tags?post=241834"}],"curies":[{"name":"wp","href":"https:\/\/api.w.org\/{rel}","templated":true}]}}