{"id":241863,"date":"2021-11-11T05:59:00","date_gmt":"2021-11-11T04:59:00","guid":{"rendered":"https:\/\/www.radiopiu.net\/wordpress\/?p=241863"},"modified":"2021-11-11T08:51:42","modified_gmt":"2021-11-11T07:51:42","slug":"giornale-radiopiu-11-novembre-2021-direttore-mirko-mezzacasa","status":"publish","type":"post","link":"https:\/\/www.radiopiu.net\/wordpress\/giornale-radiopiu-11-novembre-2021-direttore-mirko-mezzacasa\/","title":{"rendered":"GIORNALE RADIOPIU 11 NOVEMBRE 2021 DIRETTORE MIRKO MEZZACASA"},"content":{"rendered":"<h3 class=\"kvgmc6g5 cxmmr5t8 oygrvhab hcukyx3x c1et5uql\"><span style=\"color: #0000ff;\"><strong>INFORMAZIONE il canale su TELEGRAM informazione di prima mano e in tempo reale. iscriviti ed aiutaci a farlo conoscere\u00a0<\/strong><\/span><\/h3>\n<p>&nbsp;<\/p>\n<hr \/>\n<p>&nbsp;<\/p>\n<p><strong><span id=\"page40R_mcid6\" class=\"markedContent\"><span dir=\"ltr\" role=\"presentation\">Gli Uffici della Prefettura \u2013 Ufficio Territoriale del Governo e gli uffici Confcommercio del capoluogo oggi <\/span><span dir=\"ltr\" role=\"presentation\">rimarranno chiusi al pubblico per la festivit\u00e0 del Santo Patrono. <\/span><\/span><\/strong><\/p>\n<p>&nbsp;<\/p>\n<hr \/>\n<p>&nbsp;<\/p>\n<blockquote>\n<h3>CHIUDE LA SP3 VAL IMPERINA A FASCE ORARIE<\/h3>\n<\/blockquote>\n<p>Fino al 30 novembre, esclusi sabato e domenica, interruzione totale alla viabilit\u00e0 sulla SP 3 della Val Imperina in comune di Gosaldo per lavori di messa in sicurezza della strada. Chiusura dalle 8 alle 12:45, dalle 13:45 alle 16 e dalle 16:30 alle 18<\/p>\n<p>&nbsp;<\/p>\n<hr \/>\n<p>&nbsp;<\/p>\n<blockquote>\n<h3>LA SEGNALAZIONE SU VIABILITA&#8217; PROVINCIA BELLUNO &#8220;TELEGRAM&#8221;<\/h3>\n<\/blockquote>\n<p><strong>REDAZIONE<\/strong> Solo ieri davamo la notizia della riapertura di Passo Fedaia, chiuso per giorni &#8211; lato Trento &#8211; dopo la prima nevicata di stagione. E&#8217; ovvio che la strada necessita di interventi importanti, al pari di quelli realizzati sul versante bellunese dove puo&#8217; anche nevicare ma difficilmente il Passo rimane chiuso per giorni, non certo con 30 centimetri di neve, le infrastrutture realizzate si sono rivelate sufficienti e importanti. Il rovescio della medaglia sul lato Trento come evidenziato dalla fotografia di Fiorenzo De Biasio: &#8220;Passo Fedaia verso Canazei rischio slavine&#8221;<\/p>\n<p><a href=\"https:\/\/www.radiopiu.net\/wordpress\/la-segnalazione-su-viabilita-provincia-belluno-telegram\/1b13c436-de28-4a02-beb1-0bfd9e88938e\/\" rel=\"attachment wp-att-242019\"><img loading=\"lazy\" decoding=\"async\" class=\"alignnone size-medium wp-image-242019\" src=\"https:\/\/www.radiopiu.net\/wordpress\/wp-content\/uploads\/2021\/11\/1b13c436-de28-4a02-beb1-0bfd9e88938e-225x300.jpg\" alt=\"\" width=\"225\" height=\"300\" srcset=\"https:\/\/www.radiopiu.net\/wordpress\/wp-content\/uploads\/2021\/11\/1b13c436-de28-4a02-beb1-0bfd9e88938e-225x300.jpg 225w, https:\/\/www.radiopiu.net\/wordpress\/wp-content\/uploads\/2021\/11\/1b13c436-de28-4a02-beb1-0bfd9e88938e.jpg 600w\" sizes=\"auto, (max-width: 225px) 100vw, 225px\" \/><\/a><\/p>\n<p>&nbsp;<\/p>\n<p>&nbsp;<\/p>\n<hr \/>\n<p>&nbsp;<\/p>\n<blockquote>\n<h3>ANAS: PROGRAMMATA LA CHIUSURA NOTTURNA TEMPORANEA DELLE GALLERIE \u2018TERMINE\u2019 E \u2018MACCHIETTA\u2019 LUNGO LA STATALE 51 \u201cDI ALEMAGNA\u201d<\/h3>\n<\/blockquote>\n<p><strong><a href=\"https:\/\/www.radiopiu.net\/wordpress\/giornale-radiopiu-02-giugno-2021-direttore-mirko-mezzacasa\/anas-2\/\" rel=\"attachment wp-att-213422\"><img loading=\"lazy\" decoding=\"async\" class=\"wp-image-213422 alignleft\" src=\"https:\/\/www.radiopiu.net\/wordpress\/wp-content\/uploads\/2021\/06\/anas.png\" alt=\"\" width=\"216\" height=\"122\" \/><\/a>VENEZIA <\/strong>Per consentire, alla ditta incaricata dalla Wind Tre, di eseguire in sicurezza i lavori di adeguamento degli impianti presso le gallerie \u201cTermine\u201d e \u201cMacchietto\u201d sono previste limitazioni notturne temporanee lungo la strada statale 51 \u201cdi Alemagna\u201d. Fino al 19 novembre dalle 21\u00a0 alle 6 del giorno successivo, sar\u00e0 chiuso al traffico il tratto dal km 54,850 al km 63,750 con deviazione della circolazione sulla ex strada statale 51. La modifica alla circolazione non sar\u00e0 in vigore nei giorni festivi e prefestivi .<\/p>\n<p>&nbsp;<\/p>\n<p>&nbsp;<\/p>\n<hr \/>\n<p>&nbsp;<\/p>\n<blockquote>\n<h3>ACQUA NON POTABILE IN ALCUNE FRAZIONI DI CANALE D&#8217;AGORDO<\/h3>\n<\/blockquote>\n<p><strong><a href=\"https:\/\/www.radiopiu.net\/wordpress\/giornale-radiopiu-09-agosto-2018-direttore-mirko-mezzacasa\/acqua\/\" rel=\"attachment wp-att-57052\"><img loading=\"lazy\" decoding=\"async\" class=\" wp-image-57052 alignleft\" src=\"https:\/\/www.radiopiu.net\/wordpress\/wp-content\/uploads\/2018\/08\/ACQUA-300x180.jpeg\" alt=\"\" width=\"218\" height=\"131\" srcset=\"https:\/\/www.radiopiu.net\/wordpress\/wp-content\/uploads\/2018\/08\/ACQUA-300x180.jpeg 300w, https:\/\/www.radiopiu.net\/wordpress\/wp-content\/uploads\/2018\/08\/ACQUA-768x461.jpeg 768w, https:\/\/www.radiopiu.net\/wordpress\/wp-content\/uploads\/2018\/08\/ACQUA-1024x614.jpeg 1024w, https:\/\/www.radiopiu.net\/wordpress\/wp-content\/uploads\/2018\/08\/ACQUA.jpeg 1280w\" sizes=\"auto, (max-width: 218px) 100vw, 218px\" \/><\/a> <\/strong><\/p>\n<p><strong>\u00a0<\/strong><strong>CANALE D&#8217;AGORDO<\/strong> Gestione Servizi Pubblici informa che a CANALE D&#8217; AGORDO nelle localit\u00e0 FREGONA, PISOLIVA e LA MORA, l&#8217;acqua erogata dall&#8217;acquedotto non \u00e8 potabile e pu\u00f2 essere usata per scopi alimentari SOLO PREVIA bollitura. GSP ha, comunque, gi\u00e0 adottato le necessarie misure per la disinfezione dell&#8217;acqua presente nei serbatoi e nella rete idrica con l&#8217;aggiunta di cloro.<\/p>\n<p>&nbsp;<\/p>\n<hr \/>\n<p>&nbsp;<\/p>\n<p>&nbsp;<\/p>\n<h3>URTO VIOLENTISSIMO IN AUTOSTRADA A TREVISO NORD, MUORE IL PARROCO<\/h3>\n<p><strong>TREVISO<\/strong> Sotto choc la comunit\u00e0 di Fontane, dove don Gianni Feltrin, 78 anni era arrivato nel 1988.\u00a0 E&#8217; morto nel violento urto a Treviso Nord. La Lancia su cui viaggiava\u00a0 si stava dirigendo da Conegliano verso Treviso Sud, si \u00e8 scontrata con la Mercedes che viaggiava verso nord lungo la A27. Per don Gianni Feltrin non c&#8217;\u00e8 stato nulla da fare: \u00e8 deceduto sul colpo. Feriti il conducente dell&#8217;altra automobile, R.G., di 69 anni, e la donna che viaggiava con lui, L.M. di 42 anni, entrambi vicentini. Non sono in pericolo di vita. L&#8217;incidente ieri sera alle 19.<\/p>\n<p>&nbsp;<\/p>\n<p>&nbsp;<\/p>\n<hr \/>\n<blockquote>\n<h3><\/h3>\n<h3><\/h3>\n<h3><\/h3>\n<\/blockquote>\n<h3>LUDOPATIA, ARRESTATA UNA DONNA DI ARSIE&#8217; CHE HA SOMMATO UNA SERIE DI REATI<\/h3>\n<p><strong><img loading=\"lazy\" decoding=\"async\" class=\"alignleft\" src=\"https:\/\/www.radiopiu.net\/wordpress\/wp-content\/uploads\/2018\/04\/AZZARDOD.jpg\" width=\"193\" height=\"166\" \/>FELTRE-SEDICO\u00a0<\/strong><\/p>\n<p><strong>DI MORENO GIOLI<\/strong><\/p>\n<audio class=\"wp-audio-shortcode\" id=\"audio-241863-1\" preload=\"none\" style=\"width: 100%;\" controls=\"controls\"><source type=\"audio\/mpeg\" src=\"https:\/\/www.radiopiu.net\/wordpress\/wp-content\/uploads\/2021\/11\/moreno-1.mp3?_=1\" \/><a href=\"https:\/\/www.radiopiu.net\/wordpress\/wp-content\/uploads\/2021\/11\/moreno-1.mp3\">https:\/\/www.radiopiu.net\/wordpress\/wp-content\/uploads\/2021\/11\/moreno-1.mp3<\/a><\/audio>\n<p>&nbsp;<\/p>\n<p>&nbsp;<\/p>\n<hr \/>\n<blockquote>\n<h3><\/h3>\n<h3>ARRESTATO IN STAZIONE, DEVE SCONTARE OLTRE 3 ANNI DI CARCERE<\/h3>\n<\/blockquote>\n<p><strong><img loading=\"lazy\" decoding=\"async\" class=\"alignleft\" src=\"https:\/\/www.radiopiu.net\/wordpress\/wp-content\/uploads\/2020\/01\/polfer1.jpg\" width=\"165\" height=\"124\" \/>BELLUNO<\/strong> L&#8217;accertamento degli uomini della Polizia Postale ha sortito una conseguenza, pesante per F.C., 47 anni che \u00e8 stato tradotto, dopo i controlli di rito, nel carcere di Baldenich. Il fatto lunedi mattina in stazione, gli agenti hanno fermato l&#8217;uomo scoprendo che presentava diversi precedenti per reati contro la persona e il patrimonio. Risultava peraltro destinatario di un ordine di carcerazione (emesso dal Magistrato di Avellino) per un cumulo di pena pari a 3 anni, 11 mesi, 26 giorni. All&#8217;uomo era stata concessa la misura dell&#8217;affidamento terapeutico al Ceis di Belluno, ma non ha mai ottemperato, di qui il ripristino della misura detentiva.<\/p>\n<p>&nbsp;<\/p>\n<p>&nbsp;<\/p>\n<hr \/>\n<p>&nbsp;<\/p>\n<blockquote>\n<h3>UN ALTRO INCIDENTE SUL LAVORO, CADE DA UN&#8217;ALTEZZA DI 2 METRI<\/h3>\n<\/blockquote>\n<p><strong><img loading=\"lazy\" decoding=\"async\" class=\"alignleft\" src=\"https:\/\/www.radiopiu.net\/wordpress\/wp-content\/uploads\/2021\/10\/consulenza-formazione-sicurezza-sul-lavoro-4.jpg\" width=\"175\" height=\"131\" \/>SEDICO<\/strong> A pochi giorni dal grave infortunio sul lavoro occorso all&#8217;elettricista agordino, Paolo Pescosta, di Falcade trasportato d&#8217;urgenza al Ca&#8217; Foncello di Treviso, un altro incidente si \u00e8 verificato ieri in un cantiere a Sedico. Chiamati i sanitari del Suem, Carabinieri e Spisal. Erano le 13.30 quando l&#8217;uomo, 49 anni di Belluno \u00e8 caduto da un&#8217;altezza di due metri. E&#8217; stato trasportato all&#8217;ospedale San Martino ma non in condizioni gravi, non in pericolo di vita. Ha riportato alcune contusioni e fratture toraciche.<\/p>\n<p>&nbsp;<\/p>\n<blockquote>\n<h3>PAOLO PESCOSTA NON E&#8217; IN PERICOLO DI VITA, MA SI PREANNUNCIANO TEMPI LUNGHI PER LA GUARIGIONE<\/h3>\n<\/blockquote>\n<p><strong>FALCADE<\/strong>\u00a0 \u00a0Sono sempre serie le condizioni di salute di Paolo Pescosta. Il 49 enne non ha riportato danni neurologici e non \u00e8 in pericolo di vita, ma la degenza e il recupero si annunciano piuttosto lunghi. Lo scorso 3 novembre in un capannone nella zona artigianale di Fonzaso una caduta da un carrello elevatore gli ha procurato un rilevante trauma al volto.<\/p>\n<p>&nbsp;<\/p>\n<hr \/>\n<p>&nbsp;<\/p>\n<p>&nbsp;<\/p>\n<blockquote>\n<h3>IL CERVO INVESTITO IERI SERA, STAMANE ANCORA VIVO IN AGONIA<\/h3>\n<\/blockquote>\n<p><strong><a class=\"dt-pswp-item\" href=\"https:\/\/www.radiopiu.net\/wordpress\/wp-content\/uploads\/2021\/11\/256366540_4420469014738879_1428500912261326179_n.jpg\" data-dt-img-description=\"\" data-large_image_width=\"395\" data-large_image_height=\"296\"><img loading=\"lazy\" decoding=\"async\" class=\"size-thumbnail wp-image-242245 alignleft\" src=\"https:\/\/www.radiopiu.net\/wordpress\/wp-content\/uploads\/2021\/11\/256366540_4420469014738879_1428500912261326179_n-150x150.jpg\" alt=\"\" width=\"150\" height=\"150\" \/><\/a>SEDICO<\/strong> A pochi metri dalla caserma dei Carabinieri Forestali l&#8217;investimento di un cervo, niente di nuovo. La norma. Sul rettilineo di Candaten tre auto danneggiate, niente di nuovo. La norma. Stamane gli automobilisti inorriditi, quel cervo investito probabilmente con le zampe spezzate ancora vivo, per tutta la notte in agonia, dalle 19 di ieri sera. Nessuno \u00e8 intervenuto. In molti si sono fermati anche a fare le foto per documentare quanto sta accadendo in pieno Parco Nazionale delle Dolomiti, bell&#8217;insegnamento. La notizia \u00e8 stata divulgata sulla chat Viabilita&#8217; Provincia di Belluno\u00a0 (telegram)<\/p>\n<p>&nbsp;<\/p>\n<p><span style=\"color: #ff0000;\">LA NORMA, LO SQUID GAME PER L&#8217;AGORDINO<\/span><\/p>\n<blockquote>\n<h3>CERVO INVESTITO, ALTRE AUTO DANNEGGIATE<\/h3>\n<\/blockquote>\n<p><strong><img loading=\"lazy\" decoding=\"async\" class=\"alignleft\" src=\"https:\/\/www.radiopiu.net\/wordpress\/wp-content\/uploads\/2020\/11\/11_Candaten.jpg\" width=\"212\" height=\"120\" \/>SEDICO<\/strong> Da non poterne davvero pi\u00f9 e la velocit\u00e0 conta ma fino ad un certo punto quando il cervo ti sbuca da dietro i cespugli o dalle ripe che scendono verso il Cordevole. Non puoi farci nulla quando con le sue possenti corna ti si para davanti o ti salto sul cofano dell&#8217;auto. Gli incidenti sono quotidiani, la chat Viabilit\u00e0 Provincia di Belluno li segnala ad ogni ora del giorno. Ma nessuno prende provvedimenti. Quattro cartelli lampeggianti sempre accesi e grandi cartelli che ti informano che sei in zona Parco. Anche ieri sera \u00e8 successo, alle 19. Un ritorno dal lavoro con un panorama mozzafiato in tutti i sensi, a bordo strada un esercito di animali, grandi piccoli, cornuti\u00a0 ma anche no. Qualcuno bruca, qualcun&#8217;altro gioca a 1-2-3 stella sperando di arrivare al Cordevole per bere. Nessuna rete di protezione, quattro alberelli che complicano la situazione. Una volta c&#8217;erano le reti, ma evidentemente a qualcuno non piacevano. Sovrappassi e sottopassi? Parole sconosciute dentro i confini dolomitici bellunesi. Tornando alla cronaca, un&#8217;altra auto fuori uso, un cervo morto mentre gli altri continuano tranquillamente a brucare per nulla impauriti da motori e fanali. Dietro all&#8217;auto incidentata altri due mezzi danneggiati per un totale di tre. Per oggi raccontiamo solo i danni ai mezzi e la presunta morte di un animale. Domani si vedr\u00e0. Ci vorrebbe una legge che destina i proventi dell&#8217;autovelox bidirezionale\u00a0 del Comune di Sedico agli automobilisti danneggiati, ad un rimborso a coloro che sono costretti ad assicurarsi contro i danni da animali, ci vorrebbe una legge che destina una parte dei soldi destinati al Parco a creare strutture idonee a salvare la vita alle persone e se proprio non si riesce a fare nulla, perch\u00e9\u00a0 sono anni che assistiamo ad esperimenti vari privi di risultati concreti, che almeno quei soldi vengano destinati ai danneggiati, possibilmente evitando ai prossimi convegni di sentire la parola &#8220;spopolamento della montagna&#8221;:<\/p>\n<p>&nbsp;<\/p>\n<hr \/>\n<p>&nbsp;<\/p>\n<blockquote>\n<h3>A TAIBON &#8211; STRAPONT IL NUOVO IMPIANTO, MA NON E&#8217; UN AUTOVELOX<\/h3>\n<\/blockquote>\n<blockquote>\n<h3><\/h3>\n<\/blockquote>\n<p><strong>TAIBON <\/strong>Da tempo gli abitanti di Via Paris Bordone chiedono soluzioni concrete al sindaco di Taibon per l&#8217;eccessiva velocit\u00e0 con cui gli automobilisti affrontano l&#8217;uscita dalla tangenziale, limite 70 orari che pochi rispettano, tra l&#8217;altro all&#8217;intersezione con due bivi (via Agordina e Strapont), ma chiedono anche soluzioni concrete per le folli velocit\u00e0 con cui alcuni prendono la comunale per San Cipriano, una via dove insistono tre attivit\u00e0: gli studi di produzione di Radio Pi\u00f9, il dentista e l&#8217;assicurazione, il martedi il &#8220;banco&#8221; del pesce,\u00a0 oltre alla fermata delle corriere, dunque una zona dove i pedoni non mancano. Inoltre all&#8217;uscita della tangenziale c&#8217;\u00e8 il Bar Dersut Giornale e Caff\u00e8, attivit\u00e0 importante con i veicoli che entrano ed escono dall&#8217;ampio parcheggio, in passato ci sono stati diversi incidenti anche con feriti,\u00a0 ma ancora non \u00e8 sufficiente per convincere gli amministratori dell&#8217;importanza di un controllo della velocit\u00e0. Quando nei giorni scorsi i frazionisti hanno visto gli operai al lavoro nei pressi del cimitero hanno pensato che finalmente le loro richieste erano state accolte. Ma non si tratta di un autovelox,\u00a0 l&#8217;amministrazione comunale ha dato seguito all&#8217;iniziativa provinciale che prevede l&#8217;uso di una quarantina di impianti lungo la viabilit\u00e0 principale.\u00a0 Il problema dell&#8217;alta velocit\u00e0 lungo la 203 dunque \u00e8 ancora reale, diversamente dagli altri Comuni confinanti (Agordo e Cencenighe in particolare) dove gli autovelox hanno rimediato ad una situazione che era ormai fuori controllo tanto a Bries di Agordo (oltre la centrale dell&#8217;Enel) che a Morbiach sul rettilineo del distributore.<\/p>\n\n\t\t\t<style type='text\/css'>\n\t\t\t\t#gallery-1 {\n\t\t\t\t\tmargin: auto;\n\t\t\t\t}\n\t\t\t\t#gallery-1 .gallery-item {\n\t\t\t\t\tfloat: left;\n\t\t\t\t\tmargin-top: 10px;\n\t\t\t\t\ttext-align: center;\n\t\t\t\t\twidth: 50%;\n\t\t\t\t}\n\t\t\t\t#gallery-1 img {\n\t\t\t\t\tborder: 2px solid #cfcfcf;\n\t\t\t\t}\n\t\t\t\t#gallery-1 .gallery-caption {\n\t\t\t\t\tmargin-left: 0;\n\t\t\t\t}\n\t\t\t\t\/* see gallery_shortcode() in wp-includes\/media.php *\/\n\t\t\t<\/style>\n\t\t<div id='gallery-1' class='dt-gallery-container gallery galleryid-241863 gallery-columns-2 gallery-size-medium'><dl class='gallery-item'>\n\t\t\t\t<dt class='gallery-icon landscape'>\n\t\t\t\t\t<a class=\"rollover rollover-zoom dt-pswp-item\" title=\"d5912aed-ce93-48a9-ac66-be971869f7e6\" data-dt-img-description=\"\" data-large_image_width=\"1599\" data-large_image_height=\"899\"href='https:\/\/www.radiopiu.net\/wordpress\/wp-content\/uploads\/2021\/11\/d5912aed-ce93-48a9-ac66-be971869f7e6.jpg'><img loading=\"lazy\" decoding=\"async\" width=\"300\" height=\"169\" src=\"https:\/\/www.radiopiu.net\/wordpress\/wp-content\/uploads\/2021\/11\/d5912aed-ce93-48a9-ac66-be971869f7e6-300x169.jpg\" class=\"attachment-medium size-medium\" alt=\"\" aria-describedby=\"gallery-1-242239\" srcset=\"https:\/\/www.radiopiu.net\/wordpress\/wp-content\/uploads\/2021\/11\/d5912aed-ce93-48a9-ac66-be971869f7e6-300x169.jpg 300w, https:\/\/www.radiopiu.net\/wordpress\/wp-content\/uploads\/2021\/11\/d5912aed-ce93-48a9-ac66-be971869f7e6-1024x576.jpg 1024w, https:\/\/www.radiopiu.net\/wordpress\/wp-content\/uploads\/2021\/11\/d5912aed-ce93-48a9-ac66-be971869f7e6-768x432.jpg 768w, https:\/\/www.radiopiu.net\/wordpress\/wp-content\/uploads\/2021\/11\/d5912aed-ce93-48a9-ac66-be971869f7e6-1536x864.jpg 1536w, https:\/\/www.radiopiu.net\/wordpress\/wp-content\/uploads\/2021\/11\/d5912aed-ce93-48a9-ac66-be971869f7e6.jpg 1599w\" sizes=\"auto, (max-width: 300px) 100vw, 300px\" \/><\/a>\n\t\t\t\t<\/dt>\n\t\t\t\t\t<dd class='wp-caption-text gallery-caption' id='gallery-1-242239'>\n\t\t\t\t\tIL NUOVO IMPIANTO\n\t\t\t\t\t<\/dd><\/dl><dl class='gallery-item'>\n\t\t\t\t<dt class='gallery-icon landscape'>\n\t\t\t\t\t<a class=\"rollover rollover-zoom dt-pswp-item\" title=\"76dcf96c-7e1f-4013-bd5d-5d58eabec577\" data-dt-img-description=\"\" data-large_image_width=\"1599\" data-large_image_height=\"899\"href='https:\/\/www.radiopiu.net\/wordpress\/wp-content\/uploads\/2021\/11\/76dcf96c-7e1f-4013-bd5d-5d58eabec577.jpg'><img loading=\"lazy\" decoding=\"async\" width=\"300\" height=\"169\" src=\"https:\/\/www.radiopiu.net\/wordpress\/wp-content\/uploads\/2021\/11\/76dcf96c-7e1f-4013-bd5d-5d58eabec577-300x169.jpg\" class=\"attachment-medium size-medium\" alt=\"\" aria-describedby=\"gallery-1-242236\" srcset=\"https:\/\/www.radiopiu.net\/wordpress\/wp-content\/uploads\/2021\/11\/76dcf96c-7e1f-4013-bd5d-5d58eabec577-300x169.jpg 300w, https:\/\/www.radiopiu.net\/wordpress\/wp-content\/uploads\/2021\/11\/76dcf96c-7e1f-4013-bd5d-5d58eabec577-1024x576.jpg 1024w, https:\/\/www.radiopiu.net\/wordpress\/wp-content\/uploads\/2021\/11\/76dcf96c-7e1f-4013-bd5d-5d58eabec577-768x432.jpg 768w, https:\/\/www.radiopiu.net\/wordpress\/wp-content\/uploads\/2021\/11\/76dcf96c-7e1f-4013-bd5d-5d58eabec577-1536x864.jpg 1536w, https:\/\/www.radiopiu.net\/wordpress\/wp-content\/uploads\/2021\/11\/76dcf96c-7e1f-4013-bd5d-5d58eabec577.jpg 1599w\" sizes=\"auto, (max-width: 300px) 100vw, 300px\" \/><\/a>\n\t\t\t\t<\/dt>\n\t\t\t\t\t<dd class='wp-caption-text gallery-caption' id='gallery-1-242236'>\n\t\t\t\t\tIL NUOVO IMPIANTO\n\t\t\t\t\t<\/dd><\/dl><br style=\"clear: both\" \/><dl class='gallery-item'>\n\t\t\t\t<dt class='gallery-icon landscape'>\n\t\t\t\t\t<a class=\"rollover rollover-zoom dt-pswp-item\" title=\"4612558e-cfba-4825-9e9e-c2225a01f759\" data-dt-img-description=\"\" data-large_image_width=\"1599\" data-large_image_height=\"899\"href='https:\/\/www.radiopiu.net\/wordpress\/wp-content\/uploads\/2021\/11\/4612558e-cfba-4825-9e9e-c2225a01f759.jpg'><img loading=\"lazy\" decoding=\"async\" width=\"300\" height=\"169\" src=\"https:\/\/www.radiopiu.net\/wordpress\/wp-content\/uploads\/2021\/11\/4612558e-cfba-4825-9e9e-c2225a01f759-300x169.jpg\" class=\"attachment-medium size-medium\" alt=\"\" aria-describedby=\"gallery-1-242237\" srcset=\"https:\/\/www.radiopiu.net\/wordpress\/wp-content\/uploads\/2021\/11\/4612558e-cfba-4825-9e9e-c2225a01f759-300x169.jpg 300w, https:\/\/www.radiopiu.net\/wordpress\/wp-content\/uploads\/2021\/11\/4612558e-cfba-4825-9e9e-c2225a01f759-1024x576.jpg 1024w, https:\/\/www.radiopiu.net\/wordpress\/wp-content\/uploads\/2021\/11\/4612558e-cfba-4825-9e9e-c2225a01f759-768x432.jpg 768w, https:\/\/www.radiopiu.net\/wordpress\/wp-content\/uploads\/2021\/11\/4612558e-cfba-4825-9e9e-c2225a01f759-1536x864.jpg 1536w, https:\/\/www.radiopiu.net\/wordpress\/wp-content\/uploads\/2021\/11\/4612558e-cfba-4825-9e9e-c2225a01f759.jpg 1599w\" sizes=\"auto, (max-width: 300px) 100vw, 300px\" \/><\/a>\n\t\t\t\t<\/dt>\n\t\t\t\t\t<dd class='wp-caption-text gallery-caption' id='gallery-1-242237'>\n\t\t\t\t\tINTERSEZIONE VIA PARIS BORDONE\n\t\t\t\t\t<\/dd><\/dl><dl class='gallery-item'>\n\t\t\t\t<dt class='gallery-icon landscape'>\n\t\t\t\t\t<a class=\"rollover rollover-zoom dt-pswp-item\" title=\"91d8879f-2bf3-4f05-8e70-5a36d35e66f6\" data-dt-img-description=\"\" data-large_image_width=\"1599\" data-large_image_height=\"899\"href='https:\/\/www.radiopiu.net\/wordpress\/wp-content\/uploads\/2021\/11\/91d8879f-2bf3-4f05-8e70-5a36d35e66f6.jpg'><img loading=\"lazy\" decoding=\"async\" width=\"300\" height=\"169\" src=\"https:\/\/www.radiopiu.net\/wordpress\/wp-content\/uploads\/2021\/11\/91d8879f-2bf3-4f05-8e70-5a36d35e66f6-300x169.jpg\" class=\"attachment-medium size-medium\" alt=\"\" aria-describedby=\"gallery-1-242238\" srcset=\"https:\/\/www.radiopiu.net\/wordpress\/wp-content\/uploads\/2021\/11\/91d8879f-2bf3-4f05-8e70-5a36d35e66f6-300x169.jpg 300w, https:\/\/www.radiopiu.net\/wordpress\/wp-content\/uploads\/2021\/11\/91d8879f-2bf3-4f05-8e70-5a36d35e66f6-1024x576.jpg 1024w, https:\/\/www.radiopiu.net\/wordpress\/wp-content\/uploads\/2021\/11\/91d8879f-2bf3-4f05-8e70-5a36d35e66f6-768x432.jpg 768w, https:\/\/www.radiopiu.net\/wordpress\/wp-content\/uploads\/2021\/11\/91d8879f-2bf3-4f05-8e70-5a36d35e66f6-1536x864.jpg 1536w, https:\/\/www.radiopiu.net\/wordpress\/wp-content\/uploads\/2021\/11\/91d8879f-2bf3-4f05-8e70-5a36d35e66f6.jpg 1599w\" sizes=\"auto, (max-width: 300px) 100vw, 300px\" \/><\/a>\n\t\t\t\t<\/dt>\n\t\t\t\t\t<dd class='wp-caption-text gallery-caption' id='gallery-1-242238'>\n\t\t\t\t\tUSCITA TANGENZIALE DI AGORDO A TAIBON\n\t\t\t\t\t<\/dd><\/dl><br style=\"clear: both\" \/>\n\t\t\t<\/div>\n\n<p>&nbsp;<\/p>\n<p>&nbsp;<\/p>\n<p>&nbsp;<\/p>\n<hr \/>\n<p>&nbsp;<\/p>\n<p>&nbsp;<\/p>\n<blockquote>\n<h2>LA NUOVA BRIGLIA SUL RU DE VALBONA DOVE SI LAVORA ANCHE DI NOTTE<\/h2>\n<\/blockquote>\n<p><strong><a href=\"https:\/\/www.radiopiu.net\/wordpress\/giornale-radiopiu-11-novembre-2021-direttore-mirko-mezzacasa\/ba5e2d85-6a41-48ed-b84d-0b81d06f4c6c\/\" rel=\"attachment wp-att-242183\"><img loading=\"lazy\" decoding=\"async\" class=\" wp-image-242183 alignleft\" src=\"https:\/\/www.radiopiu.net\/wordpress\/wp-content\/uploads\/2021\/11\/ba5e2d85-6a41-48ed-b84d-0b81d06f4c6c-300x225.jpg\" alt=\"\" width=\"255\" height=\"191\" srcset=\"https:\/\/www.radiopiu.net\/wordpress\/wp-content\/uploads\/2021\/11\/ba5e2d85-6a41-48ed-b84d-0b81d06f4c6c-300x225.jpg 300w, https:\/\/www.radiopiu.net\/wordpress\/wp-content\/uploads\/2021\/11\/ba5e2d85-6a41-48ed-b84d-0b81d06f4c6c-1024x768.jpg 1024w, https:\/\/www.radiopiu.net\/wordpress\/wp-content\/uploads\/2021\/11\/ba5e2d85-6a41-48ed-b84d-0b81d06f4c6c-768x576.jpg 768w, https:\/\/www.radiopiu.net\/wordpress\/wp-content\/uploads\/2021\/11\/ba5e2d85-6a41-48ed-b84d-0b81d06f4c6c-1536x1152.jpg 1536w, https:\/\/www.radiopiu.net\/wordpress\/wp-content\/uploads\/2021\/11\/ba5e2d85-6a41-48ed-b84d-0b81d06f4c6c.jpg 1600w\" sizes=\"auto, (max-width: 255px) 100vw, 255px\" \/><\/a>ROCCA PIETORE<\/strong> In costruzione la nuova briglia sul Ru de Valbona dopo la distruzione di Vaia prende concretezza lo sforzo del soggetto attuattore e dell&#8217;impresa incaricata. I lavori sono in carico ai Servizi Forestali Regionali . L&#8217;impresa appaltatrice sta eseguendo i lavori di getto del calcestruzzo della briglia, dopo aver utilizzato centinaia di metri cubi e di ferro per la costruzione delle fondamenta. La briglia \u00e8 ancorata alla roccia ai lati e risulter\u00e0 molto pi\u00f9 imponente di quella precedente.<\/p>\n\n\t\t\t<style type='text\/css'>\n\t\t\t\t#gallery-2 {\n\t\t\t\t\tmargin: auto;\n\t\t\t\t}\n\t\t\t\t#gallery-2 .gallery-item {\n\t\t\t\t\tfloat: left;\n\t\t\t\t\tmargin-top: 10px;\n\t\t\t\t\ttext-align: center;\n\t\t\t\t\twidth: 33%;\n\t\t\t\t}\n\t\t\t\t#gallery-2 img {\n\t\t\t\t\tborder: 2px solid #cfcfcf;\n\t\t\t\t}\n\t\t\t\t#gallery-2 .gallery-caption {\n\t\t\t\t\tmargin-left: 0;\n\t\t\t\t}\n\t\t\t\t\/* see gallery_shortcode() in wp-includes\/media.php *\/\n\t\t\t<\/style>\n\t\t<div id='gallery-2' class='dt-gallery-container gallery galleryid-241863 gallery-columns-3 gallery-size-thumbnail'><dl class='gallery-item'>\n\t\t\t\t<dt class='gallery-icon landscape'>\n\t\t\t\t\t<a class=\"rollover rollover-zoom dt-pswp-item\" title=\"dd569d17-c1c6-418d-8f12-9bab0b6eca15\" data-dt-img-description=\"\" data-large_image_width=\"1600\" data-large_image_height=\"1200\"href='https:\/\/www.radiopiu.net\/wordpress\/wp-content\/uploads\/2021\/11\/dd569d17-c1c6-418d-8f12-9bab0b6eca15.jpg'><img loading=\"lazy\" decoding=\"async\" width=\"150\" height=\"150\" src=\"https:\/\/www.radiopiu.net\/wordpress\/wp-content\/uploads\/2021\/11\/dd569d17-c1c6-418d-8f12-9bab0b6eca15-150x150.jpg\" class=\"attachment-thumbnail size-thumbnail\" alt=\"\" \/><\/a>\n\t\t\t\t<\/dt><\/dl><dl class='gallery-item'>\n\t\t\t\t<dt class='gallery-icon landscape'>\n\t\t\t\t\t<a class=\"rollover rollover-zoom dt-pswp-item\" title=\"a51e8494-a56f-4600-b095-3a9b533b5ed9\" data-dt-img-description=\"\" data-large_image_width=\"1600\" data-large_image_height=\"1200\"href='https:\/\/www.radiopiu.net\/wordpress\/wp-content\/uploads\/2021\/11\/a51e8494-a56f-4600-b095-3a9b533b5ed9.jpg'><img loading=\"lazy\" decoding=\"async\" width=\"150\" height=\"150\" src=\"https:\/\/www.radiopiu.net\/wordpress\/wp-content\/uploads\/2021\/11\/a51e8494-a56f-4600-b095-3a9b533b5ed9-150x150.jpg\" class=\"attachment-thumbnail size-thumbnail\" alt=\"\" \/><\/a>\n\t\t\t\t<\/dt><\/dl><dl class='gallery-item'>\n\t\t\t\t<dt class='gallery-icon landscape'>\n\t\t\t\t\t<a class=\"rollover rollover-zoom dt-pswp-item\" title=\"fa83cf69-69e0-463c-9a56-b8b797f6c7c6\" data-dt-img-description=\"\" data-large_image_width=\"1600\" data-large_image_height=\"1200\"href='https:\/\/www.radiopiu.net\/wordpress\/wp-content\/uploads\/2021\/11\/fa83cf69-69e0-463c-9a56-b8b797f6c7c6.jpg'><img loading=\"lazy\" decoding=\"async\" width=\"150\" height=\"150\" src=\"https:\/\/www.radiopiu.net\/wordpress\/wp-content\/uploads\/2021\/11\/fa83cf69-69e0-463c-9a56-b8b797f6c7c6-150x150.jpg\" class=\"attachment-thumbnail size-thumbnail\" alt=\"\" \/><\/a>\n\t\t\t\t<\/dt><\/dl><br style=\"clear: both\" \/><dl class='gallery-item'>\n\t\t\t\t<dt class='gallery-icon landscape'>\n\t\t\t\t\t<a class=\"rollover rollover-zoom dt-pswp-item\" title=\"de739b7b-81a2-42b7-ab07-0a1c68b855ae\" data-dt-img-description=\"\" data-large_image_width=\"1600\" data-large_image_height=\"1200\"href='https:\/\/www.radiopiu.net\/wordpress\/wp-content\/uploads\/2021\/11\/de739b7b-81a2-42b7-ab07-0a1c68b855ae.jpg'><img loading=\"lazy\" decoding=\"async\" width=\"150\" height=\"150\" src=\"https:\/\/www.radiopiu.net\/wordpress\/wp-content\/uploads\/2021\/11\/de739b7b-81a2-42b7-ab07-0a1c68b855ae-150x150.jpg\" class=\"attachment-thumbnail size-thumbnail\" alt=\"\" \/><\/a>\n\t\t\t\t<\/dt><\/dl><dl class='gallery-item'>\n\t\t\t\t<dt class='gallery-icon landscape'>\n\t\t\t\t\t<a class=\"rollover rollover-zoom dt-pswp-item\" title=\"2680fe60-7549-4442-9fe5-ae7ced031d8a\" data-dt-img-description=\"\" data-large_image_width=\"1600\" data-large_image_height=\"1200\"href='https:\/\/www.radiopiu.net\/wordpress\/wp-content\/uploads\/2021\/11\/2680fe60-7549-4442-9fe5-ae7ced031d8a.jpg'><img loading=\"lazy\" decoding=\"async\" width=\"150\" height=\"150\" src=\"https:\/\/www.radiopiu.net\/wordpress\/wp-content\/uploads\/2021\/11\/2680fe60-7549-4442-9fe5-ae7ced031d8a-150x150.jpg\" class=\"attachment-thumbnail size-thumbnail\" alt=\"\" \/><\/a>\n\t\t\t\t<\/dt><\/dl><dl class='gallery-item'>\n\t\t\t\t<dt class='gallery-icon landscape'>\n\t\t\t\t\t<a class=\"rollover rollover-zoom dt-pswp-item\" title=\"04103e31-8941-4443-bacd-342dd214f09b\" data-dt-img-description=\"\" data-large_image_width=\"1600\" data-large_image_height=\"1200\"href='https:\/\/www.radiopiu.net\/wordpress\/wp-content\/uploads\/2021\/11\/04103e31-8941-4443-bacd-342dd214f09b.jpg'><img loading=\"lazy\" decoding=\"async\" width=\"150\" height=\"150\" src=\"https:\/\/www.radiopiu.net\/wordpress\/wp-content\/uploads\/2021\/11\/04103e31-8941-4443-bacd-342dd214f09b-150x150.jpg\" class=\"attachment-thumbnail size-thumbnail\" alt=\"\" \/><\/a>\n\t\t\t\t<\/dt><\/dl><br style=\"clear: both\" \/>\n\t\t\t<\/div>\n\n<p>&nbsp;<\/p>\n<p><strong>IERI ALLA RADIO<\/strong><\/p>\n<p>&nbsp;<\/p>\n<blockquote class=\"wp-embedded-content\" data-secret=\"JABFeeDIrT\"><p><a href=\"https:\/\/www.radiopiu.net\/wordpress\/in-fondo-a-malga-ciapela-il-ru-dalberch-ecco-il-ponte-dei-servizi-forestali-regionali\/\">IN FONDO A MALGA CIAPELA, IL RU D&#8217;ALBERCH: ECCO IL PONTE DEI SERVIZI FORESTALI REGIONALI<\/a><\/p><\/blockquote>\n<p><iframe loading=\"lazy\" class=\"wp-embedded-content\" sandbox=\"allow-scripts\" security=\"restricted\" style=\"position: absolute; clip: rect(1px, 1px, 1px, 1px);\" title=\"&#8220;IN FONDO A MALGA CIAPELA, IL RU D&#8217;ALBERCH: ECCO IL PONTE DEI SERVIZI FORESTALI REGIONALI&#8221; &#8212; Radio Pi\u00f9\" src=\"https:\/\/www.radiopiu.net\/wordpress\/in-fondo-a-malga-ciapela-il-ru-dalberch-ecco-il-ponte-dei-servizi-forestali-regionali\/embed\/#?secret=JABFeeDIrT\" data-secret=\"JABFeeDIrT\" width=\"600\" height=\"338\" frameborder=\"0\" marginwidth=\"0\" marginheight=\"0\" scrolling=\"no\"><\/iframe><\/p>\n<p>&nbsp;<\/p>\n<hr \/>\n<p>&nbsp;<\/p>\n<p><strong>IERI ALLA RADIO\u00a0<\/strong><br \/>\n<span style=\"color: #ff0000;\">TRA GLI ARTICOLI PIU&#8217; VISUALIZZATI, DI GIANNI SANTOMASO<\/span><\/p>\n<div class=\"page-title-head hgroup\">\n<h3 class=\"entry-title\">IL SECONDO CONSIGLIO COMUNALE DEL SINDACO LUCA LORENZINI<\/h3>\n<\/div>\n<div class=\"page-title-breadcrumbs\"><\/div>\n<p><strong><a href=\"https:\/\/www.radiopiu.net\/wordpress\/ec03ac44-24c8-48c5-8cc9-fb6bdb199399\/\"><img loading=\"lazy\" decoding=\"async\" class=\"wp-image-237909 alignleft\" src=\"https:\/\/www.radiopiu.net\/wordpress\/wp-content\/uploads\/2021\/10\/ec03ac44-24c8-48c5-8cc9-fb6bdb199399-300x169.jpg\" alt=\"\" width=\"193\" height=\"109\" srcset=\"https:\/\/www.radiopiu.net\/wordpress\/wp-content\/uploads\/2021\/10\/ec03ac44-24c8-48c5-8cc9-fb6bdb199399-300x169.jpg 300w, https:\/\/www.radiopiu.net\/wordpress\/wp-content\/uploads\/2021\/10\/ec03ac44-24c8-48c5-8cc9-fb6bdb199399-1024x576.jpg 1024w, https:\/\/www.radiopiu.net\/wordpress\/wp-content\/uploads\/2021\/10\/ec03ac44-24c8-48c5-8cc9-fb6bdb199399-768x432.jpg 768w, https:\/\/www.radiopiu.net\/wordpress\/wp-content\/uploads\/2021\/10\/ec03ac44-24c8-48c5-8cc9-fb6bdb199399-1536x864.jpg 1536w, https:\/\/www.radiopiu.net\/wordpress\/wp-content\/uploads\/2021\/10\/ec03ac44-24c8-48c5-8cc9-fb6bdb199399.jpg 1920w\" sizes=\"auto, (max-width: 193px) 100vw, 193px\" \/><\/a>\u00a0SELVA DI CADORE<\/strong><\/p>\n<p><strong>GIANNI SANTOMASO\u00a0<\/strong><\/p>\n<audio class=\"wp-audio-shortcode\" id=\"audio-241863-2\" preload=\"none\" style=\"width: 100%;\" controls=\"controls\"><source type=\"audio\/mpeg\" src=\"https:\/\/www.radiopiu.net\/wordpress\/wp-content\/uploads\/2021\/11\/ianni3.mp3?_=2\" \/><a href=\"https:\/\/www.radiopiu.net\/wordpress\/wp-content\/uploads\/2021\/11\/ianni3.mp3\">https:\/\/www.radiopiu.net\/wordpress\/wp-content\/uploads\/2021\/11\/ianni3.mp3<\/a><\/audio>\n<p>&nbsp;<\/p>\n<p>&nbsp;<\/p>\n<hr \/>\n<p>&nbsp;<\/p>\n<blockquote>\n<h3>FRODE SULL&#8217;IVA UN ARRESTO ANCHE A BELLUNO<\/h3>\n<\/blockquote>\n<p><strong>TRENTO <\/strong>Eseguita un&#8217;ordinanza di custodia cautelare degli arresti domiciliari emessa dal Gip del Tribunale di Trento, a carico di due persone residenti nelle province di Treviso e Belluno.\u00a0 Due societ\u00e0 trentine\u00a0 effettuavano acquisti intracomunitari di pellet, rivendendolo senza ottemperare ad alcun adempimento fiscale, in totale evasione d&#8217;imposta.\u00a0 L&#8217;evasione, perpetrata dal 2017 al 2018, dalle due societ\u00e0 cartiere \u00e8 stata di 350mila euro; mentre l&#8217;indebita detrazione ammonta a 170mila euro<\/p>\n<p>&nbsp;<\/p>\n<p>&nbsp;<\/p>\n<hr \/>\n<p>&nbsp;<\/p>\n<p>&nbsp;<\/p>\n<blockquote>\n<h3>ESAGITATO IN PIAZZA PRENDE A TESTATE GLI AGENTI<\/h3>\n<\/blockquote>\n<p><strong>BELLUNO<\/strong> Ancora guai per un 27enne albanese, in questa occasione contestata anche la resistenza a pubblico ufficiale e il Questore ha firmato il foglio di via, per 3 anni non potr\u00e0 tornare a Belluno. Arrestato in piazza e subito rimetto in libert\u00e0, il fatto ieri alle 12.30, il giovane importunava i passanti e per questo \u00e8 stato richiesto l&#8217;intervento del 113. E&#8217; residente in provincia e ha precedenti,\u00a0 \u00e8 stato portato in questura dove si \u00e8 fatto sentire ancora. Due poliziotti si sono dovuti far medicare in ospedale: prognosi di 6 e 7 giorni.<\/p>\n<p>&nbsp;<\/p>\n<p>&nbsp;<\/p>\n<hr \/>\n<blockquote>\n<h3><\/h3>\n<h3>VIGILI DEL FUOCO IN ESERCITAZIONE<\/h3>\n<\/blockquote>\n<p><strong><a href=\"https:\/\/www.radiopiu.net\/wordpress\/giornale-radiopiu-19-agosto-2021-direttore-mirko-mezzacasa\/8e4cb94c-a1ab-47d4-abfa-bdd930f07a29\/\" rel=\"attachment wp-att-222521\"><img loading=\"lazy\" decoding=\"async\" class=\"wp-image-222521 alignleft\" src=\"https:\/\/www.radiopiu.net\/wordpress\/wp-content\/uploads\/2021\/07\/8e4cb94c-a1ab-47d4-abfa-bdd930f07a29-300x300.jpg\" alt=\"\" width=\"138\" height=\"138\" srcset=\"https:\/\/www.radiopiu.net\/wordpress\/wp-content\/uploads\/2021\/07\/8e4cb94c-a1ab-47d4-abfa-bdd930f07a29-300x300.jpg 300w, https:\/\/www.radiopiu.net\/wordpress\/wp-content\/uploads\/2021\/07\/8e4cb94c-a1ab-47d4-abfa-bdd930f07a29-150x150.jpg 150w, https:\/\/www.radiopiu.net\/wordpress\/wp-content\/uploads\/2021\/07\/8e4cb94c-a1ab-47d4-abfa-bdd930f07a29.jpg 756w\" sizes=\"auto, (max-width: 138px) 100vw, 138px\" \/><\/a>VENEZIA\u00a0<\/strong> \u00a0\u00c8 in corso dal 9 novembre la terza esercitazione nazionale dei vigili del fuoco per posti di comando con l\u2019impiego delle colonne mobili regionali su sette diversi scenari operativi in diversi luoghi della regione del Veneto. L\u2019esercitazione prevede l\u2019impiego di 180 operatori tra cui molti specialisti del Corpo: nucleo USAR (Urban Search and Rescue), i nuclei cinofili, SAF (speleo alpino Fluviali), TAS (topografia applicata al soccorso) NBCR (Nucleare, Biologico, Chimico radiologico), reparto Volo, nucleo SAPR (Sistemi Aeromobili a Pilotaggio Remoto). Oggi esercitazione in corso con gli specialisti USAR e cinofili. Sar\u00e0 presente l\u2019ing. Giuseppe Lomoro, dirigente della direzione interregionale del Veneto e Trentino Alto Adige e responsabile dell\u2019ufficio per il soccorso pubblico, della colonna mobile regionale e dell\u2019antincendio boschivo, che illustrer\u00e0 la finalit\u00e0 di questa esercitazione arrivata alla quarta settimana e che coinvolger\u00e0 tutte le regioni.<\/p>\n<p>&nbsp;<\/p>\n<hr \/>\n<p>&nbsp;<\/p>\n<blockquote>\n<h3>OGGI SUL CORRIERE DELLE ALPI<\/h3>\n<p>FINE VITA PER SAMANTHA, IL PAPA&#8217; GIURA DA IERI E&#8217; L&#8217;AMMINISTRATORE DI SOSTEGNO<\/p><\/blockquote>\n<p><strong><a href=\"https:\/\/www.radiopiu.net\/wordpress\/il-presidente-della-provincia-a-falcade-per-parlare-di-turismo\/3-samantha_d_inca_eutanasia_eluana_englaro_cosa_succede_ultima_ora_26_maggio_2021-750x375\/\" rel=\"attachment wp-att-239284\"><img loading=\"lazy\" decoding=\"async\" class=\" wp-image-239284 alignleft\" src=\"https:\/\/www.radiopiu.net\/wordpress\/wp-content\/uploads\/2021\/10\/3-samantha_d_inca_eutanasia_eluana_englaro_cosa_succede_ultima_ora_26_maggio_2021-750x375-1-300x150.jpg\" alt=\"\" width=\"252\" height=\"126\" srcset=\"https:\/\/www.radiopiu.net\/wordpress\/wp-content\/uploads\/2021\/10\/3-samantha_d_inca_eutanasia_eluana_englaro_cosa_succede_ultima_ora_26_maggio_2021-750x375-1-300x150.jpg 300w, https:\/\/www.radiopiu.net\/wordpress\/wp-content\/uploads\/2021\/10\/3-samantha_d_inca_eutanasia_eluana_englaro_cosa_succede_ultima_ora_26_maggio_2021-750x375-1.jpg 750w\" sizes=\"auto, (max-width: 252px) 100vw, 252px\" \/><\/a>FELTRE<\/strong> Un giuramento per Samantha, per dare sostanza alle sue volont\u00e0. Ieri, durante un&#8217;udienza telematica che ha messo in collegamento Giorgio D&#8217;Inc\u00e0 con l&#8217;aula del Tribunale di Belluno, c&#8217;\u00e8 stato l&#8217;atto formale con cui il padre della ragazza \u00e8 stato nominato amministratore di sostegno. Un passaggio che va molto oltre la forma perch\u00e9 recepisce la sentenza del giudice tutelare Umberto Giacomelli e soprattutto rappresenta l&#8217;incontro delle volont\u00e0 di Samantha con quelle dei suoi genitori, che da quando, undici mesi fa, hanno appreso che le condizioni di salute della figlia erano irrimediabilmente compromesse si sono battuti dentro e fuori l&#8217;aula del tribunale per fare rispettare il volere della ragazza. No all&#8217;accanimento terapeutico.<\/p>\n<p>&nbsp;<\/p>\n<hr \/>\n<p>&nbsp;<\/p>\n<blockquote>\n<h3>LUXOTTICA, AGGIORNAMENTO TRASPORTI E PARCHEGGI<\/h3>\n<\/blockquote>\n<p><strong><a href=\"https:\/\/www.radiopiu.net\/wordpress\/luxottica-primo-giorno-da-green\/d9aec963-3a78-43c3-b8cb-9d7cb5a0fde9\/\" rel=\"attachment wp-att-237170\"><img loading=\"lazy\" decoding=\"async\" class=\"wp-image-237170 alignleft\" src=\"https:\/\/www.radiopiu.net\/wordpress\/wp-content\/uploads\/2021\/10\/d9aec963-3a78-43c3-b8cb-9d7cb5a0fde9-300x224.jpg\" alt=\"\" width=\"139\" height=\"104\" srcset=\"https:\/\/www.radiopiu.net\/wordpress\/wp-content\/uploads\/2021\/10\/d9aec963-3a78-43c3-b8cb-9d7cb5a0fde9-300x224.jpg 300w, https:\/\/www.radiopiu.net\/wordpress\/wp-content\/uploads\/2021\/10\/d9aec963-3a78-43c3-b8cb-9d7cb5a0fde9-1024x766.jpg 1024w, https:\/\/www.radiopiu.net\/wordpress\/wp-content\/uploads\/2021\/10\/d9aec963-3a78-43c3-b8cb-9d7cb5a0fde9-768x574.jpg 768w, https:\/\/www.radiopiu.net\/wordpress\/wp-content\/uploads\/2021\/10\/d9aec963-3a78-43c3-b8cb-9d7cb5a0fde9-1536x1149.jpg 1536w, https:\/\/www.radiopiu.net\/wordpress\/wp-content\/uploads\/2021\/10\/d9aec963-3a78-43c3-b8cb-9d7cb5a0fde9.jpg 2000w\" sizes=\"auto, (max-width: 139px) 100vw, 139px\" \/><\/a>AGORDO<\/strong> Dolomitibus ha comunicato alla commissione trasporti che da luned\u00ec 15 novembre dovrebbe intanto riprendere il servizio a giornata dal Primiero, limitatamente per\u00f2 alla tratta Fiera di Primiero &#8211; Agordo Luxottica. Non \u00e8 invece ancora possibile ripristinare il servizio navetta tra i parcheggi di Agordo e Luxottica. &#8220;<em>Per quanto riguarda il parcheggio provvisorio in fase di realizzazione in Valcozzena (nelle vicinanze dell&#8217;area ex Onesight)\u00a0 &#8211; precisano i delegati Uiltec-Uil &#8211; l&#8217;azienda\u00a0 ha comunicato che i lavori dovrebbero essere completati nella seconda met\u00e0 di novembre&#8221;.<\/em><\/p>\n<p>&nbsp;<\/p>\n<hr \/>\n<p>&nbsp;<\/p>\n<blockquote><p><span style=\"color: #0000ff;\">Speranza: \u00abDal 01\/12 ci sar\u00e0 la dose di richiamo anche per chi ha tra 40 a 60 anni. La terza dose \u00e8 strategica per la campagna vaccinale: siamo all&#8217;83,7% di persone che hanno completato il ciclo vaccinale\u00bb.<\/span><\/p><\/blockquote>\n<blockquote class=\"wp-embedded-content\" data-secret=\"XCGaYXvswN\"><p><a href=\"https:\/\/www.radiopiu.net\/wordpress\/aggiornamentonov10\/\">CORONAVIRUS: AGGIORNAMENTO NAZIONALE 10 NOVEMBRE  2021<\/a><\/p><\/blockquote>\n<p><iframe loading=\"lazy\" class=\"wp-embedded-content\" sandbox=\"allow-scripts\" security=\"restricted\" style=\"position: absolute; clip: rect(1px, 1px, 1px, 1px);\" title=\"&#8220;CORONAVIRUS: AGGIORNAMENTO NAZIONALE 10 NOVEMBRE  2021&#8221; &#8212; Radio Pi\u00f9\" src=\"https:\/\/www.radiopiu.net\/wordpress\/aggiornamentonov10\/embed\/#?secret=XCGaYXvswN\" data-secret=\"XCGaYXvswN\" width=\"600\" height=\"338\" frameborder=\"0\" marginwidth=\"0\" marginheight=\"0\" scrolling=\"no\"><\/iframe><\/p>\n<blockquote class=\"wp-embedded-content\" data-secret=\"P5QxErz5tQ\"><p><a href=\"https:\/\/www.radiopiu.net\/wordpress\/due-decessi-e-931-nuove-positivita-in-veneto-nelle-ultime-24-ore-ricoveri-sempre-in-aumento\/\">DUE DECESSI E 931 NUOVE POSITIVITA&#8217; IN VENETO NELLE ULTIME 24 ORE. RICOVERI SEMPRE IN AUMENTO<\/a><\/p><\/blockquote>\n<p><iframe loading=\"lazy\" class=\"wp-embedded-content\" sandbox=\"allow-scripts\" security=\"restricted\" style=\"position: absolute; clip: rect(1px, 1px, 1px, 1px);\" title=\"&#8220;DUE DECESSI E 931 NUOVE POSITIVITA&#8217; IN VENETO NELLE ULTIME 24 ORE. RICOVERI SEMPRE IN AUMENTO&#8221; &#8212; Radio Pi\u00f9\" src=\"https:\/\/www.radiopiu.net\/wordpress\/due-decessi-e-931-nuove-positivita-in-veneto-nelle-ultime-24-ore-ricoveri-sempre-in-aumento\/embed\/#?secret=P5QxErz5tQ\" data-secret=\"P5QxErz5tQ\" width=\"600\" height=\"338\" frameborder=\"0\" marginwidth=\"0\" marginheight=\"0\" scrolling=\"no\"><\/iframe><\/p>\n<p>&nbsp;<\/p>\n<h2>I GRAFICI DI TIZIANO DE COL<\/h2>\n<p>&nbsp;<\/p>\n\n\t\t\t<style type='text\/css'>\n\t\t\t\t#gallery-3 {\n\t\t\t\t\tmargin: auto;\n\t\t\t\t}\n\t\t\t\t#gallery-3 .gallery-item {\n\t\t\t\t\tfloat: left;\n\t\t\t\t\tmargin-top: 10px;\n\t\t\t\t\ttext-align: center;\n\t\t\t\t\twidth: 33%;\n\t\t\t\t}\n\t\t\t\t#gallery-3 img {\n\t\t\t\t\tborder: 2px solid #cfcfcf;\n\t\t\t\t}\n\t\t\t\t#gallery-3 .gallery-caption {\n\t\t\t\t\tmargin-left: 0;\n\t\t\t\t}\n\t\t\t\t\/* see gallery_shortcode() in wp-includes\/media.php *\/\n\t\t\t<\/style>\n\t\t<div id='gallery-3' class='dt-gallery-container gallery galleryid-241863 gallery-columns-3 gallery-size-thumbnail'><dl class='gallery-item'>\n\t\t\t\t<dt class='gallery-icon landscape'>\n\t\t\t\t\t<a class=\"rollover rollover-zoom dt-pswp-item\" title=\"5615e781-8802-4d79-88e1-e32db73dfab0\" data-dt-img-description=\"\" data-large_image_width=\"588\" data-large_image_height=\"355\"href='https:\/\/www.radiopiu.net\/wordpress\/wp-content\/uploads\/2021\/11\/5615e781-8802-4d79-88e1-e32db73dfab0.jpg'><img loading=\"lazy\" decoding=\"async\" width=\"150\" height=\"150\" src=\"https:\/\/www.radiopiu.net\/wordpress\/wp-content\/uploads\/2021\/11\/5615e781-8802-4d79-88e1-e32db73dfab0-150x150.jpg\" class=\"attachment-thumbnail size-thumbnail\" alt=\"\" \/><\/a>\n\t\t\t\t<\/dt><\/dl><dl class='gallery-item'>\n\t\t\t\t<dt class='gallery-icon landscape'>\n\t\t\t\t\t<a class=\"rollover rollover-zoom dt-pswp-item\" title=\"e23d9ae1-2fa2-4d91-b703-9d074db0c303\" data-dt-img-description=\"\" data-large_image_width=\"606\" data-large_image_height=\"359\"href='https:\/\/www.radiopiu.net\/wordpress\/wp-content\/uploads\/2021\/11\/e23d9ae1-2fa2-4d91-b703-9d074db0c303.jpg'><img loading=\"lazy\" decoding=\"async\" width=\"150\" height=\"150\" src=\"https:\/\/www.radiopiu.net\/wordpress\/wp-content\/uploads\/2021\/11\/e23d9ae1-2fa2-4d91-b703-9d074db0c303-150x150.jpg\" class=\"attachment-thumbnail size-thumbnail\" alt=\"\" \/><\/a>\n\t\t\t\t<\/dt><\/dl><dl class='gallery-item'>\n\t\t\t\t<dt class='gallery-icon landscape'>\n\t\t\t\t\t<a class=\"rollover rollover-zoom dt-pswp-item\" title=\"9fd1ac6f-b0e9-4c7a-9aef-d73a6e96aafa\" data-dt-img-description=\"\" data-large_image_width=\"598\" data-large_image_height=\"353\"href='https:\/\/www.radiopiu.net\/wordpress\/wp-content\/uploads\/2021\/11\/9fd1ac6f-b0e9-4c7a-9aef-d73a6e96aafa.jpg'><img loading=\"lazy\" decoding=\"async\" width=\"150\" height=\"150\" src=\"https:\/\/www.radiopiu.net\/wordpress\/wp-content\/uploads\/2021\/11\/9fd1ac6f-b0e9-4c7a-9aef-d73a6e96aafa-150x150.jpg\" class=\"attachment-thumbnail size-thumbnail\" alt=\"\" \/><\/a>\n\t\t\t\t<\/dt><\/dl><br style=\"clear: both\" \/><dl class='gallery-item'>\n\t\t\t\t<dt class='gallery-icon landscape'>\n\t\t\t\t\t<a class=\"rollover rollover-zoom dt-pswp-item\" title=\"4227992d-3646-41ad-8092-25f0b20c7f20\" data-dt-img-description=\"\" data-large_image_width=\"612\" data-large_image_height=\"353\"href='https:\/\/www.radiopiu.net\/wordpress\/wp-content\/uploads\/2021\/11\/4227992d-3646-41ad-8092-25f0b20c7f20.jpg'><img loading=\"lazy\" decoding=\"async\" width=\"150\" height=\"150\" src=\"https:\/\/www.radiopiu.net\/wordpress\/wp-content\/uploads\/2021\/11\/4227992d-3646-41ad-8092-25f0b20c7f20-150x150.jpg\" class=\"attachment-thumbnail size-thumbnail\" alt=\"\" \/><\/a>\n\t\t\t\t<\/dt><\/dl><dl class='gallery-item'>\n\t\t\t\t<dt class='gallery-icon landscape'>\n\t\t\t\t\t<a class=\"rollover rollover-zoom dt-pswp-item\" title=\"e53a83d0-3e85-4096-835d-99502df0d409\" data-dt-img-description=\"\" data-large_image_width=\"614\" data-large_image_height=\"351\"href='https:\/\/www.radiopiu.net\/wordpress\/wp-content\/uploads\/2021\/11\/e53a83d0-3e85-4096-835d-99502df0d409.jpg'><img loading=\"lazy\" decoding=\"async\" width=\"150\" height=\"150\" src=\"https:\/\/www.radiopiu.net\/wordpress\/wp-content\/uploads\/2021\/11\/e53a83d0-3e85-4096-835d-99502df0d409-150x150.jpg\" class=\"attachment-thumbnail size-thumbnail\" alt=\"\" \/><\/a>\n\t\t\t\t<\/dt><\/dl>\n\t\t\t\t<br style='clear: both' \/>\n\t\t\t<\/div>\n\n<p>&nbsp;<\/p>\n<p>&nbsp;<\/p>\n<hr \/>\n<p>&nbsp;<\/p>\n<blockquote>\n<h3>IN LAGUNA LA CAMPAGNA PRO VACCINI<\/h3>\n<\/blockquote>\n<p>Un\u00a0vaporetto dell\u2019ACTV\u00a0interamente decorato e allestito con le immagini della campagna\u00a0scivoler\u00e0 nelle acque veneziane, grazie alla collaborazione tra la Federazione, il\u00a0Comune di Venezia\u00a0e l\u2019OMCeO lagunare, da sempre\u00a0alleati\u00a0per la promozione della salute nel territorio. Vacciniamoci contro il Covid-19\u201d \u00e8 promossa dalla FNOMCeO,\u00a0la Federazione Nazionale degli Ordini dei Medici, e partita da Roma sotto l\u2019egida del\u00a0Ministero della Salute.<\/p>\n\n\t\t\t<style type='text\/css'>\n\t\t\t\t#gallery-4 {\n\t\t\t\t\tmargin: auto;\n\t\t\t\t}\n\t\t\t\t#gallery-4 .gallery-item {\n\t\t\t\t\tfloat: left;\n\t\t\t\t\tmargin-top: 10px;\n\t\t\t\t\ttext-align: center;\n\t\t\t\t\twidth: 50%;\n\t\t\t\t}\n\t\t\t\t#gallery-4 img {\n\t\t\t\t\tborder: 2px solid #cfcfcf;\n\t\t\t\t}\n\t\t\t\t#gallery-4 .gallery-caption {\n\t\t\t\t\tmargin-left: 0;\n\t\t\t\t}\n\t\t\t\t\/* see gallery_shortcode() in wp-includes\/media.php *\/\n\t\t\t<\/style>\n\t\t<div id='gallery-4' class='dt-gallery-container gallery galleryid-241863 gallery-columns-2 gallery-size-medium'><dl class='gallery-item'>\n\t\t\t\t<dt class='gallery-icon landscape'>\n\t\t\t\t\t<a class=\"rollover rollover-zoom dt-pswp-item\" title=\"6a2c04fc-f5ad-409d-b2b8-c2d0a1028367\" data-dt-img-description=\"\" data-large_image_width=\"1024\" data-large_image_height=\"666\"href='https:\/\/www.radiopiu.net\/wordpress\/wp-content\/uploads\/2021\/11\/6a2c04fc-f5ad-409d-b2b8-c2d0a1028367.jpg'><img loading=\"lazy\" decoding=\"async\" width=\"300\" height=\"195\" src=\"https:\/\/www.radiopiu.net\/wordpress\/wp-content\/uploads\/2021\/11\/6a2c04fc-f5ad-409d-b2b8-c2d0a1028367-300x195.jpg\" class=\"attachment-medium size-medium\" alt=\"\" srcset=\"https:\/\/www.radiopiu.net\/wordpress\/wp-content\/uploads\/2021\/11\/6a2c04fc-f5ad-409d-b2b8-c2d0a1028367-300x195.jpg 300w, https:\/\/www.radiopiu.net\/wordpress\/wp-content\/uploads\/2021\/11\/6a2c04fc-f5ad-409d-b2b8-c2d0a1028367-768x500.jpg 768w, https:\/\/www.radiopiu.net\/wordpress\/wp-content\/uploads\/2021\/11\/6a2c04fc-f5ad-409d-b2b8-c2d0a1028367.jpg 1024w\" sizes=\"auto, (max-width: 300px) 100vw, 300px\" \/><\/a>\n\t\t\t\t<\/dt><\/dl><dl class='gallery-item'>\n\t\t\t\t<dt class='gallery-icon landscape'>\n\t\t\t\t\t<a class=\"rollover rollover-zoom dt-pswp-item\" title=\"e42e462e-1fd2-4990-a98c-03c03f93b007\" data-dt-img-description=\"\" data-large_image_width=\"1024\" data-large_image_height=\"683\"href='https:\/\/www.radiopiu.net\/wordpress\/wp-content\/uploads\/2021\/11\/e42e462e-1fd2-4990-a98c-03c03f93b007.jpg'><img loading=\"lazy\" decoding=\"async\" width=\"300\" height=\"200\" src=\"https:\/\/www.radiopiu.net\/wordpress\/wp-content\/uploads\/2021\/11\/e42e462e-1fd2-4990-a98c-03c03f93b007-300x200.jpg\" class=\"attachment-medium size-medium\" alt=\"\" srcset=\"https:\/\/www.radiopiu.net\/wordpress\/wp-content\/uploads\/2021\/11\/e42e462e-1fd2-4990-a98c-03c03f93b007-300x200.jpg 300w, https:\/\/www.radiopiu.net\/wordpress\/wp-content\/uploads\/2021\/11\/e42e462e-1fd2-4990-a98c-03c03f93b007-768x512.jpg 768w, https:\/\/www.radiopiu.net\/wordpress\/wp-content\/uploads\/2021\/11\/e42e462e-1fd2-4990-a98c-03c03f93b007.jpg 1024w\" sizes=\"auto, (max-width: 300px) 100vw, 300px\" \/><\/a>\n\t\t\t\t<\/dt><\/dl><br style=\"clear: both\" \/>\n\t\t\t<\/div>\n\n<hr \/>\n<p><strong>\u00a0<\/strong><\/p>\n<p><strong><span style=\"color: #ff0000;\">la foto<\/span>\u00a0<\/strong><\/p>\n<p><strong>ALLEGHE&#8230; SPETTACOLO<\/strong><br \/>\n<strong>di Mara Mezzacasa<\/strong><\/p>\n<p><a href=\"https:\/\/www.radiopiu.net\/wordpress\/giornale-radiopiu-11-novembre-2021-direttore-mirko-mezzacasa\/64cf2fcc-f4c1-49c0-b1a0-de639a9f5da9\/\" rel=\"attachment wp-att-242222\"><img loading=\"lazy\" decoding=\"async\" class=\"alignnone size-medium wp-image-242222\" src=\"https:\/\/www.radiopiu.net\/wordpress\/wp-content\/uploads\/2021\/11\/64cf2fcc-f4c1-49c0-b1a0-de639a9f5da9-300x242.jpg\" alt=\"\" width=\"300\" height=\"242\" srcset=\"https:\/\/www.radiopiu.net\/wordpress\/wp-content\/uploads\/2021\/11\/64cf2fcc-f4c1-49c0-b1a0-de639a9f5da9-300x242.jpg 300w, https:\/\/www.radiopiu.net\/wordpress\/wp-content\/uploads\/2021\/11\/64cf2fcc-f4c1-49c0-b1a0-de639a9f5da9-1024x826.jpg 1024w, https:\/\/www.radiopiu.net\/wordpress\/wp-content\/uploads\/2021\/11\/64cf2fcc-f4c1-49c0-b1a0-de639a9f5da9-768x620.jpg 768w, https:\/\/www.radiopiu.net\/wordpress\/wp-content\/uploads\/2021\/11\/64cf2fcc-f4c1-49c0-b1a0-de639a9f5da9-1536x1239.jpg 1536w, https:\/\/www.radiopiu.net\/wordpress\/wp-content\/uploads\/2021\/11\/64cf2fcc-f4c1-49c0-b1a0-de639a9f5da9.jpg 1600w\" sizes=\"auto, (max-width: 300px) 100vw, 300px\" \/><\/a><\/p>\n<p>&nbsp;<\/p>\n<hr \/>\n<p>&nbsp;<\/p>\n<blockquote>\n<h3>L&#8217;APPELLO ALLA PRUDENZA<\/h3>\n<\/blockquote>\n<p><strong><a href=\"https:\/\/www.radiopiu.net\/wordpress\/aumentano-i-casi-covid-ma-i-letti-rimangono-vuoti-la-conferenza-stampa-della-ulss-1-dolomiti\/8c546688-fb04-4c2a-bd38-075baf76d173-2\/\" rel=\"attachment wp-att-241595\"><img loading=\"lazy\" decoding=\"async\" class=\"size-medium wp-image-241595 alignleft\" src=\"https:\/\/www.radiopiu.net\/wordpress\/wp-content\/uploads\/2021\/11\/8c546688-fb04-4c2a-bd38-075baf76d173-1-300x225.jpg\" alt=\"\" width=\"300\" height=\"225\" srcset=\"https:\/\/www.radiopiu.net\/wordpress\/wp-content\/uploads\/2021\/11\/8c546688-fb04-4c2a-bd38-075baf76d173-1-300x225.jpg 300w, https:\/\/www.radiopiu.net\/wordpress\/wp-content\/uploads\/2021\/11\/8c546688-fb04-4c2a-bd38-075baf76d173-1-1024x768.jpg 1024w, https:\/\/www.radiopiu.net\/wordpress\/wp-content\/uploads\/2021\/11\/8c546688-fb04-4c2a-bd38-075baf76d173-1-768x576.jpg 768w, https:\/\/www.radiopiu.net\/wordpress\/wp-content\/uploads\/2021\/11\/8c546688-fb04-4c2a-bd38-075baf76d173-1-1536x1152.jpg 1536w, https:\/\/www.radiopiu.net\/wordpress\/wp-content\/uploads\/2021\/11\/8c546688-fb04-4c2a-bd38-075baf76d173-1.jpg 1600w\" sizes=\"auto, (max-width: 300px) 100vw, 300px\" \/><\/a>BELLUNO<\/strong> Mascherina, distanziamento, igienizzazione: semplici ma fondamentali norme di comportamento\u00a0 efficaci non solo contro il covid ma anche contro tutte le malattie a trasmissione respiratoria, virali e batteriche, che trovano nella permanenza in locali chiusi e nella stretta vicinanza tra persone i principali determinanti nella diffusioni. <em>\u00abLa curva epidemica covid\u00bb osserva il Direttore Generale Maria Grazia Carraro, \u00absta registrando negli ultimi giorni numeri significativi. La nostra ulss sta mettendo in campo risorse ed energie per contrastare la ripresa pandemica: campagna vaccinale intensa, contact tracing rigoroso, diagnostica microbiologica di massima attenzione. Ieri, ad esempio, sono stati refertati 1365 tamponi molecolari ed effettuati solo nei drive in dell\u2019ulss Dolomiti 665 antigenici. Le nuove positivit\u00e0, infatti, hanno un gran numero di contatti derivanti da una vita sociale attiva. Ieri, ad esempio, una persona risultata positiva ha avuto nelle 48 ore precedenti quasi 100 contatti: sono 100 persone che vanno gestite e monitorate derivanti da un solo caso. <\/em><em>Abbiamo bisogno dell\u2019aiuto di tutti i cittadini sia per difendere se stessi dal virus, sia per proteggere la comunit\u00e0. Questo aiuto consiste nell\u2019aderire alla campagna vaccinale, nel seguire le indispensabili disposizione di isolamento e quarantena e nel mettere in campo i comportamenti anti covid ormai da tutti conosciuti. Il freddo \u00e8 arrivato. Come previsto i contagi sono saliti. Ci aspetta un periodo importante anche per l\u2019economia del nostro territorio: non disperdiamo i sacrifici di questi mesi\u00bb.\u00a0<\/em><\/p>\n<p>&nbsp;<\/p>\n<hr \/>\n<p>&nbsp;<\/p>\n<blockquote>\n<h3>DOSE DI RICHIAMO IN SOGGETTI VACCINATI ALL&#8217;ESTERO<\/h3>\n<\/blockquote>\n<p><strong>BELLUNO<\/strong> Il Ministero della Salute e la Regione del Veneto hanno definito la possibilit\u00e0 per le persone vaccinate all\u2019estero con un vaccino non autorizzato EMA (esempio Sputnik, Sinovac, Sinopharm) di ricevere una dose di richiamo con vaccino anti covid a mRNA a partire da 28 giorni e fino a un massimo di 180 giorni dal completamento del ciclo vaccinale primario. Questa dose di richiamo verr\u00e0 registrata come terza dose, e generer\u00e0 il Green Pass valido 12 mesi. I cittadini interessati a quanto indicato potranno prenotare la dose di richiamo inviando una mail a<br \/>\nvaccinazioni.covid@aulss1.veneto.it\u00a0 allegando alla mail il certificato vaccinale, copia di un documento di identit\u00e0 e un recapito telefonico.<\/p>\n<p>&nbsp;<\/p>\n<hr \/>\n<p>&nbsp;<\/p>\n<blockquote>\n<h3>RECORD TERZE DOSI<\/h3>\n<\/blockquote>\n<p><strong>BELLUNO<\/strong>\u00a0 Per effetto della chiamata delle persone over 60 con lettera invito, la giornata di martedi ha fatto registrare il record di terze dose somministrate in Ulss Dolomiti. Il Centro vaccinale di Sedico ha eseguito ieri 806 dosi di richiamo di vaccino anti covid. Altre 192 dosi sono state somministrate nelle case di riposo del territorio e dai medici di medicina generale anche a domicilio per un totale complessive di 998 dosi nella giornata. Ad oggi le terze dosi somministrate in ulss Dolomiti sono circa 9.300.<\/p>\n<p>&nbsp;<\/p>\n<hr \/>\n<p>&nbsp;<\/p>\n<blockquote>\n<h3>L&#8217;84% DEI VENETI E&#8217; VACCINATO (PRIMA DOSE, SECONDA O PRENOTATI), DA MARGHERA LUCA ZAIA<\/h3>\n<blockquote>\n<h3>LEGGI LA CONFERENZA STAMPA<\/h3>\n<\/blockquote>\n<blockquote><p><em>Facciamo molta attenzione a questo incremento, che va di pari passo con la stagione e l&#8217;arrivo del freddo. Siamo preoccupati del fatto che per colpa di qualcuno non si butti via questo lavoro fatto bene<\/em><\/p><\/blockquote>\n<\/blockquote>\n<p><strong>VACCINAZIONE<\/strong> Oltre 7milioni 366mila, nelle ultime 24 ore 14.248 vaccini inoculati, 1015 prime dosi, cicli completati 4517, terzo dosi 8816. Sono 166mila le terze dosi ad oggi e stiamo entrando nel vivo della terza dose, il punto massimo si raggiunger\u00e0 a fine novembre e dicembre per questo non sono stati dismessi i centri vaccinali, sono solo calati i ritmi riducendo le linee di vaccinazione. <strong>PER ETA&#8217; <\/strong>12-19 anni 69%; 20-19 anni 83,3%, 30-39 anni 78,9%, 40-49 anni 79,5% 50-59 anni 85,4%, 60-69 anni 89,8%, 70-79 anni 93 %, over 80 anni 99,9% media regionale 84,7%. Del 15% che non sono vaccinati ci sono anche gli esentati, agli altri dovremo continuare a parlare. <strong>RAFFRONTO DOPO UN ANNO<\/strong> 10 novembre 2020 c&#8217;erano 50mila tamponi, oggi 84mila. I positivi erano 2763 lo scorso anno oggi sono 931. L&#8217;incidenza passa dal 5,47%\u00a0 all&#8217;1,11%\u00a0 si passa dai 210 di un anno fa ai 57 attuali in terapia 1700 in area critica un anno fa,\u00a0 273 oggi. Tra i vaccinati ci sono meno possibilit\u00e0 di sintomi o comunque sena conseguenze gravi. <strong>OGGI\u00a0<\/strong> Siamo preoccupati per l&#8217;aumento dei positivi, ma questo dipende anche dal cambio stagionale con lunghi periodi trascorsi in casa al chiuso. <strong>PROVVEDIMENTI<\/strong> Non sono previsti interventi accessori, chiedo a chi manifesta quanto meno di proteggere e proteggersi con le mascherine, non sono contro le manifestazioni non violente, ma la protezione \u00e8 importante.\u00a0 <strong>EVENTUALITA&#8217; DI UNA FASCIA GIALLA?<\/strong> Non abbiamo proiezioni nel breve per una zona gialla. E&#8217; pur vero che la nostra preoccupazione non \u00e8 la zona gialla ma quello che succede negli ospedali.<strong>LOCKDOWN PER I NON VACCINATI<\/strong> Non mi risulta ci siano colleghi che affrontano questo, e&#8217; in corso il dibattito. E&#8217; comunque anche un problema costituzionale diversamente dall&#8217;Austria ed a me sembra impossibile nel nostro paese per evitare situazioni anti costituzionali.<strong> RESISTENZA DEI SANITARI ALLA TERZA DOSE?<\/strong> Non \u00e8 schedulata come le altre con data obbligatoria, comunque sempre piu&#8217; sanitari affluiscono alla terza dose. <strong>CRISI IN PRONTO SOCCORSO<\/strong> \u00e8 un segnale dei tempi, qualche anno fa ho assunto 300 medici abilitati non specializzati, ne venne fuori una polemica clamorosa, dobbiamo avere un&#8217;elasticit\u00e0 un po&#8217; pi\u00f9 anglosassone nella gestione, occorre essere pi\u00f9 pratici. <strong>IL DOTTOR PAOLO ROSI<\/strong> Questo problema riguarda tutta l&#8217;Italia, si \u00e8 cercato di aumentare i posti di specialit\u00e0 in medicina d&#8217;urgenza e altre aree, gli specializzandi daranno un contributo importante nei prossimi anni. Il rischio \u00e8 che l&#8217;aumento dei carichi di lavoro mettano in fuga altri professionisti. Stiamo pensando a un nuovo impiego degli specializzandi in pronto soccorso con una proposta da fare al Governo. <strong>LA DOTTORESSA RUSSO<\/strong> \u00a0spiega le nuove norme per gestire le quarantene nelle scuole. <span style=\"color: #ff0000;\">Con 3 casi tutti a casa in dad, esclusi i bimbi dell&#8217;infanzia con tutti a casa anche per un solo caso.<\/span> Quando si registra un contagio Covid tutti gli studenti restano a casa fino a quando non fanno il test, per massimo 48 ore. Se i ragazzi sono tutti negativi rientrano in classe. Se ci sono 2 casinella stessa classe, gli altri, se vaccinati restano in classe, altrimenti vanno in dad. Ultimi dati: 300 soggetti positivi, 3410 positivi da inizio anno scolatico (studenti) 233 (insegnanti), non sono diversi da quelli della scorsa settimana con oltre 7000 studenti e 400 insegnanti in quarantena. Piu&#8217; colpita la scuola primaria.<strong> SCUOLE SENTINELLA<\/strong> \u00a069 scuole coinvolte, 31200 test programmati, effettuati 21700, trovati 12 studenti positivi<\/p>\n<p><strong>DOTTOR PAOLO ROSI <\/strong>\u00a0Abbiamo toccato il minimo a luglio, una ripresa fino a fine agosto, una stabilit\u00e0 per un mese e a fine settembre i posti occupati sono tornati a scendere, ma a partire da novembre abbiamo avuto una ripartenza brusca dei posti letto, tornando ai numeri di settembre. La maggior parte dei pazienti \u00e8 intubata, due gravissimi con l&#8217;ossigenazione extra corporea. Ad oggi le proiezioni sono difficili da rendere attendibili, si tratta di variazioni molto piccole, la proiezione media ci dice che i posti occupati non dovrebbero aumentare di molto,\u00a0 ci aspettiamo un incremento piuttosto contenuto. <span style=\"color: #ff0000;\">NEGLI ULTIMI MESI MORTI 84 NON VACCINATI E 17 VACCINATI, MORTALITA&#8217; MAGGIORE NELLE FASCE PIU&#8217; ANZIANE, I VACCINATI DECEDUTI FASCIA GRANDI ANZIANI E AFFETTI DA ALTRE PATOLOGIE. SOTTO I 50 ANNI SONO MORTI 5 NON VACCINATI E NESSUN NON VACCINATO. MORTALITA&#8217; 23% 1 SU 4 DEI NON VACCINATI MUORE.\u00a0<\/span> Ad ottobre erano ricoverati il 35% di vaccinati\u00a0 e il 65% di non vaccinati. Nei primi 10 giorni di novembre abbiamo l&#8217;81% di pazienti ricoverati non vaccinati (29) e il 19% di vaccinati (7 in totale). Attualmente i ricoverati sono cos\u00ec divisi in percentuale in Veneto: 73% non vaccinati, 27% vaccinati. Se non avessimo il vaccino avremmo gli stessi numeri dell&#8217;anno scorso, con 400 persone ricoverate in terapia intensiva.<\/p>\n<blockquote><p>Sono numeri bassi, e&#8217; come andare in macchina senza mettere la cintura di sicurezza, puo&#8217; non accadere nulla ma anche avere danni gravi. Ogni giorno qualcuno muore perch\u00e9 non aveva la cintura. Vediamo, negli ultimi mesi, una forte crescita dei ricoveri in terapia intensiva di non vaccinati, mentre i vaccinati sono stabili a 4-5 casi al mese<\/p>\n<p><a href=\"https:\/\/www.facebook.com\/zaiaufficiale\/videos\/6310051335736182\">https:\/\/www.facebook.com\/zaiaufficiale\/videos\/6310051335736182<\/a><\/p>\n<p><a href=\"https:\/\/www.radiopiu.net\/wordpress\/giornale-radiopiu-11-novembre-2021-direttore-mirko-mezzacasa\/ricoveri-ti-10nov21-1-1\/\" rel=\"attachment wp-att-242057\">\u00a0<\/a><\/p><\/blockquote>\n<hr \/>\n<blockquote><p>&nbsp;<\/p><\/blockquote>\n<a href=\"https:\/\/www.radiopiu.net\/wordpress\/wp-content\/uploads\/2021\/11\/13_Scuole_2021_11_10-Situazione-epidemiologica.pdf\" class=\"pdfemb-viewer\" style=\"\" data-width=\"max\" data-height=\"max\" data-toolbar=\"top\" data-toolbar-fixed=\"on\">13_Scuole_2021_11_10 Situazione epidemiologica<\/a>\n<blockquote><p>&nbsp;<\/p><\/blockquote>\n<hr \/>\n<blockquote>\n<h3>BIGON (PD): \u201cCARENZA MEDICI NEI PRONTO SOCCORSO, DA CIMO NUMERI PREOCCUPANTI\u201d<\/h3>\n<\/blockquote>\n<p><strong><a href=\"https:\/\/www.radiopiu.net\/wordpress\/giornale-radiopiu-19-giugno-2021-direttore-mirko-mezzacasa\/medico\/\" rel=\"attachment wp-att-216887\"><img loading=\"lazy\" decoding=\"async\" class=\"size-medium wp-image-216887 alignleft\" src=\"https:\/\/www.radiopiu.net\/wordpress\/wp-content\/uploads\/2021\/06\/MEDICO-300x225.jpg\" alt=\"\" width=\"300\" height=\"225\" srcset=\"https:\/\/www.radiopiu.net\/wordpress\/wp-content\/uploads\/2021\/06\/MEDICO-300x225.jpg 300w, https:\/\/www.radiopiu.net\/wordpress\/wp-content\/uploads\/2021\/06\/MEDICO-1024x768.jpg 1024w, https:\/\/www.radiopiu.net\/wordpress\/wp-content\/uploads\/2021\/06\/MEDICO-768x576.jpg 768w, https:\/\/www.radiopiu.net\/wordpress\/wp-content\/uploads\/2021\/06\/MEDICO-1536x1152.jpg 1536w, https:\/\/www.radiopiu.net\/wordpress\/wp-content\/uploads\/2021\/06\/MEDICO.jpg 1920w\" sizes=\"auto, (max-width: 300px) 100vw, 300px\" \/><\/a>VENEZIA <\/strong><span class=\"s1\">\u201c<em>Dobbiamo mettere i medici nelle condizioni di poter lavorare con turni umani, in sicurezza e con retribuzioni adeguate, commisurate al rischio e alla responsabilit\u00e0; altrimenti l\u2019emergenza nei Pronto soccorso \u00e8 destinata ad aumentare a tempo indeterminato<\/em>\u201d. \u00c8 quanto dichiara la vicepresidente della commissione Sanit\u00e0 in Consiglio regionale Anna Maria Bigon, dopo aver letto il report di Cimo Veneto su 24 Pronto Soccorso del Veneto, da cui emerge che circa il 70% delle Ulss fa ricorso a medici nelle cooperative oppure nella libera professione per riuscire a coprire i turni.\u00a0<\/span><span class=\"s1\">\u201c<em>Sono numeri elevatissimi ed estremamente preoccupanti &#8211; sottolinea la consigliera PD &#8211; ma il peggio deve ancora arrivare: molti professionisti si avvicinano alla pensione, i bandi di concorso restano deserti, le borse di specializzazione non vengono assegnate e le dimissioni aumentano. Nei giorni scorsi il ministro Speranza ha annunciato nella Legge di bilancio un\u2019indennit\u00e0 specifica per chi lavora nei Pronto soccorso, a partire dal 2022, con uno stanziamento da 90 milioni: \u00e8 una decisione giusta che andava presa da tempo, ma da sola non \u00e8 sufficiente. Dobbiamo rendere attrattivo il Sistema sanitario pubblico, migliorando a 360 gradi le condizioni di chi ci lavora, non soltanto dal punto di vista economico<\/em>\u201d.\u00a0<\/span><\/p>\n<p>&nbsp;<\/p>\n<p>&nbsp;<\/p>\n<p>&nbsp;<\/p>\n<hr \/>\n<p>&nbsp;<\/p>\n<p>&nbsp;<\/p>\n<blockquote>\n<h3>ACC. REVOCA DELL&#8217;AMMINISTRAZIONE STRAORDINARIA &#8220;INACCETTABILE&#8221;<\/h3>\n<\/blockquote>\n<blockquote><p><em><img loading=\"lazy\" decoding=\"async\" class=\"alignleft\" src=\"https:\/\/www.radiopiu.net\/wordpress\/wp-content\/uploads\/2021\/07\/faa8de43-2fda-41a5-a69d-a3a4c1e10a1c.jpg\" width=\"157\" height=\"210\" \/>Riportiamo la dichiarazione di Christian Ferrari, segretario generale Cgil Veneto, e Stefano Bona, segretario generale Fiom Cgil Belluno a margine dell&#8217; incontro in Regione tra Acc ed Electrolux<\/em><\/p><\/blockquote>\n<p><em>&#8220;Non \u00e8 in alcun modo accettabile che il prossimo 20 novembre, in anticipo di 4 mesi rispetto alla sua scadenza, venga revocata l&#8217;Amministrazione straordinaria di Acc, causandone l&#8217;irrimediabile fallimento: \u00e8 questa la prima e piu ferma richiesta che abbiamo avanzato al tavolo regionale. E anche l&#8217;incontro di oggi ha confermato che non ce ne sono affatto le ragioni. Electrolux ha infatti confermato i suoi ordinativi all&#8217;azienda bellunese, a dimostrazione dell&#8217;esistenza eccome di un mercato. Ma tutto questo non basta. In una logica di efficiente polo del freddo e di filiera corta, sia il Ministero dello Sviluppo economico che la Regione devono mettere in campo una vera politica industriale, coinvolgendo anche realt\u00e0 come Electrolux , ma non solo, per un sostegno ponte ad Acc, in modo che si creino le condizioni per una soluzione di mercato. I prodotti dell&#8217;azienda e anche i nuovi brevetti sui compressori a velocit\u00e0 variabile sono decisivi per il sistema produttivo italiano e veneto. Le centinaia di lavoratori diretti e dell&#8217;indotto sono una risorsa di professionalit\u00e0 e di competenza cui non possiamo rinunciare&#8221;.<\/em><\/p>\n<p>&nbsp;<\/p>\n<hr \/>\n<blockquote>\n<h3><\/h3>\n<h3>ARRIVA IL NUOVO BANDO PER SEGRETARI COMUNALI. UNCEM: POSITIVO MA RIVEDIAMO REGOLE E MANSIONI<\/h3>\n<\/blockquote>\n<div><strong>ROMA<\/strong>\u00a0 \u00c8 stato pubblicato nella Gazzetta Ufficiale il bando di concorso per l\u2019accesso alla carriera dei segretari comunali e provinciali 2021. Il concorso pubblico, per esami, \u00e8 finalizzato all\u2019ammissione di 448 borsisti al corso-concorso selettivo di formazione per il conseguimento dell\u2019abilitazione richiesta ai fini dell\u2019iscrizione di n. 345 segretari comunali nella fascia iniziale dell\u2019Albo. Si uniscono alle 514 dell&#8217;ultimo concorso, con prove e tirocinio che si sono prolungati a causa della pandemia. <em>&#8220;Il nuovo concorso \u00e8 certamente una positiva notizia che arriva dal Ministero degli Interni &#8211; commenta il Presidente nazionale Uncem, Marco Bussone &#8211; Occorre per\u00f2 un efficace ripensamento della professione del Segretario, come ho avuto modo di dire recentemente in un incontro della loro Associazione. Dobbiamo rivedere regole e mansioni per renderli veri manager della PA, capaci di coordinare le azioni di Comuni insieme, di drenare risorse europee, di portare gli Enti nel futuro. Dobbiamo lavorarci insieme&#8221;.\u00a0<\/em><\/div>\n<div><\/div>\n<p>&nbsp;<\/p>\n<hr \/>\n<p>&nbsp;<\/p>\n<p>&nbsp;<\/p>\n<blockquote>\n<h3>NOVITA&#8217; ALLA CROCE VERDE VAL BIOIS, MURER &#8220;UN PASSO NECESSARIO PER ANDARE AVANTI&#8221;<\/h3>\n<\/blockquote>\n<p><strong><a href=\"https:\/\/www.radiopiu.net\/wordpress\/speciale-croce-verde-val-biois-21-mila-chilometri-in-un-anno-per-471-interventi\/murer\/\" rel=\"attachment wp-att-80526\"><img loading=\"lazy\" decoding=\"async\" class=\"wp-image-80526 alignleft\" src=\"https:\/\/www.radiopiu.net\/wordpress\/wp-content\/uploads\/2019\/03\/MURER-e1603200896333.jpg\" alt=\"\" width=\"172\" height=\"129\" \/><\/a>FALCADE<\/strong> Da tempo il Presidente della Croce Verde Val Biois lamenta la mancanza di volontari, spesso i turni non vengono pi\u00f9 coperti proprio per la mancanza di uomini e donne disponibili a prestare il servizio. Ecco il perch\u00e9 della decisione di assumere personale per allegerire il carico ai volontari alcuni di loro anziani che lasceranno l&#8217;associazione per raggiunti limiti di et\u00e0. Saranno sufficienti due dipendenti?<\/p>\n<p><strong>IL PRESIDENTE STEFANO MURER<\/strong><\/p>\n<audio class=\"wp-audio-shortcode\" id=\"audio-241863-3\" preload=\"none\" style=\"width: 100%;\" controls=\"controls\"><source type=\"audio\/mpeg\" src=\"https:\/\/www.radiopiu.net\/wordpress\/wp-content\/uploads\/2021\/11\/stefano-mure-approfondimento.mp3?_=3\" \/><a href=\"https:\/\/www.radiopiu.net\/wordpress\/wp-content\/uploads\/2021\/11\/stefano-mure-approfondimento.mp3\">https:\/\/www.radiopiu.net\/wordpress\/wp-content\/uploads\/2021\/11\/stefano-mure-approfondimento.mp3<\/a><\/audio>\n<p>&nbsp;<\/p>\n<blockquote>\n<h3>CROCE VERDE\u00a0 I PROBLEMI PER LA MANCANZA DI VOLONTARI<\/h3>\n<\/blockquote>\n<p><strong><a href=\"https:\/\/www.radiopiu.net\/wordpress\/lassessore-gianpaolo-bottacin-ribatte-alle-accuse-del-presidente-della-croce-verde-val-biois-stefano-murer\/croce-verde-val-biois-2\/\" rel=\"attachment wp-att-153811\"><img loading=\"lazy\" decoding=\"async\" class=\"wp-image-153811 alignleft\" src=\"https:\/\/www.radiopiu.net\/wordpress\/wp-content\/uploads\/2020\/08\/CROCE-VERDE-VAL-BIOIS-300x225.jpg\" alt=\"\" width=\"191\" height=\"143\" srcset=\"https:\/\/www.radiopiu.net\/wordpress\/wp-content\/uploads\/2020\/08\/CROCE-VERDE-VAL-BIOIS-300x225.jpg 300w, https:\/\/www.radiopiu.net\/wordpress\/wp-content\/uploads\/2020\/08\/CROCE-VERDE-VAL-BIOIS-1024x768.jpg 1024w, https:\/\/www.radiopiu.net\/wordpress\/wp-content\/uploads\/2020\/08\/CROCE-VERDE-VAL-BIOIS-768x576.jpg 768w, https:\/\/www.radiopiu.net\/wordpress\/wp-content\/uploads\/2020\/08\/CROCE-VERDE-VAL-BIOIS-1536x1153.jpg 1536w, https:\/\/www.radiopiu.net\/wordpress\/wp-content\/uploads\/2020\/08\/CROCE-VERDE-VAL-BIOIS.jpg 1599w\" sizes=\"auto, (max-width: 191px) 100vw, 191px\" \/><\/a>La Croce Verde Val Biois, causa la carenza di volontari, ha emanato il calendario con i disservizi del mese di novembre.<\/strong><\/p>\n<p>VENERDI&#8217; 12 NOVEMBRE 2021 dalle ore 6:00 alle ore 20:00; SABATO 13 NOVEMBRE 2021 dalle ore 6:00 alle ore 20:00; MERCOLEDI&#8217; 17 NOVEMBRE 2021 dalle ore 20:00 alle ore 6 del GIOVEDI&#8217; 18 NOVEMBRE 2021; GIOVEDI&#8217; 18 NOVEMBRE 2021 dalle ore 20:00 alle ore 6 del VENERDI&#8217; 19 NOVEMBRE 2021; DOMENICA 21 NOVEMBRE 2021 dalle ore 20:00 alle ore 20:00 del LUNEDI&#8217; 22 NOVEMBRE 2021; SABATO 27 NOVEMBRE 2021 dalle ore 6:00 alle ore 20:00: DOMENICA 28 NOVEMBRE dalle ore 20:00 alle ore 20:00 di LUNEDI&#8217; 29 NOVEMBRE 2021.<\/p>\n<p>&nbsp;<\/p>\n<p>&nbsp;<\/p>\n<p>&nbsp;<\/p>\n<hr \/>\n<blockquote>\n<h3><\/h3>\n<h3>SABATO A BORGO VALBELLUNA LA MANIFESTAZIONE DELLA CGIL<\/h3>\n<\/blockquote>\n<p><strong>BORGO VALBELLUNA<\/strong> Sabato alle 10 a Borgo Valbelluna manifestazione &#8220;Salviamo L&#8217;industria e l&#8217;identit\u00e0 della Valbelluna&#8221; , indetta dalla Cgil Belluno in difesa del tessuto produttivo della provincia. Sono invitati a partecipare\u00a0 i lavoratori, le rappresentanze sindacali, partiti e movimenti politici, associazioni di volontariato e\u00a0 cittadini.<\/p>\n<p>&nbsp;<\/p>\n<p>&nbsp;<\/p>\n<hr \/>\n<p>&nbsp;<\/p>\n<blockquote>\n<h3>ACC E IDEAL, BOND &#8220;MARTEDI DA GIORGETTI PER PARLARE DI RILANCIO&#8221;<\/h3>\n<\/blockquote>\n<div>\n<p><strong>ROMA<\/strong> <em>\u00abMarted\u00ec saremo a colloquio dal ministro Giorgetti, insieme ai colleghi parlamentari bellunesi, per parlare di come rilanciare Acc e Ideal Standard. Bisogna gi\u00e0 guardare al rilancio e al futuro, perch\u00e9 non voglio credere alla chiusura\u00bb.<\/em> Cos\u00ec in una nota il deputato Dario Bond, che nei giorni scorsi insieme ai colleghi bellunesi di Camera e Senato ha scritto al Mise per chiedere un incontro urgente al ministro dello sviluppo economico. Occasione per esporre i\u00a0 timori e anche le\u00a0 idee, proposte reali e costruttive per salvare le due aziende nell\u2019immediato, e rilanciarle nel prossimo futuro.<\/p>\n<p>&nbsp;<\/p>\n<p>&nbsp;<\/p>\n<\/div>\n<hr \/>\n<blockquote>\n<h3><\/h3>\n<h3>SABATO 13 NOVEMBRE CISL E UIL IN PIAZZA CON LA COMUNIT\u00c0 BELLUNESE PER SALVARE DUE STORICHE IMPRESE<\/h3>\n<\/blockquote>\n<p><strong><a href=\"https:\/\/www.radiopiu.net\/wordpress\/per-san-martino-la-settiman-piu-artistica-dellanno-domani-la-presentazione-ufficiale\/municipio-mel-2\/\" rel=\"attachment wp-att-105065\"><img loading=\"lazy\" decoding=\"async\" class=\"size-medium wp-image-105065 alignleft\" src=\"https:\/\/www.radiopiu.net\/wordpress\/wp-content\/uploads\/2019\/11\/municipio-Mel-300x164.jpg\" alt=\"\" width=\"300\" height=\"164\" srcset=\"https:\/\/www.radiopiu.net\/wordpress\/wp-content\/uploads\/2019\/11\/municipio-Mel-300x164.jpg 300w, https:\/\/www.radiopiu.net\/wordpress\/wp-content\/uploads\/2019\/11\/municipio-Mel.jpg 768w\" sizes=\"auto, (max-width: 300px) 100vw, 300px\" \/><\/a>BELLUNO <\/strong><em>\u201cRammarica veder girare una locandina con solo i simboli di una parte del movimento sindacale; non permetteremo che in un momento cruciale per la vita di 800 famiglie vi sia qualcuno che prova a dividere i lavoratori. Prevalga il senso di responsabilit\u00e0 e non le manie di protagonismo di qualche sindacalista. \u00c8 fondamentale stare sui temi senza strumentalizzazioni di quella che per la comunit\u00e0 di Borgo Valbelluna e dell\u2019intera provincia \u00e8 un vero e proprio dramma\u201d.\u00a0 <\/em>Esprimono con queste parole Massimiliano Paglini, segretario generale della Cisl Belluno Treviso e Michele Ferraro, coordinatore della Uil di Belluno, la piena adesione alla manifestazione per il lavoro a Borgo Valbelluna di sabato 13.<\/p>\n<p><strong>MASSIMILIANO PAGLINI, SEGRETARIO CISL BELLUNO\/TREVISO<\/strong><\/p>\n<audio class=\"wp-audio-shortcode\" id=\"audio-241863-4\" preload=\"none\" style=\"width: 100%;\" controls=\"controls\"><source type=\"audio\/mpeg\" src=\"https:\/\/www.radiopiu.net\/wordpress\/wp-content\/uploads\/2021\/11\/PAGLINI-CISL-MANIFESTAZIONE-SABATO.mp3?_=4\" \/><a href=\"https:\/\/www.radiopiu.net\/wordpress\/wp-content\/uploads\/2021\/11\/PAGLINI-CISL-MANIFESTAZIONE-SABATO.mp3\">https:\/\/www.radiopiu.net\/wordpress\/wp-content\/uploads\/2021\/11\/PAGLINI-CISL-MANIFESTAZIONE-SABATO.mp3<\/a><\/audio>\n<p>&nbsp;<\/p>\n<p>&nbsp;<\/p>\n<hr \/>\n<p>&nbsp;<\/p>\n<p>&nbsp;<\/p>\n<blockquote>\n<h3>DOGLIONI ALLA CAMERA: &#8220;SOSTENETE L&#8217;ECONOMIA MONTANA<\/h3>\n<\/blockquote>\n<p><strong><a href=\"https:\/\/www.radiopiu.net\/wordpress\/giornale-radiopiu-31-luglio-2021-direttore-mirko-mezzacasa\/th-171\/\" rel=\"attachment wp-att-225158\"><img loading=\"lazy\" decoding=\"async\" class=\"size-full wp-image-225158 alignleft\" src=\"https:\/\/www.radiopiu.net\/wordpress\/wp-content\/uploads\/2021\/07\/th-21.jpg\" alt=\"\" width=\"286\" height=\"161\" \/><\/a>BELLUNO<\/strong> Paolo Doglioni, presidente di Confcommercio Belluno, e\u0300 intervenuto marted\u00ec in audizione presso la Commissione X \u2013 Attivita\u0300 produttive, commercio e turismo \u2013 della Camera dei Deputati, nell\u2019ambito dell\u2019indagine conoscitiva sulle proposte per la ripresa economica delle attivita\u0300 turistico ricettive della Montagna invernale. In questa sede Doglioni e\u0300 stato delegato a rappresentare l\u2019intero sistema delle imprese del terziario quale membro del Consiglio di Confcommercio con incarico per le politiche della montagna Non ha rinunciato a rimarcare alcuni punti importanti per la sopravvivenza e il rilancio del sistema montano. Innanzi tutto la necessita\u0300 di sostegno ai servizi alle imprese ed alle persone, in modo tale da permettere anche i giovani di rimanere a vivere e lavorare nelle \u201cterre alte\u201d, chiarendo come cio\u0300 passi necessariamente attraverso la valorizzazione dei negozi di paese e di vallata ed al loro ruolo sociale oltre che economico. Inoltre, ha voluto ribadire la necessita\u0300 di adeguamento della struttura viabilistica, anche in funzione delle esigenze delle imprese.<\/p>\n<p>&nbsp;<\/p>\n<p>&nbsp;<\/p>\n<hr \/>\n<p>&nbsp;<\/p>\n<blockquote>\n<h3>CARENZA DIRIGENTI AMMINISTRATIVI LIMITA LE SCUOLE DEL BELLUNESE<\/h3>\n<\/blockquote>\n<p><strong><a href=\"https:\/\/www.radiopiu.net\/wordpress\/speciale-feltre-fondi-di-confine-e-biblioteche-dal-gr-pomeriggio-di-radio-piu\/roger_de_menech_daticamera\/\" rel=\"attachment wp-att-49599\"><img loading=\"lazy\" decoding=\"async\" class=\" wp-image-49599 alignleft\" src=\"https:\/\/www.radiopiu.net\/wordpress\/wp-content\/uploads\/2018\/05\/Roger_De_Menech_daticamera.jpg\" alt=\"\" width=\"127\" height=\"175\" \/><\/a>ROMA <\/strong>Il deputato bellunese Roger De Menech ha depositato un\u2019interrogazione per chiedere al governo e al ministero dell\u2019istruzione di risolvere definitivamente il problema della carenza di direttori amministrativi nelle scuole della provincia. \u00c8 il caso per esempio dell\u2019Istituto Comprensivo di Feltre, uno dei pi\u00f9 grandi e articolati della provincia, con oltre 1.200 alunni iscritti e 110 dipendenti, caratterizzato da una rilevante complessit\u00e0 organizzativa che si articola nella gestione di ben 13 plessi scolastici differenti. L\u2019Istituto non ha in organico una figura di Dsga titolato dal 2017. Per sollecitare la risoluzione del problema il Consiglio Comunale di Feltre ha approvato in data 28 settembre 2021 un ordine del giorno chiedendo un intervento risolutivo alle istituzioni regionali e nazionali. \u00ab<em>Ma la situazione \u00e8 simile in tutto il bellunese<\/em>\u00bb, nota De Menech, \u00ab<em>con ben 12 Istituti scolastici sprovvisti di dirigente amministrativo&#8221;.\u00a0<\/em><\/p>\n<p><strong>DAL NOTIZIARIO DI RADIO PIU&#8217;, IL DEPUTATO ROGER DE MENECH\u00a0<\/strong><\/p>\n<audio class=\"wp-audio-shortcode\" id=\"audio-241863-5\" preload=\"none\" style=\"width: 100%;\" controls=\"controls\"><source type=\"audio\/mpeg\" src=\"https:\/\/www.radiopiu.net\/wordpress\/wp-content\/uploads\/2021\/11\/rogert.mp3?_=5\" \/><a href=\"https:\/\/www.radiopiu.net\/wordpress\/wp-content\/uploads\/2021\/11\/rogert.mp3\">https:\/\/www.radiopiu.net\/wordpress\/wp-content\/uploads\/2021\/11\/rogert.mp3<\/a><\/audio>\n<p>&nbsp;<\/p>\n<p>&nbsp;<\/p>\n<hr \/>\n<p>&nbsp;<\/p>\n<blockquote>\n<h3>LATTE, ACCORDO RAGGIUNTO SUL PREZZO DI 41 CENTESIMI AL LITRO<\/h3>\n<\/blockquote>\n<p><em>Confagricoltura: \u201cA Treviso e Belluno hanno rischiato di scomparire 655 aziende\u201d<\/em><\/p>\n<p><strong><a href=\"https:\/\/www.radiopiu.net\/wordpress\/giornale-radiopiu-27-ottobre-2021-direttore-mirko-mezzacasa\/stalla2\/\" rel=\"attachment wp-att-239198\"><img loading=\"lazy\" decoding=\"async\" class=\"size-medium wp-image-239198 alignleft\" src=\"https:\/\/www.radiopiu.net\/wordpress\/wp-content\/uploads\/2021\/10\/stalla2-300x224.jpg\" alt=\"\" width=\"300\" height=\"224\" srcset=\"https:\/\/www.radiopiu.net\/wordpress\/wp-content\/uploads\/2021\/10\/stalla2-300x224.jpg 300w, https:\/\/www.radiopiu.net\/wordpress\/wp-content\/uploads\/2021\/10\/stalla2-1024x765.jpg 1024w, https:\/\/www.radiopiu.net\/wordpress\/wp-content\/uploads\/2021\/10\/stalla2-768x574.jpg 768w, https:\/\/www.radiopiu.net\/wordpress\/wp-content\/uploads\/2021\/10\/stalla2.jpg 1296w\" sizes=\"auto, (max-width: 300px) 100vw, 300px\" \/><\/a>BELLUNO_TREVISO <\/strong>Gli imprenditori del settore lattiero caseario di Confagricoltura Treviso e Confagricoltura Belluno esprimono la loro soddisfazione per il protocollo d\u2019intesa\u00a0 tra organizzazioni agricole, cooperative, industria e grande distribuzione per la salvaguardia degli allevamenti italiani. Con l\u2019accordo di filiera, valido fino al 31 marzo 2022, gli allevatori potranno raggiungere il prezzo di 41 centesimi al litro, IVA esclusa. L\u2019intesa introduce un \u201cpremio emergenza stalle\u201d, pari a 3 centesimo al litro. Sar\u00e0 possibile un\u2019ulteriore integrazione pari a 1 centesimo al litro, che potr\u00e0 essere riconosciuta dall\u2019industria di trasformazione o dalle cooperative nel caso in cui non si raggiungesse la soglia massimi di 41 centesimi al litro. Per Giangiacomo Gallarati Scotti Bonaldi, presidente di Confagricoltura Treviso <em>\u00abora \u00e8 indispensabile lavorare insieme per valorizzare e proteggere i prodotti italiani dal pericolo Italian Sounding: la possibile sparizione \u2013 dal 2022 \u2013 dell\u2019indicazione di origine dalle etichette alimentari potrebbe essere un grave problema per chi, come le aziende del comparto zootecnico, ha fidelizzato i propri clienti anche sulla base dell\u2019immediati riconoscibilit\u00e0 della zona di produzione. La vicenda Pro\u0161ek ci sta insegnando molto, non possiamo permettere che siano messi a rischio altri prodotti a origine controllata\u00bb.<\/em><\/p>\n<p>&nbsp;<\/p>\n<p>&nbsp;<\/p>\n<hr \/>\n<p>&nbsp;<\/p>\n<blockquote>\n<h3>GIRO D&#8217;ITALIA 2022, BELLUNO TORNA AD OSPITARE LA PARTENZA DI TAPPA, L&#8217;ARRIVO A PASSO FEDAIA SPERANDO CHE LA METEO &#8211; COME UN ANNO FA &#8211; NON FACCIA CAMBIARE IL TRACCIATO ALL&#8217;ULTIMO MINUTO<\/h3>\n<\/blockquote>\n<p><strong><a href=\"https:\/\/www.radiopiu.net\/wordpress\/giornale-radiopiu-11-novembre-2021-direttore-mirko-mezzacasa\/dscf4380\/\" rel=\"attachment wp-att-242010\"><img loading=\"lazy\" decoding=\"async\" class=\" wp-image-242010 alignleft\" src=\"https:\/\/www.radiopiu.net\/wordpress\/wp-content\/uploads\/2021\/11\/DSCF4380-300x225.jpg\" alt=\"\" width=\"244\" height=\"183\" srcset=\"https:\/\/www.radiopiu.net\/wordpress\/wp-content\/uploads\/2021\/11\/DSCF4380-300x225.jpg 300w, https:\/\/www.radiopiu.net\/wordpress\/wp-content\/uploads\/2021\/11\/DSCF4380.jpg 640w\" sizes=\"auto, (max-width: 244px) 100vw, 244px\" \/><\/a>BELLUNO<\/strong> <em>\u00abSiamo felici e orgogliosi di poter tornare ad ospitare una partenza del Giro d&#8217;Italia, a 11 anni dalla cronoscalata del Nevegal e a 8 dalla Belluno-Rifugio Panarotta. Ancora una volta la corsa rosa si decider\u00e0 sulle Dolomiti ed \u00e8 per noi un onore essere di nuovo protagonisti di un pezzo di storia sportiva; siamo sicuri che sar\u00e0 una grandissima giornata di festa alla quale speriamo possano partecipare tantissimi tifosi, appassionati e curiosi\u00bb<\/em>: cos\u00ec l&#8217;assessore allo sport del Comune di Belluno Marco Bogo alla notizia dell&#8217;ufficializzazione di Belluno come citt\u00e0 di partenza di una delle pi\u00f9 importanti frazioni del Giro d&#8217;Italia 2022, che porter\u00e0 i corridori dal capoluogo fino in Marmolada, al Passo Fedaia. L&#8217;ufficializzazione di Belluno citt\u00e0 di tappa 2022 arriva a cinque mesi dall&#8217;altro grande evento rosa che aveva interessato il Comune capoluogo, l&#8217;arrivo di tappa in Nevegal del Giro d&#8217;Italia Under 23.<\/p>\n<p><strong>AI MICROFONI DI RADIO PIU&#8217;&#8230; MARCO BOGO\u00a0<\/strong><\/p>\n<audio class=\"wp-audio-shortcode\" id=\"audio-241863-6\" preload=\"none\" style=\"width: 100%;\" controls=\"controls\"><source type=\"audio\/mpeg\" src=\"https:\/\/www.radiopiu.net\/wordpress\/wp-content\/uploads\/2021\/11\/BOGO-1.mp3?_=6\" \/><a href=\"https:\/\/www.radiopiu.net\/wordpress\/wp-content\/uploads\/2021\/11\/BOGO-1.mp3\">https:\/\/www.radiopiu.net\/wordpress\/wp-content\/uploads\/2021\/11\/BOGO-1.mp3<\/a><\/audio>\n<p><strong>\u00a0<\/strong><\/p>\n<p><strong>IL PRESIDENTE DELLA PROVINCIA ROBERTO PADRIN<\/strong><\/p>\n<audio class=\"wp-audio-shortcode\" id=\"audio-241863-7\" preload=\"none\" style=\"width: 100%;\" controls=\"controls\"><source type=\"audio\/mpeg\" src=\"https:\/\/www.radiopiu.net\/wordpress\/wp-content\/uploads\/2021\/11\/padrin.mp3?_=7\" \/><a href=\"https:\/\/www.radiopiu.net\/wordpress\/wp-content\/uploads\/2021\/11\/padrin.mp3\">https:\/\/www.radiopiu.net\/wordpress\/wp-content\/uploads\/2021\/11\/padrin.mp3<\/a><\/audio>\n<p>&nbsp;<\/p>\n<blockquote><p>L\u2019ultimo arrivo in salita del Giro d\u2019Italia 2022,\u00a0 confermata\u00a0 la Belluno-Marmolada. Partenza da Belluno\u00a0 per\u00a0 Sedico, Santa Giustina e la Certosa di Vedana. Si sale ad Agordo e Cencenighe. Inizia l\u00ec il trittico di salite finale con il Passo\u00a0 San Pellegrino,\u00a0 Pordoi (Cima Coppi 2022) e\u00a0 Fedaia. Non si percorrono i Serrai di Sottoguda come noto interrotti dopo Vaia. Dopo 14 anni la Marmolada \u00e8 nuovamente sede di arrivo.<\/p><\/blockquote>\n<p>&nbsp;<\/p>\n<blockquote class=\"wp-embedded-content\" data-secret=\"NdTloPg3bF\"><p><a href=\"https:\/\/www.radiopiu.net\/wordpress\/dopo-14-anni-il-giro-ditalia-sale-di-nuovo-lagordino-fino-al-fedaia\/\">DOPO 14 ANNI IL GIRO D&#8217;ITALIA SALE DI NUOVO L&#8217;AGORDINO FINO AL FEDAIA<\/a><\/p><\/blockquote>\n<p><iframe loading=\"lazy\" class=\"wp-embedded-content\" sandbox=\"allow-scripts\" security=\"restricted\" style=\"position: absolute; clip: rect(1px, 1px, 1px, 1px);\" title=\"&#8220;DOPO 14 ANNI IL GIRO D&#8217;ITALIA SALE DI NUOVO L&#8217;AGORDINO FINO AL FEDAIA&#8221; &#8212; Radio Pi\u00f9\" src=\"https:\/\/www.radiopiu.net\/wordpress\/dopo-14-anni-il-giro-ditalia-sale-di-nuovo-lagordino-fino-al-fedaia\/embed\/#?secret=NdTloPg3bF\" data-secret=\"NdTloPg3bF\" width=\"600\" height=\"338\" frameborder=\"0\" marginwidth=\"0\" marginheight=\"0\" scrolling=\"no\"><\/iframe><\/p>\n<p>&nbsp;<\/p>\n<blockquote>\n<h3>LA TAPPA FELTRINA<\/h3>\n<\/blockquote>\n<p><strong>BELLUNO\u00a0<\/strong> Gioved\u00ec 26 maggio si correr\u00e0 la Borgo Valsugana &#8211; Treviso,\u00a0 in territorio bellunese da Fastro, appena superate le Scale di Primolano, a Fener per:\u00a0 Arsi\u00e9, Fonzaso, Feltre e Quero.\u00a0 La Borgo Valsugana &#8211; Treviso misurer\u00e0 146 chilometri e, dopo il passaggio nel Feltrino, toccher\u00e0 i territori di Valdobbiadene, Col San Martino, Pieve di Soligo, Refrontolo, quindi proporr\u00e0 lo spettacolare passaggio sulla salita del Muro di Ca&#8217;del Poggio, prima del circuito finale nel capoluogo della Marca.<\/p>\n<p>&nbsp;<\/p>\n<p>&nbsp;<\/p>\n<hr \/>\n<p>&nbsp;<\/p>\n<blockquote>\n<h3>DA VENERDI LA STAGIONE CONGRESSUALE, S&#8217;INIZIA CON LA FAI<\/h3>\n<\/blockquote>\n<p><a href=\"https:\/\/www.radiopiu.net\/wordpress\/da-venerdi-la-stagione-congressuale-sinizia-con-la-fai\/andrea-meneghel-e1546861928439-678x381\/\" rel=\"attachment wp-att-242015\"><img loading=\"lazy\" decoding=\"async\" class=\"size-medium wp-image-242015 alignleft\" src=\"https:\/\/www.radiopiu.net\/wordpress\/wp-content\/uploads\/2021\/11\/Andrea-Meneghel-e1546861928439-678x381-1-300x169.jpg\" alt=\"\" width=\"300\" height=\"169\" srcset=\"https:\/\/www.radiopiu.net\/wordpress\/wp-content\/uploads\/2021\/11\/Andrea-Meneghel-e1546861928439-678x381-1-300x169.jpg 300w, https:\/\/www.radiopiu.net\/wordpress\/wp-content\/uploads\/2021\/11\/Andrea-Meneghel-e1546861928439-678x381-1.jpg 678w\" sizes=\"auto, (max-width: 300px) 100vw, 300px\" \/><\/a><strong>BELLUNO_TREVISO<\/strong> Entra nel vivo il percorso che porter\u00e0 allo svolgimento del terzo Congresso della Cisl Belluno Treviso, fissato per le giornate del 9 e 10 febbraio 2022. Sar\u00e0 la Fai, la categoria che rappresenta i lavoratori dell\u2019agricoltura, dell\u2019industria alimentare, delle foreste e della pesca, la prima Federazione a svolgere il proprio Congresso territoriale venerd\u00ec 12 novembre a Godega di Sant\u2019Urbano.\u00a0 Dal 12 novembre al 14 dicembre tutte e 18 le Federazioni territoriali di categoria\u00a0 convocheranno le assemblee per il rinnovo delle Segreterie e l\u2019elezione dei 280 delegati che parteciperanno al Congresso confederale della Cisl interprovinciale del febbraio dell\u2019anno prossimo,\u00a0 complessivamente i delegati che parteciperanno alle assise congressuali categoriali saranno circa 280 in rappresentanza dei 92.300 iscritti.<\/p>\n<p><strong>IL SEGRETARIO GENERALE DELLA FAI CISL BELLUNO TREVISO ANDREA MENEGHEL<\/strong><\/p>\n<audio class=\"wp-audio-shortcode\" id=\"audio-241863-8\" preload=\"none\" style=\"width: 100%;\" controls=\"controls\"><source type=\"audio\/mpeg\" src=\"https:\/\/www.radiopiu.net\/wordpress\/wp-content\/uploads\/2021\/11\/meneghel.mp3?_=8\" \/><a href=\"https:\/\/www.radiopiu.net\/wordpress\/wp-content\/uploads\/2021\/11\/meneghel.mp3\">https:\/\/www.radiopiu.net\/wordpress\/wp-content\/uploads\/2021\/11\/meneghel.mp3<\/a><\/audio>\n<p>&nbsp;<\/p>\n<hr \/>\n<p>&nbsp;<\/p>\n<blockquote>\n<h3>CONVEGNO PNRR, QUALI OPPORTUNITA&#8217; PER GLI ENTI LOCALI<\/h3>\n<\/blockquote>\n<p><strong>di Maria Rita Gentilin_Spi CGIL oggi in onda alla radio alle 10.30 a 1900 nello speciale appuntamento alla radio, in onda il giovedi con cadenza quindicinale.\u00a0<\/strong><br \/>\n<strong>BELLUNO<\/strong> \u00a0Il Convegno dal titolo \u201cPNRR quali opportunit\u00e0 per gli enti locali\u201d si\u00a0 svolger\u00e0 in presenza in Sala Bianchi viale Fantuzzi 11 a Belluno, venerd\u00ec 12 novembre 21\u00a0 ore 17.00 . Relazioneranno Renato Bressan Dipartimento Contrattazione Sociale\u00a0 Spi Cgil Nazionale Vanessa Camani vicepresidente 1 commissione Regione Veneto, Roberto Padrin\u00a0 Presidente Provincia di Belluno Lorenzo Mazzoli Segretario Spi Cgil Nazionale. E\u2019 gradita la prenotazione al 0437 184 1425 \/spi.bl@veneto.cgil.it Obbligo green pass e mascherina<\/p>\n<p>&nbsp;<\/p>\n<hr \/>\n<p>&nbsp;<\/p>\n<blockquote>\n<h3>DOMENICA TORNA LA FIERA DI SAN MARTINO A BELLUNO CITTA&#8217; E NON CI SARA&#8217; IL SERVIZIO NAVETTA DAI PARCHEGGI<\/h3>\n<\/blockquote>\n<p><strong>BELLUNO<\/strong> Torna, dopo due anni di assenza forzata \u2013 nel 2019 per il maltempo, nel 2020 causa Covid \u2013 la Fiera di San Martino: l&#8217;appuntamento \u00e8 per domenica 14 novembre in centro citt\u00e0. Oltre alle tradizionali bancarelle ci sar\u00e0 anche il Mercatino di Cose di Vecchie Case,\u00a0 i banchi (almeno una decina) di prodotti tipici locali promossi dall&#8217;Unione Montana Belluno-Ponte nelle Alpi. Ad oggi sono 74 gli operatori con posto fisso che hanno comunicato la loro presenza alla Fiera. Torna anche Street Food con 9 postazioni per tutta la giornata di domenica. Domenica mattina\u00a0 il concerto della Filarmonica di Belluno 1867, che si esibir\u00e0 nel tradizionale Concerto di San Martino in Piazza Duomo (lato Auditorium) alle 10.45, per poi lasciare spazio fino all&#8217;ora di pranzo al Corpo Musicale Comunale di Sedico. Per l&#8217;accesso alla fiera sar\u00e0 necessario essere in possesso di Green Pass in corso di <a href=\"https:\/\/www.radiopiu.net\/wordpress\/giornale-radiopiu-08-luglio-2020-direttore-mirko-mezzacasa\/assessore-yuki-demilia\/\" rel=\"attachment wp-att-148231\"><img loading=\"lazy\" decoding=\"async\" class=\"size-medium wp-image-148231 alignleft\" src=\"https:\/\/www.radiopiu.net\/wordpress\/wp-content\/uploads\/2020\/07\/Assessore-Yuki-dEmilia-300x200.jpg\" alt=\"\" width=\"300\" height=\"200\" srcset=\"https:\/\/www.radiopiu.net\/wordpress\/wp-content\/uploads\/2020\/07\/Assessore-Yuki-dEmilia-300x200.jpg 300w, https:\/\/www.radiopiu.net\/wordpress\/wp-content\/uploads\/2020\/07\/Assessore-Yuki-dEmilia-1024x683.jpg 1024w, https:\/\/www.radiopiu.net\/wordpress\/wp-content\/uploads\/2020\/07\/Assessore-Yuki-dEmilia-768x512.jpg 768w, https:\/\/www.radiopiu.net\/wordpress\/wp-content\/uploads\/2020\/07\/Assessore-Yuki-dEmilia-1536x1024.jpg 1536w, https:\/\/www.radiopiu.net\/wordpress\/wp-content\/uploads\/2020\/07\/Assessore-Yuki-dEmilia-2048x1365.jpg 2048w\" sizes=\"auto, (max-width: 300px) 100vw, 300px\" \/><\/a>validit\u00e0; saranno previsti controlli a campione da parte delle forze dell&#8217;ordine.\u00a0 Interdizione ai mezzi a motore dell&#8217;area del centro storico e della citt\u00e0 vecchia, con le eccezioni gi\u00e0 in vigore con la precedente ordinanza. Restano accessibili i parcheggi limitrofi al centro, non verr\u00e0 effettuato il tradizionale servizio di navetta.<\/p>\n<p><strong>L&#8217;ASSESSORE YUKI D&#8217;EMILIA<\/strong><\/p>\n<audio class=\"wp-audio-shortcode\" id=\"audio-241863-9\" preload=\"none\" style=\"width: 100%;\" controls=\"controls\"><source type=\"audio\/mpeg\" src=\"https:\/\/www.radiopiu.net\/wordpress\/wp-content\/uploads\/2021\/11\/yuki.mp3?_=9\" \/><a href=\"https:\/\/www.radiopiu.net\/wordpress\/wp-content\/uploads\/2021\/11\/yuki.mp3\">https:\/\/www.radiopiu.net\/wordpress\/wp-content\/uploads\/2021\/11\/yuki.mp3<\/a><\/audio>\n<p>&nbsp;<\/p>\n<p>&nbsp;<\/p>\n<p>&nbsp;<\/p>\n<p>&nbsp;<\/p>\n<hr \/>\n<blockquote>\n<h3>SAN MARTIN&#8230;LA RIFLESSIONE DI CLAUDIO PRA<\/h3>\n<\/blockquote>\n<p><strong><a href=\"https:\/\/www.radiopiu.net\/wordpress\/san-martin-la-riflessione-di-claudio-pra\/san-martino\/\" rel=\"attachment wp-att-241925\"><img loading=\"lazy\" decoding=\"async\" class=\" wp-image-241925 alignleft\" src=\"https:\/\/www.radiopiu.net\/wordpress\/wp-content\/uploads\/2021\/11\/san-martino-297x300.png\" alt=\"\" width=\"238\" height=\"240\" srcset=\"https:\/\/www.radiopiu.net\/wordpress\/wp-content\/uploads\/2021\/11\/san-martino-297x300.png 297w, https:\/\/www.radiopiu.net\/wordpress\/wp-content\/uploads\/2021\/11\/san-martino-1014x1024.png 1014w, https:\/\/www.radiopiu.net\/wordpress\/wp-content\/uploads\/2021\/11\/san-martino-150x150.png 150w, https:\/\/www.radiopiu.net\/wordpress\/wp-content\/uploads\/2021\/11\/san-martino-768x776.png 768w, https:\/\/www.radiopiu.net\/wordpress\/wp-content\/uploads\/2021\/11\/san-martino.png 1396w\" sizes=\"auto, (max-width: 238px) 100vw, 238px\" \/><\/a>di Claudio Pra<\/strong><\/p>\n<p>San Martin me manda qua<br \/>\nChe ne feve la carit\u00e0<br \/>\nCarit\u00e0 de en bicierin<br \/>\nViva viva San Martin<\/p>\n<p>Nel tardo pomeriggio del 10 novembre, vigilia di S.Martino, in molti luoghi dell&#8217;Agordino bambini e ragazzi passano (passavano?) per le case cantando questa e altre filastrocche, ricevendo come premio caramelle, noci, bagigi ecc. Con gli occhi da adulto, insieme ai Pavarui, la ricordo come la pi\u00f9 bella tradizione, una festa in cui ci si divertiva con poco. Meglio il vecchio San Martin o il recentemente importato Halloween? Io non ho dubbi&#8230;Viva viva San Martin!<\/p>\n<p>&nbsp;<\/p>\n<p><strong>DALLA PAGINA FACEBOOK DI CORRADO CATTADORI<\/strong><\/p>\n<p>Si avvicina l\u2019 11 Novembre e i ragazzi si preparano a \u201ccant\u00e0 San Martin\u201d! La usanza tramandata da tempo coinvolge un po\u2019 Tutti i comuni della vallata Agordina\u2026 Nella tesi di Laurea del prof. Antonio Favretti sono riportate alcune filastrocche che vengono cantate in questa occasione\u2026<br \/>\nSono certo che quasi tutti le ricordiamo, ma alcune forse non tutti le conoscono\u2026Ecco alcune che riporto dal testo citato.<\/p>\n\n\t\t\t<style type='text\/css'>\n\t\t\t\t#gallery-5 {\n\t\t\t\t\tmargin: auto;\n\t\t\t\t}\n\t\t\t\t#gallery-5 .gallery-item {\n\t\t\t\t\tfloat: left;\n\t\t\t\t\tmargin-top: 10px;\n\t\t\t\t\ttext-align: center;\n\t\t\t\t\twidth: 33%;\n\t\t\t\t}\n\t\t\t\t#gallery-5 img {\n\t\t\t\t\tborder: 2px solid #cfcfcf;\n\t\t\t\t}\n\t\t\t\t#gallery-5 .gallery-caption {\n\t\t\t\t\tmargin-left: 0;\n\t\t\t\t}\n\t\t\t\t\/* see gallery_shortcode() in wp-includes\/media.php *\/\n\t\t\t<\/style>\n\t\t<div id='gallery-5' class='dt-gallery-container gallery galleryid-241863 gallery-columns-3 gallery-size-medium'><dl class='gallery-item'>\n\t\t\t\t<dt class='gallery-icon landscape'>\n\t\t\t\t\t<a class=\"rollover rollover-zoom dt-pswp-item\" title=\"82068915-2e43-48e1-891d-1164c591ca36\" data-dt-img-description=\"\" data-large_image_width=\"776\" data-large_image_height=\"323\"href='https:\/\/www.radiopiu.net\/wordpress\/wp-content\/uploads\/2021\/11\/82068915-2e43-48e1-891d-1164c591ca36.jpg'><img loading=\"lazy\" decoding=\"async\" width=\"300\" height=\"125\" src=\"https:\/\/www.radiopiu.net\/wordpress\/wp-content\/uploads\/2021\/11\/82068915-2e43-48e1-891d-1164c591ca36-300x125.jpg\" class=\"attachment-medium size-medium\" alt=\"\" srcset=\"https:\/\/www.radiopiu.net\/wordpress\/wp-content\/uploads\/2021\/11\/82068915-2e43-48e1-891d-1164c591ca36-300x125.jpg 300w, https:\/\/www.radiopiu.net\/wordpress\/wp-content\/uploads\/2021\/11\/82068915-2e43-48e1-891d-1164c591ca36-768x320.jpg 768w, https:\/\/www.radiopiu.net\/wordpress\/wp-content\/uploads\/2021\/11\/82068915-2e43-48e1-891d-1164c591ca36.jpg 776w\" sizes=\"auto, (max-width: 300px) 100vw, 300px\" \/><\/a>\n\t\t\t\t<\/dt><\/dl><dl class='gallery-item'>\n\t\t\t\t<dt class='gallery-icon portrait'>\n\t\t\t\t\t<a class=\"rollover rollover-zoom dt-pswp-item\" title=\"e6988917-ec8d-4e7f-aaef-2934a273e667\" data-dt-img-description=\"\" data-large_image_width=\"588\" data-large_image_height=\"662\"href='https:\/\/www.radiopiu.net\/wordpress\/wp-content\/uploads\/2021\/11\/e6988917-ec8d-4e7f-aaef-2934a273e667.jpg'><img loading=\"lazy\" decoding=\"async\" width=\"266\" height=\"300\" src=\"https:\/\/www.radiopiu.net\/wordpress\/wp-content\/uploads\/2021\/11\/e6988917-ec8d-4e7f-aaef-2934a273e667-266x300.jpg\" class=\"attachment-medium size-medium\" alt=\"\" srcset=\"https:\/\/www.radiopiu.net\/wordpress\/wp-content\/uploads\/2021\/11\/e6988917-ec8d-4e7f-aaef-2934a273e667-266x300.jpg 266w, https:\/\/www.radiopiu.net\/wordpress\/wp-content\/uploads\/2021\/11\/e6988917-ec8d-4e7f-aaef-2934a273e667.jpg 588w\" sizes=\"auto, (max-width: 266px) 100vw, 266px\" \/><\/a>\n\t\t\t\t<\/dt><\/dl><dl class='gallery-item'>\n\t\t\t\t<dt class='gallery-icon portrait'>\n\t\t\t\t\t<a class=\"rollover rollover-zoom dt-pswp-item\" title=\"021ab83e-bb43-47e6-86ad-501ba20b2499\" data-dt-img-description=\"\" data-large_image_width=\"775\" data-large_image_height=\"776\"href='https:\/\/www.radiopiu.net\/wordpress\/wp-content\/uploads\/2021\/11\/021ab83e-bb43-47e6-86ad-501ba20b2499.jpg'><img loading=\"lazy\" decoding=\"async\" width=\"300\" height=\"300\" src=\"https:\/\/www.radiopiu.net\/wordpress\/wp-content\/uploads\/2021\/11\/021ab83e-bb43-47e6-86ad-501ba20b2499-300x300.jpg\" class=\"attachment-medium size-medium\" alt=\"\" srcset=\"https:\/\/www.radiopiu.net\/wordpress\/wp-content\/uploads\/2021\/11\/021ab83e-bb43-47e6-86ad-501ba20b2499-300x300.jpg 300w, https:\/\/www.radiopiu.net\/wordpress\/wp-content\/uploads\/2021\/11\/021ab83e-bb43-47e6-86ad-501ba20b2499-150x150.jpg 150w, https:\/\/www.radiopiu.net\/wordpress\/wp-content\/uploads\/2021\/11\/021ab83e-bb43-47e6-86ad-501ba20b2499-768x769.jpg 768w, https:\/\/www.radiopiu.net\/wordpress\/wp-content\/uploads\/2021\/11\/021ab83e-bb43-47e6-86ad-501ba20b2499.jpg 775w\" sizes=\"auto, (max-width: 300px) 100vw, 300px\" \/><\/a>\n\t\t\t\t<\/dt><\/dl><br style=\"clear: both\" \/>\n\t\t\t<\/div>\n\n<p>&nbsp;<\/p>\n<hr \/>\n<p>&nbsp;<\/p>\n<blockquote>\n<h3 class=\"p1\"><span class=\"s1\">FILM SUL POST VAJONT, L\u2019INCONTRO COL MINISTRO FRANCESCHINI E I COMUNI COMPATTI:\u00a0\u00abCHIEDIAMO L\u2019ADESIONE DELLA RAI E DELLE ISTITUZIONI\u00bb<\/span><\/h3>\n<\/blockquote>\n<p class=\"p1\"><span class=\"s1\"><strong><a href=\"https:\/\/www.radiopiu.net\/wordpress\/giornale-radiopiu-11-novembre-2021-direttore-mirko-mezzacasa\/martinelli_con_padrin_e_vendramini\/\" rel=\"attachment wp-att-241982\"><img loading=\"lazy\" decoding=\"async\" class=\"size-medium wp-image-241982 alignleft\" src=\"https:\/\/www.radiopiu.net\/wordpress\/wp-content\/uploads\/2021\/11\/Martinelli_con_Padrin_e_Vendramini-300x218.jpg\" alt=\"\" width=\"300\" height=\"218\" srcset=\"https:\/\/www.radiopiu.net\/wordpress\/wp-content\/uploads\/2021\/11\/Martinelli_con_Padrin_e_Vendramini-300x218.jpg 300w, https:\/\/www.radiopiu.net\/wordpress\/wp-content\/uploads\/2021\/11\/Martinelli_con_Padrin_e_Vendramini-1024x744.jpg 1024w, https:\/\/www.radiopiu.net\/wordpress\/wp-content\/uploads\/2021\/11\/Martinelli_con_Padrin_e_Vendramini-768x558.jpg 768w, https:\/\/www.radiopiu.net\/wordpress\/wp-content\/uploads\/2021\/11\/Martinelli_con_Padrin_e_Vendramini-1536x1115.jpg 1536w, https:\/\/www.radiopiu.net\/wordpress\/wp-content\/uploads\/2021\/11\/Martinelli_con_Padrin_e_Vendramini.jpg 1581w\" sizes=\"auto, (max-width: 300px) 100vw, 300px\" \/><\/a>PONTE NELLE ALPI<\/strong> Un film sulle conseguenze della tragedia del Vajont? In una serata pubblica a Longarone, il regista Renzo Martinelli ha dichiarato che la sceneggiatura \u00e8 pronta da tempo. E i Comuni della memoria si schierano compatti a favore del progetto, chiedendo in via ufficiale l\u2019appoggio e il patrocinio dei Ministeri competenti e della Rai. A questo proposito, l\u2019onorevole Roger De Menech ha incontrato il ministro per i Beni e le Attivit\u00e0 culturali, Dario Franceschini, per imbastire un percorso che, si spera, possa portare alla realizzazione dell\u2019opera, il regista Martinelli ha gi\u00e0 confezionato la sceneggiatura per un nuovo film sui risvolti della catastrofe<\/span><\/p>\n<p>&nbsp;<\/p>\n<p>&nbsp;<\/p>\n<hr \/>\n<p>&nbsp;<\/p>\n<blockquote>\n<h3>\u201cLE EMOZIONI DEL VOLO\u201d: SABATO AL MUSEO DIOCESANO UNA SERATA DEDICATA AGLI APPASSIONATI DEL VOLO LIBERO E NON SOLO<\/h3>\n<\/blockquote>\n<p><strong><a href=\"https:\/\/www.radiopiu.net\/wordpress\/palio-e-museo-per-la-valorizzazione-della-cultura\/museodiocesano_feltre_tesori\/\" rel=\"attachment wp-att-80830\"><img loading=\"lazy\" decoding=\"async\" class=\"size-medium wp-image-80830 alignleft\" src=\"https:\/\/www.radiopiu.net\/wordpress\/wp-content\/uploads\/2019\/03\/museodiocesano_feltre_tesori-300x213.jpg\" alt=\"\" width=\"300\" height=\"213\" srcset=\"https:\/\/www.radiopiu.net\/wordpress\/wp-content\/uploads\/2019\/03\/museodiocesano_feltre_tesori-300x213.jpg 300w, https:\/\/www.radiopiu.net\/wordpress\/wp-content\/uploads\/2019\/03\/museodiocesano_feltre_tesori-768x544.jpg 768w, https:\/\/www.radiopiu.net\/wordpress\/wp-content\/uploads\/2019\/03\/museodiocesano_feltre_tesori.jpg 790w\" sizes=\"auto, (max-width: 300px) 100vw, 300px\" \/><\/a>FELTRE <\/strong>Si intitola \u201cLe emozioni del volo\u201d, la serata organizzata per sabato 13 novembre, a partire dalle 20.30 presso il Museo diocesano di Arte Sacra in via Paradiso, dal Comune di Feltre in collaborazione con il Para e Delta Club Feltre e l&#8217;Aero Club Feltre. Gianni De Zaiacomo, pilota e fotografo di Agordo, presenter\u00e0 foto e video delle Dolomiti da una prospettiva a dir poco spettacolare; Maurizio Bottegal, uno dei pionieri del volo libero nel Feltrino ma non solo, racconter\u00e0 poi il suo libro \u201cSignori del Vento\u201d, con l&#8217;ausilio di alcune foto inedite degli anni &#8217;80 e &#8217;90. Interverr\u00e0 quindi Loris Berta, uno dei migliori piloti italiani di parapendio, che presenter\u00e0 il video \u201cTexas 400\u201d di Luigi Pesce, in cui si ripercorre la storia del tentativo di record del mondo di parapendio del 2002 e da cui si potr\u00e0 evincere come gi\u00e0 in quegli anni l&#8217;inquinamento avesse iniziato a compromette la qualit\u00e0 dell&#8217;aria sui nostri cieli. Presenta la serata Marco \u201cRezza\u201d Resenterra. L&#8217;ingresso \u00e8 libero fino ad esaurimento dei posti con esibizione del green pass in corso di validit\u00e0.<\/p>\n<p>&nbsp;<\/p>\n<p>&nbsp;<\/p>\n<hr \/>\n<p>&nbsp;<\/p>\n<blockquote>\n<h3>DUE CONCORSI IN PROGRAMMA IN OCCASIONE DEL MIG<\/h3>\n<\/blockquote>\n<p><strong><a href=\"https:\/\/www.radiopiu.net\/wordpress\/il-gelato-da-daniele-ai-tempi-del-coronavirus\/gelato\/\" rel=\"attachment wp-att-133588\"><img loading=\"lazy\" decoding=\"async\" class=\" wp-image-133588 alignleft\" src=\"https:\/\/www.radiopiu.net\/wordpress\/wp-content\/uploads\/2020\/04\/GELATO-300x200.jpg\" alt=\"\" width=\"215\" height=\"143\" srcset=\"https:\/\/www.radiopiu.net\/wordpress\/wp-content\/uploads\/2020\/04\/GELATO-300x200.jpg 300w, https:\/\/www.radiopiu.net\/wordpress\/wp-content\/uploads\/2020\/04\/GELATO-1024x681.jpg 1024w, https:\/\/www.radiopiu.net\/wordpress\/wp-content\/uploads\/2020\/04\/GELATO-768x511.jpg 768w, https:\/\/www.radiopiu.net\/wordpress\/wp-content\/uploads\/2020\/04\/GELATO-1536x1022.jpg 1536w, https:\/\/www.radiopiu.net\/wordpress\/wp-content\/uploads\/2020\/04\/GELATO.jpg 1920w\" sizes=\"auto, (max-width: 215px) 100vw, 215px\" \/><\/a>LONGARONE<\/strong> In occasione della 61. MIG \u2013 Mostra Internazionale del Gelato Artigianale, in programma nei padiglioni di Longarone Fiere Dolomiti dal 28 novembre al 1\u00b0 dicembre 2021 si svolger\u00e0 il Concorso Coppa d\u2019Oro, giunto alla sua 51a edizione. Il gusto dell\u2019edizione 2021 del Concorso sar\u00e0: LIMONE base acqua La consegna dei campioni avverr\u00e0 luned\u00ec 29 novembre, mentre la finale si svolger\u00e0 mercoled\u00ec 1\u00b0 dicembre. Il concorso Gelato a Due \u2013 con MIG 2021 si terr\u00e0 il 28-29 novembre 2021. Uno chef e un gelatiere gareggeranno in squadra preparando: 1 gelato gourmet abbinato a un antipasto, un primo, un secondo, una pizza, street food, ecc., 1 gelato dessert al piatto.<\/p>\n<p>&nbsp;<\/p>\n<p>&nbsp;<\/p>\n<hr \/>\n<p>&nbsp;<\/p>\n<blockquote>\n<h3>AGORDINI IN UDIENZA DAL SANTO PADRE<\/h3>\n<\/blockquote>\n<p><strong>ROMA<\/strong> Potranno tornare a casa e potranno dire a Roma ci siamo andati ed abbiamo visto il Papa, diversamente da chi scende nella capitale senza vedere il capo della chiesa. A renderci partecipi di questo bel momento Alberto &#8220;Albertino&#8221; Gaz con Stefania e Lorella. Nelle foto Papa Francesco, degli agordini accontentiamoci della mani.<\/p>\n\n\t\t\t<style type='text\/css'>\n\t\t\t\t#gallery-6 {\n\t\t\t\t\tmargin: auto;\n\t\t\t\t}\n\t\t\t\t#gallery-6 .gallery-item {\n\t\t\t\t\tfloat: left;\n\t\t\t\t\tmargin-top: 10px;\n\t\t\t\t\ttext-align: center;\n\t\t\t\t\twidth: 50%;\n\t\t\t\t}\n\t\t\t\t#gallery-6 img {\n\t\t\t\t\tborder: 2px solid #cfcfcf;\n\t\t\t\t}\n\t\t\t\t#gallery-6 .gallery-caption {\n\t\t\t\t\tmargin-left: 0;\n\t\t\t\t}\n\t\t\t\t\/* see gallery_shortcode() in wp-includes\/media.php *\/\n\t\t\t<\/style>\n\t\t<div id='gallery-6' class='dt-gallery-container gallery galleryid-241863 gallery-columns-2 gallery-size-medium'><dl class='gallery-item'>\n\t\t\t\t<dt class='gallery-icon portrait'>\n\t\t\t\t\t<a class=\"rollover rollover-zoom dt-pswp-item\" title=\"6b9df604-5cb9-47c9-9326-0d8ab22c91ce\" data-dt-img-description=\"\" data-large_image_width=\"605\" data-large_image_height=\"1600\"href='https:\/\/www.radiopiu.net\/wordpress\/wp-content\/uploads\/2021\/11\/6b9df604-5cb9-47c9-9326-0d8ab22c91ce.jpg'><img loading=\"lazy\" decoding=\"async\" width=\"113\" height=\"300\" src=\"https:\/\/www.radiopiu.net\/wordpress\/wp-content\/uploads\/2021\/11\/6b9df604-5cb9-47c9-9326-0d8ab22c91ce-113x300.jpg\" class=\"attachment-medium size-medium\" alt=\"\" srcset=\"https:\/\/www.radiopiu.net\/wordpress\/wp-content\/uploads\/2021\/11\/6b9df604-5cb9-47c9-9326-0d8ab22c91ce-113x300.jpg 113w, https:\/\/www.radiopiu.net\/wordpress\/wp-content\/uploads\/2021\/11\/6b9df604-5cb9-47c9-9326-0d8ab22c91ce-387x1024.jpg 387w, https:\/\/www.radiopiu.net\/wordpress\/wp-content\/uploads\/2021\/11\/6b9df604-5cb9-47c9-9326-0d8ab22c91ce-581x1536.jpg 581w, https:\/\/www.radiopiu.net\/wordpress\/wp-content\/uploads\/2021\/11\/6b9df604-5cb9-47c9-9326-0d8ab22c91ce.jpg 605w\" sizes=\"auto, (max-width: 113px) 100vw, 113px\" \/><\/a>\n\t\t\t\t<\/dt><\/dl><dl class='gallery-item'>\n\t\t\t\t<dt class='gallery-icon portrait'>\n\t\t\t\t\t<a class=\"rollover rollover-zoom dt-pswp-item\" title=\"e6160737-0eed-4237-ace1-f37924991bc9\" data-dt-img-description=\"\" data-large_image_width=\"900\" data-large_image_height=\"1600\"href='https:\/\/www.radiopiu.net\/wordpress\/wp-content\/uploads\/2021\/11\/e6160737-0eed-4237-ace1-f37924991bc9.jpg'><img loading=\"lazy\" decoding=\"async\" width=\"169\" height=\"300\" src=\"https:\/\/www.radiopiu.net\/wordpress\/wp-content\/uploads\/2021\/11\/e6160737-0eed-4237-ace1-f37924991bc9-169x300.jpg\" class=\"attachment-medium size-medium\" alt=\"\" srcset=\"https:\/\/www.radiopiu.net\/wordpress\/wp-content\/uploads\/2021\/11\/e6160737-0eed-4237-ace1-f37924991bc9-169x300.jpg 169w, https:\/\/www.radiopiu.net\/wordpress\/wp-content\/uploads\/2021\/11\/e6160737-0eed-4237-ace1-f37924991bc9-576x1024.jpg 576w, https:\/\/www.radiopiu.net\/wordpress\/wp-content\/uploads\/2021\/11\/e6160737-0eed-4237-ace1-f37924991bc9-768x1365.jpg 768w, https:\/\/www.radiopiu.net\/wordpress\/wp-content\/uploads\/2021\/11\/e6160737-0eed-4237-ace1-f37924991bc9-864x1536.jpg 864w, https:\/\/www.radiopiu.net\/wordpress\/wp-content\/uploads\/2021\/11\/e6160737-0eed-4237-ace1-f37924991bc9.jpg 900w\" sizes=\"auto, (max-width: 169px) 100vw, 169px\" \/><\/a>\n\t\t\t\t<\/dt><\/dl><br style=\"clear: both\" \/>\n\t\t\t<\/div>\n\n<p>&nbsp;<\/p>\n<p>&nbsp;<\/p>\n<hr \/>\n<p>&nbsp;<\/p>\n<blockquote>\n<h3>VILLAGRANDE: IL DEVASTANTE INCENDIO DEL 1917 DISTRUSSE IN PIAZZA DELL\u2019\u00d2LT LA CASA DI GIGI G\u00c8R<\/h3>\n<\/blockquote>\n<p><strong>di RENATO BONA<\/strong><\/p>\n<p><strong>RIVAMONTE<\/strong> Rieccoci a Villagrande, in comune di Rivamonte Agordino, per completare la ricognizione della frazione della quale ci siamo occupati nel precedente servizio, sempre \u201cguidati\u201d dall\u2019ottimo libro fotografico fortemente voluto dal Club Unesco Agordino presieduto da Giuliano Laveder, e realizzato &#8211; col patrocinio di Ficlu, la Federazione italiana club e centri Unesco &#8211; nell\u2019ottobre del 2013 con la tipografia Castaldi di Agordo. In questa occasione apriamo la carrellata di pregevoli immagini con quella di un folto gruppo, intitolata \u201cVillagrande &#8211; 1925\u201d che documenta il \u201cMatrimonio di Serafina Casera e Arcangelo Gnech (Bane). Per la cronaca: \u201cQualche anno dopo, nel 1927, il Comune di Rivamonte poteva vantare un fotografo professionista: infatti fu concessa a Cesare Gnech, residente a Villagrande, la licenza per esercitare l\u2019arte fotografica con laboratorio\u201d. Segue quella di un piccolo gruppo al femminile, intitolata: \u201cMerceria Pasquali (T\u00f2ni Tuli) &#8211; 1967\u201d accompagnata dalla dicitura che precisa: \u201cda sinistra: Maria Grazia Paganin, Amabile Del Din con in braccio Chiara Lazzaroni, e Annalisa Conedera. Amabile ha cessato l\u2019attivit\u00e0 nel 1986 ed \u00e8 subentrata Annalisa Conedera fino al 2002\u201d. Sotto il titolo: \u201cVillagrande con sullo sfondo i tetti ancora in sc\u00e0ndole &#8211; met\u00e0 anni \u201850\u201d la foto di un altro gruppo che comprende: da sinistra: Silvano Fossali, Antonietta Schena, Rosetta Schena. Speranza Laveder, Fortunato Gnech (Nati) e il fratello Davide Pietro Gnch. Tocca quindi a: \u201cOsteria Nin Baga &#8211; anni \u201850\u201d che propone, da sinistra: Cesarino Del Din (C\u00e8ce) e Giovanni De Bernardin (Nani Pat\u00e0ta). \u201cIncendio a Villagrande &#8211; 19 settembre 1917\u201d \u00e8 il titolo dell\u2019immagine che ha questa dicitura-cronaca: \u201cNel 1927, nell\u2019intento di prevenire tali eventi, fu fatto obbligo do provvedere in un determinato periodo dell\u2019anno alla pulizia dei camini e fu inoltre creata un apposita commissione di verifica. Inoltre l\u2019illuminazione dei fil\u00f2 nelle stalle prevedeva l\u2019utilizzo di lumi dotati di apposita protezione\u201d. Ancora un gruppo, questo col titolo: \u201cSopra la piazzetta del Nai &#8211; 1963) e la dicitura: \u201cDa sinistra: Domenico Angoletta, Loris Xaiz, Pietro Schena, Liliana Xaiz, Nadia Pasquali e Rosamar\u00ec Angoletta\u201d. \u201cVillagrande -1961\u201d propone: \u201cCarolina Botter intenta nella preparazione dei suoi famosi \u2018scarp\u00e9t\u2019. A Carolina si rivolgevano anche i coscritti per farsi confezionare le decorazioni utilizzate nei festeggiamenti, in particolar modo i fiori di carta, i fazzoletti, i berretti\u201d. Una coppia d\u00e0 il titolo: \u201cVillagrande &#8211; Natale 1965\u201d alla fotografia di Maria Fadig\u00e0 (Mari\u00f3ni) e Antonio Sommariva (Scianta). Per la cronaca: un tempo nell\u2019intero caseggiato, Canton\u00e0da, che dalla strada provinciale arriva fino alla piazzetta del Nai vivevano 113 persone.\u201dVillagrande &#8211; anni \u201860\u201d: Giacomo Conedera (M\u00e9to B\u00f3ra) equilibrista. Stessa epoca: Valentinio Xaiz (Tin\u00f2l) con Luciano Conedera davanti alla sua bottega da barbiere. Luciano ha aperto il suo negozio ad aprile 1955 e ha chiuso a gennaio 2011. Segue la foto di \u201cBur\u00e8la\u201d &#8211; anni\u201920\u201d. E quindi quella cos\u00ec illustrata: \u201cCentro di Villagrande davanti alla bottega del barbiere e alla casa del B\u00f3ra &#8211; anni 60\u201d. Mentre \u00e8 di inizio anni \u201940 la fotografia che mostra, da sinistra: i fratelli Rita, Giacomo e Luigi Conedera (B\u00f3ra). E\u2019 arrivata la neve! Ed ecco l\u2019immagine intitolata \u201cBivio Bur\u00e8la &#8211; fine anni \u201840\u201d con dicitura: \u201cTutti sugli sci sulla strada provinciale dove \u00e8 stata costruita la casa di Giovanni Fossen (Nani Rosina). Da sinistra: Pietro Conedera, Giorgio Gnech (Pel\u00ect), Luciano Conedera, persona non identificata, Italo Gnech (Ton\u00e9ti), Pia Gnech (B\u00f2tola), Carlo Fossen, Felice Del Din e Giuseppe Gnech (Pel\u00ect). Due signore in primo piano nella foto intitolata \u201cDavanti all\u2019osteria Nin Baga &#8211; anni \u201860\u201d e dicitura che spiega: \u201cDa sinistra: Angela Semplici (Chipa) e Carolina Botter. Sempre sulla sinistra si intravvedono ancora due gabinetti (cond\u00f9t) che un tempo erano situati all\u2019esterno delle abitazioni. Sulla destra si noti il fienile dove poi \u00e8 stata realizzata la nuova officina meccanica di Mario Gnech\u201d. \u201cVillagrande &#8211; anni 50\u201d \u00e8 il titolo sopra la foto che ci mostra \u201cI coniugi Fioravante Mottes e Orsolina Bellenzier. Per la cronaca: dopo un incidente sul lavoro in Francia e una conseguente invalidit\u00e0 permanente, Fioravante rientra a Rivamonte e apre un bar che gestisce con la moglie. Negli anni \u201940 il bar passa nelle mani di Emilio Tazzer; Fioravante era un punto di riferimento per molte persone a Rivamonte: a lui si rivolgevano per battere a macchina &#8211; ancora l\u2019era del computer era lontana &#8211; lettere da inviare agli uffici pubblici. E a proposito di neve ecco la \u201cVeduta di Rivamonte dalla casa del Pasqu\u00e0l Galta &#8211; anni \u201860\u201d in cui si vedono, sulla sinistra: Lucia Da Costa con Renzo Troi e il figlio Fabio. Siamo a \u201cMet\u00e0 anni \u201830\u201d e nella foto di gruppo si riconoscono, da sinistra: Martino Pasquali (Tuli), Arcangelo Gnech (Lollo), Gigi G\u00e8r, Luigi Gnech (Giso Grillo). Pietro Rosson (P\u00f2po Casen\u00f3ve), Mario Faoro (Pierino) e Domenico Da Costa (Baldi). Cronaca: \u201cGigi G\u00e8r abitava a Villagrande, sulla piazza dell\u2019\u00d2lt, finch\u00e9 l\u2019incendio del 1917 non distrusse completamente la casa; in seguito visse svolgendo piccoli lavori e trovando ospitalit\u00e0 presso alcune famiglie di Villagrande e Rosson, quando non trascorreva lunghi periodi nei Cas\u00e8i della Mar\u00f3l, vivendo da eremita. Luigi G\u00e8r \u00e8 ricordato principalmente per aver costruito e posto le Croci delle 14 stazioni della Via Crucis lungo il sentiero che da Pianezze si snoda fino alla Cr\u00f3s\u201d. Siano giunti all\u2019\u201cOsteria Nin Baga &#8211; fine anni \u201950, Maria Mottes\u201d. Per la cronaca: \u201cUn\u2019altra osteria di Villagrande, ormai scomparsa, si trovava dove ora c\u2019\u00e8 il panificio; era il dopolavoro, aperto nel 1930 e contava 70 soci; era gestito da Maria Fossen (M\u00e9t) e a seguire dalla P\u00f2pa Tito; quest\u2019ultima si spost\u00f2 poi al Cral. Il dopolavoro divenne un negozio di generi alimentari gestito dalla N\u00f2thi e dal Tin\u00f2l\u201d. Battista Conedera (Tita B\u00f3ra) e Vittoria Gnech sono i \u201cpersonaggi\u201d della foto scattata a Villagrande alla fine degli anni 50. Largo ai giovani nell\u2019immagine successiva, del 1953, che propone Albino e Carlo Schena sulla Lambretta. Segue la foto di gruppo della met\u00e0 anni \u201950 che ci mostra in prima fila Marcella Gnech e Rita Schena, in seconda fila, sempre da sinistra: Gianni Fossen, Silvano Fossali bimbetta non identificata e Orsolina Bellenzier; dietro: Rita Faoro e Maria Gnech del Titol\u00e9t. Facciamo tappa all\u2019\u201cOsteria dai Fossali, prima met\u00e0 degli anni \u201940\u201d con dicitura che spiega: \u201cL\u2019osteria disponeva di due campi di bocce e qui si poteva ballare. Il bar \u00e8 stato chiuso alla fine degli anni \u201940. Si riconoscono: a destra Abele Gnech (Gal) e, dietro, vestito di scuro, Angelo Car\u00e8l. Indietro nel tempo: anno 1911 fra le donne in costume tipico il piccolo Battista Conedera (Tita B\u00f3ra) in braccio ad Antonia Gnech con le sorelle Celeste, una non identificata, Mari\u00e0ni, Vincenza (S\u00e0nghi) e Lucia (Thi\u00e9ta). Ci avviamo a conclusione con la foto scattata davanti alla casa dei Mareng\u00f3i alla fine degli anni \u201950; sullo slittino Luciano e Ivana Fadig\u00e0, dietro la mamma Elisa Schena. Per la cronaca: negli anni Trenta una circolare del Comune riportava che \u201cslittarsi per diporto lungo le strade comunali, vicinali e consorziali\u201d era assolutamente vietato. Ed ecco l\u2019ultima immagine, intitolata \u201cInterno della latteria di Villagrande\u201d con dicitura che per la cronaca spiega: \u201cIl 17 giugno 1896 fu fondata la \u2018Societ\u00e0 Anonima Cooperativa Lattaria di Rivamonte\u2019 con 50 soci delle frazioni di Canop, Rosson e Villagrande. L\u2019edificio fu costruito \u2018a pi\u00f3dech\u2019 con le pietre di Lach e la sabbia di Forcella Franche nel 1894. Attualmente il caseificio, di propriet\u00e0 comunale, \u00e8 utilizzato dalla Cooperativa Agricola Canop\u201d.<\/p>\n\n\t\t\t<style type='text\/css'>\n\t\t\t\t#gallery-7 {\n\t\t\t\t\tmargin: auto;\n\t\t\t\t}\n\t\t\t\t#gallery-7 .gallery-item {\n\t\t\t\t\tfloat: left;\n\t\t\t\t\tmargin-top: 10px;\n\t\t\t\t\ttext-align: center;\n\t\t\t\t\twidth: 16%;\n\t\t\t\t}\n\t\t\t\t#gallery-7 img {\n\t\t\t\t\tborder: 2px solid #cfcfcf;\n\t\t\t\t}\n\t\t\t\t#gallery-7 .gallery-caption {\n\t\t\t\t\tmargin-left: 0;\n\t\t\t\t}\n\t\t\t\t\/* see gallery_shortcode() in wp-includes\/media.php *\/\n\t\t\t<\/style>\n\t\t<div id='gallery-7' class='dt-gallery-container gallery galleryid-241863 gallery-columns-6 gallery-size-thumbnail'><dl class='gallery-item'>\n\t\t\t\t<dt class='gallery-icon landscape'>\n\t\t\t\t\t<a class=\"rollover rollover-zoom dt-pswp-item\" title=\"255641071_340269367904601_2202219710786498565_n\" data-dt-img-description=\"\" data-large_image_width=\"296\" data-large_image_height=\"205\"href='https:\/\/www.radiopiu.net\/wordpress\/wp-content\/uploads\/2021\/11\/255641071_340269367904601_2202219710786498565_n.jpg'><img loading=\"lazy\" decoding=\"async\" width=\"150\" height=\"150\" src=\"https:\/\/www.radiopiu.net\/wordpress\/wp-content\/uploads\/2021\/11\/255641071_340269367904601_2202219710786498565_n-150x150.jpg\" class=\"attachment-thumbnail size-thumbnail\" alt=\"\" \/><\/a>\n\t\t\t\t<\/dt><\/dl><dl class='gallery-item'>\n\t\t\t\t<dt class='gallery-icon portrait'>\n\t\t\t\t\t<a class=\"rollover rollover-zoom dt-pswp-item\" title=\"255512181_594083128407701_1438970868229745680_n\" data-dt-img-description=\"\" data-large_image_width=\"152\" data-large_image_height=\"240\"href='https:\/\/www.radiopiu.net\/wordpress\/wp-content\/uploads\/2021\/11\/255512181_594083128407701_1438970868229745680_n.jpg'><img loading=\"lazy\" decoding=\"async\" width=\"150\" height=\"150\" src=\"https:\/\/www.radiopiu.net\/wordpress\/wp-content\/uploads\/2021\/11\/255512181_594083128407701_1438970868229745680_n-150x150.jpg\" class=\"attachment-thumbnail size-thumbnail\" alt=\"\" \/><\/a>\n\t\t\t\t<\/dt><\/dl><dl class='gallery-item'>\n\t\t\t\t<dt class='gallery-icon portrait'>\n\t\t\t\t\t<a class=\"rollover rollover-zoom dt-pswp-item\" title=\"255039150_296561215803038_4487866654437934491_n\" data-dt-img-description=\"\" data-large_image_width=\"159\" data-large_image_height=\"225\"href='https:\/\/www.radiopiu.net\/wordpress\/wp-content\/uploads\/2021\/11\/255039150_296561215803038_4487866654437934491_n.jpg'><img loading=\"lazy\" decoding=\"async\" width=\"150\" height=\"150\" src=\"https:\/\/www.radiopiu.net\/wordpress\/wp-content\/uploads\/2021\/11\/255039150_296561215803038_4487866654437934491_n-150x150.jpg\" class=\"attachment-thumbnail size-thumbnail\" alt=\"\" \/><\/a>\n\t\t\t\t<\/dt><\/dl><dl class='gallery-item'>\n\t\t\t\t<dt class='gallery-icon landscape'>\n\t\t\t\t\t<a class=\"rollover rollover-zoom dt-pswp-item\" title=\"255506676_602196447496251_1070647409442156192_n\" data-dt-img-description=\"\" data-large_image_width=\"290\" data-large_image_height=\"206\"href='https:\/\/www.radiopiu.net\/wordpress\/wp-content\/uploads\/2021\/11\/255506676_602196447496251_1070647409442156192_n.jpg'><img loading=\"lazy\" decoding=\"async\" width=\"150\" height=\"150\" src=\"https:\/\/www.radiopiu.net\/wordpress\/wp-content\/uploads\/2021\/11\/255506676_602196447496251_1070647409442156192_n-150x150.jpg\" class=\"attachment-thumbnail size-thumbnail\" alt=\"\" \/><\/a>\n\t\t\t\t<\/dt><\/dl><dl class='gallery-item'>\n\t\t\t\t<dt class='gallery-icon portrait'>\n\t\t\t\t\t<a class=\"rollover rollover-zoom dt-pswp-item\" title=\"255152361_675041646814187_4291692999222257873_n\" data-dt-img-description=\"\" data-large_image_width=\"160\" data-large_image_height=\"223\"href='https:\/\/www.radiopiu.net\/wordpress\/wp-content\/uploads\/2021\/11\/255152361_675041646814187_4291692999222257873_n.jpg'><img loading=\"lazy\" decoding=\"async\" width=\"150\" height=\"150\" src=\"https:\/\/www.radiopiu.net\/wordpress\/wp-content\/uploads\/2021\/11\/255152361_675041646814187_4291692999222257873_n-150x150.jpg\" class=\"attachment-thumbnail size-thumbnail\" alt=\"\" \/><\/a>\n\t\t\t\t<\/dt><\/dl><dl class='gallery-item'>\n\t\t\t\t<dt class='gallery-icon landscape'>\n\t\t\t\t\t<a class=\"rollover rollover-zoom dt-pswp-item\" title=\"255061024_958296078095485_355861630510458546_n\" data-dt-img-description=\"\" data-large_image_width=\"296\" data-large_image_height=\"199\"href='https:\/\/www.radiopiu.net\/wordpress\/wp-content\/uploads\/2021\/11\/255061024_958296078095485_355861630510458546_n.jpg'><img loading=\"lazy\" decoding=\"async\" width=\"150\" height=\"150\" src=\"https:\/\/www.radiopiu.net\/wordpress\/wp-content\/uploads\/2021\/11\/255061024_958296078095485_355861630510458546_n-150x150.jpg\" class=\"attachment-thumbnail size-thumbnail\" alt=\"\" \/><\/a>\n\t\t\t\t<\/dt><\/dl><br style=\"clear: both\" \/><dl class='gallery-item'>\n\t\t\t\t<dt class='gallery-icon landscape'>\n\t\t\t\t\t<a class=\"rollover rollover-zoom dt-pswp-item\" title=\"255199476_326323289302018_6852697030392811411_n\" data-dt-img-description=\"\" data-large_image_width=\"320\" data-large_image_height=\"203\"href='https:\/\/www.radiopiu.net\/wordpress\/wp-content\/uploads\/2021\/11\/255199476_326323289302018_6852697030392811411_n.jpg'><img loading=\"lazy\" decoding=\"async\" width=\"150\" height=\"150\" src=\"https:\/\/www.radiopiu.net\/wordpress\/wp-content\/uploads\/2021\/11\/255199476_326323289302018_6852697030392811411_n-150x150.jpg\" class=\"attachment-thumbnail size-thumbnail\" alt=\"\" \/><\/a>\n\t\t\t\t<\/dt><\/dl><dl class='gallery-item'>\n\t\t\t\t<dt class='gallery-icon portrait'>\n\t\t\t\t\t<a class=\"rollover rollover-zoom dt-pswp-item\" title=\"255245294_1268658400212191_8728248485611666124_n\" data-dt-img-description=\"\" data-large_image_width=\"149\" data-large_image_height=\"206\"href='https:\/\/www.radiopiu.net\/wordpress\/wp-content\/uploads\/2021\/11\/255245294_1268658400212191_8728248485611666124_n.jpg'><img loading=\"lazy\" decoding=\"async\" width=\"149\" height=\"150\" src=\"https:\/\/www.radiopiu.net\/wordpress\/wp-content\/uploads\/2021\/11\/255245294_1268658400212191_8728248485611666124_n-149x150.jpg\" class=\"attachment-thumbnail size-thumbnail\" alt=\"\" \/><\/a>\n\t\t\t\t<\/dt><\/dl><dl class='gallery-item'>\n\t\t\t\t<dt class='gallery-icon portrait'>\n\t\t\t\t\t<a class=\"rollover rollover-zoom dt-pswp-item\" title=\"254773043_585637406038647_1071716862872616221_n\" data-dt-img-description=\"\" data-large_image_width=\"151\" data-large_image_height=\"206\"href='https:\/\/www.radiopiu.net\/wordpress\/wp-content\/uploads\/2021\/11\/254773043_585637406038647_1071716862872616221_n.jpg'><img loading=\"lazy\" decoding=\"async\" width=\"150\" height=\"150\" src=\"https:\/\/www.radiopiu.net\/wordpress\/wp-content\/uploads\/2021\/11\/254773043_585637406038647_1071716862872616221_n-150x150.jpg\" class=\"attachment-thumbnail size-thumbnail\" alt=\"\" \/><\/a>\n\t\t\t\t<\/dt><\/dl><dl class='gallery-item'>\n\t\t\t\t<dt class='gallery-icon landscape'>\n\t\t\t\t\t<a class=\"rollover rollover-zoom dt-pswp-item\" title=\"255137550_1218382571977529_3295920793980885126_n\" data-dt-img-description=\"\" data-large_image_width=\"296\" data-large_image_height=\"203\"href='https:\/\/www.radiopiu.net\/wordpress\/wp-content\/uploads\/2021\/11\/255137550_1218382571977529_3295920793980885126_n.jpg'><img loading=\"lazy\" decoding=\"async\" width=\"150\" height=\"150\" src=\"https:\/\/www.radiopiu.net\/wordpress\/wp-content\/uploads\/2021\/11\/255137550_1218382571977529_3295920793980885126_n-150x150.jpg\" class=\"attachment-thumbnail size-thumbnail\" alt=\"\" \/><\/a>\n\t\t\t\t<\/dt><\/dl><dl class='gallery-item'>\n\t\t\t\t<dt class='gallery-icon portrait'>\n\t\t\t\t\t<a class=\"rollover rollover-zoom dt-pswp-item\" title=\"255688954_354894173075121_6062300022561798568_n\" data-dt-img-description=\"\" data-large_image_width=\"157\" data-large_image_height=\"206\"href='https:\/\/www.radiopiu.net\/wordpress\/wp-content\/uploads\/2021\/11\/255688954_354894173075121_6062300022561798568_n.jpg'><img loading=\"lazy\" decoding=\"async\" width=\"150\" height=\"150\" src=\"https:\/\/www.radiopiu.net\/wordpress\/wp-content\/uploads\/2021\/11\/255688954_354894173075121_6062300022561798568_n-150x150.jpg\" class=\"attachment-thumbnail size-thumbnail\" alt=\"\" \/><\/a>\n\t\t\t\t<\/dt><\/dl><dl class='gallery-item'>\n\t\t\t\t<dt class='gallery-icon portrait'>\n\t\t\t\t\t<a class=\"rollover rollover-zoom dt-pswp-item\" title=\"254997791_1092314624930411_403350466393211561_n\" data-dt-img-description=\"\" data-large_image_width=\"160\" data-large_image_height=\"222\"href='https:\/\/www.radiopiu.net\/wordpress\/wp-content\/uploads\/2021\/11\/254997791_1092314624930411_403350466393211561_n.jpg'><img loading=\"lazy\" decoding=\"async\" width=\"150\" height=\"150\" src=\"https:\/\/www.radiopiu.net\/wordpress\/wp-content\/uploads\/2021\/11\/254997791_1092314624930411_403350466393211561_n-150x150.jpg\" class=\"attachment-thumbnail size-thumbnail\" alt=\"\" \/><\/a>\n\t\t\t\t<\/dt><\/dl><br style=\"clear: both\" \/><dl class='gallery-item'>\n\t\t\t\t<dt class='gallery-icon portrait'>\n\t\t\t\t\t<a class=\"rollover rollover-zoom dt-pswp-item\" title=\"255822194_1995429420634307_3394804012267252434_n\" data-dt-img-description=\"\" data-large_image_width=\"158\" data-large_image_height=\"206\"href='https:\/\/www.radiopiu.net\/wordpress\/wp-content\/uploads\/2021\/11\/255822194_1995429420634307_3394804012267252434_n.jpg'><img loading=\"lazy\" decoding=\"async\" width=\"150\" height=\"150\" src=\"https:\/\/www.radiopiu.net\/wordpress\/wp-content\/uploads\/2021\/11\/255822194_1995429420634307_3394804012267252434_n-150x150.jpg\" class=\"attachment-thumbnail size-thumbnail\" alt=\"\" \/><\/a>\n\t\t\t\t<\/dt><\/dl><dl class='gallery-item'>\n\t\t\t\t<dt class='gallery-icon portrait'>\n\t\t\t\t\t<a class=\"rollover rollover-zoom dt-pswp-item\" title=\"255445789_1542083886140436_5675429461105529987_n\" data-dt-img-description=\"\" data-large_image_width=\"152\" data-large_image_height=\"225\"href='https:\/\/www.radiopiu.net\/wordpress\/wp-content\/uploads\/2021\/11\/255445789_1542083886140436_5675429461105529987_n.jpg'><img loading=\"lazy\" decoding=\"async\" width=\"150\" height=\"150\" src=\"https:\/\/www.radiopiu.net\/wordpress\/wp-content\/uploads\/2021\/11\/255445789_1542083886140436_5675429461105529987_n-150x150.jpg\" class=\"attachment-thumbnail size-thumbnail\" alt=\"\" \/><\/a>\n\t\t\t\t<\/dt><\/dl><dl class='gallery-item'>\n\t\t\t\t<dt class='gallery-icon portrait'>\n\t\t\t\t\t<a class=\"rollover rollover-zoom dt-pswp-item\" title=\"255433581_4857496854281775_5664114107070827211_n\" data-dt-img-description=\"\" data-large_image_width=\"156\" data-large_image_height=\"240\"href='https:\/\/www.radiopiu.net\/wordpress\/wp-content\/uploads\/2021\/11\/255433581_4857496854281775_5664114107070827211_n.jpg'><img loading=\"lazy\" decoding=\"async\" width=\"150\" height=\"150\" src=\"https:\/\/www.radiopiu.net\/wordpress\/wp-content\/uploads\/2021\/11\/255433581_4857496854281775_5664114107070827211_n-150x150.jpg\" class=\"attachment-thumbnail size-thumbnail\" alt=\"\" \/><\/a>\n\t\t\t\t<\/dt><\/dl><dl class='gallery-item'>\n\t\t\t\t<dt class='gallery-icon portrait'>\n\t\t\t\t\t<a class=\"rollover rollover-zoom dt-pswp-item\" title=\"256354116_413865433531866_3137464700210744268_n\" data-dt-img-description=\"\" data-large_image_width=\"150\" data-large_image_height=\"206\"href='https:\/\/www.radiopiu.net\/wordpress\/wp-content\/uploads\/2021\/11\/256354116_413865433531866_3137464700210744268_n.jpg'><img loading=\"lazy\" decoding=\"async\" width=\"150\" height=\"150\" src=\"https:\/\/www.radiopiu.net\/wordpress\/wp-content\/uploads\/2021\/11\/256354116_413865433531866_3137464700210744268_n-150x150.jpg\" class=\"attachment-thumbnail size-thumbnail\" alt=\"\" \/><\/a>\n\t\t\t\t<\/dt><\/dl><dl class='gallery-item'>\n\t\t\t\t<dt class='gallery-icon portrait'>\n\t\t\t\t\t<a class=\"rollover rollover-zoom dt-pswp-item\" title=\"254966020_417531033337645_3864229124665914536_n\" data-dt-img-description=\"\" data-large_image_width=\"157\" data-large_image_height=\"206\"href='https:\/\/www.radiopiu.net\/wordpress\/wp-content\/uploads\/2021\/11\/254966020_417531033337645_3864229124665914536_n.jpg'><img loading=\"lazy\" decoding=\"async\" width=\"150\" height=\"150\" src=\"https:\/\/www.radiopiu.net\/wordpress\/wp-content\/uploads\/2021\/11\/254966020_417531033337645_3864229124665914536_n-150x150.jpg\" class=\"attachment-thumbnail size-thumbnail\" alt=\"\" \/><\/a>\n\t\t\t\t<\/dt><\/dl><dl class='gallery-item'>\n\t\t\t\t<dt class='gallery-icon landscape'>\n\t\t\t\t\t<a class=\"rollover rollover-zoom dt-pswp-item\" title=\"255029443_137984278546207_8804438550565474203_n\" data-dt-img-description=\"\" data-large_image_width=\"277\" data-large_image_height=\"206\"href='https:\/\/www.radiopiu.net\/wordpress\/wp-content\/uploads\/2021\/11\/255029443_137984278546207_8804438550565474203_n.jpg'><img loading=\"lazy\" decoding=\"async\" width=\"150\" height=\"150\" src=\"https:\/\/www.radiopiu.net\/wordpress\/wp-content\/uploads\/2021\/11\/255029443_137984278546207_8804438550565474203_n-150x150.jpg\" class=\"attachment-thumbnail size-thumbnail\" alt=\"\" \/><\/a>\n\t\t\t\t<\/dt><\/dl><br style=\"clear: both\" \/>\n\t\t\t<\/div>\n\n<p>&nbsp;<\/p>\n<p>&nbsp;<\/p>\n<hr \/>\n<p>&nbsp;<\/p>\n<blockquote>\n<h3>IL SENTIERO DEI LUPI A LONGARONE<\/h3>\n<\/blockquote>\n<p><strong>LONGARONE <\/strong>&#8220;Il sentiero dei lupi&#8221; \u00e8 un progetto video fotografico nato per documentare il ritorno naturale del lupo nel territorio del Parco Nazionale Dolomiti Bellunesi. L\u2019appuntamento, \u00e8 per venerd\u00ec 19 novembre, alle ore 18:00, presso la sala del centro culturale \u201cF. Parri\u201d, in piazza Pietro Gonzaga, a Longarone. Per l\u2019ingresso in sala sono necessari il green pass e l\u2019uso della mascherina; si consiglia la prenotazione chiamando il numero 0439.3328.<\/p>\n<p>&nbsp;<\/p>\n<p>&nbsp;<\/p>\n<hr \/>\n<p>&nbsp;<\/p>\n<blockquote>\n<h3>CONTINUA ANCHE A NOVEMBRE IL PROGETTO \u201cCONDIVIDIAMO\u201d DEL CONSORZIO BIM PIAVE BELLUNO<\/h3>\n<\/blockquote>\n<p><strong>FONZASO<\/strong> Domenica 14 novembre alle\u00a0 15, all\u2019ex-scuola di Arten il videomaker Daniel Maculan terr\u00e0 un laboratorio di teatrino delle ombre cinesi rivolto a giovani dai 6 ai 16 anni, ai quali verranno illustrati i principi fondamentali del teatro delle ombre, anche con l\u2019aiuto e la proiezione di cortometraggi. Alla fine verr\u00e0 registrato un breve video dove i partecipanti daranno vita al teatro delle ombre, animando le sagome delle scenografie e dei personaggi. Le iniziative sono gratuite, per informazioni, iscrizioni e prenotazioni: <a href=\"https:\/\/dolomitihub.it\">https:\/\/dolomitihub.it<\/a><\/p>\n<p>&nbsp;<\/p>\n<p>&nbsp;<\/p>\n<hr \/>\n<p>&nbsp;<\/p>\n<blockquote>\n<h3>A.L.I.B.I. PERFETTO, AGORDO LEGGE IN BIBLIOTECA<\/h3>\n<\/blockquote>\n<p><strong><a href=\"https:\/\/www.radiopiu.net\/wordpress\/alleanza-comune-librai-da-domani-a-belluno-la-consegna-dei-libri-a-domicilio\/libri-scaffale\/\" rel=\"attachment wp-att-122391\"><img loading=\"lazy\" decoding=\"async\" class=\" wp-image-122391 alignleft\" src=\"https:\/\/www.radiopiu.net\/wordpress\/wp-content\/uploads\/2020\/03\/LIBRI-SCAFFALE-300x300.jpg\" sizes=\"auto, (max-width: 300px) 100vw, 300px\" srcset=\"https:\/\/www.radiopiu.net\/wordpress\/wp-content\/uploads\/2020\/03\/LIBRI-SCAFFALE-300x300.jpg 300w, https:\/\/www.radiopiu.net\/wordpress\/wp-content\/uploads\/2020\/03\/LIBRI-SCAFFALE-1024x1024.jpg 1024w, https:\/\/www.radiopiu.net\/wordpress\/wp-content\/uploads\/2020\/03\/LIBRI-SCAFFALE-150x150.jpg 150w, https:\/\/www.radiopiu.net\/wordpress\/wp-content\/uploads\/2020\/03\/LIBRI-SCAFFALE-768x768.jpg 768w, https:\/\/www.radiopiu.net\/wordpress\/wp-content\/uploads\/2020\/03\/LIBRI-SCAFFALE.jpg 1052w\" alt=\"\" width=\"125\" height=\"125\" \/><\/a>AGORDO<\/strong> Oggi inizia \u201cA.L.i.Bi Perfetto\u201d la mini rassegna dedicata ai bambini per la promozione della lettura e della biblioteca voluta dal Comune di Agordo e dalla Biblioteca Civica. Oggi, domani e giovedi\u0300 18 novembre, Carlo Corsini, attore e lettore professionista intratterra\u0300 i bambini con la lettura portandoli in un viaggio attraverso i libri che diventano un mezzo per sognare, conoscere, fantasticare, emozionarsi e divertirsi. Per i bambini del nido comunale e della scuola materna gli incontri avverranno nelle rispettive scuole, mentre per gli alunni dalla prima alla terza classe della scuola primaria appuntamento al mattino in sala Don Tamis. Dalle\u00a0 15 di oggi e domani, sempre nella sala Don Tamis, Carlo Corsini offrira\u0300 le sue letture a tutti. Il progetto \u201cA.L.i.Bi Perfetto\u201d ha come scopo promuovere il piacere della lettura, rendere familiare il libro come oggetto all\u2019interno del vivere quotidiano e rendere consapevoli i genitori dei benefici della lettura in eta\u0300 prescolare e scolare, promuovendo l\u2019utilizzo dei servizi delle biblioteche<\/p>\n<p>&nbsp;<\/p>\n<p>&nbsp;<\/p>\n<hr \/>\n<p>&nbsp;<\/p>\n<blockquote>\n<h3>NOVEMBRE, IL MESE DELLA CORALITA&#8217;<\/h3>\n<\/blockquote>\n<p><strong><a href=\"https:\/\/www.radiopiu.net\/wordpress\/novembre-il-mese-della-coralita\/asac-veneto\/\" rel=\"attachment wp-att-241021\"><img loading=\"lazy\" decoding=\"async\" class=\" wp-image-241021 alignleft\" src=\"https:\/\/www.radiopiu.net\/wordpress\/wp-content\/uploads\/2021\/11\/ASAC-VENETO-300x167.png\" alt=\"\" width=\"210\" height=\"117\" srcset=\"https:\/\/www.radiopiu.net\/wordpress\/wp-content\/uploads\/2021\/11\/ASAC-VENETO-300x167.png 300w, https:\/\/www.radiopiu.net\/wordpress\/wp-content\/uploads\/2021\/11\/ASAC-VENETO.png 534w\" sizes=\"auto, (max-width: 210px) 100vw, 210px\" \/><\/a>BELLUNO<\/strong> Gli appuntamenti:_sabato\u00a0 al Centro culturale di Quero con il Coro A.N.A. Piave di Feltre ed il Coro Minimo Bellunese. Sabato 20 novembre nella Sala \u201cmons. Vincenzo Savio\u201d di Agordo il Coro Antica Eco di Puos d\u2019Alpago ed il Coro Rualan di Valle di Cadore. \u201cDolomiti in coro 2021\u201d si chiudera\u0300 sabato 27 novembre nella Chiesa parrocchiale di Longarone con il Coro Voci delle Dolomiti, il Gruppo Solo Voci di Feltre ed il Coro Cadore di Pieve di Cadore<\/p>\n<p>&nbsp;<\/p>\n<p>&nbsp;<\/p>\n<blockquote>\n<h3>NON SOLO DOLOMITI IN CORO<\/h3>\n<\/blockquote>\n<p><strong>BELLUNO<\/strong> La rassegna provinciale di musica sacra, intitolata alla memoria di mons. Sergio Manfroi si terra\u0300 venerdi\u0300 12 novembre, con inizio alle 21, nel Duomo Concattedrale di Feltre con il Gruppo Solo Voci di Feltre e la Corale Zumellese di Mel.\u00a0 Altra iniziativa in fase di preparazione e\u0300 il laboratorio di canto gregoriano \u201cCantemus Domino\u201d che si terra\u0300 nel Seminario Gregoriano di Belluno condotto dal maestro Sandro Bergamo<\/p>\n<p>&nbsp;<\/p>\n<p>&nbsp;<\/p>\n<hr \/>\n<p>&nbsp;<\/p>\n<blockquote>\n<h3>IL CORSO DI GINNASTICA POSTURALE<\/h3>\n<\/blockquote>\n<p><strong>CANALE D&#8217;AGORDO<\/strong> Lunedi 22 novembre a prende avvio il corso di ginnastica posturale con la fisioterapista Silvana Andrich, presso la Casa del Popolo di via Roma. Info e prenotazioni al numero whatsApp 3779665237.<\/p>\n<p>&nbsp;<\/p>\n<hr \/>\n<p>&nbsp;<\/p>\n<blockquote>\n<h3>CASTAGNATA AL GIORNALE &amp; CAFFE&#8217; DI TAIBON<\/h3>\n<\/blockquote>\n<p><strong>TAIBON<\/strong> Sabato alle 17:30 presso il Giornale&amp;Caff\u00e8 di Taibon in programma la castagnata.<\/p>\n<p>&nbsp;<\/p>\n<p>&nbsp;<\/p>\n<hr \/>\n<p>&nbsp;<\/p>\n<blockquote>\n<h3>SABATO A LA VALLE CASTEGNE E VIN<\/h3>\n<\/blockquote>\n<p><strong>LA VALLE<\/strong> Il comune di La Valle e la Pro Loco organizzano per sabato &#8220;viva Viva San Martin Castegne e Vin&#8221; dalle 20 in piazza della chiesa. Per l&#8217;occasione sar\u00e0 aperto anche il museo etnografico dalle 14 alle 19 al terzo piano del municipio.<\/p>\n<p>&nbsp;<\/p>\n<hr \/>\n<p>&nbsp;<\/p>\n<blockquote>\n<h3>VISITE GUIDATE ALLA CRIPTA DEL DUOMO<\/h3>\n<\/blockquote>\n<p><strong>BELLUNO <\/strong>Anche quest\u2019anno per festeggiare insieme il patrono di Belluno, l\u2019Associazione Campedel propone due giornate di visite guidate gratuite alla cripta del Duomo di Belluno e al polittico di San Martino. Si inizia sabato 13 novembre con due turni di visita alle 15 e alle 16 per concludere il giorno successivo, domenica 14, con la visita delle\u00a0 14.<\/p>\n<p>&nbsp;<\/p>\n<hr \/>\n<p>&nbsp;<\/p>\n<blockquote>\n<h3>FESTIVAL REGIONALE UILT<\/h3>\n<\/blockquote>\n<p><strong>FELTRE <\/strong>Domenica 28 novembre all&#8217;Auditorium Canossiano Le Bretelle Lasche presentano la 7\u00b0 edizione del festival regionale dei corti teatrali,\u00a0 una competizione che porter\u00e0 sul palcoscenico 5 compagnie, provenienti dal Veneto, ingresso 5 euro.<\/p>\n<p>&nbsp;<\/p>\n<p>&nbsp;<\/p>\n<hr \/>\n<p>&nbsp;<\/p>\n<blockquote>\n<h3>AL PALASPORT DI SEDICO &#8220;HO GIOCATO A CARTE CON L&#8217;ASSASSINO&#8221;<\/h3>\n<\/blockquote>\n<p><strong>SEDICO\u00a0<\/strong>Al Palasport di Sedico torna lo spettacolo di Roberto Faoro &#8220;Ho giocato A Carte Con L&#8217;Assassino&#8221; improntato sui delitti di Alleghe di Sergio Saviane. L&#8217;appuntamento \u00e8 per sabato alle 20:45 in occasione della rassegna Spettacoli di Mistero. Prevendita aperta presso la Pro Loco di Sedico. Accesso con esibizione del green pass.<\/p>\n<p>&nbsp;<\/p>\n<hr \/>\n<p>&nbsp;<\/p>\n<h1><span style=\"color: #ff0000;\">IERI ALLA RADIO&#8230;<\/span><\/h1>\n<h2><strong><a href=\"https:\/\/www.radiopiu.net\/wordpress\/dillo-a-radio-piu-maestri-di-sci-e-ristori-una-pessima-storia-tutta-italiana-italiana\/valt-fulvio\/\" rel=\"attachment wp-att-233154\"><img loading=\"lazy\" decoding=\"async\" class=\" wp-image-233154 alignleft\" src=\"https:\/\/www.radiopiu.net\/wordpress\/wp-content\/uploads\/2021\/09\/VALT-FULVIO-200x300.jpg\" alt=\"\" width=\"109\" height=\"164\" srcset=\"https:\/\/www.radiopiu.net\/wordpress\/wp-content\/uploads\/2021\/09\/VALT-FULVIO-200x300.jpg 200w, https:\/\/www.radiopiu.net\/wordpress\/wp-content\/uploads\/2021\/09\/VALT-FULVIO.jpg 400w\" sizes=\"auto, (max-width: 109px) 100vw, 109px\" \/><\/a><\/strong><span style=\"color: #ff6600;\">LA SCUOLA SKI E SNOWBOARD EQUIPE DI FALCADE<\/span><\/h2>\n<p><strong>di Claudio Fontanive<\/strong><\/p>\n<p>Ospite: Fulvio Valt<\/p>\n<audio class=\"wp-audio-shortcode\" id=\"audio-241863-10\" preload=\"none\" style=\"width: 100%;\" controls=\"controls\"><source type=\"audio\/mpeg\" src=\"https:\/\/www.radiopiu.net\/wordpress\/wp-content\/uploads\/2021\/11\/fulvio-valt-10-novembre.mp3?_=10\" \/><a href=\"https:\/\/www.radiopiu.net\/wordpress\/wp-content\/uploads\/2021\/11\/fulvio-valt-10-novembre.mp3\">https:\/\/www.radiopiu.net\/wordpress\/wp-content\/uploads\/2021\/11\/fulvio-valt-10-novembre.mp3<\/a><\/audio>\n<p>&nbsp;<\/p>\n<hr \/>\n<p>&nbsp;<\/p>\n<div>\n<div class=\"b654a4as d2edcug0\">\n<div class=\"rq0escxv hkbzh7o3 jwdofwj8 n8tt0mok r8blr3vg hyh9befq\">\n<p><a class=\"dt-pswp-item\" href=\"https:\/\/www.radiopiu.net\/wordpress\/wp-content\/uploads\/2020\/10\/pp.jpg\" data-dt-img-description=\"\" data-large_image_width=\"640\" data-large_image_height=\"640\"><img loading=\"lazy\" decoding=\"async\" class=\"wp-image-163678 alignleft\" src=\"https:\/\/www.radiopiu.net\/wordpress\/wp-content\/uploads\/2020\/10\/pp-300x300.jpg\" alt=\"\" width=\"106\" height=\"106\" srcset=\"https:\/\/www.radiopiu.net\/wordpress\/wp-content\/uploads\/2020\/10\/pp-300x300.jpg 300w, https:\/\/www.radiopiu.net\/wordpress\/wp-content\/uploads\/2020\/10\/pp-150x150.jpg 150w, https:\/\/www.radiopiu.net\/wordpress\/wp-content\/uploads\/2020\/10\/pp-125x125.jpg 125w, https:\/\/www.radiopiu.net\/wordpress\/wp-content\/uploads\/2020\/10\/pp-200x200.jpg 200w, https:\/\/www.radiopiu.net\/wordpress\/wp-content\/uploads\/2020\/10\/pp-80x80.jpg 80w, https:\/\/www.radiopiu.net\/wordpress\/wp-content\/uploads\/2020\/10\/pp-480x480.jpg 480w, https:\/\/www.radiopiu.net\/wordpress\/wp-content\/uploads\/2020\/10\/pp.jpg 640w\" sizes=\"auto, (max-width: 106px) 100vw, 106px\" \/><\/a><\/p>\n<\/div>\n<\/div>\n<\/div>\n<div>\n<div class=\"page-title-head hgroup\">\n<div class=\"page-title-head hgroup\">\n<div class=\"b654a4as d2edcug0\">\n<div class=\"j83agx80 btwxx1t3 lhclo0ds hop8lmos nkwizq5d scwd0bx6 roh60bw9\">\n<div class=\"rq0escxv hkbzh7o3 jwdofwj8 n8tt0mok r8blr3vg hyh9befq\">\n<div class=\"do00u71z l9j0dhe7 k4urcfbm\">\n<h2><span style=\"color: #000080;\">DON CESARE, IL PENSIERO DEL GIORNO. ALLA RADIO ALLE 7 DEL MATTINO E ALLE 19.30 DELLA SERA.\u00a0\u00a0<\/span><\/h2>\n<p>&nbsp;<\/p>\n<audio class=\"wp-audio-shortcode\" id=\"audio-241863-11\" preload=\"none\" style=\"width: 100%;\" controls=\"controls\"><source type=\"audio\/mpeg\" src=\"https:\/\/www.radiopiu.net\/wordpress\/wp-content\/uploads\/2021\/11\/CESARE-2.mp3?_=11\" \/><a href=\"https:\/\/www.radiopiu.net\/wordpress\/wp-content\/uploads\/2021\/11\/CESARE-2.mp3\">https:\/\/www.radiopiu.net\/wordpress\/wp-content\/uploads\/2021\/11\/CESARE-2.mp3<\/a><\/audio>\n<p>&nbsp;<\/p>\n<p>&nbsp;<\/p>\n<\/div>\n<\/div>\n<\/div>\n<\/div>\n<\/div>\n<\/div>\n<\/div>\n<hr \/>\n<p>&nbsp;<\/p>\n<blockquote>\n<h3>IN VIVO VERSO, SETTIMA STAGIONE CON BRUNELLA MORO, DAL LUNEDI AL VENERDI ALLE 7.10, 10.10 E 18.50<\/h3>\n<\/blockquote>\n<p><strong>LA CLESSIDRA di GIAN DOMENICO MAZZOCCATO<\/strong><\/p>\n<p><strong>AUDIO<\/strong><\/p>\n<audio class=\"wp-audio-shortcode\" id=\"audio-241863-12\" preload=\"none\" style=\"width: 100%;\" controls=\"controls\"><source type=\"audio\/mpeg\" src=\"https:\/\/www.radiopiu.net\/wordpress\/wp-content\/uploads\/2021\/11\/03-LA-CLESSIDRA-GIAN-DOMENICO-MAZZOCCATO.mp3?_=12\" \/><a href=\"https:\/\/www.radiopiu.net\/wordpress\/wp-content\/uploads\/2021\/11\/03-LA-CLESSIDRA-GIAN-DOMENICO-MAZZOCCATO.mp3\">https:\/\/www.radiopiu.net\/wordpress\/wp-content\/uploads\/2021\/11\/03-LA-CLESSIDRA-GIAN-DOMENICO-MAZZOCCATO.mp3<\/a><\/audio>\n<p>&nbsp;<\/p>\n<p align=\"LEFT\"><span style=\"color: #050505;\"><span style=\"font-family: Verdana, sans-serif;\"><span style=\"font-size: large;\"><a href=\"https:\/\/www.radiopiu.net\/wordpress\/la-clessidra-di-gian-domenico-mazzoccato\/giandomenico-mazzoccato-foto\/\" rel=\"attachment wp-att-242174\"><img loading=\"lazy\" decoding=\"async\" class=\" wp-image-242174 alignleft\" src=\"https:\/\/www.radiopiu.net\/wordpress\/wp-content\/uploads\/2021\/11\/giandomenico-mazzoccato-foto-e1636560983323-300x169.webp\" alt=\"\" width=\"211\" height=\"119\" srcset=\"https:\/\/www.radiopiu.net\/wordpress\/wp-content\/uploads\/2021\/11\/giandomenico-mazzoccato-foto-e1636560983323-300x169.webp 300w, https:\/\/www.radiopiu.net\/wordpress\/wp-content\/uploads\/2021\/11\/giandomenico-mazzoccato-foto-e1636560983323-768x432.webp 768w, https:\/\/www.radiopiu.net\/wordpress\/wp-content\/uploads\/2021\/11\/giandomenico-mazzoccato-foto-e1636560983323.webp 800w\" sizes=\"auto, (max-width: 211px) 100vw, 211px\" \/><\/a>Non ha freni la sabbia ormai<\/span><\/span><\/span><\/p>\n<p align=\"LEFT\"><span style=\"color: #050505;\"><span style=\"font-family: Verdana, sans-serif;\"><span style=\"font-size: large;\">precipita, sfarina. E tuttavia\u2026<\/span><\/span><\/span><\/p>\n<p align=\"LEFT\"><span style=\"color: #050505;\">\u201c<span style=\"font-family: Verdana, sans-serif;\"><span style=\"font-size: large;\">Che vuol dire sempre?\u201d chiede Alice,<\/span><\/span><\/span><\/p>\n<p align=\"LEFT\"><span style=\"color: #050505;\"><span style=\"font-family: Verdana, sans-serif;\"><span style=\"font-size: large;\">la sorprendente Alice,<\/span><\/span><\/span><\/p>\n<p align=\"LEFT\"><span style=\"color: #050505;\"><span style=\"font-family: Verdana, sans-serif;\"><span style=\"font-size: large;\">ingenua Alice e inconsapevole.<\/span><\/span><\/span><\/p>\n<p align=\"LEFT\"><span style=\"color: #050505;\">\u201c<span style=\"font-family: Verdana, sans-serif;\"><span style=\"font-size: large;\">Che vuol dire sempre?\u201d<\/span><\/span><\/span><\/p>\n<p align=\"LEFT\"><span style=\"color: #050505;\"><span style=\"font-family: Verdana, sans-serif;\"><span style=\"font-size: large;\">se sia l\u2019eterno o il deserto o un sogno<\/span><\/span><\/span><\/p>\n<p align=\"LEFT\"><span style=\"color: #050505;\"><span style=\"font-family: Verdana, sans-serif;\"><span style=\"font-size: large;\">o interminato spazio.<\/span><\/span><\/span><\/p>\n<p align=\"LEFT\"><span style=\"color: #050505;\"><span style=\"font-family: Verdana, sans-serif;\"><span style=\"font-size: large;\">Fuga o coraggio, un fantasma,<\/span><\/span><\/span><\/p>\n<p align=\"LEFT\"><span style=\"color: #050505;\"><span style=\"font-family: Verdana, sans-serif;\"><span style=\"font-size: large;\">illusione, forse, che il guerriero <\/span><\/span><\/span><\/p>\n<p align=\"LEFT\"><span style=\"color: #050505;\"><span style=\"font-family: Verdana, sans-serif;\"><span style=\"font-size: large;\">reca in battaglia.<\/span><\/span><\/span><\/p>\n<p align=\"LEFT\"><span style=\"color: #050505;\"><span style=\"font-family: Verdana, sans-serif;\"><span style=\"font-size: large;\">Non pu\u00f2 guardare la morte<\/span><\/span><\/span><\/p>\n<p align=\"LEFT\"><span style=\"color: #050505;\"><span style=\"font-family: Verdana, sans-serif;\"><span style=\"font-size: large;\">senza pensare eterna l\u2019anima.<\/span><\/span><\/span><\/p>\n<p align=\"LEFT\"><span style=\"color: #050505;\"><span style=\"font-family: Verdana, sans-serif;\"><span style=\"font-size: large;\">Teso tempo, esile e duro, <\/span><\/span><\/span><\/p>\n<p align=\"LEFT\"><span style=\"color: #050505;\"><span style=\"font-family: Verdana, sans-serif;\"><span style=\"font-size: large;\">geometria tersa di ragno<\/span><\/span><\/span><\/p>\n<p align=\"LEFT\"><span style=\"color: #050505;\"><span style=\"font-family: Verdana, sans-serif;\"><span style=\"font-size: large;\">e per\u00f2 groviglio, per ogni piccolo istante.<\/span><\/span><\/span><\/p>\n<p align=\"LEFT\"><span style=\"color: #050505;\"><span style=\"font-family: Verdana, sans-serif;\"><span style=\"font-size: large;\">Sabbia di giorni e ore e anni<\/span><\/span><\/span><\/p>\n<p align=\"LEFT\"><span style=\"color: #050505;\"><span style=\"font-family: Verdana, sans-serif;\"><span style=\"font-size: large;\">scivola al margine di eventi,<\/span><\/span><\/span><\/p>\n<p align=\"LEFT\"><span style=\"color: #050505;\"><span style=\"font-family: Verdana, sans-serif;\"><span style=\"font-size: large;\">storia di noi,<\/span><\/span><\/span><\/p>\n<p align=\"LEFT\"><span style=\"color: #050505;\"><span style=\"font-family: Verdana, sans-serif;\"><span style=\"font-size: large;\">bussola e orizzonte.<\/span><\/span><\/span><\/p>\n<p align=\"LEFT\"><span style=\"color: #050505;\">\u201c<span style=\"font-family: Verdana, sans-serif;\"><span style=\"font-size: large;\">Che vuol dire sempre?\u201d<\/span><\/span><\/span><\/p>\n<p align=\"LEFT\"><span style=\"color: #050505;\">\u201c<span style=\"font-family: Verdana, sans-serif;\"><span style=\"font-size: large;\">A volte solo un secondo\u201d. <\/span><\/span><\/span><\/p>\n<p align=\"LEFT\"><span style=\"color: #050505;\"><span style=\"font-family: Verdana, sans-serif;\"><span style=\"font-size: large;\">Ha parola assorta, pallido Rabbit, e triste,<\/span><\/span><\/span><\/p>\n<p align=\"LEFT\"><span style=\"color: #050505;\"><span style=\"font-family: Verdana, sans-serif;\"><span style=\"font-size: large;\">grande orologio incatenato al panciotto.<\/span><\/span><\/span><\/p>\n<p align=\"LEFT\"><span style=\"color: #050505;\"><span style=\"font-family: Verdana, sans-serif;\"><span style=\"font-size: large;\">Chi ho amato, <\/span><\/span><\/span><\/p>\n<p align=\"LEFT\"><span style=\"color: #050505;\"><span style=\"font-family: Verdana, sans-serif;\"><span style=\"font-size: large;\">coloro che mi amano<\/span><\/span><\/span><\/p>\n<p align=\"LEFT\"><span style=\"color: #050505;\"><span style=\"font-family: Verdana, sans-serif;\"><span style=\"font-size: large;\">del tempo mi hanno fatto dono,<\/span><\/span><\/span><\/p>\n<p align=\"LEFT\"><span style=\"color: #050505;\"><span style=\"font-family: Verdana, sans-serif;\"><span style=\"font-size: large;\">vita intera o un\u2019ora, senza misura.<\/span><\/span><\/span><\/p>\n<p align=\"LEFT\"><span style=\"color: #050505;\"><span style=\"font-family: Verdana, sans-serif;\"><span style=\"font-size: large;\">Calcolare, valutare non so<\/span><\/span><\/span><\/p>\n<p align=\"LEFT\"><span style=\"color: #050505;\"><span style=\"font-family: Verdana, sans-serif;\"><span style=\"font-size: large;\">ma \u00e8 inesausta ricchezza, <\/span><\/span><\/span><\/p>\n<p align=\"LEFT\"><span style=\"color: #050505;\"><span style=\"font-family: Verdana, sans-serif;\"><span style=\"font-size: large;\">io pi\u00f9 ricco di ogni altro.<\/span><\/span><\/span><\/p>\n<p align=\"LEFT\"><span style=\"color: #050505;\"><span style=\"font-family: Verdana, sans-serif;\"><span style=\"font-size: large;\">\u00c8 un fiore, il tempo, e io respiro sui petali,<\/span><\/span><\/span><\/p>\n<p align=\"LEFT\"><span style=\"color: #050505;\"><span style=\"font-family: Verdana, sans-serif;\"><span style=\"font-size: large;\">veliero indomabile.\u00a0<\/span><\/span><\/span><\/p>\n<p><strong>LA RACCOLTA COMPLETA\u00a0 \u00a0<\/strong><\/p>\n<blockquote class=\"wp-embedded-content\" data-secret=\"VAwkCUvSHb\"><p><a href=\"https:\/\/www.radiopiu.net\/wordpress\/in-vivo-verso\/\">In Vivo Verso<\/a><\/p><\/blockquote>\n<p><iframe loading=\"lazy\" class=\"wp-embedded-content\" sandbox=\"allow-scripts\" security=\"restricted\" style=\"position: absolute; clip: rect(1px, 1px, 1px, 1px);\" title=\"&#8220;In Vivo Verso&#8221; &#8212; Radio Pi\u00f9\" src=\"https:\/\/www.radiopiu.net\/wordpress\/in-vivo-verso\/embed\/#?secret=VAwkCUvSHb\" data-secret=\"VAwkCUvSHb\" width=\"600\" height=\"338\" frameborder=\"0\" marginwidth=\"0\" marginheight=\"0\" scrolling=\"no\"><\/iframe><\/p>\n<p>&nbsp;<\/p>\n<p>&nbsp;<\/p>\n<div class=\"ecm0bbzt e5nlhep0 a8c37x1j\">\n<div class=\"kvgmc6g5 cxmmr5t8 oygrvhab hcukyx3x c1et5uql\">\n<div class=\"gmail-kvgmc6g5 gmail-cxmmr5t8 gmail-oygrvhab gmail-hcukyx3x gmail-c1et5uql gmail-ii04i59q\">\n<div class=\"page-title-head hgroup\">\n<div class=\"page-title-head hgroup\">\n<div class=\"b654a4as d2edcug0\">\n<div class=\"j83agx80 btwxx1t3 lhclo0ds hop8lmos nkwizq5d scwd0bx6 roh60bw9\">\n<div class=\"rq0escxv hkbzh7o3 jwdofwj8 n8tt0mok r8blr3vg hyh9befq\">\n<div class=\"do00u71z l9j0dhe7 k4urcfbm\">\n<hr \/>\n<p>&nbsp;<\/p>\n<blockquote class=\"wp-embedded-content\" data-secret=\"jC3ZvmCcIw\"><p><a href=\"https:\/\/www.radiopiu.net\/wordpress\/connessi-2\/\">Connessi<\/a><\/p><\/blockquote>\n<p><iframe loading=\"lazy\" class=\"wp-embedded-content\" sandbox=\"allow-scripts\" security=\"restricted\" style=\"position: absolute; clip: rect(1px, 1px, 1px, 1px);\" title=\"&#8220;Connessi&#8221; &#8212; Radio Pi\u00f9\" src=\"https:\/\/www.radiopiu.net\/wordpress\/connessi-2\/embed\/#?secret=jC3ZvmCcIw\" data-secret=\"jC3ZvmCcIw\" width=\"600\" height=\"338\" frameborder=\"0\" marginwidth=\"0\" marginheight=\"0\" scrolling=\"no\"><\/iframe><\/p>\n<p>&nbsp;<\/p>\n<p>&nbsp;<\/p>\n<p>&nbsp;<\/p>\n<hr \/>\n<p>&nbsp;<\/p>\n<p><span style=\"color: #0000ff;\">MUSICA PIU&#8217;<\/span><\/p>\n<p><a href=\"https:\/\/www.radiopiu.net\/wordpress\/giornale-radiopiu-20-settembre-2021-direttore-mirko-mezzacasa\/pp-79\/\" rel=\"attachment wp-att-232921\"><img loading=\"lazy\" decoding=\"async\" class=\"wp-image-232921 alignleft\" src=\"https:\/\/www.radiopiu.net\/wordpress\/wp-content\/uploads\/2021\/09\/pp-1-300x300.jpg\" alt=\"\" width=\"135\" height=\"135\" srcset=\"https:\/\/www.radiopiu.net\/wordpress\/wp-content\/uploads\/2021\/09\/pp-1-300x300.jpg 300w, https:\/\/www.radiopiu.net\/wordpress\/wp-content\/uploads\/2021\/09\/pp-1-150x150.jpg 150w, https:\/\/www.radiopiu.net\/wordpress\/wp-content\/uploads\/2021\/09\/pp-1.jpg 640w\" sizes=\"auto, (max-width: 135px) 100vw, 135px\" \/><\/a><\/p>\n<div class=\"mkdf-post-text\">\n<div class=\"mkdf-post-text-inner\">\n<div class=\"mkdf-post-text-main\">\n<div class=\"mkdf-post-text\">\n<div class=\"mkdf-post-text-inner\">\n<div class=\"mkdf-post-text-main\">\n<div class=\"mkdf-post-text\">\n<div class=\"mkdf-post-text-inner\">\n<div class=\"mkdf-post-text-main\">\n<div class=\"page-title-head hgroup\">\n<div class=\"page-title-head hgroup\">\n<div class=\"mkdf-post-text\">\n<div class=\"mkdf-post-text-inner\">\n<div class=\"mkdf-post-text-main\">\n<div class=\"mkdf-post-text\">\n<div class=\"mkdf-post-text-inner\">\n<div class=\"mkdf-post-text-main\">\n<div class=\"page-title-head hgroup\">\n<div class=\"page-title-head hgroup\">\n<div class=\"page-title-head hgroup\">\n<div class=\"page-title-head hgroup\">\n<div class=\"b654a4as d2edcug0\">\n<div class=\"page-title-head hgroup\">\n<div class=\"page-title-head hgroup\">\n<div class=\"page-title-head hgroup\">\n<div class=\"page-title-head hgroup\">\n<div class=\"b654a4as d2edcug0\">\n<div class=\"page-title-head hgroup\">\n<div class=\"page-title-head hgroup\">\n<div class=\"page-title-head hgroup\">\n<div class=\"page-title-head hgroup\">\n<div class=\"b654a4as d2edcug0\">\n<div class=\"mkdf-post-text\">\n<div class=\"mkdf-post-text-inner\">\n<div class=\"mkdf-post-text-main\">\n<div class=\"mkdf-post-text\">\n<div class=\"mkdf-post-text-inner\">\n<div class=\"mkdf-post-text-main\">\n<div class=\"mkdf-post-text\">\n<div class=\"mkdf-post-text-inner\">\n<div class=\"mkdf-post-text-main\">\n<div class=\"page-title-head hgroup\">\n<div class=\"page-title-head hgroup\">\n<div class=\"mkdf-post-text\">\n<div class=\"mkdf-post-text-inner\">\n<div class=\"mkdf-post-text-main\">\n<div class=\"mkdf-post-text\">\n<div class=\"mkdf-post-text-inner\">\n<div class=\"mkdf-post-text-main\">\n<div class=\"page-title-head hgroup\">\n<div class=\"page-title-head hgroup\">\n<div class=\"page-title-head hgroup\">\n<div class=\"page-title-head hgroup\">\n<div class=\"b654a4as d2edcug0\">\n<div class=\"page-title-head hgroup\">\n<div class=\"page-title-head hgroup\">\n<div class=\"page-title-head hgroup\">\n<div class=\"page-title-head hgroup\">\n<div class=\"b654a4as d2edcug0\">\n<div class=\"page-title-head hgroup\">\n<div class=\"page-title-head hgroup\">\n<div class=\"page-title-head hgroup\">\n<div class=\"page-title-head hgroup\">\n<div class=\"b654a4as d2edcug0\">\n<div><\/div>\n<div><\/div>\n<div>\n<p><strong>MUSICA ALLA RADIO, IL PROGRAMMA DI LORIS SCUSSEL &#8220;COLLAGE OPERAZIONE NOSTALGIA&#8221; DAL LUNEDI AL VENERDI ALLE 16.00\u00a0 E ALLE 23\u00a0<\/strong><\/p>\n<\/div>\n<p>&nbsp;<\/p>\n<p><strong>LA PUNTATA DI IERI N 473<\/strong><\/p>\n<audio class=\"wp-audio-shortcode\" id=\"audio-241863-13\" preload=\"none\" style=\"width: 100%;\" controls=\"controls\"><source type=\"audio\/mpeg\" src=\"https:\/\/www.radiopiu.net\/wordpress\/wp-content\/uploads\/2021\/11\/COME.mp3?_=13\" \/><a href=\"https:\/\/www.radiopiu.net\/wordpress\/wp-content\/uploads\/2021\/11\/COME.mp3\">https:\/\/www.radiopiu.net\/wordpress\/wp-content\/uploads\/2021\/11\/COME.mp3<\/a><\/audio>\n<p><strong>\u00a0<\/strong><\/p>\n<p>&nbsp;<\/p>\n<p>&nbsp;<\/p>\n<\/div>\n<\/div>\n<\/div>\n<\/div>\n<\/div>\n<\/div>\n<\/div>\n<\/div>\n<\/div>\n<\/div>\n<\/div>\n<\/div>\n<\/div>\n<\/div>\n<\/div>\n<\/div>\n<\/div>\n<\/div>\n<\/div>\n<\/div>\n<\/div>\n<\/div>\n<\/div>\n<\/div>\n<\/div>\n<\/div>\n<\/div>\n<\/div>\n<\/div>\n<\/div>\n<\/div>\n<\/div>\n<\/div>\n<\/div>\n<\/div>\n<\/div>\n<\/div>\n<\/div>\n<\/div>\n<\/div>\n<\/div>\n<\/div>\n<\/div>\n<\/div>\n<\/div>\n<\/div>\n<\/div>\n<\/div>\n<\/div>\n<\/div>\n<\/div>\n<\/div>\n<\/div>\n<\/div>\n<\/div>\n<\/div>\n<\/div>\n<\/div>\n<\/div>\n<\/div>\n<\/div>\n<\/div>\n<\/div>\n<\/div>\n<blockquote class=\"wp-embedded-content\" data-secret=\"4mjGcLYSwA\"><p><a href=\"https:\/\/www.radiopiu.net\/wordpress\/freemix-la-liberta-musicale-mixata-da-dj-athos-e-raccontata-da-dj-jack\/\">FREEMIX, LA LIBERTA&#8217; MUSICALE MIXATA DA DJ ATHOS E RACCONTATA DA DJ JACK<\/a><\/p><\/blockquote>\n<p><iframe loading=\"lazy\" class=\"wp-embedded-content\" sandbox=\"allow-scripts\" security=\"restricted\" style=\"position: absolute; clip: rect(1px, 1px, 1px, 1px);\" title=\"&#8220;FREEMIX, LA LIBERTA&#8217; MUSICALE MIXATA DA DJ ATHOS E RACCONTATA DA DJ JACK&#8221; &#8212; Radio Pi\u00f9\" src=\"https:\/\/www.radiopiu.net\/wordpress\/freemix-la-liberta-musicale-mixata-da-dj-athos-e-raccontata-da-dj-jack\/embed\/#?secret=4mjGcLYSwA\" data-secret=\"4mjGcLYSwA\" width=\"600\" height=\"338\" frameborder=\"0\" marginwidth=\"0\" marginheight=\"0\" scrolling=\"no\"><\/iframe><\/p>\n<p>&nbsp;<\/p>\n<p>&nbsp;<\/p>\n<blockquote class=\"wp-embedded-content\" data-secret=\"SPpxPd8DnH\"><p><a href=\"https:\/\/www.radiopiu.net\/wordpress\/da-ieri-alla-radio-in-palinsesto-loris-e-maurizio-con-la-grande-musica\/\">IL BLUES ALLA RADIO &#8230; COME NON L&#8217;AVETE MAI SENTITO PRIMA<\/a><\/p><\/blockquote>\n<p><iframe loading=\"lazy\" class=\"wp-embedded-content\" sandbox=\"allow-scripts\" security=\"restricted\" style=\"position: absolute; clip: rect(1px, 1px, 1px, 1px);\" title=\"&#8220;IL BLUES ALLA RADIO &#8230; COME NON L&#8217;AVETE MAI SENTITO PRIMA&#8221; &#8212; Radio Pi\u00f9\" src=\"https:\/\/www.radiopiu.net\/wordpress\/da-ieri-alla-radio-in-palinsesto-loris-e-maurizio-con-la-grande-musica\/embed\/#?secret=SPpxPd8DnH\" data-secret=\"SPpxPd8DnH\" width=\"600\" height=\"338\" frameborder=\"0\" marginwidth=\"0\" marginheight=\"0\" scrolling=\"no\"><\/iframe><\/p>\n<p>&nbsp;<\/p>\n<p>&nbsp;<\/p>\n<p>&nbsp;<\/p>\n<hr \/>\n<p>&nbsp;<\/p>\n<blockquote>\n<h3><span style=\"color: #0000ff;\">INFORMAZIONE il canale su TELEGRAM informazione di prima mano e in tempo reale. iscriviti ed aiutaci a farlo conoscere\u00a0\u00a0<\/span><\/h3>\n<\/blockquote>\n<div>\n<div class=\"page-title-head hgroup\">\n<div class=\"page-title-head hgroup\">\n<div class=\"page-title-head hgroup\">\n<div class=\"page-title-head hgroup\">\n<div class=\"b654a4as d2edcug0\">\n<div class=\"page-title-head hgroup\">\n<div class=\"page-title-head hgroup\">\n<div class=\"page-title-head hgroup\">\n<div class=\"page-title-head hgroup\">\n<div class=\"b654a4as d2edcug0\">\n<div class=\"page-title-head hgroup\">\n<div class=\"page-title-head hgroup\">\n<div class=\"page-title-head hgroup\">\n<div class=\"page-title-head hgroup\">\n<div class=\"page-title-head hgroup\">\n<div class=\"page-title-head hgroup\">\n<div class=\"page-title-head hgroup\">\n<div class=\"page-title-head hgroup\">\n<div class=\"page-title-head hgroup\">\n<div class=\"b654a4as d2edcug0\">\n<div class=\"page-title-head hgroup\">\n<div class=\"page-title-head hgroup\">\n<div class=\"page-title-head hgroup\">\n<div class=\"page-title-head hgroup\">\n<div class=\"b654a4as d2edcug0\">\n<div>\n<p>&nbsp;<\/p>\n<\/div>\n<div>\n<div class=\"page-title-head hgroup\">\n<div class=\"page-title-head hgroup\">\n<div class=\"page-title-head hgroup\">\n<div class=\"page-title-head hgroup\">\n<div class=\"page-title-head hgroup\">\n<div class=\"b654a4as d2edcug0\">\n<div>\n<hr \/>\n<\/div>\n<\/div>\n<div>\n<div>\n<p>&nbsp;<\/p>\n<\/div>\n<div>\n<div>\n<p>&nbsp;<\/p>\n<\/div>\n<div>\n<div>\n<p><strong>DUE MINUTI UN LIBRO, TUTTI I GIORNI ALLA RADIO ALLE 9.40 E ALLE 17.50<\/strong><\/p>\n<div>\n<div>\n<p><strong>LA RACCOLTA COMPLETA\u00a0\u00a0<\/strong><\/p>\n<\/div>\n<div>\n<blockquote class=\"wp-embedded-content\" data-secret=\"oxVMWlNDAp\"><p><a href=\"https:\/\/www.radiopiu.net\/wordpress\/due-minuti-un-libro\/\">Due minuti un libro<\/a><\/p><\/blockquote>\n<p><iframe loading=\"lazy\" class=\"wp-embedded-content\" sandbox=\"allow-scripts\" security=\"restricted\" style=\"position: absolute; clip: rect(1px, 1px, 1px, 1px);\" title=\"&#8220;Due minuti un libro&#8221; &#8212; Radio Pi\u00f9\" src=\"https:\/\/www.radiopiu.net\/wordpress\/due-minuti-un-libro\/embed\/#?secret=oxVMWlNDAp\" data-secret=\"oxVMWlNDAp\" width=\"600\" height=\"338\" frameborder=\"0\" marginwidth=\"0\" marginheight=\"0\" scrolling=\"no\"><\/iframe><\/p>\n<p>&nbsp;<\/p>\n<\/div>\n<\/div>\n<\/div>\n<div class=\"mkdf-post-text\">\n<div class=\"mkdf-post-text-inner\">\n<div class=\"mkdf-post-text-main\">\n<div class=\"mkdf-post-text\">\n<div class=\"mkdf-post-text-inner\">\n<div class=\"mkdf-post-text-main\">\n<div class=\"mkdf-post-text\">\n<div class=\"mkdf-post-text-inner\">\n<div class=\"mkdf-post-text-main\">\n<div class=\"page-title-head hgroup\">\n<div class=\"page-title-head hgroup\">\n<div class=\"mkdf-post-text\">\n<div class=\"mkdf-post-text-inner\">\n<div class=\"mkdf-post-text-main\">\n<div class=\"mkdf-post-text\">\n<div class=\"mkdf-post-text-inner\">\n<div class=\"mkdf-post-text-main\">\n<div class=\"page-title-head hgroup\">\n<div class=\"page-title-head hgroup\">\n<div class=\"page-title-head hgroup\">\n<div class=\"page-title-head hgroup\">\n<div class=\"b654a4as d2edcug0\">\n<div class=\"page-title-head hgroup\">\n<div class=\"page-title-head hgroup\">\n<div class=\"page-title-head hgroup\">\n<div class=\"page-title-head hgroup\">\n<div class=\"b654a4as d2edcug0\">\n<div class=\"page-title-head hgroup\">\n<div class=\"page-title-head hgroup\">\n<div class=\"page-title-head hgroup\">\n<div class=\"page-title-head hgroup\">\n<div class=\"b654a4as d2edcug0\">\n<div>\n<p>&nbsp;<\/p>\n<\/div>\n<div>\n<hr \/>\n<p>&nbsp;<\/p>\n<\/div>\n<h2><span style=\"color: #808000;\">L&#8217;ALMANACCO LADINO\u00a0\u00a0<\/span><\/h2>\n<p><strong>PUNTATA DEL 08 NOVEMBRE 2021<\/strong><\/p>\n<audio class=\"wp-audio-shortcode\" id=\"audio-241863-14\" preload=\"none\" style=\"width: 100%;\" controls=\"controls\"><source type=\"audio\/mpeg\" src=\"https:\/\/www.radiopiu.net\/wordpress\/wp-content\/uploads\/2021\/11\/70\u00b0Almanacco-Ladino_Fodom.mp3?_=14\" \/><a href=\"https:\/\/www.radiopiu.net\/wordpress\/wp-content\/uploads\/2021\/11\/70\u00b0Almanacco-Ladino_Fodom.mp3\">https:\/\/www.radiopiu.net\/wordpress\/wp-content\/uploads\/2021\/11\/70\u00b0Almanacco-Ladino_Fodom.mp3<\/a><\/audio>\n<p>&nbsp;<\/p>\n<p><strong>LA RACCOLTA<\/strong><\/p>\n<blockquote class=\"wp-embedded-content\" data-secret=\"rFE1Qllbsg\"><p><a href=\"https:\/\/www.radiopiu.net\/wordpress\/almanacco-ladino\/\">Almanacco Ladino<\/a><\/p><\/blockquote>\n<p><iframe loading=\"lazy\" class=\"wp-embedded-content\" sandbox=\"allow-scripts\" security=\"restricted\" style=\"position: absolute; clip: rect(1px, 1px, 1px, 1px);\" title=\"&#8220;Almanacco Ladino&#8221; &#8212; Radio Pi\u00f9\" src=\"https:\/\/www.radiopiu.net\/wordpress\/almanacco-ladino\/embed\/#?secret=rFE1Qllbsg\" data-secret=\"rFE1Qllbsg\" width=\"600\" height=\"338\" frameborder=\"0\" marginwidth=\"0\" marginheight=\"0\" scrolling=\"no\"><\/iframe><\/p>\n<hr \/>\n<p>&nbsp;<\/p>\n<h2><\/h2>\n<p>&nbsp;<\/p>\n<blockquote class=\"wp-embedded-content\" data-secret=\"p2aydT8cc2\"><p><a href=\"https:\/\/www.radiopiu.net\/wordpress\/rassegna-stampa-di-gianni-santomaso\/\">Rassegna stampa da l&#8217;amico del popolo &#8211; di Gianni Santomaso<\/a><\/p><\/blockquote>\n<p><iframe loading=\"lazy\" class=\"wp-embedded-content\" sandbox=\"allow-scripts\" security=\"restricted\" style=\"position: absolute; clip: rect(1px, 1px, 1px, 1px);\" title=\"&#8220;Rassegna stampa da l&#8217;amico del popolo &#8211; di Gianni Santomaso&#8221; &#8212; Radio Pi\u00f9\" src=\"https:\/\/www.radiopiu.net\/wordpress\/rassegna-stampa-di-gianni-santomaso\/embed\/#?secret=p2aydT8cc2\" data-secret=\"p2aydT8cc2\" width=\"600\" height=\"338\" frameborder=\"0\" marginwidth=\"0\" marginheight=\"0\" scrolling=\"no\"><\/iframe><\/p>\n<p>&nbsp;<\/p>\n<p>&nbsp;<\/p>\n<hr \/>\n<p>&nbsp;<\/p>\n<h2><span style=\"color: #800080;\">I RACCONTI DI PAOLO SOPPELSA<\/span><\/h2>\n<p><strong>LA RACCOLTA<\/strong><\/p>\n<blockquote class=\"wp-embedded-content\" data-secret=\"f2tIu9me35\"><p><a href=\"https:\/\/www.radiopiu.net\/wordpress\/i-racconti-di-paolo-soppelsa\/\">I racconti di Paolo Soppelsa<\/a><\/p><\/blockquote>\n<p><iframe loading=\"lazy\" class=\"wp-embedded-content\" sandbox=\"allow-scripts\" security=\"restricted\" style=\"position: absolute; clip: rect(1px, 1px, 1px, 1px);\" title=\"&#8220;I racconti di Paolo Soppelsa&#8221; &#8212; Radio Pi\u00f9\" src=\"https:\/\/www.radiopiu.net\/wordpress\/i-racconti-di-paolo-soppelsa\/embed\/#?secret=f2tIu9me35\" data-secret=\"f2tIu9me35\" width=\"600\" height=\"338\" frameborder=\"0\" marginwidth=\"0\" marginheight=\"0\" scrolling=\"no\"><\/iframe><\/p>\n<p>&nbsp;<\/p>\n<hr \/>\n<p>&nbsp;<\/p>\n<p><a href=\"https:\/\/www.radiopiu.net\/wordpress\/giornale-radiopiu-26-settembre-2018-direttore-mirko-mezzacasa\/viabilita-2\/\" rel=\"attachment wp-att-61954\"><img loading=\"lazy\" decoding=\"async\" class=\"aligncenter wp-image-61954 size-full\" src=\"https:\/\/www.radiopiu.net\/wordpress\/wp-content\/uploads\/2018\/09\/viabilita.jpeg\" sizes=\"auto, (max-width: 800px) 100vw, 800px\" srcset=\"https:\/\/www.radiopiu.net\/wordpress\/wp-content\/uploads\/2018\/09\/viabilita.jpeg 800w, https:\/\/www.radiopiu.net\/wordpress\/wp-content\/uploads\/2018\/09\/viabilita-300x38.jpeg 300w, https:\/\/www.radiopiu.net\/wordpress\/wp-content\/uploads\/2018\/09\/viabilita-768x96.jpeg 768w\" alt=\"\" width=\"800\" height=\"100\" \/><\/a><\/p>\n<p><strong>\u00a0<\/strong><\/p>\n<p><strong>PROVINCIALE 251 GALLERIA SAN GIOVANN<\/strong>I dalle 21 dell\u201911 novembre alle 6 del 12 novembre senso unico alternato regolato da movieri<\/p>\n<p><strong>REGIONALE 203 AGORDINA GALLERIA DI LISTOLADE<\/strong>\u00a0dalle 21 del 17 novembre alle 6 del 18 novembre senso unico alternato regolato da movieri all\u2019interno del tunnel<\/p>\n<p><strong>PROVINCIALE 346 DEL SAN PELLGRINO, GALLERIA DELLE ANIME:<\/strong>\u00a0dalle 21 del 18 novembre alle 6 del 19 novembre senso unico alternato regolato da moviere all\u2019interno della galleria, imbocco lato Cencenighe.<\/p>\n<p><strong>PROVINCIALE 1 MADONNA DEL PIAVE \u2013 GALLERIA \u2013<\/strong>\u00a0dalle 21 dell\u201911 novembre alle 6 del mattino successivo senso unico alternato regolato da movieri<\/p>\n<p><strong>PROVINCIALE 251\u00a0 LOCALITA\u2019 SOTTOLERIVE<\/strong>\u00a0dall\u20198 al 12 novembre senso unico alternato regolato da semaforo<\/p>\n<p><strong>PONTE BAILEY A BELLUNO<\/strong>:\u00a0 Da oggi\u00a0 via ai lavori di sistemazione dell\u2019infrastruttura che collega le due sponde del Piave a Lambioi,\u00a0 fino al 21 novembre senso unico alternato con semaforo esclusi giorni festivi e prefestivi. Dal 22 novembre al 4 dicembre chiusura totale<\/p>\n<p><strong>SP 1 SINISTRA PIAVE\u00a0<\/strong>dalle 21 del 22 novembre e fino alle 6 de giorno successivo senso unico alternato all\u2019interno della galleria che da Belluno porta a Limana per lavori di manutenzione dell\u2019antenna WindTre<\/p>\n<p><strong>SP 30 PANORAMICA DEL COMELICO<\/strong> fino al 12 novembre interdizione totale al traffico tra Costa e Costalissoi nel comune di San Nicolo&#8217; Comelico per ripristino urgente della line elettrica<\/p>\n<p><strong>SR 48 DELLE DOLOMITI\u00a0<\/strong>fino al 19 novembre, sabati e domeniche comprese, senso unico alternato regolato da impianto semaforico ad Arabba per messa in sicurezza del piano viabile<\/p>\n<p><strong>SPI 251 VAL DI ZOLDO E CELLINA<\/strong> fino al 22 dicembre interruzioni alla viabilit\u00e0 della durata massima di 10 minuti e senso unico alternato nei periodi non interessati dalle interruzioni nel comune di Val di Zoldo<\/p>\n<p><strong>SP 40 VAL SENAIGA<\/strong> interdizione totale al transito in comune di lamon dal 10 e fino al 26 novembre, inclusi sabato e domenica, con deviazione del traffico su viabilit\u00e0 comunale<\/p>\n<p><strong>SR 203 AGORDINA<\/strong> dall&#8217;11 novembre al 17 dicembre, esclusi sabato domenica e festivi infrasettimanali, restringimento della careggiata con divieto di sorpasso e limitazione ai 50 km\/h in comune di La Valle per lavori sul margine della carreggiata<\/p>\n<p>&nbsp;<\/p>\n<hr \/>\n<p>&nbsp;<\/p>\n<div class=\"ecm0bbzt e5nlhep0 a8c37x1j\">\n<div class=\"kvgmc6g5 cxmmr5t8 oygrvhab hcukyx3x c1et5uql\">\n<div class=\"gmail-kvgmc6g5 gmail-cxmmr5t8 gmail-oygrvhab gmail-hcukyx3x gmail-c1et5uql gmail-ii04i59q\">\n<div>\n<div class=\"page-title-head hgroup\">\n<div class=\"page-title-head hgroup\">\n<div class=\"b654a4as d2edcug0\">\n<div class=\"j83agx80 btwxx1t3 lhclo0ds hop8lmos nkwizq5d scwd0bx6 roh60bw9\">\n<div class=\"rq0escxv hkbzh7o3 jwdofwj8 n8tt0mok r8blr3vg hyh9befq\">\n<div class=\"do00u71z l9j0dhe7 k4urcfbm\">\n<div>\n<div class=\"page-title-head hgroup\">\n<div class=\"page-title-head hgroup\">\n<div class=\"page-title-head hgroup\">\n<div class=\"page-title-head hgroup\">\n<div class=\"b654a4as d2edcug0\">\n<div class=\"page-title-head hgroup\">\n<div class=\"page-title-head hgroup\">\n<div class=\"page-title-head hgroup\">\n<div class=\"page-title-head hgroup\">\n<div class=\"b654a4as d2edcug0\">\n<div class=\"page-title-head hgroup\">\n<div class=\"page-title-head hgroup\">\n<div class=\"page-title-head hgroup\">\n<div class=\"page-title-head hgroup\">\n<div class=\"page-title-head hgroup\">\n<div class=\"mkdf-post-text\">\n<div class=\"mkdf-post-text-inner\">\n<div class=\"mkdf-post-text-main\">\n<div class=\"mkdf-post-text\">\n<div class=\"mkdf-post-text-inner\">\n<div class=\"mkdf-post-text-main\">\n<div class=\"mkdf-post-text\">\n<div class=\"mkdf-post-text-inner\">\n<div class=\"mkdf-post-text-main\">\n<div class=\"page-title-head hgroup\">\n<div class=\"page-title-head hgroup\">\n<div class=\"mkdf-post-text\">\n<div class=\"mkdf-post-text-inner\">\n<div class=\"mkdf-post-text-main\">\n<div class=\"mkdf-post-text\">\n<div class=\"mkdf-post-text-inner\">\n<div class=\"mkdf-post-text-main\">\n<div>\n<div class=\"page-title-head hgroup\">\n<div class=\"page-title-head hgroup\">\n<div>\n<div class=\"page-title-head hgroup\">\n<div class=\"page-title-head hgroup\">\n<div class=\"b654a4as d2edcug0\">\n<div>\n<div class=\"page-title-head hgroup\" style=\"text-align: left;\">\n<div class=\"page-title-head hgroup\">\n<div dir=\"auto\">\n<p><a class=\"dt-pswp-item pspw-wrap-ready\" href=\"https:\/\/i0.wp.com\/www.radiopiu.net\/wordpress\/wp-content\/uploads\/2018\/09\/WhatsApp-Image-2018-09-20-at-16.04.06.jpeg?ssl=1\" data-dt-img-description=\"\" data-large_image_width=\"800\" data-large_image_height=\"100\"><img loading=\"lazy\" decoding=\"async\" class=\"aligncenter wp-image-61378 size-full jetpack-lazy-image jetpack-lazy-image--handled\" src=\"https:\/\/i0.wp.com\/www.radiopiu.net\/wordpress\/wp-content\/uploads\/2018\/09\/WhatsApp-Image-2018-09-20-at-16.04.06.jpeg?resize=800%2C100&amp;ssl=1\" sizes=\"auto, (max-width: 800px) 100vw, 800px\" srcset=\"https:\/\/i0.wp.com\/www.radiopiu.net\/wordpress\/wp-content\/uploads\/2018\/09\/WhatsApp-Image-2018-09-20-at-16.04.06.jpeg?w=800&amp;ssl=1 800w, https:\/\/i0.wp.com\/www.radiopiu.net\/wordpress\/wp-content\/uploads\/2018\/09\/WhatsApp-Image-2018-09-20-at-16.04.06.jpeg?resize=300%2C38&amp;ssl=1 300w, https:\/\/i0.wp.com\/www.radiopiu.net\/wordpress\/wp-content\/uploads\/2018\/09\/WhatsApp-Image-2018-09-20-at-16.04.06.jpeg?resize=768%2C96&amp;ssl=1 768w\" alt=\"\" width=\"800\" height=\"100\" data-lazy-loaded=\"1\" \/><\/a><\/p>\n<\/div>\n<\/div>\n<\/div>\n<\/div>\n<\/div>\n<\/div>\n<\/div>\n<\/div>\n<\/div>\n<\/div>\n<\/div>\n<\/div>\n<\/div>\n<\/div>\n<\/div>\n<\/div>\n<\/div>\n<\/div>\n<\/div>\n<\/div>\n<\/div>\n<\/div>\n<\/div>\n<\/div>\n<\/div>\n<\/div>\n<\/div>\n<\/div>\n<\/div>\n<\/div>\n<\/div>\n<\/div>\n<\/div>\n<\/div>\n<\/div>\n<\/div>\n<\/div>\n<\/div>\n<\/div>\n<\/div>\n<\/div>\n<\/div>\n<\/div>\n<\/div>\n<p>&nbsp;<\/p>\n<\/div>\n<\/div>\n<\/div>\n<\/div>\n<\/div>\n<\/div>\n<\/div>\n<\/div>\n<\/div>\n<\/div>\n<div><center><b>Giovedi 11<\/b><\/center><b>Tempo atteso: <\/b>Nella prima met\u00e0 di giornata nuvolosit\u00e0 in diminuzione fino a cielo sereno o poco nuvoloso ovunque entro fine mattina, con alcune nebbie di notte e in successivo dissolvimento nelle valli prealpine; nella seconda met\u00e0 di giornata sereno o poco nuvoloso.<br \/>\n<b>Precipitazioni: <\/b>Assenti.<br \/>\n<b>Temperature: <\/b>Rispetto a mercoled\u00ec avranno andamento irregolare con differenze in prevalenza leggere\/moderate. Nelle valli accentuazione dell&#8217;inversione termica notturna. Min\/max: su Prealpi 8\/10 \u00b0C a 1500 m e 4\/8 \u00b0C a 2000 m, su Dolomiti 4\/8 \u00b0C a 2000 m e 1\/2 \u00b0C a 3000 m.<br \/>\n<b>Venti: <\/b>Deboli\/moderati, nelle valli con direzione variabile e in quota da sud-est; 10-20 km\/h a 2000 m e 15-30 km\/h a 3000 m.<\/div>\n<\/div>\n<\/div>\n<\/div>\n<\/div>\n<\/div>\n<\/div>\n<\/div>\n<\/div>\n<\/div>\n<\/div>\n<\/div>\n<\/div>\n<\/div>\n<\/div>\n<\/div>\n<\/div>\n<\/div>\n<\/div>\n<\/div>\n<\/div>\n<\/div>\n<\/div>\n<\/div>\n<\/div>\n<\/div>\n<\/div>\n<\/div>\n<\/div>\n<\/div>\n<\/div>\n<\/div>\n<\/div>\n<\/div>\n<\/div>\n<\/div>\n<\/div>\n<\/div>\n<\/div>\n<\/div>\n<\/div>\n<\/div>\n<\/div>\n<\/div>\n<\/div>\n<\/div>\n<\/div>\n<\/div>\n<\/div>\n<\/div>\n<\/div>\n<\/div>\n<\/div>\n<\/div>\n<\/div>\n<\/div>\n<\/div>\n<\/div>\n<\/div>\n<\/div>\n<\/div>\n<\/div>\n<\/div>\n<\/div>\n<\/div>\n<\/div>\n<\/div>\n<\/div>\n<\/div>\n<\/div>\n<\/div>\n<\/div>\n<\/div>\n<\/div>\n<\/div>\n<\/div>\n<\/div>\n<hr \/>\n<p><center><b>Venerdi 12<\/b><\/center><b>Tempo atteso: <\/b>Nuvolosit\u00e0 in aumento col passar delle ore, fino a cielo anche nuvoloso a tratti pi\u00f9 probabilmente dal pomeriggio; nelle valli prealpine alcune nebbie di notte e in dissolvimento al mattino.<br \/>\n<b>Precipitazioni: <\/b>Assenti.<br \/>\n<b>Temperature: <\/b>Senza variazioni di rilievo rispetto a gioved\u00ec. Min\/max: su Prealpi 8\/11 \u00b0C a 1500 m e 6\/7 \u00b0C a 2000 m, su Dolomiti 3\/7 \u00b0C a 2000 m e 1\/2 \u00b0C a 3000 m.<br \/>\n<b>Venti: <\/b>Deboli\/moderati, nelle valli con direzione variabile e in quota da sud-est; 5-15 km\/h a 2000 m e 15-30 km\/h a 3000 m.<\/p>\n<hr \/>\n<p><center><b>Sabato 13<\/b><\/center>Nuvolosit\u00e0 in aumento con delle precipitazioni pi\u00f9 probabili dal pomeriggio. Quota neve in graduale abbassamento fino ad attestarsi attorno ai 2000 m pi\u00f9 probabilmente verso sera. Temperature in calo, eccetto aumenti notturni nelle valli.<\/p>\n<hr \/>\n<p><center><b>Domenica 14<\/b><\/center>Nuvoloso con delle precipitazioni discontinue pi\u00f9 probabili sulle Prealpi, con quota neve piuttosto variabile e generalmente compresa tra 1500 e 2000 m. Temperature in aumento di notte e in calo di giorno. Previsore: Stefano Veronese<\/p>\n<p>&nbsp;<\/p>\n<p>&nbsp;<\/p>\n<hr \/>\n<p>&nbsp;<\/p>\n<div class=\"mkdf-post-text\">\n<div class=\"mkdf-post-text-inner\">\n<p><a href=\"https:\/\/www.radiopiu.net\/wordpress\/giornale-radiopiu-15-settembre-2018-direttore-mirko-mezzacasa\/sport-7\/\" rel=\"attachment wp-att-60761\"><img loading=\"lazy\" decoding=\"async\" class=\"wp-image-60761 size-full aligncenter\" src=\"https:\/\/www.radiopiu.net\/wordpress\/wp-content\/uploads\/2018\/09\/sport.jpg\" alt=\"\" width=\"800\" height=\"100\" srcset=\"https:\/\/www.radiopiu.net\/wordpress\/wp-content\/uploads\/2018\/09\/sport.jpg 800w, https:\/\/www.radiopiu.net\/wordpress\/wp-content\/uploads\/2018\/09\/sport-300x38.jpg 300w, https:\/\/www.radiopiu.net\/wordpress\/wp-content\/uploads\/2018\/09\/sport-768x96.jpg 768w\" sizes=\"auto, (max-width: 800px) 100vw, 800px\" \/><\/a><\/p>\n<\/div>\n<\/div>\n<p>&nbsp;<\/p>\n<blockquote>\n<h3>L&#8217;AGORDINA CONTINUA A MACINARE PUNTI IN SECONDA CATEGORIA<\/h3>\n<\/blockquote>\n<p><strong><a href=\"https:\/\/www.radiopiu.net\/wordpress\/agordina-in-campo-fra-meno-di-un-mese\/stefano-favero-agordina\/\" rel=\"attachment wp-att-116103\"><img loading=\"lazy\" decoding=\"async\" class=\" wp-image-116103 alignleft\" src=\"https:\/\/www.radiopiu.net\/wordpress\/wp-content\/uploads\/2020\/02\/STEFANO-FAVERO-AGORDINA-261x300.jpg\" alt=\"\" width=\"125\" height=\"144\" srcset=\"https:\/\/www.radiopiu.net\/wordpress\/wp-content\/uploads\/2020\/02\/STEFANO-FAVERO-AGORDINA-261x300.jpg 261w, https:\/\/www.radiopiu.net\/wordpress\/wp-content\/uploads\/2020\/02\/STEFANO-FAVERO-AGORDINA-890x1024.jpg 890w, https:\/\/www.radiopiu.net\/wordpress\/wp-content\/uploads\/2020\/02\/STEFANO-FAVERO-AGORDINA-768x883.jpg 768w, https:\/\/www.radiopiu.net\/wordpress\/wp-content\/uploads\/2020\/02\/STEFANO-FAVERO-AGORDINA.jpg 1226w\" sizes=\"auto, (max-width: 125px) 100vw, 125px\" \/><\/a>AGORDO<\/strong> Ancora un risultato utile per l&#8217;Agordina di Lorenzi che domenica ha pareggiato 0 a 0 contro il Ponte Nelle Alpi secondo in classifica. Un bel ruolino di marcia per la squadra del presidente Cosmo Forcella che vede avvicinarsi domenica dopo domenica quella famosa quota 30 punti che vorrebbe dire salvezza quasi matematica. Nel prossimo fine settimana la squadra di Agordo sar\u00e0 chiamata alla trasferta di Tambre, una partita sulla carta alla portata dei ragazzi agordini.<\/p>\n<p><strong>STEFANO FAVERO, GIOCATORE DELL&#8217;AGORDINA<\/strong><\/p>\n<audio class=\"wp-audio-shortcode\" id=\"audio-241863-15\" preload=\"none\" style=\"width: 100%;\" controls=\"controls\"><source type=\"audio\/mpeg\" src=\"https:\/\/www.radiopiu.net\/wordpress\/wp-content\/uploads\/2021\/11\/INTERVISTA-STEFANO-FAVERO.mp3?_=15\" \/><a href=\"https:\/\/www.radiopiu.net\/wordpress\/wp-content\/uploads\/2021\/11\/INTERVISTA-STEFANO-FAVERO.mp3\">https:\/\/www.radiopiu.net\/wordpress\/wp-content\/uploads\/2021\/11\/INTERVISTA-STEFANO-FAVERO.mp3<\/a><\/audio>\n<p>&nbsp;<\/p>\n<hr \/>\n<p>&nbsp;<\/p>\n<blockquote>\n<h3>L&#8217;ALLEGHE HOCKEY CHIAMA A RAPPORTO TUTTI I TIFOSI<\/h3>\n<\/blockquote>\n<p><strong><a href=\"https:\/\/www.radiopiu.net\/wordpress\/lalleghe-hockey-chiama-a-rapporto-tutti-i-tifosi\/e35189e5-932b-436f-8325-c7829bf7e42d\/\" rel=\"attachment wp-att-241930\"><img loading=\"lazy\" decoding=\"async\" class=\"size-medium wp-image-241930 alignleft\" src=\"https:\/\/www.radiopiu.net\/wordpress\/wp-content\/uploads\/2021\/11\/e35189e5-932b-436f-8325-c7829bf7e42d-300x248.jpg\" alt=\"\" width=\"300\" height=\"248\" srcset=\"https:\/\/www.radiopiu.net\/wordpress\/wp-content\/uploads\/2021\/11\/e35189e5-932b-436f-8325-c7829bf7e42d-300x248.jpg 300w, https:\/\/www.radiopiu.net\/wordpress\/wp-content\/uploads\/2021\/11\/e35189e5-932b-436f-8325-c7829bf7e42d.jpg 760w\" sizes=\"auto, (max-width: 300px) 100vw, 300px\" \/><\/a>ALLEGHE<\/strong> I risultati sono positivi e l&#8217;Alleghe Hockey chiama a rapporti i tifosi per partecipare numerosi alla prossima partita in casa contro L&#8217;Appiano. Dal sito internet della societ\u00e0 l&#8217;appello a correre numerosi al De Toni<\/p>\n<blockquote><p><em>Sabato 13 novembre ore 19:30 al \u201cDe Toni\u201d di Alleghe arrivano i Pirati di Appiano. Cinque vittorie consecutive, 16 reti fatte, solo 7 subite, un ruolino di marcia entusiasmante. Nel fortino alleghese si sono dovuti inchinare anche i Campioni d&#8217;Italia in carica del Caldaro. Non perderti questo momento magico, lo spettacolo \u00e8 assicurato, partecipa anche tu alla festa. Venite con amici, parenti e fidanzate a divertirvi, per passare una serata diversa, una serata di grande hockey. I Biancorossi hanno bisogno di voi. Il vostro sostegno e la vostra presenza sugli spalti sono fondamentali per i nostri ragazzi. <\/em><em>L&#8217;Alleghe Hockey ti aspetta, non mancare, per gridare tutti insieme FORZA CIVETTE!!!<\/em><\/p><\/blockquote>\n<p>&nbsp;<\/p>\n<hr \/>\n<p>&nbsp;<\/p>\n<blockquote>\n<h3>UNA VITTORIA E DUE SCONFITTE PER IL SETTORE GIOVANILE DELL&#8217;ALLEGHE HOCKEY<\/h3>\n<\/blockquote>\n<p><strong><a href=\"https:\/\/www.radiopiu.net\/wordpress\/il-merano-vince-gara-1-dei-quarti-di-finale-ma-lalleghe-torna-a-casa-a-testa-alta\/hockey-2744905_1920\/\" rel=\"attachment wp-att-197447\"><img loading=\"lazy\" decoding=\"async\" class=\"size-medium wp-image-197447 alignleft\" src=\"https:\/\/www.radiopiu.net\/wordpress\/wp-content\/uploads\/2021\/03\/hockey-2744905_1920-300x200.jpg\" alt=\"\" width=\"300\" height=\"200\" srcset=\"https:\/\/www.radiopiu.net\/wordpress\/wp-content\/uploads\/2021\/03\/hockey-2744905_1920-300x200.jpg 300w, https:\/\/www.radiopiu.net\/wordpress\/wp-content\/uploads\/2021\/03\/hockey-2744905_1920-1024x682.jpg 1024w, https:\/\/www.radiopiu.net\/wordpress\/wp-content\/uploads\/2021\/03\/hockey-2744905_1920-768x512.jpg 768w, https:\/\/www.radiopiu.net\/wordpress\/wp-content\/uploads\/2021\/03\/hockey-2744905_1920-1536x1023.jpg 1536w, https:\/\/www.radiopiu.net\/wordpress\/wp-content\/uploads\/2021\/03\/hockey-2744905_1920.jpg 1920w\" sizes=\"auto, (max-width: 300px) 100vw, 300px\" \/><\/a>ALLEGHE<\/strong> Si \u00e8 chiuso con una vittoria e due sconfitta il fine settimana del settore giovanile dell&#8217;Alleghe Hockey. L&#8217;Under 17 dell&#8217;Alleghe\/Cortina ha giocato due partite nel fine settimana racimolando due sconfitte. Sono quattro le partite perse consecutive per la formazione alleghese. Venerd\u00ec, nella trasferta in Piemonte, il Valpellice ha superato la squadra mista per 6 a 2, i gol delle civette a firma di Tolomelli e De Luca. Sabato al De Toni un&#8217;altra sconfitta, questa volta contro l&#8217;Appiano con gli altoatesini che hanno vinto 5 a 1. Unica marcatura alleghese di Costantini. Prima vittoria in campionato per la formazione Under 15 dell&#8217;Alleghe\/Alta Badia che domenica sera ha superato il Renon dopo l&#8217;overtime. Una partita carica di gol che \u00e8 terminata col punteggio di 10 a 9 per i biancorossi.<\/p>\n<p>&nbsp;<\/p>\n<p>&nbsp;<\/p>\n","protected":false},"excerpt":{"rendered":"<p>INFORMAZIONE il canale su TELEGRAM informazione di prima mano e in tempo reale. iscriviti ed aiutaci a farlo conoscere\u00a0 &nbsp; &nbsp; Gli Uffici della Prefettura \u2013 Ufficio Territoriale del Governo e gli uffici Confcommercio del capoluogo oggi rimarranno chiusi al pubblico per la festivit\u00e0 del Santo Patrono. &nbsp; &nbsp; CHIUDE LA SP3 VAL IMPERINA A&hellip;<\/p>\n","protected":false},"author":4,"featured_media":242061,"comment_status":"closed","ping_status":"open","sticky":false,"template":"","format":"standard","meta":{"_monsterinsights_skip_tracking":false,"_monsterinsights_sitenote_active":false,"_monsterinsights_sitenote_note":"","_monsterinsights_sitenote_category":0,"footnotes":""},"categories":[104,86,49],"tags":[],"class_list":["post-241863","post","type-post","status-publish","format-standard","has-post-thumbnail","hentry","category-evidenza_3","category-gr","category-news-18","category-104","category-86","category-49","description-off"],"img_url":"https:\/\/www.radiopiu.net\/wordpress\/wp-content\/uploads\/2021\/11\/marco-pantani.jpg","_links":{"self":[{"href":"https:\/\/www.radiopiu.net\/wordpress\/wp-json\/wp\/v2\/posts\/241863","targetHints":{"allow":["GET"]}}],"collection":[{"href":"https:\/\/www.radiopiu.net\/wordpress\/wp-json\/wp\/v2\/posts"}],"about":[{"href":"https:\/\/www.radiopiu.net\/wordpress\/wp-json\/wp\/v2\/types\/post"}],"author":[{"embeddable":true,"href":"https:\/\/www.radiopiu.net\/wordpress\/wp-json\/wp\/v2\/users\/4"}],"replies":[{"embeddable":true,"href":"https:\/\/www.radiopiu.net\/wordpress\/wp-json\/wp\/v2\/comments?post=241863"}],"version-history":[{"count":0,"href":"https:\/\/www.radiopiu.net\/wordpress\/wp-json\/wp\/v2\/posts\/241863\/revisions"}],"wp:featuredmedia":[{"embeddable":true,"href":"https:\/\/www.radiopiu.net\/wordpress\/wp-json\/wp\/v2\/media\/242061"}],"wp:attachment":[{"href":"https:\/\/www.radiopiu.net\/wordpress\/wp-json\/wp\/v2\/media?parent=241863"}],"wp:term":[{"taxonomy":"category","embeddable":true,"href":"https:\/\/www.radiopiu.net\/wordpress\/wp-json\/wp\/v2\/categories?post=241863"},{"taxonomy":"post_tag","embeddable":true,"href":"https:\/\/www.radiopiu.net\/wordpress\/wp-json\/wp\/v2\/tags?post=241863"}],"curies":[{"name":"wp","href":"https:\/\/api.w.org\/{rel}","templated":true}]}}