{"id":241877,"date":"2021-11-10T05:19:32","date_gmt":"2021-11-10T04:19:32","guid":{"rendered":"https:\/\/www.radiopiu.net\/wordpress\/?p=241877"},"modified":"2021-11-10T06:10:12","modified_gmt":"2021-11-10T05:10:12","slug":"per-la-prima-volta-un-bellunese-alla-guida-delle-associazioni-emigranti","status":"publish","type":"post","link":"https:\/\/www.radiopiu.net\/wordpress\/per-la-prima-volta-un-bellunese-alla-guida-delle-associazioni-emigranti\/","title":{"rendered":"PER LA PRIMA VOLTA UN BELLUNESE ALLA GUIDA DELLE ASSOCIAZIONI EMIGRANTI"},"content":{"rendered":"<p>&nbsp;<\/p>\n<p>&nbsp;<\/p>\n<blockquote>\n<h3><a href=\"https:\/\/www.radiopiu.net\/wordpress\/giornale-radiopiu-10-novembre-2021-direttore-mirko-mezzacasa\/de-bona-oscar\/\" rel=\"attachment wp-att-241864\"><img loading=\"lazy\" decoding=\"async\" class=\" wp-image-241864 alignleft\" src=\"https:\/\/www.radiopiu.net\/wordpress\/wp-content\/uploads\/2021\/11\/De-Bona-Oscar-300x169.jpg\" alt=\"\" width=\"256\" height=\"144\" srcset=\"https:\/\/www.radiopiu.net\/wordpress\/wp-content\/uploads\/2021\/11\/De-Bona-Oscar-300x169.jpg 300w, https:\/\/www.radiopiu.net\/wordpress\/wp-content\/uploads\/2021\/11\/De-Bona-Oscar.jpg 768w\" sizes=\"auto, (max-width: 256px) 100vw, 256px\" \/><\/a>NUOVA CARICA PER IL PRESIDENTE DI ABM OSCAR DE BONA<\/h3>\n<p><strong>\u00a0<\/strong><\/p><\/blockquote>\n<p><strong>BELLUNO<\/strong> Oscar De Bona \u00e8 il primo bellunese a coprire la carica di presidente Unaie (Unione nazionale associazioni immigrati emigranti).\u00a0 Buon lavoro al legale rappresentante dell\u2019Associazione Bellunesi nel Mondo, che nell\u2019assemblea plenaria svoltasi a Levico Terme sabato 6 novembre \u00e8 stato eletto all\u2019unanimit\u00e0 presidente della storica Unione che, da oltre mezzo secolo, fa da collante con il mondo dell\u2019associazionismo in emigrazione e le Istituzioni nazionali, europee ed internazionali.<\/p>\n<p lang=\"it-IT\" align=\"JUSTIFY\"><em><span style=\"color: #000000;\">\u201c<span style=\"font-family: Helvetica, sans-serif;\"><span style=\"font-size: medium;\">Sono davvero onorato di assumere questo incarico \u2013 le parole del neo eletto presidente De Bona &#8211; e ringrazio i rappresentanti delle associazioni aderenti a Unaie per avermi votato e riposto in me la totale fiducia\u201d. Motivo di orgoglio va anche all\u2019Associazione Bellunesi nel Mondo da sempre in prima linea all\u2019interno di Unaie sia con Vincenzo Barcelloni Corte, presidente fondatore Abm, sia con lo storico direttore Patrizio De Martin, entrambi venuti a mancare nel 2019. \u201cSono convinto che dall\u2019alto anche Patrizio e Vincenzo mi sosterranno. Ci aspettano grandi sfide come Unaie per il prossimo triennio. Di certo voglio puntare su unit\u00e0, collaborazione e condivisione. <\/span><\/span><\/span><span style=\"font-size: medium; font-family: Helvetica, sans-serif; color: #000000;\">Dobbiamo mettere in atto le buone pratiche. Ogni nostra Associazione ha un\u2019esperienza personale che, messa assieme, pu\u00f2 creare delle buone potenzialit\u00e0 con progetti di qualit\u00e0 e mirati sia alle nostre comunit\u00e0 di italiani all\u2019estero, ma anche per lo stesso sviluppo del sistema Italia. Da sempre sostengo, e ne sono sempre pi\u00f9 convinto, che dando uno alle nostre realt\u00e0 associative si ottiene dieci\u201d.<\/span><\/em><\/p>\n<p>&nbsp;<\/p>\n","protected":false},"excerpt":{"rendered":"<p>&nbsp; &nbsp; NUOVA CARICA PER IL PRESIDENTE DI ABM OSCAR DE BONA \u00a0 BELLUNO Oscar De Bona \u00e8 il primo bellunese a coprire la carica di presidente Unaie (Unione nazionale associazioni immigrati emigranti).\u00a0 Buon lavoro al legale rappresentante dell\u2019Associazione Bellunesi nel Mondo, che nell\u2019assemblea plenaria svoltasi a Levico Terme sabato 6 novembre \u00e8 stato eletto&hellip;<\/p>\n","protected":false},"author":4,"featured_media":241879,"comment_status":"closed","ping_status":"open","sticky":false,"template":"","format":"standard","meta":{"_monsterinsights_skip_tracking":false,"_monsterinsights_sitenote_active":false,"_monsterinsights_sitenote_note":"","_monsterinsights_sitenote_category":0,"footnotes":""},"categories":[104,49],"tags":[],"class_list":["post-241877","post","type-post","status-publish","format-standard","has-post-thumbnail","hentry","category-evidenza_3","category-news-18","category-104","category-49","description-off"],"img_url":"https:\/\/www.radiopiu.net\/wordpress\/wp-content\/uploads\/2021\/11\/unaie_assemblea.jpeg","_links":{"self":[{"href":"https:\/\/www.radiopiu.net\/wordpress\/wp-json\/wp\/v2\/posts\/241877","targetHints":{"allow":["GET"]}}],"collection":[{"href":"https:\/\/www.radiopiu.net\/wordpress\/wp-json\/wp\/v2\/posts"}],"about":[{"href":"https:\/\/www.radiopiu.net\/wordpress\/wp-json\/wp\/v2\/types\/post"}],"author":[{"embeddable":true,"href":"https:\/\/www.radiopiu.net\/wordpress\/wp-json\/wp\/v2\/users\/4"}],"replies":[{"embeddable":true,"href":"https:\/\/www.radiopiu.net\/wordpress\/wp-json\/wp\/v2\/comments?post=241877"}],"version-history":[{"count":0,"href":"https:\/\/www.radiopiu.net\/wordpress\/wp-json\/wp\/v2\/posts\/241877\/revisions"}],"wp:featuredmedia":[{"embeddable":true,"href":"https:\/\/www.radiopiu.net\/wordpress\/wp-json\/wp\/v2\/media\/241879"}],"wp:attachment":[{"href":"https:\/\/www.radiopiu.net\/wordpress\/wp-json\/wp\/v2\/media?parent=241877"}],"wp:term":[{"taxonomy":"category","embeddable":true,"href":"https:\/\/www.radiopiu.net\/wordpress\/wp-json\/wp\/v2\/categories?post=241877"},{"taxonomy":"post_tag","embeddable":true,"href":"https:\/\/www.radiopiu.net\/wordpress\/wp-json\/wp\/v2\/tags?post=241877"}],"curies":[{"name":"wp","href":"https:\/\/api.w.org\/{rel}","templated":true}]}}