{"id":241890,"date":"2021-11-10T05:38:08","date_gmt":"2021-11-10T04:38:08","guid":{"rendered":"https:\/\/www.radiopiu.net\/wordpress\/?p=241890"},"modified":"2021-11-10T05:38:08","modified_gmt":"2021-11-10T04:38:08","slug":"203-agordina-oggi-chiusa-per-unora","status":"publish","type":"post","link":"https:\/\/www.radiopiu.net\/wordpress\/203-agordina-oggi-chiusa-per-unora\/","title":{"rendered":"203 AGORDINA: OGGI CHIUSA PER UN&#8217;ORA."},"content":{"rendered":"<p>&nbsp;<\/p>\n<blockquote>\n<h3>CHIUDE LA SP3 VAL IMPERINA A FASCE ORARIE<\/h3>\n<\/blockquote>\n<p><strong><img loading=\"lazy\" decoding=\"async\" class=\"alignleft\" src=\"https:\/\/www.radiopiu.net\/wordpress\/wp-content\/uploads\/2020\/11\/14_La-Stanga.jpg\" width=\"204\" height=\"115\" \/><\/strong><\/p>\n<p><strong>SEDICO\u00a0<\/strong> Per dare continuit\u00e0 ai lavori a monte della 203 agordina in localit\u00e0 La Stanga la strada oggi dalle 8.45 chiuder\u00e0 totalmente per un&#8217;ora fino alle 9.35. Alternativa la provinciale del Mis. Non sono previste ulteriori chiusure<\/p>\n<p>Fino al 30 novembre, esclusi sabato e domenica, interruzione totale alla viabilit\u00e0 sulla SP 3 della Val Imperina in comune di Gosaldo per lavori di messa in sicurezza della strada. Chiusura dalle 8 alle 12:45, dalle 13:45 alle 16 e dalle 16:30 alle 18<\/p>\n<p>&nbsp;<\/p>\n","protected":false},"excerpt":{"rendered":"<p>&nbsp; CHIUDE LA SP3 VAL IMPERINA A FASCE ORARIE SEDICO\u00a0 Per dare continuit\u00e0 ai lavori a monte della 203 agordina in localit\u00e0 La Stanga la strada oggi dalle 8.45 chiuder\u00e0 totalmente per un&#8217;ora fino alle 9.35. Alternativa la provinciale del Mis. Non sono previste ulteriori chiusure Fino al 30 novembre, esclusi sabato e domenica, interruzione&hellip;<\/p>\n","protected":false},"author":4,"featured_media":170155,"comment_status":"closed","ping_status":"open","sticky":false,"template":"","format":"standard","meta":{"_monsterinsights_skip_tracking":false,"_monsterinsights_sitenote_active":false,"_monsterinsights_sitenote_note":"","_monsterinsights_sitenote_category":0,"footnotes":""},"categories":[51,49],"tags":[],"class_list":["post-241890","post","type-post","status-publish","format-standard","has-post-thumbnail","hentry","category-evidenza-top","category-news-18","category-51","category-49","description-off"],"img_url":"https:\/\/www.radiopiu.net\/wordpress\/wp-content\/uploads\/2020\/11\/14_La-Stanga.jpg","_links":{"self":[{"href":"https:\/\/www.radiopiu.net\/wordpress\/wp-json\/wp\/v2\/posts\/241890","targetHints":{"allow":["GET"]}}],"collection":[{"href":"https:\/\/www.radiopiu.net\/wordpress\/wp-json\/wp\/v2\/posts"}],"about":[{"href":"https:\/\/www.radiopiu.net\/wordpress\/wp-json\/wp\/v2\/types\/post"}],"author":[{"embeddable":true,"href":"https:\/\/www.radiopiu.net\/wordpress\/wp-json\/wp\/v2\/users\/4"}],"replies":[{"embeddable":true,"href":"https:\/\/www.radiopiu.net\/wordpress\/wp-json\/wp\/v2\/comments?post=241890"}],"version-history":[{"count":0,"href":"https:\/\/www.radiopiu.net\/wordpress\/wp-json\/wp\/v2\/posts\/241890\/revisions"}],"wp:featuredmedia":[{"embeddable":true,"href":"https:\/\/www.radiopiu.net\/wordpress\/wp-json\/wp\/v2\/media\/170155"}],"wp:attachment":[{"href":"https:\/\/www.radiopiu.net\/wordpress\/wp-json\/wp\/v2\/media?parent=241890"}],"wp:term":[{"taxonomy":"category","embeddable":true,"href":"https:\/\/www.radiopiu.net\/wordpress\/wp-json\/wp\/v2\/categories?post=241890"},{"taxonomy":"post_tag","embeddable":true,"href":"https:\/\/www.radiopiu.net\/wordpress\/wp-json\/wp\/v2\/tags?post=241890"}],"curies":[{"name":"wp","href":"https:\/\/api.w.org\/{rel}","templated":true}]}}