{"id":241933,"date":"2021-11-10T10:11:18","date_gmt":"2021-11-10T09:11:18","guid":{"rendered":"https:\/\/www.radiopiu.net\/wordpress\/?p=241933"},"modified":"2021-11-10T10:11:18","modified_gmt":"2021-11-10T09:11:18","slug":"sabato-13-novembre-cisl-e-uil-in-piazza-con-la-comunita-bellunese-per-salvare-due-storiche-imprese","status":"publish","type":"post","link":"https:\/\/www.radiopiu.net\/wordpress\/sabato-13-novembre-cisl-e-uil-in-piazza-con-la-comunita-bellunese-per-salvare-due-storiche-imprese\/","title":{"rendered":"SABATO 13 NOVEMBRE CISL E UIL IN PIAZZA  CON LA COMUNIT\u00c0 BELLUNESE PER SALVARE DUE STORICHE IMPRESE"},"content":{"rendered":"<p><strong><a href=\"https:\/\/www.radiopiu.net\/wordpress\/per-san-martino-la-settiman-piu-artistica-dellanno-domani-la-presentazione-ufficiale\/municipio-mel-2\/\" rel=\"attachment wp-att-105065\"><img loading=\"lazy\" decoding=\"async\" class=\"size-medium wp-image-105065 alignleft\" src=\"https:\/\/www.radiopiu.net\/wordpress\/wp-content\/uploads\/2019\/11\/municipio-Mel-300x164.jpg\" alt=\"\" width=\"300\" height=\"164\" srcset=\"https:\/\/www.radiopiu.net\/wordpress\/wp-content\/uploads\/2019\/11\/municipio-Mel-300x164.jpg 300w, https:\/\/www.radiopiu.net\/wordpress\/wp-content\/uploads\/2019\/11\/municipio-Mel.jpg 768w\" sizes=\"auto, (max-width: 300px) 100vw, 300px\" \/><\/a>BELLUNO <\/strong><em>\u201cRammarica veder girare una locandina con solo i simboli di una parte del movimento sindacale; non permetteremo che in un momento cruciale per la vita di 800 famiglie vi sia qualcuno che prova a dividere i lavoratori. Prevalga il senso di responsabilit\u00e0 e non le manie di protagonismo di qualche sindacalista. \u00c8 fondamentale stare sui temi senza strumentalizzazioni di quella che per la comunit\u00e0 di Borgo Valbelluna e dell\u2019intera provincia \u00e8 un vero e proprio dramma\u201d.\u00a0 <\/em>Esprimono con queste parole Massimiliano Paglini, segretario generale della Cisl Belluno Treviso e Michele Ferraro, coordinatore della Uil di Belluno, la piena adesione alla manifestazione per il lavoro a Borgo Valbelluna di sabato 13. \u201c<em>Di fronte al dramma della possibile chiusura di due storiche aziende bellunesi \u00e8 il tempo delle grandi decisioni e del coraggio<\/em> &#8211; affermano Paglini e Ferraro -. <em>Sabato saremo in piazza con le Diocesi e con tutto il territorio per ribadire che ACC e Ideal Standard devono essere salvate. Dopodich\u00e9, bisogna rimettersi subito al lavoro per far s\u00ec che la costruzione delle condizioni necessarie per la tenuta del tessuto produttivo e sociale della provincia di Belluno diventi la priorit\u00e0 in tutte le agende delle istituzioni del territorio, regionali e nazionali. Belluno potr\u00e0 vivere ed essere attrattiva per investimenti e lavoro solo se sar\u00e0 capace di \u2018fare sistema\u2019 e di darsi una strategia univoca e vincente\u201d.<\/em><\/p>\n<p><strong>MASSIMILIANO PAGLINI, SEGRETARIO CISL BELLUNO\/TREVISO<\/strong><\/p>\n<audio class=\"wp-audio-shortcode\" id=\"audio-241933-1\" preload=\"none\" style=\"width: 100%;\" controls=\"controls\"><source type=\"audio\/mpeg\" src=\"https:\/\/www.radiopiu.net\/wordpress\/wp-content\/uploads\/2021\/11\/PAGLINI-CISL-MANIFESTAZIONE-SABATO.mp3?_=1\" \/><a href=\"https:\/\/www.radiopiu.net\/wordpress\/wp-content\/uploads\/2021\/11\/PAGLINI-CISL-MANIFESTAZIONE-SABATO.mp3\">https:\/\/www.radiopiu.net\/wordpress\/wp-content\/uploads\/2021\/11\/PAGLINI-CISL-MANIFESTAZIONE-SABATO.mp3<\/a><\/audio>\n<p>&nbsp;<\/p>\n<p>&nbsp;<\/p>\n<p>*****<\/p>\n","protected":false},"excerpt":{"rendered":"<p>BELLUNO \u201cRammarica veder girare una locandina con solo i simboli di una parte del movimento sindacale; non permetteremo che in un momento cruciale per la vita di 800 famiglie vi sia qualcuno che prova a dividere i lavoratori. Prevalga il senso di responsabilit\u00e0 e non le manie di protagonismo di qualche sindacalista. \u00c8 fondamentale stare&hellip;<\/p>\n","protected":false},"author":4,"featured_media":102420,"comment_status":"closed","ping_status":"open","sticky":false,"template":"","format":"standard","meta":{"_monsterinsights_skip_tracking":false,"_monsterinsights_sitenote_active":false,"_monsterinsights_sitenote_note":"","_monsterinsights_sitenote_category":0,"footnotes":""},"categories":[49],"tags":[],"class_list":["post-241933","post","type-post","status-publish","format-standard","has-post-thumbnail","hentry","category-news-18","category-49","description-off"],"img_url":"https:\/\/www.radiopiu.net\/wordpress\/wp-content\/uploads\/2019\/10\/municipio-Mel.jpg","_links":{"self":[{"href":"https:\/\/www.radiopiu.net\/wordpress\/wp-json\/wp\/v2\/posts\/241933","targetHints":{"allow":["GET"]}}],"collection":[{"href":"https:\/\/www.radiopiu.net\/wordpress\/wp-json\/wp\/v2\/posts"}],"about":[{"href":"https:\/\/www.radiopiu.net\/wordpress\/wp-json\/wp\/v2\/types\/post"}],"author":[{"embeddable":true,"href":"https:\/\/www.radiopiu.net\/wordpress\/wp-json\/wp\/v2\/users\/4"}],"replies":[{"embeddable":true,"href":"https:\/\/www.radiopiu.net\/wordpress\/wp-json\/wp\/v2\/comments?post=241933"}],"version-history":[{"count":0,"href":"https:\/\/www.radiopiu.net\/wordpress\/wp-json\/wp\/v2\/posts\/241933\/revisions"}],"wp:featuredmedia":[{"embeddable":true,"href":"https:\/\/www.radiopiu.net\/wordpress\/wp-json\/wp\/v2\/media\/102420"}],"wp:attachment":[{"href":"https:\/\/www.radiopiu.net\/wordpress\/wp-json\/wp\/v2\/media?parent=241933"}],"wp:term":[{"taxonomy":"category","embeddable":true,"href":"https:\/\/www.radiopiu.net\/wordpress\/wp-json\/wp\/v2\/categories?post=241933"},{"taxonomy":"post_tag","embeddable":true,"href":"https:\/\/www.radiopiu.net\/wordpress\/wp-json\/wp\/v2\/tags?post=241933"}],"curies":[{"name":"wp","href":"https:\/\/api.w.org\/{rel}","templated":true}]}}