{"id":241940,"date":"2021-11-10T10:27:06","date_gmt":"2021-11-10T09:27:06","guid":{"rendered":"https:\/\/www.radiopiu.net\/wordpress\/?p=241940"},"modified":"2021-11-10T10:27:06","modified_gmt":"2021-11-10T09:27:06","slug":"bigon-pd-carenza-medici-nei-pronto-soccorso-da-cimo-numeri-preoccupanti","status":"publish","type":"post","link":"https:\/\/www.radiopiu.net\/wordpress\/bigon-pd-carenza-medici-nei-pronto-soccorso-da-cimo-numeri-preoccupanti\/","title":{"rendered":"BIGON (PD): \u201cCARENZA MEDICI NEI PRONTO SOCCORSO, DA CIMO NUMERI PREOCCUPANTI\u201d"},"content":{"rendered":"<p><strong><a href=\"https:\/\/www.radiopiu.net\/wordpress\/giornale-radiopiu-19-giugno-2021-direttore-mirko-mezzacasa\/medico\/\" rel=\"attachment wp-att-216887\"><img loading=\"lazy\" decoding=\"async\" class=\"size-medium wp-image-216887 alignleft\" src=\"https:\/\/www.radiopiu.net\/wordpress\/wp-content\/uploads\/2021\/06\/MEDICO-300x225.jpg\" alt=\"\" width=\"300\" height=\"225\" srcset=\"https:\/\/www.radiopiu.net\/wordpress\/wp-content\/uploads\/2021\/06\/MEDICO-300x225.jpg 300w, https:\/\/www.radiopiu.net\/wordpress\/wp-content\/uploads\/2021\/06\/MEDICO-1024x768.jpg 1024w, https:\/\/www.radiopiu.net\/wordpress\/wp-content\/uploads\/2021\/06\/MEDICO-768x576.jpg 768w, https:\/\/www.radiopiu.net\/wordpress\/wp-content\/uploads\/2021\/06\/MEDICO-1536x1152.jpg 1536w, https:\/\/www.radiopiu.net\/wordpress\/wp-content\/uploads\/2021\/06\/MEDICO.jpg 1920w\" sizes=\"auto, (max-width: 300px) 100vw, 300px\" \/><\/a>VENEZIA <\/strong><span class=\"s1\">\u201c<em>Dobbiamo mettere i medici nelle condizioni di poter lavorare con turni umani, in sicurezza e con retribuzioni adeguate, commisurate al rischio e alla responsabilit\u00e0; altrimenti l\u2019emergenza nei Pronto soccorso \u00e8 destinata ad aumentare a tempo indeterminato<\/em>\u201d. \u00c8 quanto dichiara la vicepresidente della commissione Sanit\u00e0 in Consiglio regionale Anna Maria Bigon, dopo aver letto il report di Cimo Veneto su 24 Pronto Soccorso del Veneto, da cui emerge che circa il 70% delle Ulss fa ricorso a medici nelle cooperative oppure nella libera professione per riuscire a coprire i turni.\u00a0<\/span><span class=\"s1\">\u201c<em>Sono numeri elevatissimi ed estremamente preoccupanti &#8211; sottolinea la consigliera PD &#8211; ma il peggio deve ancora arrivare: molti professionisti si avvicinano alla pensione, i bandi di concorso restano deserti, le borse di specializzazione non vengono assegnate e le dimissioni aumentano. Nei giorni scorsi il ministro Speranza ha annunciato nella Legge di bilancio un\u2019indennit\u00e0 specifica per chi lavora nei Pronto soccorso, a partire dal 2022, con uno stanziamento da 90 milioni: \u00e8 una decisione giusta che andava presa da tempo, ma da sola non \u00e8 sufficiente. Dobbiamo rendere attrattivo il Sistema sanitario pubblico, migliorando a 360 gradi le condizioni di chi ci lavora, non soltanto dal punto di vista economico<\/em>\u201d.\u00a0<\/span><\/p>\n<p>&nbsp;<\/p>\n<p>&nbsp;<\/p>\n<p>*****<\/p>\n","protected":false},"excerpt":{"rendered":"<p>VENEZIA \u201cDobbiamo mettere i medici nelle condizioni di poter lavorare con turni umani, in sicurezza e con retribuzioni adeguate, commisurate al rischio e alla responsabilit\u00e0; altrimenti l\u2019emergenza nei Pronto soccorso \u00e8 destinata ad aumentare a tempo indeterminato\u201d. \u00c8 quanto dichiara la vicepresidente della commissione Sanit\u00e0 in Consiglio regionale Anna Maria Bigon, dopo aver letto il&hellip;<\/p>\n","protected":false},"author":4,"featured_media":216887,"comment_status":"closed","ping_status":"open","sticky":false,"template":"","format":"standard","meta":{"_monsterinsights_skip_tracking":false,"_monsterinsights_sitenote_active":false,"_monsterinsights_sitenote_note":"","_monsterinsights_sitenote_category":0,"footnotes":""},"categories":[49],"tags":[],"class_list":["post-241940","post","type-post","status-publish","format-standard","has-post-thumbnail","hentry","category-news-18","category-49","description-off"],"img_url":"https:\/\/www.radiopiu.net\/wordpress\/wp-content\/uploads\/2021\/06\/MEDICO.jpg","_links":{"self":[{"href":"https:\/\/www.radiopiu.net\/wordpress\/wp-json\/wp\/v2\/posts\/241940","targetHints":{"allow":["GET"]}}],"collection":[{"href":"https:\/\/www.radiopiu.net\/wordpress\/wp-json\/wp\/v2\/posts"}],"about":[{"href":"https:\/\/www.radiopiu.net\/wordpress\/wp-json\/wp\/v2\/types\/post"}],"author":[{"embeddable":true,"href":"https:\/\/www.radiopiu.net\/wordpress\/wp-json\/wp\/v2\/users\/4"}],"replies":[{"embeddable":true,"href":"https:\/\/www.radiopiu.net\/wordpress\/wp-json\/wp\/v2\/comments?post=241940"}],"version-history":[{"count":0,"href":"https:\/\/www.radiopiu.net\/wordpress\/wp-json\/wp\/v2\/posts\/241940\/revisions"}],"wp:featuredmedia":[{"embeddable":true,"href":"https:\/\/www.radiopiu.net\/wordpress\/wp-json\/wp\/v2\/media\/216887"}],"wp:attachment":[{"href":"https:\/\/www.radiopiu.net\/wordpress\/wp-json\/wp\/v2\/media?parent=241940"}],"wp:term":[{"taxonomy":"category","embeddable":true,"href":"https:\/\/www.radiopiu.net\/wordpress\/wp-json\/wp\/v2\/categories?post=241940"},{"taxonomy":"post_tag","embeddable":true,"href":"https:\/\/www.radiopiu.net\/wordpress\/wp-json\/wp\/v2\/tags?post=241940"}],"curies":[{"name":"wp","href":"https:\/\/api.w.org\/{rel}","templated":true}]}}