{"id":242009,"date":"2021-11-10T20:29:57","date_gmt":"2021-11-10T19:29:57","guid":{"rendered":"https:\/\/www.radiopiu.net\/wordpress\/?p=242009"},"modified":"2021-11-11T06:22:12","modified_gmt":"2021-11-11T05:22:12","slug":"giro-ditalia-2022-belluno-torna-ad-ospitare-la-partenza-di-tappa","status":"publish","type":"post","link":"https:\/\/www.radiopiu.net\/wordpress\/giro-ditalia-2022-belluno-torna-ad-ospitare-la-partenza-di-tappa\/","title":{"rendered":"GIRO D&#8217;ITALIA 2022, BELLUNO TORNA AD OSPITARE LA PARTENZA DI TAPPA\u00a0"},"content":{"rendered":"<p>&nbsp;<\/p>\n<blockquote>\n<h3>GIRO D&#8217;ITALIA 2022, BELLUNO TORNA AD OSPITARE LA PARTENZA DI TAPPA<\/h3>\n<\/blockquote>\n<p><strong><a href=\"https:\/\/www.radiopiu.net\/wordpress\/giornale-radiopiu-11-novembre-2021-direttore-mirko-mezzacasa\/dscf4380\/\" rel=\"attachment wp-att-242010\"><img loading=\"lazy\" decoding=\"async\" class=\" wp-image-242010 alignleft\" src=\"https:\/\/www.radiopiu.net\/wordpress\/wp-content\/uploads\/2021\/11\/DSCF4380-300x225.jpg\" alt=\"\" width=\"244\" height=\"183\" srcset=\"https:\/\/www.radiopiu.net\/wordpress\/wp-content\/uploads\/2021\/11\/DSCF4380-300x225.jpg 300w, https:\/\/www.radiopiu.net\/wordpress\/wp-content\/uploads\/2021\/11\/DSCF4380.jpg 640w\" sizes=\"auto, (max-width: 244px) 100vw, 244px\" \/><\/a>BELLUNO<\/strong> <em>\u00abSiamo felici e orgogliosi di poter tornare ad ospitare una partenza del Giro d&#8217;Italia, a 11 anni dalla cronoscalata del Nevegal e a 8 dalla Belluno-Rifugio Panarotta. Ancora una volta la corsa rosa si decider\u00e0 sulle Dolomiti ed \u00e8 per noi un onore essere di nuovo protagonisti di un pezzo di storia sportiva; siamo sicuri che sar\u00e0 una grandissima giornata di festa alla quale speriamo possano partecipare tantissimi tifosi, appassionati e curiosi\u00bb<\/em>: cos\u00ec l&#8217;assessore allo sport del Comune di Belluno Marco Bogo alla notizia dell&#8217;ufficializzazione di Belluno come citt\u00e0 di partenza di una delle pi\u00f9 importanti frazioni del Giro d&#8217;Italia 2022, che porter\u00e0 i corridori dal capoluogo fino in Marmolada, al Passo Fedaia. L&#8217;ufficializzazione di Belluno citt\u00e0 di tappa 2022 arriva a cinque mesi dall&#8217;altro grande evento rosa che aveva interessato il Comune capoluogo, l&#8217;arrivo di tappa in Nevegal del Giro d&#8217;Italia Under 23.<\/p>\n<p><strong>AI MICROFONI DI RADIO PIU&#8217;&#8230; MARCO BOGO\u00a0<\/strong><\/p>\n<audio class=\"wp-audio-shortcode\" id=\"audio-242009-1\" preload=\"none\" style=\"width: 100%;\" controls=\"controls\"><source type=\"audio\/mpeg\" src=\"https:\/\/www.radiopiu.net\/wordpress\/wp-content\/uploads\/2021\/11\/BOGO-1.mp3?_=1\" \/><a href=\"https:\/\/www.radiopiu.net\/wordpress\/wp-content\/uploads\/2021\/11\/BOGO-1.mp3\">https:\/\/www.radiopiu.net\/wordpress\/wp-content\/uploads\/2021\/11\/BOGO-1.mp3<\/a><\/audio>\n<p>&nbsp;<\/p>\n<p>IL PRESIDENTE DELLA PROVINCIA ROBERTO PADRIN<\/p>\n<audio class=\"wp-audio-shortcode\" id=\"audio-242009-2\" preload=\"none\" style=\"width: 100%;\" controls=\"controls\"><source type=\"audio\/mpeg\" src=\"https:\/\/www.radiopiu.net\/wordpress\/wp-content\/uploads\/2021\/11\/padrin.mp3?_=2\" \/><a href=\"https:\/\/www.radiopiu.net\/wordpress\/wp-content\/uploads\/2021\/11\/padrin.mp3\">https:\/\/www.radiopiu.net\/wordpress\/wp-content\/uploads\/2021\/11\/padrin.mp3<\/a><\/audio>\n<p>&nbsp;<\/p>\n<blockquote><p>L\u2019ultimo arrivo in salita del Giro d\u2019Italia 2022,\u00a0 confermata\u00a0 la Belluno-Marmolada. Partenza da Belluno\u00a0 per\u00a0 Sedico, Santa Giustina e la Certosa di Vedana. Si sale ad Agordo e Cencenighe. Inizia l\u00ec il trittico di salite finale con il Passo\u00a0 San Pellegrino,\u00a0 Pordoi (Cima Coppi 2022) e\u00a0 Fedaia. Non si percorrono i Serrai di Sottoguda come noto interrotti dopo Vaia. Dopo 14 anni la Marmolada \u00e8 nuovamente sede di arrivo.<\/p><\/blockquote>\n<p>&nbsp;<\/p>\n<blockquote class=\"wp-embedded-content\" data-secret=\"bpH3paccmN\"><p><a href=\"https:\/\/www.radiopiu.net\/wordpress\/dopo-14-anni-il-giro-ditalia-sale-di-nuovo-lagordino-fino-al-fedaia\/\">DOPO 14 ANNI IL GIRO D&#8217;ITALIA SALE DI NUOVO L&#8217;AGORDINO FINO AL FEDAIA<\/a><\/p><\/blockquote>\n<p><iframe loading=\"lazy\" class=\"wp-embedded-content\" sandbox=\"allow-scripts\" security=\"restricted\" style=\"position: absolute; clip: rect(1px, 1px, 1px, 1px);\" title=\"&#8220;DOPO 14 ANNI IL GIRO D&#8217;ITALIA SALE DI NUOVO L&#8217;AGORDINO FINO AL FEDAIA&#8221; &#8212; Radio Pi\u00f9\" src=\"https:\/\/www.radiopiu.net\/wordpress\/dopo-14-anni-il-giro-ditalia-sale-di-nuovo-lagordino-fino-al-fedaia\/embed\/#?secret=bpH3paccmN\" data-secret=\"bpH3paccmN\" width=\"600\" height=\"338\" frameborder=\"0\" marginwidth=\"0\" marginheight=\"0\" scrolling=\"no\"><\/iframe><\/p>\n<p>&nbsp;<\/p>\n<p>&nbsp;<\/p>\n<p>&nbsp;<\/p>\n<p>&nbsp;<\/p>\n<p>***<\/p>\n","protected":false},"excerpt":{"rendered":"<p>&nbsp; GIRO D&#8217;ITALIA 2022, BELLUNO TORNA AD OSPITARE LA PARTENZA DI TAPPA BELLUNO \u00abSiamo felici e orgogliosi di poter tornare ad ospitare una partenza del Giro d&#8217;Italia, a 11 anni dalla cronoscalata del Nevegal e a 8 dalla Belluno-Rifugio Panarotta. Ancora una volta la corsa rosa si decider\u00e0 sulle Dolomiti ed \u00e8 per noi un&hellip;<\/p>\n","protected":false},"author":4,"featured_media":242010,"comment_status":"closed","ping_status":"open","sticky":false,"template":"","format":"standard","meta":{"_monsterinsights_skip_tracking":false,"_monsterinsights_sitenote_active":false,"_monsterinsights_sitenote_note":"","_monsterinsights_sitenote_category":0,"footnotes":""},"categories":[51,49],"tags":[],"class_list":["post-242009","post","type-post","status-publish","format-standard","has-post-thumbnail","hentry","category-evidenza-top","category-news-18","category-51","category-49","description-off"],"img_url":"https:\/\/www.radiopiu.net\/wordpress\/wp-content\/uploads\/2021\/11\/DSCF4380.jpg","_links":{"self":[{"href":"https:\/\/www.radiopiu.net\/wordpress\/wp-json\/wp\/v2\/posts\/242009","targetHints":{"allow":["GET"]}}],"collection":[{"href":"https:\/\/www.radiopiu.net\/wordpress\/wp-json\/wp\/v2\/posts"}],"about":[{"href":"https:\/\/www.radiopiu.net\/wordpress\/wp-json\/wp\/v2\/types\/post"}],"author":[{"embeddable":true,"href":"https:\/\/www.radiopiu.net\/wordpress\/wp-json\/wp\/v2\/users\/4"}],"replies":[{"embeddable":true,"href":"https:\/\/www.radiopiu.net\/wordpress\/wp-json\/wp\/v2\/comments?post=242009"}],"version-history":[{"count":0,"href":"https:\/\/www.radiopiu.net\/wordpress\/wp-json\/wp\/v2\/posts\/242009\/revisions"}],"wp:featuredmedia":[{"embeddable":true,"href":"https:\/\/www.radiopiu.net\/wordpress\/wp-json\/wp\/v2\/media\/242010"}],"wp:attachment":[{"href":"https:\/\/www.radiopiu.net\/wordpress\/wp-json\/wp\/v2\/media?parent=242009"}],"wp:term":[{"taxonomy":"category","embeddable":true,"href":"https:\/\/www.radiopiu.net\/wordpress\/wp-json\/wp\/v2\/categories?post=242009"},{"taxonomy":"post_tag","embeddable":true,"href":"https:\/\/www.radiopiu.net\/wordpress\/wp-json\/wp\/v2\/tags?post=242009"}],"curies":[{"name":"wp","href":"https:\/\/api.w.org\/{rel}","templated":true}]}}