{"id":242012,"date":"2021-11-10T15:27:28","date_gmt":"2021-11-10T14:27:28","guid":{"rendered":"https:\/\/www.radiopiu.net\/wordpress\/?p=242012"},"modified":"2021-11-10T15:27:29","modified_gmt":"2021-11-10T14:27:29","slug":"da-venerdi-la-stagione-congressuale-sinizia-con-la-fai","status":"publish","type":"post","link":"https:\/\/www.radiopiu.net\/wordpress\/da-venerdi-la-stagione-congressuale-sinizia-con-la-fai\/","title":{"rendered":"DA VENERDI LA STAGIONE CONGRESSUALE, S&#8217;INIZIA CON LA FAI"},"content":{"rendered":"<blockquote>\n<h3>\n<em>Il terzo Congresso della Cisl Belluno Treviso si svolger\u00e0 il 9 e 10 febbraio 2022<\/em><\/h3>\n<\/blockquote>\n<p><a href=\"https:\/\/www.radiopiu.net\/wordpress\/da-venerdi-la-stagione-congressuale-sinizia-con-la-fai\/andrea-meneghel-e1546861928439-678x381\/\" rel=\"attachment wp-att-242015\"><img loading=\"lazy\" decoding=\"async\" class=\"size-medium wp-image-242015 alignleft\" src=\"https:\/\/www.radiopiu.net\/wordpress\/wp-content\/uploads\/2021\/11\/Andrea-Meneghel-e1546861928439-678x381-1-300x169.jpg\" alt=\"\" width=\"300\" height=\"169\" srcset=\"https:\/\/www.radiopiu.net\/wordpress\/wp-content\/uploads\/2021\/11\/Andrea-Meneghel-e1546861928439-678x381-1-300x169.jpg 300w, https:\/\/www.radiopiu.net\/wordpress\/wp-content\/uploads\/2021\/11\/Andrea-Meneghel-e1546861928439-678x381-1.jpg 678w\" sizes=\"auto, (max-width: 300px) 100vw, 300px\" \/><\/a><strong>BELLUNO_TREVISO<\/strong> Entra nel vivo il percorso che porter\u00e0 allo svolgimento del terzo Congresso della Cisl Belluno Treviso, fissato per le giornate del 9 e 10 febbraio 2022. Sar\u00e0 la Fai, la categoria che rappresenta i lavoratori dell\u2019agricoltura, dell\u2019industria alimentare, delle foreste e della pesca, la prima Federazione a svolgere il proprio Congresso territoriale venerd\u00ec 12 novembre a Godega di Sant\u2019Urbano.\u00a0 Dal 12 novembre al 14 dicembre tutte e 18 le Federazioni territoriali di categoria\u00a0 convocheranno le assemblee per il rinnovo delle Segreterie e l\u2019elezione dei 280 delegati che parteciperanno al Congresso confederale della Cisl interprovinciale del febbraio dell\u2019anno prossimo,\u00a0 complessivamente i delegati che parteciperanno alle assise congressuali categoriali saranno circa 280 in rappresentanza dei 92.300 iscritti.<\/p>\n<p><strong>IL SEGRETARIO GENERALE DELLA FAI CISL BELLUNO TREVISO ANDREA MENEGHEL<\/strong><\/p>\n<audio class=\"wp-audio-shortcode\" id=\"audio-242012-1\" preload=\"none\" style=\"width: 100%;\" controls=\"controls\"><source type=\"audio\/mpeg\" src=\"https:\/\/www.radiopiu.net\/wordpress\/wp-content\/uploads\/2021\/11\/meneghel.mp3?_=1\" \/><a href=\"https:\/\/www.radiopiu.net\/wordpress\/wp-content\/uploads\/2021\/11\/meneghel.mp3\">https:\/\/www.radiopiu.net\/wordpress\/wp-content\/uploads\/2021\/11\/meneghel.mp3<\/a><\/audio>\n<p>&nbsp;<\/p>\n<p>&nbsp;<\/p>\n<p>***<\/p>\n","protected":false},"excerpt":{"rendered":"<p>Il terzo Congresso della Cisl Belluno Treviso si svolger\u00e0 il 9 e 10 febbraio 2022 BELLUNO_TREVISO Entra nel vivo il percorso che porter\u00e0 allo svolgimento del terzo Congresso della Cisl Belluno Treviso, fissato per le giornate del 9 e 10 febbraio 2022. Sar\u00e0 la Fai, la categoria che rappresenta i lavoratori dell\u2019agricoltura, dell\u2019industria alimentare, delle&hellip;<\/p>\n","protected":false},"author":4,"featured_media":242015,"comment_status":"closed","ping_status":"open","sticky":false,"template":"","format":"standard","meta":{"_monsterinsights_skip_tracking":false,"_monsterinsights_sitenote_active":false,"_monsterinsights_sitenote_note":"","_monsterinsights_sitenote_category":0,"footnotes":""},"categories":[49],"tags":[],"class_list":["post-242012","post","type-post","status-publish","format-standard","has-post-thumbnail","hentry","category-news-18","category-49","description-off"],"img_url":"https:\/\/www.radiopiu.net\/wordpress\/wp-content\/uploads\/2021\/11\/Andrea-Meneghel-e1546861928439-678x381-1.jpg","_links":{"self":[{"href":"https:\/\/www.radiopiu.net\/wordpress\/wp-json\/wp\/v2\/posts\/242012","targetHints":{"allow":["GET"]}}],"collection":[{"href":"https:\/\/www.radiopiu.net\/wordpress\/wp-json\/wp\/v2\/posts"}],"about":[{"href":"https:\/\/www.radiopiu.net\/wordpress\/wp-json\/wp\/v2\/types\/post"}],"author":[{"embeddable":true,"href":"https:\/\/www.radiopiu.net\/wordpress\/wp-json\/wp\/v2\/users\/4"}],"replies":[{"embeddable":true,"href":"https:\/\/www.radiopiu.net\/wordpress\/wp-json\/wp\/v2\/comments?post=242012"}],"version-history":[{"count":0,"href":"https:\/\/www.radiopiu.net\/wordpress\/wp-json\/wp\/v2\/posts\/242012\/revisions"}],"wp:featuredmedia":[{"embeddable":true,"href":"https:\/\/www.radiopiu.net\/wordpress\/wp-json\/wp\/v2\/media\/242015"}],"wp:attachment":[{"href":"https:\/\/www.radiopiu.net\/wordpress\/wp-json\/wp\/v2\/media?parent=242012"}],"wp:term":[{"taxonomy":"category","embeddable":true,"href":"https:\/\/www.radiopiu.net\/wordpress\/wp-json\/wp\/v2\/categories?post=242012"},{"taxonomy":"post_tag","embeddable":true,"href":"https:\/\/www.radiopiu.net\/wordpress\/wp-json\/wp\/v2\/tags?post=242012"}],"curies":[{"name":"wp","href":"https:\/\/api.w.org\/{rel}","templated":true}]}}