{"id":242333,"date":"2021-11-11T15:23:29","date_gmt":"2021-11-11T14:23:29","guid":{"rendered":"https:\/\/www.radiopiu.net\/wordpress\/?p=242333"},"modified":"2021-11-11T15:23:30","modified_gmt":"2021-11-11T14:23:30","slug":"premio-san-martino-esempi-da-ammirare-e-inseguire","status":"publish","type":"post","link":"https:\/\/www.radiopiu.net\/wordpress\/premio-san-martino-esempi-da-ammirare-e-inseguire\/","title":{"rendered":"PREMIO SAN MARTINO, ESEMPI DA AMMIRARE E INSEGUIRE\u00a0"},"content":{"rendered":"<p>&nbsp;<\/p>\n<blockquote>\n<h3><\/h3>\n<\/blockquote>\n<p><strong><a href=\"https:\/\/www.radiopiu.net\/wordpress\/?attachment_id=242343\" rel=\"attachment wp-att-242343\"><img loading=\"lazy\" decoding=\"async\" class=\" wp-image-242343 alignleft\" src=\"https:\/\/www.radiopiu.net\/wordpress\/wp-content\/uploads\/2021\/11\/San-Martino-2021-Foto-di-Gruppo-Villabruna-Massaro-Zampieri-Rasera-Berna-300x200.jpg\" alt=\"\" width=\"269\" height=\"179\" srcset=\"https:\/\/www.radiopiu.net\/wordpress\/wp-content\/uploads\/2021\/11\/San-Martino-2021-Foto-di-Gruppo-Villabruna-Massaro-Zampieri-Rasera-Berna-300x200.jpg 300w, https:\/\/www.radiopiu.net\/wordpress\/wp-content\/uploads\/2021\/11\/San-Martino-2021-Foto-di-Gruppo-Villabruna-Massaro-Zampieri-Rasera-Berna-1024x683.jpg 1024w, https:\/\/www.radiopiu.net\/wordpress\/wp-content\/uploads\/2021\/11\/San-Martino-2021-Foto-di-Gruppo-Villabruna-Massaro-Zampieri-Rasera-Berna-768x512.jpg 768w, https:\/\/www.radiopiu.net\/wordpress\/wp-content\/uploads\/2021\/11\/San-Martino-2021-Foto-di-Gruppo-Villabruna-Massaro-Zampieri-Rasera-Berna-1536x1024.jpg 1536w, https:\/\/www.radiopiu.net\/wordpress\/wp-content\/uploads\/2021\/11\/San-Martino-2021-Foto-di-Gruppo-Villabruna-Massaro-Zampieri-Rasera-Berna-2048x1365.jpg 2048w\" sizes=\"auto, (max-width: 269px) 100vw, 269px\" \/><\/a>BELLUNO\u00a0<\/strong> Cerimonia del Premio San Martino 2021 assegnato ad Aldo Villabruna al Teatro Comunale che ha fatto registrare quasi 250 presenti e che ha visto anche la consegna del Premio San Martino 2020, andato a Giorgio Zampieri ma la cui consegna lo scorso anno si era svolta in forma privata a causa dell&#8217;emergenza sanitaria. La cerimonia, introdotta dai saluti del Presidente del Consiglio Comunale Francesco Rasera Berna e intervallata dalle musiche del musicista bellunese Paolo Fornasier.<\/p>\n<p>&nbsp;<\/p>\n<p>&nbsp;<\/p>\n<p><strong><em><a href=\"https:\/\/www.radiopiu.net\/wordpress\/?attachment_id=242339\" rel=\"attachment wp-att-242339\"><img loading=\"lazy\" decoding=\"async\" class=\"wp-image-242339 alignright\" src=\"https:\/\/www.radiopiu.net\/wordpress\/wp-content\/uploads\/2021\/11\/San-Martino-2021-Premiazione-Aldo-Villabruna-1-300x200.jpg\" alt=\"\" width=\"230\" height=\"153\" srcset=\"https:\/\/www.radiopiu.net\/wordpress\/wp-content\/uploads\/2021\/11\/San-Martino-2021-Premiazione-Aldo-Villabruna-1-300x200.jpg 300w, https:\/\/www.radiopiu.net\/wordpress\/wp-content\/uploads\/2021\/11\/San-Martino-2021-Premiazione-Aldo-Villabruna-1-1024x683.jpg 1024w, https:\/\/www.radiopiu.net\/wordpress\/wp-content\/uploads\/2021\/11\/San-Martino-2021-Premiazione-Aldo-Villabruna-1-768x512.jpg 768w, https:\/\/www.radiopiu.net\/wordpress\/wp-content\/uploads\/2021\/11\/San-Martino-2021-Premiazione-Aldo-Villabruna-1-1536x1024.jpg 1536w, https:\/\/www.radiopiu.net\/wordpress\/wp-content\/uploads\/2021\/11\/San-Martino-2021-Premiazione-Aldo-Villabruna-1-2048x1365.jpg 2048w\" sizes=\"auto, (max-width: 230px) 100vw, 230px\" \/><\/a>Motivazione Premio San Martino 2021 ad Aldo Villabruna <\/em><\/strong>&#8220;Per la sua capacit\u00e0 di osservare, ricercare e riconoscere nell&#8217;ambiente i segni tangibili della storia dell&#8217;uomo; per il suo generoso impegno a difendere e promuovere la dignit\u00e0 degli esseri umani; per la sua instancabile capacit\u00e0 di non voltarsi dall&#8217;altra parte di fronte alle provocazioni della vita e per l&#8217;ammirevole altruismo dimostrato con costanza nel fare il bene&#8221;.<\/p>\n<p>&nbsp;<\/p>\n<p><strong><em><a href=\"https:\/\/www.radiopiu.net\/wordpress\/?attachment_id=242342\" rel=\"attachment wp-att-242342\"><img loading=\"lazy\" decoding=\"async\" class=\"wp-image-242342 alignleft\" src=\"https:\/\/www.radiopiu.net\/wordpress\/wp-content\/uploads\/2021\/11\/San-Martino-2021-Premiazione-Giorgio-Zampieri-2-300x200.jpg\" alt=\"\" width=\"233\" height=\"155\" srcset=\"https:\/\/www.radiopiu.net\/wordpress\/wp-content\/uploads\/2021\/11\/San-Martino-2021-Premiazione-Giorgio-Zampieri-2-300x200.jpg 300w, https:\/\/www.radiopiu.net\/wordpress\/wp-content\/uploads\/2021\/11\/San-Martino-2021-Premiazione-Giorgio-Zampieri-2-1024x683.jpg 1024w, https:\/\/www.radiopiu.net\/wordpress\/wp-content\/uploads\/2021\/11\/San-Martino-2021-Premiazione-Giorgio-Zampieri-2-768x512.jpg 768w, https:\/\/www.radiopiu.net\/wordpress\/wp-content\/uploads\/2021\/11\/San-Martino-2021-Premiazione-Giorgio-Zampieri-2-1536x1024.jpg 1536w, https:\/\/www.radiopiu.net\/wordpress\/wp-content\/uploads\/2021\/11\/San-Martino-2021-Premiazione-Giorgio-Zampieri-2-2048x1365.jpg 2048w\" sizes=\"auto, (max-width: 233px) 100vw, 233px\" \/><\/a>Motivazione Premio San Martino 2020 a Giorgio Zampieri <\/em><\/strong>&#8220;Per l&#8217;aver scelto di avvicinarsi alle difficolt\u00e0 delle persone e delle famiglie, facendosene carico; per la sua umile tenacia nel cercare risposte e soluzioni a sollievo della fatica di chi \u00e8 in difficolt\u00e0; per il talento dimostrato nel tessere relazioni costruttive, riuscendo ad attivare il tessuto sociale affinch\u00e9 le capacit\u00e0 di ciascuno vadano a vantaggio dei bisogni del prossimo&#8221;.<\/p>\n<p><strong>\u00a0<\/strong><\/p>\n<p>&nbsp;<\/p>\n<p><strong><a href=\"https:\/\/www.radiopiu.net\/wordpress\/?attachment_id=242337\" rel=\"attachment wp-att-242337\"><img loading=\"lazy\" decoding=\"async\" class=\"wp-image-242337 alignleft\" src=\"https:\/\/www.radiopiu.net\/wordpress\/wp-content\/uploads\/2021\/11\/San-Martino-2021-2-300x200.jpg\" alt=\"\" width=\"191\" height=\"127\" srcset=\"https:\/\/www.radiopiu.net\/wordpress\/wp-content\/uploads\/2021\/11\/San-Martino-2021-2-300x200.jpg 300w, https:\/\/www.radiopiu.net\/wordpress\/wp-content\/uploads\/2021\/11\/San-Martino-2021-2-1024x683.jpg 1024w, https:\/\/www.radiopiu.net\/wordpress\/wp-content\/uploads\/2021\/11\/San-Martino-2021-2-768x512.jpg 768w, https:\/\/www.radiopiu.net\/wordpress\/wp-content\/uploads\/2021\/11\/San-Martino-2021-2-1536x1024.jpg 1536w, https:\/\/www.radiopiu.net\/wordpress\/wp-content\/uploads\/2021\/11\/San-Martino-2021-2-2048x1365.jpg 2048w\" sizes=\"auto, (max-width: 191px) 100vw, 191px\" \/><\/a><\/strong><\/p>\n<p>&nbsp;<\/p>\n<p><strong>IL SINDACO JACOPO MASSARO<br \/>\n<\/strong><\/p>\n<audio class=\"wp-audio-shortcode\" id=\"audio-242333-1\" preload=\"none\" style=\"width: 100%;\" controls=\"controls\"><source type=\"audio\/mpeg\" src=\"https:\/\/www.radiopiu.net\/wordpress\/wp-content\/uploads\/2021\/11\/MASSARO.mp3?_=1\" \/><a href=\"https:\/\/www.radiopiu.net\/wordpress\/wp-content\/uploads\/2021\/11\/MASSARO.mp3\">https:\/\/www.radiopiu.net\/wordpress\/wp-content\/uploads\/2021\/11\/MASSARO.mp3<\/a><\/audio>\n<p>&nbsp;<\/p>\n","protected":false},"excerpt":{"rendered":"<p>&nbsp; BELLUNO\u00a0 Cerimonia del Premio San Martino 2021 assegnato ad Aldo Villabruna al Teatro Comunale che ha fatto registrare quasi 250 presenti e che ha visto anche la consegna del Premio San Martino 2020, andato a Giorgio Zampieri ma la cui consegna lo scorso anno si era svolta in forma privata a causa dell&#8217;emergenza sanitaria.&hellip;<\/p>\n","protected":false},"author":4,"featured_media":242338,"comment_status":"closed","ping_status":"open","sticky":false,"template":"","format":"standard","meta":{"_monsterinsights_skip_tracking":false,"_monsterinsights_sitenote_active":false,"_monsterinsights_sitenote_note":"","_monsterinsights_sitenote_category":0,"footnotes":""},"categories":[104,49],"tags":[],"class_list":["post-242333","post","type-post","status-publish","format-standard","has-post-thumbnail","hentry","category-evidenza_3","category-news-18","category-104","category-49","description-off"],"img_url":"https:\/\/www.radiopiu.net\/wordpress\/wp-content\/uploads\/2021\/11\/San-Martino-2021-1-scaled.jpg","_links":{"self":[{"href":"https:\/\/www.radiopiu.net\/wordpress\/wp-json\/wp\/v2\/posts\/242333","targetHints":{"allow":["GET"]}}],"collection":[{"href":"https:\/\/www.radiopiu.net\/wordpress\/wp-json\/wp\/v2\/posts"}],"about":[{"href":"https:\/\/www.radiopiu.net\/wordpress\/wp-json\/wp\/v2\/types\/post"}],"author":[{"embeddable":true,"href":"https:\/\/www.radiopiu.net\/wordpress\/wp-json\/wp\/v2\/users\/4"}],"replies":[{"embeddable":true,"href":"https:\/\/www.radiopiu.net\/wordpress\/wp-json\/wp\/v2\/comments?post=242333"}],"version-history":[{"count":0,"href":"https:\/\/www.radiopiu.net\/wordpress\/wp-json\/wp\/v2\/posts\/242333\/revisions"}],"wp:featuredmedia":[{"embeddable":true,"href":"https:\/\/www.radiopiu.net\/wordpress\/wp-json\/wp\/v2\/media\/242338"}],"wp:attachment":[{"href":"https:\/\/www.radiopiu.net\/wordpress\/wp-json\/wp\/v2\/media?parent=242333"}],"wp:term":[{"taxonomy":"category","embeddable":true,"href":"https:\/\/www.radiopiu.net\/wordpress\/wp-json\/wp\/v2\/categories?post=242333"},{"taxonomy":"post_tag","embeddable":true,"href":"https:\/\/www.radiopiu.net\/wordpress\/wp-json\/wp\/v2\/tags?post=242333"}],"curies":[{"name":"wp","href":"https:\/\/api.w.org\/{rel}","templated":true}]}}