{"id":242348,"date":"2021-11-11T15:44:56","date_gmt":"2021-11-11T14:44:56","guid":{"rendered":"https:\/\/www.radiopiu.net\/wordpress\/?p=242348"},"modified":"2021-11-11T15:44:57","modified_gmt":"2021-11-11T14:44:57","slug":"nella-sezione-alleghese-dei-donatori-di-sangue-cinque-nuovi-volti-giovani","status":"publish","type":"post","link":"https:\/\/www.radiopiu.net\/wordpress\/nella-sezione-alleghese-dei-donatori-di-sangue-cinque-nuovi-volti-giovani\/","title":{"rendered":"NELLA SEZIONE ALLEGHESE DEI DONATORI DI SANGUE CINQUE NUOVI VOLTI GIOVANI"},"content":{"rendered":"<p><strong><a href=\"https:\/\/www.radiopiu.net\/wordpress\/?attachment_id=242347\" rel=\"attachment wp-att-242347\"><img loading=\"lazy\" decoding=\"async\" class=\"size-medium wp-image-242347 alignleft\" src=\"https:\/\/www.radiopiu.net\/wordpress\/wp-content\/uploads\/2021\/11\/logo-donatori-alleghe-210x300.jpg\" alt=\"\" width=\"210\" height=\"300\" srcset=\"https:\/\/www.radiopiu.net\/wordpress\/wp-content\/uploads\/2021\/11\/logo-donatori-alleghe-210x300.jpg 210w, https:\/\/www.radiopiu.net\/wordpress\/wp-content\/uploads\/2021\/11\/logo-donatori-alleghe-718x1024.jpg 718w, https:\/\/www.radiopiu.net\/wordpress\/wp-content\/uploads\/2021\/11\/logo-donatori-alleghe-768x1096.jpg 768w, https:\/\/www.radiopiu.net\/wordpress\/wp-content\/uploads\/2021\/11\/logo-donatori-alleghe-1077x1536.jpg 1077w, https:\/\/www.radiopiu.net\/wordpress\/wp-content\/uploads\/2021\/11\/logo-donatori-alleghe-1436x2048.jpg 1436w, https:\/\/www.radiopiu.net\/wordpress\/wp-content\/uploads\/2021\/11\/logo-donatori-alleghe-scaled.jpg 1795w\" sizes=\"auto, (max-width: 210px) 100vw, 210px\" \/><\/a>ALLEGHE<\/strong> La sede degli alpini a Masar\u00e8\u00a0 ha ospitato l\u2019annuale assemblea dei donatori di sangue della Sezione\u00a0 di Alleghe,\u00a0 si sono svolte anche le votazioni per il rinnovo delle cariche. La riunione e le votazioni sono stati tenuti in un periodo inusuale ed in ritardo rispetto ai consueti appuntamenti a seguito dell\u2019emergenza dovuta alla pandemia da Covid-19. La Sezione \u00e8\u00a0 presente sul territorio dal 1954, ha rinnovato quasi in toto il Comitato di Sezione privilegiando l\u2019ingresso di membri giovani. <em>&#8220;Ai consiglieri uscenti &#8211; ha detto il segretario Paolo Bellenzier &#8211;\u00a0 il\u00a0 ringraziamento per averci segnato la strada col loro esempio e con i loro consigli dei quali faremo tesoro per portare avanti l\u2019attivit\u00e0 della nostra Sezione, ai nuovi entrati il grazie per aver accolto l&#8217;impegno, sono sinonimo\u00a0 di rinnovamento e danno valore a uno dei modi pi\u00f9 semplici ed efficaci, il passa parola all\u2019interno delle famiglie, tra le amicizie e anche al lavoro&#8221;. <\/em><strong>Il nuovo direttivo<\/strong> con le riconferme di Paolo Bellenzier (segretario),\u00a0 Raffaella De Toni (vicesegretaria), Tommaso Del Zenero (cassiere), Gianni Pini\u00e8 (consigliere e delegato all\u2019assemblea di sezione), Anna Levis (consigliera).\u00a0 <span style=\"color: #ff0000;\">I nuovi consiglieri<\/span>: Marta Levis, Francesca Tonin, Christian\u00a0 Pollazzon e\u00a0 Roberta Pianezze. Il bilancio dell\u2019anno 2020 ha visto pressoch\u00e9 invariati i dati dell\u2019anno precedente con una leggera tendenza al ribasso, contando 78 donatori attivi (48 uomini e 30 donne), 78 le\u00a0 donazioni, 5 le sospensioni temporanee. Il dato importante \u00e8 l\u2019arrivo di 5 nuovi donatori, gli alleghesi Alberto Fontanive, Monica Bellenzier, Marco Rossi; da\u00a0 Selva di Cadore\u00a0 Daniele Martini,\u00a0 da Colle Santa Lucia Thomas Kerer.<br \/>\n<em>&#8220;In questi giorni\u00a0 &#8211; ha spiegato Bellenzier &#8211; di rilevante importanza anche l\u2019annuncio che la Provinciale sta facendo passare a Radio Pi\u00f9 per incentivare l\u2019ingresso di nuovi donatori. Ricordiamo a tutti il metodo di prenotazione e chiamata. Per consentire una gestione accurata e funzionale, il CRAT di Belluno richiede di far prenotare ad ogni donatore la sede e l\u2019orario in cui recarsi per la donazione. La Segreteria Provinciale pu\u00f2, in base alle necessit\u00e0 dettate dal centro trasfusionale, chiamare i donatori al recapito. Ogni donatore potr\u00e0, comunque, richiedere la prenotazione sia telefonando al 0437 27700 sia tramite l\u2019applicazione sugli smartphone. Dopo l\u2019avvenuta conferma di prenotazione da parte della Segreteria Provinciale, sar\u00e0 necessario recarsi al centro di raccolta muniti di documento di identit\u00e0, tessera sanitaria e libretto delle donazioni&#8221;.<\/em><br \/>\nAuspicando un miglioramento della situazione pandemica l&#8217;associazione proporr\u00e0 la cena della\u00a0 sezione nel periodo primaverile per consentire a pi\u00f9 donatori di parteciparvi, condividendo una serata in allegria con la possibilit\u00e0 di creare dibattiti relativi alla vita associativa e festeggiare assieme i donatori che hanno raggiunto i loro traguardi.<\/p>\n<p>&nbsp;<\/p>\n","protected":false},"excerpt":{"rendered":"<p>ALLEGHE La sede degli alpini a Masar\u00e8\u00a0 ha ospitato l\u2019annuale assemblea dei donatori di sangue della Sezione\u00a0 di Alleghe,\u00a0 si sono svolte anche le votazioni per il rinnovo delle cariche. La riunione e le votazioni sono stati tenuti in un periodo inusuale ed in ritardo rispetto ai consueti appuntamenti a seguito dell\u2019emergenza dovuta alla pandemia&hellip;<\/p>\n","protected":false},"author":4,"featured_media":242347,"comment_status":"closed","ping_status":"open","sticky":false,"template":"","format":"standard","meta":{"_monsterinsights_skip_tracking":false,"_monsterinsights_sitenote_active":false,"_monsterinsights_sitenote_note":"","_monsterinsights_sitenote_category":0,"footnotes":""},"categories":[51,49],"tags":[],"class_list":["post-242348","post","type-post","status-publish","format-standard","has-post-thumbnail","hentry","category-evidenza-top","category-news-18","category-51","category-49","description-off"],"img_url":"https:\/\/www.radiopiu.net\/wordpress\/wp-content\/uploads\/2021\/11\/logo-donatori-alleghe-scaled.jpg","_links":{"self":[{"href":"https:\/\/www.radiopiu.net\/wordpress\/wp-json\/wp\/v2\/posts\/242348","targetHints":{"allow":["GET"]}}],"collection":[{"href":"https:\/\/www.radiopiu.net\/wordpress\/wp-json\/wp\/v2\/posts"}],"about":[{"href":"https:\/\/www.radiopiu.net\/wordpress\/wp-json\/wp\/v2\/types\/post"}],"author":[{"embeddable":true,"href":"https:\/\/www.radiopiu.net\/wordpress\/wp-json\/wp\/v2\/users\/4"}],"replies":[{"embeddable":true,"href":"https:\/\/www.radiopiu.net\/wordpress\/wp-json\/wp\/v2\/comments?post=242348"}],"version-history":[{"count":0,"href":"https:\/\/www.radiopiu.net\/wordpress\/wp-json\/wp\/v2\/posts\/242348\/revisions"}],"wp:featuredmedia":[{"embeddable":true,"href":"https:\/\/www.radiopiu.net\/wordpress\/wp-json\/wp\/v2\/media\/242347"}],"wp:attachment":[{"href":"https:\/\/www.radiopiu.net\/wordpress\/wp-json\/wp\/v2\/media?parent=242348"}],"wp:term":[{"taxonomy":"category","embeddable":true,"href":"https:\/\/www.radiopiu.net\/wordpress\/wp-json\/wp\/v2\/categories?post=242348"},{"taxonomy":"post_tag","embeddable":true,"href":"https:\/\/www.radiopiu.net\/wordpress\/wp-json\/wp\/v2\/tags?post=242348"}],"curies":[{"name":"wp","href":"https:\/\/api.w.org\/{rel}","templated":true}]}}