{"id":242350,"date":"2021-11-12T05:59:49","date_gmt":"2021-11-12T04:59:49","guid":{"rendered":"https:\/\/www.radiopiu.net\/wordpress\/?p=242350"},"modified":"2021-11-12T06:11:54","modified_gmt":"2021-11-12T05:11:54","slug":"cervo-agonizzante-dal-pd-indispensabile-un-cras-nel-bellunese","status":"publish","type":"post","link":"https:\/\/www.radiopiu.net\/wordpress\/cervo-agonizzante-dal-pd-indispensabile-un-cras-nel-bellunese\/","title":{"rendered":"CERVO AGONIZZANTE, DAL PD &#8220;INDISPENSABILE UN CRAS NEL BELLUNESE&#8221;"},"content":{"rendered":"<blockquote><p><em>Se in Lombardia stanziano 700mila euro per il biennio 2021\/22, in Veneto siamo fermi ai 180mila dell\u2019anno in corso, 34mila euro in meno rispetto al 2020\u201d.<\/em><\/p><\/blockquote>\n<p><strong><a href=\"https:\/\/www.radiopiu.net\/wordpress\/cervo-agonizzante-dal-pd-indispensabile-un-cras-nel-bellunese\/deer-4381666__340\/\" rel=\"attachment wp-att-242351\"><img loading=\"lazy\" decoding=\"async\" class=\"size-medium wp-image-242351 alignleft\" src=\"https:\/\/www.radiopiu.net\/wordpress\/wp-content\/uploads\/2021\/11\/deer-4381666__340-300x191.jpg\" alt=\"\" width=\"300\" height=\"191\" srcset=\"https:\/\/www.radiopiu.net\/wordpress\/wp-content\/uploads\/2021\/11\/deer-4381666__340-300x191.jpg 300w, https:\/\/www.radiopiu.net\/wordpress\/wp-content\/uploads\/2021\/11\/deer-4381666__340.jpg 535w\" sizes=\"auto, (max-width: 300px) 100vw, 300px\" \/><\/a>VENEZIA<\/strong> <em>\u201cFa orrore sapere che per ore un animale resta agonizzante a bordo strada, senza che nessuno si preoccupi di chiamare soccorsi, non mancando per\u00f2 di scattare delle foto; \u00e8 una cosa indegna di una Regione civile e conferma una volta di pi\u00f9 la necessit\u00e0 di avere un Cras (Centro recupero animali selvatici) nel Bellunese, come abbiamo chiesto pi\u00f9 volte\u201d<\/em>. \u00c8 quanto dicono i consiglieri dell\u2019Intergruppo per la tutela degli animali e la conservazione della natura Andrea Zanoni, Anna Maria Bigon (PD) e Cristina Guarda (Europa Verde) a proposito del cervo investito a Sedico ieri sera verso le 19, a pochi metri dalla caserma dei Carabinieri forestali, stamane alle 7 ancora agonizzante a bordo strada.\u00a0 <em>\u201cQueste strutture hanno un ruolo fondamentale, come il pronto soccorso previsto dalla legge, ma spesso non sono in condizione di svolgerlo per carenza di fondi. Senza dimenticare che ci sono intere province scoperte, a cominciare da Belluno che deve appoggiarsi su Treviso con tempistiche di trasferimento lunghe, difficoltose e nella maggior parte dei casi proibitive. Lo scorso dicembre abbiamo depositato due dettagliate interrogazioni per avere una ricognizione sul numero dei Centri, da chi sono gestiti, a quanto ammontano i finanziamenti e sulla loro attivit\u00e0, su quanti animali erano stati soccorsi, riabilitati e liberati: dopo quasi un anno non abbiamo ancora ricevuto risposta, perch\u00e9 la Regione tace?\u201d. <\/em>Nelle sessioni di bilancio le richieste del PD di maggiori risorse sono state\u00a0 bocciate, ma la tutela e la cura della fauna selvatica non possono essere affidate al \u2018fai da te\u2019. Ecco perch\u00e9 anche nella manovra di bilancio delle prossime settimane il PD annuncia di ripresentare degli emendamenti per avere fondi adeguati.<\/p>\n<p>&nbsp;<\/p>\n","protected":false},"excerpt":{"rendered":"<p>Se in Lombardia stanziano 700mila euro per il biennio 2021\/22, in Veneto siamo fermi ai 180mila dell\u2019anno in corso, 34mila euro in meno rispetto al 2020\u201d. VENEZIA \u201cFa orrore sapere che per ore un animale resta agonizzante a bordo strada, senza che nessuno si preoccupi di chiamare soccorsi, non mancando per\u00f2 di scattare delle foto;&hellip;<\/p>\n","protected":false},"author":4,"featured_media":242351,"comment_status":"closed","ping_status":"open","sticky":false,"template":"","format":"standard","meta":{"_monsterinsights_skip_tracking":false,"_monsterinsights_sitenote_active":false,"_monsterinsights_sitenote_note":"","_monsterinsights_sitenote_category":0,"footnotes":""},"categories":[51,49],"tags":[],"class_list":["post-242350","post","type-post","status-publish","format-standard","has-post-thumbnail","hentry","category-evidenza-top","category-news-18","category-51","category-49","description-off"],"img_url":"https:\/\/www.radiopiu.net\/wordpress\/wp-content\/uploads\/2021\/11\/deer-4381666__340.jpg","_links":{"self":[{"href":"https:\/\/www.radiopiu.net\/wordpress\/wp-json\/wp\/v2\/posts\/242350","targetHints":{"allow":["GET"]}}],"collection":[{"href":"https:\/\/www.radiopiu.net\/wordpress\/wp-json\/wp\/v2\/posts"}],"about":[{"href":"https:\/\/www.radiopiu.net\/wordpress\/wp-json\/wp\/v2\/types\/post"}],"author":[{"embeddable":true,"href":"https:\/\/www.radiopiu.net\/wordpress\/wp-json\/wp\/v2\/users\/4"}],"replies":[{"embeddable":true,"href":"https:\/\/www.radiopiu.net\/wordpress\/wp-json\/wp\/v2\/comments?post=242350"}],"version-history":[{"count":0,"href":"https:\/\/www.radiopiu.net\/wordpress\/wp-json\/wp\/v2\/posts\/242350\/revisions"}],"wp:featuredmedia":[{"embeddable":true,"href":"https:\/\/www.radiopiu.net\/wordpress\/wp-json\/wp\/v2\/media\/242351"}],"wp:attachment":[{"href":"https:\/\/www.radiopiu.net\/wordpress\/wp-json\/wp\/v2\/media?parent=242350"}],"wp:term":[{"taxonomy":"category","embeddable":true,"href":"https:\/\/www.radiopiu.net\/wordpress\/wp-json\/wp\/v2\/categories?post=242350"},{"taxonomy":"post_tag","embeddable":true,"href":"https:\/\/www.radiopiu.net\/wordpress\/wp-json\/wp\/v2\/tags?post=242350"}],"curies":[{"name":"wp","href":"https:\/\/api.w.org\/{rel}","templated":true}]}}