{"id":242540,"date":"2021-11-13T05:54:39","date_gmt":"2021-11-13T04:54:39","guid":{"rendered":"https:\/\/www.radiopiu.net\/wordpress\/?p=242540"},"modified":"2021-11-13T06:14:21","modified_gmt":"2021-11-13T05:14:21","slug":"riaperta-la-terapia-intensiva-per-un-paziente-da-altra-ulss","status":"publish","type":"post","link":"https:\/\/www.radiopiu.net\/wordpress\/riaperta-la-terapia-intensiva-per-un-paziente-da-altra-ulss\/","title":{"rendered":"RIAPERTA LA TERAPIA INTENSIVA PER UN PAZIENTE DA ALTRA ULSS"},"content":{"rendered":"<blockquote>\n<h3>Un caso a Fonzaso, positivo un operatore della casa di riposo<\/h3>\n<\/blockquote>\n<p><strong>BELLUNO<\/strong> Una casistica covid vivace. Che non \u00e8 una battuta ma stigmatizza l&#8217;importanza di continuare a prestare attenzione perch\u00e9 l\u2019incidenza settimanale \u00e8 ulteriormente salita a 107,7 casi su 100 mila abitanti. La zona con la pi\u00f9 alta incidenza di nuovi casi \u00e8 il Comelico.<br \/>\n\u00c8 stata riattivata la Terapia Intensiva Covid per un paziente non residente trasferito da altra Ulss, a supporto delle rete delle terapie intensive del Veneto. In area non critica sono attualmente ricoverati 5 pazienti. <strong>Case di riposo <\/strong>E\u2019 stata riscontrata ieri una positivit\u00e0 tra un operatore della casa di riposo di Fonzaso: sono in corso i test al personale e agli ospiti.<br \/>\nI quattro operatori della casa di riposo di Lamon risultati positivi la scorsa settimana si sono negativizzati. Premesso che la vaccinazione anti covid rappresenta la prima linea di intervento per il contenimento della ripresa epidemica covid, \u00e8 indispensabile, anche per i soggetti vaccinati il rigoroso rispetto delle norme igienico sanitarie anti contagio.<\/p>\n<p>LA MAPPA DEI CONTAGI DELL&#8217;ULTIMA SETTIMANA, PREOCCUPANTE LA SITUAZIONE IN COMELICO, SANTO STEFANO E SAN PIETRO CON PIU&#8217; DI 500 CASI OGNI 100MILA ABITANTI, NELLA FASCIA 250-500 OSPITALE, CALALZO, VOLTAGO, SANTA GIUSTINA E SOVRAMONTE. SEMPRE MENO I COMUNI CON ZERO NUOVI CASI<\/p>\n<p><a href=\"https:\/\/www.radiopiu.net\/wordpress\/riaperta-la-terapia-intensiva-per-un-paziente-da-altra-ulss\/kk\/\" rel=\"attachment wp-att-242541\"><img loading=\"lazy\" decoding=\"async\" class=\"wp-image-242541 aligncenter\" src=\"https:\/\/www.radiopiu.net\/wordpress\/wp-content\/uploads\/2021\/11\/KK-290x300.jpg\" alt=\"\" width=\"402\" height=\"416\" srcset=\"https:\/\/www.radiopiu.net\/wordpress\/wp-content\/uploads\/2021\/11\/KK-290x300.jpg 290w, https:\/\/www.radiopiu.net\/wordpress\/wp-content\/uploads\/2021\/11\/KK-991x1024.jpg 991w, https:\/\/www.radiopiu.net\/wordpress\/wp-content\/uploads\/2021\/11\/KK-768x794.jpg 768w, https:\/\/www.radiopiu.net\/wordpress\/wp-content\/uploads\/2021\/11\/KK-1486x1536.jpg 1486w, https:\/\/www.radiopiu.net\/wordpress\/wp-content\/uploads\/2021\/11\/KK.jpg 1548w\" sizes=\"auto, (max-width: 402px) 100vw, 402px\" \/><\/a><\/p>\n","protected":false},"excerpt":{"rendered":"<p>Un caso a Fonzaso, positivo un operatore della casa di riposo BELLUNO Una casistica covid vivace. Che non \u00e8 una battuta ma stigmatizza l&#8217;importanza di continuare a prestare attenzione perch\u00e9 l\u2019incidenza settimanale \u00e8 ulteriormente salita a 107,7 casi su 100 mila abitanti. La zona con la pi\u00f9 alta incidenza di nuovi casi \u00e8 il Comelico.&hellip;<\/p>\n","protected":false},"author":4,"featured_media":242541,"comment_status":"closed","ping_status":"open","sticky":false,"template":"","format":"standard","meta":{"_monsterinsights_skip_tracking":false,"_monsterinsights_sitenote_active":false,"_monsterinsights_sitenote_note":"","_monsterinsights_sitenote_category":0,"footnotes":""},"categories":[51,49],"tags":[],"class_list":["post-242540","post","type-post","status-publish","format-standard","has-post-thumbnail","hentry","category-evidenza-top","category-news-18","category-51","category-49","description-off"],"img_url":"https:\/\/www.radiopiu.net\/wordpress\/wp-content\/uploads\/2021\/11\/KK.jpg","_links":{"self":[{"href":"https:\/\/www.radiopiu.net\/wordpress\/wp-json\/wp\/v2\/posts\/242540","targetHints":{"allow":["GET"]}}],"collection":[{"href":"https:\/\/www.radiopiu.net\/wordpress\/wp-json\/wp\/v2\/posts"}],"about":[{"href":"https:\/\/www.radiopiu.net\/wordpress\/wp-json\/wp\/v2\/types\/post"}],"author":[{"embeddable":true,"href":"https:\/\/www.radiopiu.net\/wordpress\/wp-json\/wp\/v2\/users\/4"}],"replies":[{"embeddable":true,"href":"https:\/\/www.radiopiu.net\/wordpress\/wp-json\/wp\/v2\/comments?post=242540"}],"version-history":[{"count":0,"href":"https:\/\/www.radiopiu.net\/wordpress\/wp-json\/wp\/v2\/posts\/242540\/revisions"}],"wp:featuredmedia":[{"embeddable":true,"href":"https:\/\/www.radiopiu.net\/wordpress\/wp-json\/wp\/v2\/media\/242541"}],"wp:attachment":[{"href":"https:\/\/www.radiopiu.net\/wordpress\/wp-json\/wp\/v2\/media?parent=242540"}],"wp:term":[{"taxonomy":"category","embeddable":true,"href":"https:\/\/www.radiopiu.net\/wordpress\/wp-json\/wp\/v2\/categories?post=242540"},{"taxonomy":"post_tag","embeddable":true,"href":"https:\/\/www.radiopiu.net\/wordpress\/wp-json\/wp\/v2\/tags?post=242540"}],"curies":[{"name":"wp","href":"https:\/\/api.w.org\/{rel}","templated":true}]}}