{"id":242580,"date":"2021-11-13T05:55:22","date_gmt":"2021-11-13T04:55:22","guid":{"rendered":"https:\/\/www.radiopiu.net\/wordpress\/?p=242580"},"modified":"2021-11-13T06:13:53","modified_gmt":"2021-11-13T05:13:53","slug":"tornano-i-ladri-a-castion-svaligiano-una-casa-e-ancora-una-volta-la-fanno-franca","status":"publish","type":"post","link":"https:\/\/www.radiopiu.net\/wordpress\/tornano-i-ladri-a-castion-svaligiano-una-casa-e-ancora-una-volta-la-fanno-franca\/","title":{"rendered":"TORNANO I LADRI A CASTION, SVALIGIANO UNA CASA E ANCORA UNA VOLTA LA FANNO FRANCA"},"content":{"rendered":"<blockquote>\n<h3><\/h3>\n<\/blockquote>\n<p><strong><a href=\"https:\/\/www.radiopiu.net\/wordpress\/ladri-e-restano-i-danni-e-il-malessere\/ladri-e-vandali-a-borca-1\/\" rel=\"attachment wp-att-188365\"><img loading=\"lazy\" decoding=\"async\" class=\" wp-image-188365 alignleft\" src=\"https:\/\/www.radiopiu.net\/wordpress\/wp-content\/uploads\/2021\/02\/Ladri-e-vandali-a-Borca-1.jpg\" alt=\"\" width=\"218\" height=\"131\" \/><\/a>BELLUNO<\/strong> Un altro\u00a0 appartamento svaligiato a Castion, la tregua dai precedenti episodi \u00e8 durata pochi giorni e a quanto pare l&#8217;aumetno dei controlli non ha sortito l&#8217;effetto voluto. E&#8217; successo gioved\u00ec sono spariti denaro contante e preziosi per migliaia di euro. Non \u00e8 purtroppo pi\u00f9 una novit\u00e0 per la frazione alta bellunese\u00a0 dopo la serie di episodi da Diabolik delle scorse settimane.\u00a0 Rubano, non lasciano tracce e qualche giorno dopo si dimentica, chi non dimentica sono i proprietari che rincasando ritrovano l&#8217;abitazione sottosopra dopo che i malviventi hanno forzato la finestra a piano terra. Sul posto anche gli operatori della scientifica ed \u00e8 di nuovo allarme nell&#8217;area dietro il campo sportivo di Castion, tra via Nongole e via Barnabo delle Montagne, quindi via Berlendis<\/p>\n<p>foto archivio, Carabinieri Comando Belluno<\/p>\n<p>&nbsp;<\/p>\n<p>&nbsp;<\/p>\n<blockquote>\n<h3>A LENTIAI TOPI D&#8217;AUTO IN AZIONE S&#8217;ALZA L&#8217;ASTICELLA DELL&#8217;ATTENZIONE<\/p>\n<p><strong>BORGO VALBELLUNA<\/strong>\u00a0 I ladri delle auto entrano in azione giovedi sera in centro al paese in centro a Lentiai, nella zona dell&#8217;ufficio postale. Dalla tasca laterale della portiera rubato il\u00a0 portafoglio che poi \u00e8 stata recuperato con i documenti all&#8217;interno ma senza il denaro. Nessun danno all&#8217;auto che era stata lasciata aperta. Nella stessa notte\u00a0 prese di mira altre macchine anche verso la zona Pep.<\/h3>\n<\/blockquote>\n<p>&nbsp;<\/p>\n<p>***<\/p>\n","protected":false},"excerpt":{"rendered":"<p>BELLUNO Un altro\u00a0 appartamento svaligiato a Castion, la tregua dai precedenti episodi \u00e8 durata pochi giorni e a quanto pare l&#8217;aumetno dei controlli non ha sortito l&#8217;effetto voluto. E&#8217; successo gioved\u00ec sono spariti denaro contante e preziosi per migliaia di euro. Non \u00e8 purtroppo pi\u00f9 una novit\u00e0 per la frazione alta bellunese\u00a0 dopo la serie&hellip;<\/p>\n","protected":false},"author":4,"featured_media":188365,"comment_status":"closed","ping_status":"open","sticky":false,"template":"","format":"standard","meta":{"_monsterinsights_skip_tracking":false,"_monsterinsights_sitenote_active":false,"_monsterinsights_sitenote_note":"","_monsterinsights_sitenote_category":0,"footnotes":""},"categories":[51,49],"tags":[],"class_list":["post-242580","post","type-post","status-publish","format-standard","has-post-thumbnail","hentry","category-evidenza-top","category-news-18","category-51","category-49","description-off"],"img_url":"https:\/\/www.radiopiu.net\/wordpress\/wp-content\/uploads\/2021\/02\/Ladri-e-vandali-a-Borca-1.jpg","_links":{"self":[{"href":"https:\/\/www.radiopiu.net\/wordpress\/wp-json\/wp\/v2\/posts\/242580","targetHints":{"allow":["GET"]}}],"collection":[{"href":"https:\/\/www.radiopiu.net\/wordpress\/wp-json\/wp\/v2\/posts"}],"about":[{"href":"https:\/\/www.radiopiu.net\/wordpress\/wp-json\/wp\/v2\/types\/post"}],"author":[{"embeddable":true,"href":"https:\/\/www.radiopiu.net\/wordpress\/wp-json\/wp\/v2\/users\/4"}],"replies":[{"embeddable":true,"href":"https:\/\/www.radiopiu.net\/wordpress\/wp-json\/wp\/v2\/comments?post=242580"}],"version-history":[{"count":0,"href":"https:\/\/www.radiopiu.net\/wordpress\/wp-json\/wp\/v2\/posts\/242580\/revisions"}],"wp:featuredmedia":[{"embeddable":true,"href":"https:\/\/www.radiopiu.net\/wordpress\/wp-json\/wp\/v2\/media\/188365"}],"wp:attachment":[{"href":"https:\/\/www.radiopiu.net\/wordpress\/wp-json\/wp\/v2\/media?parent=242580"}],"wp:term":[{"taxonomy":"category","embeddable":true,"href":"https:\/\/www.radiopiu.net\/wordpress\/wp-json\/wp\/v2\/categories?post=242580"},{"taxonomy":"post_tag","embeddable":true,"href":"https:\/\/www.radiopiu.net\/wordpress\/wp-json\/wp\/v2\/tags?post=242580"}],"curies":[{"name":"wp","href":"https:\/\/api.w.org\/{rel}","templated":true}]}}