{"id":242635,"date":"2021-11-13T11:13:07","date_gmt":"2021-11-13T10:13:07","guid":{"rendered":"https:\/\/www.radiopiu.net\/wordpress\/?p=242635"},"modified":"2021-11-13T19:05:14","modified_gmt":"2021-11-13T18:05:14","slug":"la-manifestazione-per-la-difesa-del-tessuto-produttivo-della-provincia-a-borgo-valbelluna","status":"publish","type":"post","link":"https:\/\/www.radiopiu.net\/wordpress\/la-manifestazione-per-la-difesa-del-tessuto-produttivo-della-provincia-a-borgo-valbelluna\/","title":{"rendered":"LA MANIFESTAZIONE PER LA DIFESA DEL TESSUTO PRODUTTIVO DELLA PROVINCIA A BORGO VALBELLUNA"},"content":{"rendered":"<p><strong>BORGO VALBELLUNA<\/strong><\/p>\n<p>di Moreno Gioli<\/p>\n<audio class=\"wp-audio-shortcode\" id=\"audio-242635-1\" preload=\"none\" style=\"width: 100%;\" controls=\"controls\"><source type=\"audio\/mpeg\" src=\"https:\/\/www.radiopiu.net\/wordpress\/wp-content\/uploads\/2021\/11\/GIOLI-MANIFESTAZIONE.mp3?_=1\" \/><a href=\"https:\/\/www.radiopiu.net\/wordpress\/wp-content\/uploads\/2021\/11\/GIOLI-MANIFESTAZIONE.mp3\">https:\/\/www.radiopiu.net\/wordpress\/wp-content\/uploads\/2021\/11\/GIOLI-MANIFESTAZIONE.mp3<\/a><\/audio>\n<p>&nbsp;<\/p>\n\n\t\t\t<style type='text\/css'>\n\t\t\t\t#gallery-1 {\n\t\t\t\t\tmargin: auto;\n\t\t\t\t}\n\t\t\t\t#gallery-1 .gallery-item {\n\t\t\t\t\tfloat: left;\n\t\t\t\t\tmargin-top: 10px;\n\t\t\t\t\ttext-align: center;\n\t\t\t\t\twidth: 33%;\n\t\t\t\t}\n\t\t\t\t#gallery-1 img {\n\t\t\t\t\tborder: 2px solid #cfcfcf;\n\t\t\t\t}\n\t\t\t\t#gallery-1 .gallery-caption {\n\t\t\t\t\tmargin-left: 0;\n\t\t\t\t}\n\t\t\t\t\/* see gallery_shortcode() in wp-includes\/media.php *\/\n\t\t\t<\/style>\n\t\t<div id='gallery-1' class='dt-gallery-container gallery galleryid-242635 gallery-columns-3 gallery-size-medium'><dl class='gallery-item'>\n\t\t\t\t<dt class='gallery-icon landscape'>\n\t\t\t\t\t<a class=\"rollover rollover-zoom dt-pswp-item\" title=\"238e8a88-cec3-4016-a94d-badbb98127da-1\" data-dt-img-description=\"\" data-large_image_width=\"2048\" data-large_image_height=\"1536\"href='https:\/\/www.radiopiu.net\/wordpress\/wp-content\/uploads\/2021\/11\/238e8a88-cec3-4016-a94d-badbb98127da-1.jpg'><img loading=\"lazy\" decoding=\"async\" width=\"300\" height=\"225\" src=\"https:\/\/www.radiopiu.net\/wordpress\/wp-content\/uploads\/2021\/11\/238e8a88-cec3-4016-a94d-badbb98127da-1-300x225.jpg\" class=\"attachment-medium size-medium\" alt=\"\" srcset=\"https:\/\/www.radiopiu.net\/wordpress\/wp-content\/uploads\/2021\/11\/238e8a88-cec3-4016-a94d-badbb98127da-1-300x225.jpg 300w, https:\/\/www.radiopiu.net\/wordpress\/wp-content\/uploads\/2021\/11\/238e8a88-cec3-4016-a94d-badbb98127da-1-1024x768.jpg 1024w, https:\/\/www.radiopiu.net\/wordpress\/wp-content\/uploads\/2021\/11\/238e8a88-cec3-4016-a94d-badbb98127da-1-768x576.jpg 768w, https:\/\/www.radiopiu.net\/wordpress\/wp-content\/uploads\/2021\/11\/238e8a88-cec3-4016-a94d-badbb98127da-1-1536x1152.jpg 1536w, https:\/\/www.radiopiu.net\/wordpress\/wp-content\/uploads\/2021\/11\/238e8a88-cec3-4016-a94d-badbb98127da-1.jpg 2048w\" sizes=\"auto, (max-width: 300px) 100vw, 300px\" \/><\/a>\n\t\t\t\t<\/dt><\/dl><dl class='gallery-item'>\n\t\t\t\t<dt class='gallery-icon landscape'>\n\t\t\t\t\t<a class=\"rollover rollover-zoom dt-pswp-item\" title=\"e6198c47-ad5a-4ffe-b454-28bc2e12d3ed\" data-dt-img-description=\"\" data-large_image_width=\"2048\" data-large_image_height=\"1536\"href='https:\/\/www.radiopiu.net\/wordpress\/wp-content\/uploads\/2021\/11\/e6198c47-ad5a-4ffe-b454-28bc2e12d3ed.jpg'><img loading=\"lazy\" decoding=\"async\" width=\"300\" height=\"225\" src=\"https:\/\/www.radiopiu.net\/wordpress\/wp-content\/uploads\/2021\/11\/e6198c47-ad5a-4ffe-b454-28bc2e12d3ed-300x225.jpg\" class=\"attachment-medium size-medium\" alt=\"\" srcset=\"https:\/\/www.radiopiu.net\/wordpress\/wp-content\/uploads\/2021\/11\/e6198c47-ad5a-4ffe-b454-28bc2e12d3ed-300x225.jpg 300w, https:\/\/www.radiopiu.net\/wordpress\/wp-content\/uploads\/2021\/11\/e6198c47-ad5a-4ffe-b454-28bc2e12d3ed-1024x768.jpg 1024w, https:\/\/www.radiopiu.net\/wordpress\/wp-content\/uploads\/2021\/11\/e6198c47-ad5a-4ffe-b454-28bc2e12d3ed-768x576.jpg 768w, https:\/\/www.radiopiu.net\/wordpress\/wp-content\/uploads\/2021\/11\/e6198c47-ad5a-4ffe-b454-28bc2e12d3ed-1536x1152.jpg 1536w, https:\/\/www.radiopiu.net\/wordpress\/wp-content\/uploads\/2021\/11\/e6198c47-ad5a-4ffe-b454-28bc2e12d3ed.jpg 2048w\" sizes=\"auto, (max-width: 300px) 100vw, 300px\" \/><\/a>\n\t\t\t\t<\/dt><\/dl><dl class='gallery-item'>\n\t\t\t\t<dt class='gallery-icon landscape'>\n\t\t\t\t\t<a class=\"rollover rollover-zoom dt-pswp-item\" title=\"bb612159-a81f-48ce-ac57-aedc47cc6f89\" data-dt-img-description=\"\" data-large_image_width=\"2048\" data-large_image_height=\"1536\"href='https:\/\/www.radiopiu.net\/wordpress\/wp-content\/uploads\/2021\/11\/bb612159-a81f-48ce-ac57-aedc47cc6f89.jpg'><img loading=\"lazy\" decoding=\"async\" width=\"300\" height=\"225\" src=\"https:\/\/www.radiopiu.net\/wordpress\/wp-content\/uploads\/2021\/11\/bb612159-a81f-48ce-ac57-aedc47cc6f89-300x225.jpg\" class=\"attachment-medium size-medium\" alt=\"\" srcset=\"https:\/\/www.radiopiu.net\/wordpress\/wp-content\/uploads\/2021\/11\/bb612159-a81f-48ce-ac57-aedc47cc6f89-300x225.jpg 300w, https:\/\/www.radiopiu.net\/wordpress\/wp-content\/uploads\/2021\/11\/bb612159-a81f-48ce-ac57-aedc47cc6f89-1024x768.jpg 1024w, https:\/\/www.radiopiu.net\/wordpress\/wp-content\/uploads\/2021\/11\/bb612159-a81f-48ce-ac57-aedc47cc6f89-768x576.jpg 768w, https:\/\/www.radiopiu.net\/wordpress\/wp-content\/uploads\/2021\/11\/bb612159-a81f-48ce-ac57-aedc47cc6f89-1536x1152.jpg 1536w, https:\/\/www.radiopiu.net\/wordpress\/wp-content\/uploads\/2021\/11\/bb612159-a81f-48ce-ac57-aedc47cc6f89.jpg 2048w\" sizes=\"auto, (max-width: 300px) 100vw, 300px\" \/><\/a>\n\t\t\t\t<\/dt><\/dl><br style=\"clear: both\" \/>\n\t\t\t<\/div>\n\n<p><strong>IL SINDACO DI BORGO VALBELLUNA STEFANO CESA<\/strong><\/p>\n<audio class=\"wp-audio-shortcode\" id=\"audio-242635-2\" preload=\"none\" style=\"width: 100%;\" controls=\"controls\"><source type=\"audio\/mpeg\" src=\"https:\/\/www.radiopiu.net\/wordpress\/wp-content\/uploads\/2021\/11\/SINDACO-CESA.mp3?_=2\" \/><a href=\"https:\/\/www.radiopiu.net\/wordpress\/wp-content\/uploads\/2021\/11\/SINDACO-CESA.mp3\">https:\/\/www.radiopiu.net\/wordpress\/wp-content\/uploads\/2021\/11\/SINDACO-CESA.mp3<\/a><\/audio>\n<p>&nbsp;<\/p>\n<p><strong>IL MINISTRO FEDERICO D&#8217;INCA&#8217;<\/strong><\/p>\n<audio class=\"wp-audio-shortcode\" id=\"audio-242635-3\" preload=\"none\" style=\"width: 100%;\" controls=\"controls\"><source type=\"audio\/mpeg\" src=\"https:\/\/www.radiopiu.net\/wordpress\/wp-content\/uploads\/2021\/11\/MINISTRO-DINCA.mp3?_=3\" \/><a href=\"https:\/\/www.radiopiu.net\/wordpress\/wp-content\/uploads\/2021\/11\/MINISTRO-DINCA.mp3\">https:\/\/www.radiopiu.net\/wordpress\/wp-content\/uploads\/2021\/11\/MINISTRO-DINCA.mp3<\/a><\/audio>\n<p>&nbsp;<\/p>\n<p><strong>L&#8217;ASSESSORE REGIONALE ELENA DONAZZAN<\/strong><\/p>\n<audio class=\"wp-audio-shortcode\" id=\"audio-242635-4\" preload=\"none\" style=\"width: 100%;\" controls=\"controls\"><source type=\"audio\/mpeg\" src=\"https:\/\/www.radiopiu.net\/wordpress\/wp-content\/uploads\/2021\/11\/DONAZZAN.mp3?_=4\" \/><a href=\"https:\/\/www.radiopiu.net\/wordpress\/wp-content\/uploads\/2021\/11\/DONAZZAN.mp3\">https:\/\/www.radiopiu.net\/wordpress\/wp-content\/uploads\/2021\/11\/DONAZZAN.mp3<\/a><\/audio>\n<p>&nbsp;<\/p>\n<p><strong>IL VESCOVO DI BELLUNO RENATO MARANGONI<\/strong><\/p>\n<audio class=\"wp-audio-shortcode\" id=\"audio-242635-5\" preload=\"none\" style=\"width: 100%;\" controls=\"controls\"><source type=\"audio\/mpeg\" src=\"https:\/\/www.radiopiu.net\/wordpress\/wp-content\/uploads\/2021\/11\/VESCOVO-MARANGONI.mp3?_=5\" \/><a href=\"https:\/\/www.radiopiu.net\/wordpress\/wp-content\/uploads\/2021\/11\/VESCOVO-MARANGONI.mp3\">https:\/\/www.radiopiu.net\/wordpress\/wp-content\/uploads\/2021\/11\/VESCOVO-MARANGONI.mp3<\/a><\/audio>\n<p>&nbsp;<\/p>\n<p><strong>MAURO DE CARLI, CGIL BELLUNO<\/strong><\/p>\n<audio class=\"wp-audio-shortcode\" id=\"audio-242635-6\" preload=\"none\" style=\"width: 100%;\" controls=\"controls\"><source type=\"audio\/mpeg\" src=\"https:\/\/www.radiopiu.net\/wordpress\/wp-content\/uploads\/2021\/11\/MASSINILIANO-PAGLINI-CISL.mp3?_=6\" \/><a href=\"https:\/\/www.radiopiu.net\/wordpress\/wp-content\/uploads\/2021\/11\/MASSINILIANO-PAGLINI-CISL.mp3\">https:\/\/www.radiopiu.net\/wordpress\/wp-content\/uploads\/2021\/11\/MASSINILIANO-PAGLINI-CISL.mp3<\/a><\/audio>\n<p>&nbsp;<\/p>\n<p><strong>MASSIMO BUSSETTI RSU ACC<\/strong><\/p>\n<audio class=\"wp-audio-shortcode\" id=\"audio-242635-7\" preload=\"none\" style=\"width: 100%;\" controls=\"controls\"><source type=\"audio\/mpeg\" src=\"https:\/\/www.radiopiu.net\/wordpress\/wp-content\/uploads\/2021\/11\/MASSIMO-BUSSETTI-RSU-ACC.mp3?_=7\" \/><a href=\"https:\/\/www.radiopiu.net\/wordpress\/wp-content\/uploads\/2021\/11\/MASSIMO-BUSSETTI-RSU-ACC.mp3\">https:\/\/www.radiopiu.net\/wordpress\/wp-content\/uploads\/2021\/11\/MASSIMO-BUSSETTI-RSU-ACC.mp3<\/a><\/audio>\n<p>&nbsp;<\/p>\n<p><strong>GIULIANA MENEGOL RSU ACC<\/strong><\/p>\n<audio class=\"wp-audio-shortcode\" id=\"audio-242635-8\" preload=\"none\" style=\"width: 100%;\" controls=\"controls\"><source type=\"audio\/mpeg\" src=\"https:\/\/www.radiopiu.net\/wordpress\/wp-content\/uploads\/2021\/11\/GIULIANA-MENEGOL-RSU-ACC.mp3?_=8\" \/><a href=\"https:\/\/www.radiopiu.net\/wordpress\/wp-content\/uploads\/2021\/11\/GIULIANA-MENEGOL-RSU-ACC.mp3\">https:\/\/www.radiopiu.net\/wordpress\/wp-content\/uploads\/2021\/11\/GIULIANA-MENEGOL-RSU-ACC.mp3<\/a><\/audio>\n<p>&nbsp;<\/p>\n<p><strong>BRUNO DEOLA RSU IDEAL STANDARD<\/strong><\/p>\n<audio class=\"wp-audio-shortcode\" id=\"audio-242635-9\" preload=\"none\" style=\"width: 100%;\" controls=\"controls\"><source type=\"audio\/mpeg\" src=\"https:\/\/www.radiopiu.net\/wordpress\/wp-content\/uploads\/2021\/11\/BRUNO-DEOLA-IDEAL-STANDARD.mp3?_=9\" \/><a href=\"https:\/\/www.radiopiu.net\/wordpress\/wp-content\/uploads\/2021\/11\/BRUNO-DEOLA-IDEAL-STANDARD.mp3\">https:\/\/www.radiopiu.net\/wordpress\/wp-content\/uploads\/2021\/11\/BRUNO-DEOLA-IDEAL-STANDARD.mp3<\/a><\/audio>\n<p>&nbsp;<\/p>\n<blockquote>\n<h3>LA REGIONE DEL VENETO AL FIANCO DEI LAVORATORI ACC E IDEAL STANDARD<\/h3>\n<\/blockquote>\n<p><a href=\"https:\/\/www.radiopiu.net\/wordpress\/la-manifestazione-per-la-difesa-del-tessuto-produttivo-della-provincia-a-borgo-valbelluna\/2087-2021-donazzan-a-valbelluna\/\" rel=\"attachment wp-att-242701\"><img loading=\"lazy\" decoding=\"async\" class=\"size-medium wp-image-242701 alignleft\" src=\"https:\/\/www.radiopiu.net\/wordpress\/wp-content\/uploads\/2021\/11\/2087-2021-donazzan-a-valbelluna-300x200.jpg\" alt=\"\" width=\"300\" height=\"200\" srcset=\"https:\/\/www.radiopiu.net\/wordpress\/wp-content\/uploads\/2021\/11\/2087-2021-donazzan-a-valbelluna-300x200.jpg 300w, https:\/\/www.radiopiu.net\/wordpress\/wp-content\/uploads\/2021\/11\/2087-2021-donazzan-a-valbelluna-1024x683.jpg 1024w, https:\/\/www.radiopiu.net\/wordpress\/wp-content\/uploads\/2021\/11\/2087-2021-donazzan-a-valbelluna-768x512.jpg 768w, https:\/\/www.radiopiu.net\/wordpress\/wp-content\/uploads\/2021\/11\/2087-2021-donazzan-a-valbelluna-1536x1024.jpg 1536w, https:\/\/www.radiopiu.net\/wordpress\/wp-content\/uploads\/2021\/11\/2087-2021-donazzan-a-valbelluna.jpg 2048w\" sizes=\"auto, (max-width: 300px) 100vw, 300px\" \/><\/a>L\u2019assessore regionale al Lavoro, Elena Donazzan, era presente oggi a Borgo Valbelluna (BL) alla manifestazione in difesa dei lavoratori e delle lavoratrici di Acc e Ideal Standard, due aziende storiche del bellunese che stanno vivendo in contemporanea due crisi diverse tra loro e che rischiano di avere una ricaduta drammatica a livello sociale ed economico per oltre 700 famiglie. \u201cL\u2019impatto di queste due crisi aziendali, in un piccolo comune di una valle di montagna, merita assoluta rilevanza nazionale perch\u00e9 queste due aziende storiche Venete rappresentano due realt\u00e0 di assoluta rilevanza industriale \u2013 riferisce l\u2019assessore regionale al Lavoro, Elena Donazzan -. La Regione \u00e8 al fianco dei lavoratori e segue con continuit\u00e0 queste due importanti imprese che operano nella filiera del freddo, Acc, e della ceramica sanitaria, Idealstandard-Ceramiche Dolomite\u201d. \u201cAl fianco di queste due realt\u00e0, unite in questo momento di difficolt\u00e0, nel chiedere risposte celeri e chiare c\u2019\u00e8 anche la coesione di un intero territorio e delle istituzioni locali \u2013 sottolinea Donazzan -. La pandemia ci ha posto di fronte a numerose incertezze e in campo industriale \u00e8 inequivocabile l\u2019esigenza di accorciare la filiera delle produzioni perch\u00e9, \u00e8 proprio conferma di queste ore, che Electrolux \u00e8 costretta a fermare la produzione perch\u00e9 non ha gli approvvigionamenti dalla Cina\u201d. \u201cRipensare alla creazione di una filiera corta italiana sia l\u2019unica via per sostenere le nostre aziende che nel loro Dna hanno tutte le caratteristiche per poterla realizzare garantendo in tempi brevi tutti gli approvvigionamenti \u2013 continua l\u2019Assessore -. L\u2019intera filiera del freddo, cos\u00ec come quella dell\u2019arredo bagno, possono infatti contare qui sull\u2019eccellenza di ACC e su quella delle Ceramiche Dolomite che rappresentava, fino a poco tempo fa, una fetta importate del mercato dei sanitari in ceramica\u201d. \u201cQueste due aziende rappresentano un potenziale incredibile, soprattutto in questo momento storico in cui i costi nella logistica sono pi\u00f9 che raddoppiati, e non diminuiranno pi\u00f9, e stanno emergendo forti difficolt\u00e0 e rallentamenti nel reperimento di produzioni dall\u2019Est .- conclude l\u2019assessore regionale al Lavoro -. Puntiamo quindi a ricostruire la filiera veneta e quella italiana della produzione, ribadendo la centralit\u00e0 delle due aziende di Belluno, nella filiera del freddo e in quella dei sanitari in ceramica. Solo cos\u00ec possiamo pensare ad un futuro sicuro per Acc e a Ideal Standard\u201d. L\u2019Assessore oggi ha portato anche il saluto e la vicinanza del Presidente della Regione del Veneto, Luca Zaia.<\/p>\n<p>&nbsp;<\/p>\n<blockquote>\n<h3>PADRIN: &#8220;IL TERRITORIO E&#8217; COMPATTO. ADESSO SERVONO SENSO DI RESPONSABILITA&#8217; E COMPATTEZZA&#8221;<\/h3>\n<\/blockquote>\n<p><a href=\"https:\/\/www.radiopiu.net\/wordpress\/la-manifestazione-per-la-difesa-del-tessuto-produttivo-della-provincia-a-borgo-valbelluna\/2087-2021-manifestazione-valbelluna\/\" rel=\"attachment wp-att-242702\"><img loading=\"lazy\" decoding=\"async\" class=\"size-medium wp-image-242702 alignleft\" src=\"https:\/\/www.radiopiu.net\/wordpress\/wp-content\/uploads\/2021\/11\/2087-2021-manifestazione-valbelluna-300x225.jpg\" alt=\"\" width=\"300\" height=\"225\" srcset=\"https:\/\/www.radiopiu.net\/wordpress\/wp-content\/uploads\/2021\/11\/2087-2021-manifestazione-valbelluna-300x225.jpg 300w, https:\/\/www.radiopiu.net\/wordpress\/wp-content\/uploads\/2021\/11\/2087-2021-manifestazione-valbelluna-1024x768.jpg 1024w, https:\/\/www.radiopiu.net\/wordpress\/wp-content\/uploads\/2021\/11\/2087-2021-manifestazione-valbelluna-768x576.jpg 768w, https:\/\/www.radiopiu.net\/wordpress\/wp-content\/uploads\/2021\/11\/2087-2021-manifestazione-valbelluna-1536x1152.jpg 1536w, https:\/\/www.radiopiu.net\/wordpress\/wp-content\/uploads\/2021\/11\/2087-2021-manifestazione-valbelluna.jpg 1600w\" sizes=\"auto, (max-width: 300px) 100vw, 300px\" \/><\/a>\u00abIl territorio ancora una volta ha dimostrato di credere nel gioco di squadra e ha sollevato un grido che non pu\u00f2 cadere nel vuoto. Acc e Ideal Standard sono realt\u00e0 importanti per il presente industriale e sociale del Bellunese e dovranno continuare a esserlo\u00bb. Cos\u00ec in una nota il presidente della Provincia di Belluno Roberto Padrin, che non \u00e8 potuto intervenire alla manifestazione di Borgo Valbelluna di questa mattina, per impegni fuori regione. Padrin ha raggiunto il sindaco Stefano Cesa con un messaggio di vicinanza e solidariet\u00e0, assicurando il massimo impegno da parte della Provincia nel ruolo di coordinamento delle iniziative che dovessero venire avanti per scongiurare le due crisi industriali della Sinistra Piave. \u00abAcc e Ideal Standard sono nate dopo il disastro del Vajont e rappresentano in un certo modo il simbolo della rinascita del nostro territorio. Pensare di perderle entrambe cos\u00ec, per logiche di finanza che nascono e si sviluppano lontano da Belluno, non \u00e8 tollerabile. Nel caso di Acc i tentativi di risolvere i nodi con il progetto di un polo italiano del compressore sembrano naufragati, ma \u00e8 doveroso tentare il tutto per tutto per conservare una produzione che pu\u00f2 essere strategica per il comparto del freddo, in cui la nostra provincia \u00e8 forte. Nel caso di Ideal \u00e8 invece necessario accelerare sulla cessione del sito produttivo e dello storico marchio Ceramica Dolomite, in modo da preservare la continuit\u00e0 produttiva e non disperdere quel patrimonio fatto di professionalit\u00e0, di donne e di uomini, che ha sempre contraddistinto il made in Belluno nel mondo. Serve senso di responsabilit\u00e0 da parte delle istituzioni &#8211; che, va detto, non hanno mai mostrato scollamenti sulle questioni che riguardano le crisi aziendali bellunesi -. Serve quel gioco di squadra che si \u00e8 visto nella manifestazione di questa mattina. E serve concretezza, soprattutto concretezza. Lo chiedono i lavoratori di Acc e Ideal Standard. Lo chiedono le famiglie. Lo chiede un territorio che da sempre ha saputo fare del lavoro uno dei suoi valori pi\u00f9 alti\u00bb.<\/p>\n<p>&nbsp;<\/p>\n<blockquote>\n<h3>ACC E IDEAL STANDARD. DE CARLO: &#8220;AZIENDA VIVE GRAZIE AI LAVORATORI&#8221;<\/h3>\n<\/blockquote>\n<div><a href=\"https:\/\/www.radiopiu.net\/wordpress\/la-manifestazione-per-la-difesa-del-tessuto-produttivo-della-provincia-a-borgo-valbelluna\/2087-2021-manifestazione-valbelluna_acc-e-ideal-standard\/\" rel=\"attachment wp-att-242705\"><img loading=\"lazy\" decoding=\"async\" class=\"size-medium wp-image-242705 alignleft\" src=\"https:\/\/www.radiopiu.net\/wordpress\/wp-content\/uploads\/2021\/11\/2087-2021-manifestazione-valbelluna_acc-e-ideal-standard-300x225.jpg\" alt=\"\" width=\"300\" height=\"225\" srcset=\"https:\/\/www.radiopiu.net\/wordpress\/wp-content\/uploads\/2021\/11\/2087-2021-manifestazione-valbelluna_acc-e-ideal-standard-300x225.jpg 300w, https:\/\/www.radiopiu.net\/wordpress\/wp-content\/uploads\/2021\/11\/2087-2021-manifestazione-valbelluna_acc-e-ideal-standard-1024x768.jpg 1024w, https:\/\/www.radiopiu.net\/wordpress\/wp-content\/uploads\/2021\/11\/2087-2021-manifestazione-valbelluna_acc-e-ideal-standard-768x576.jpg 768w, https:\/\/www.radiopiu.net\/wordpress\/wp-content\/uploads\/2021\/11\/2087-2021-manifestazione-valbelluna_acc-e-ideal-standard-1536x1152.jpg 1536w, https:\/\/www.radiopiu.net\/wordpress\/wp-content\/uploads\/2021\/11\/2087-2021-manifestazione-valbelluna_acc-e-ideal-standard.jpg 1600w\" sizes=\"auto, (max-width: 300px) 100vw, 300px\" \/><\/a>\u201cACC e Ideal Standard non sono aziende decotte, come qualcuno vuol far credere, ma sono realt\u00e0 che vivono grazie al quotidiano sacrificio dei propri lavoratori. In tutto questo, \u00e8 gravissimo l&#8217;atteggiamento della maggioranza di governo, che consuma le proprie liti sulla pelle delle famiglie bellunesi\u201d: cos\u00ec il senatore di Fratelli d&#8217;Italia Luca De Carlo, presente alla manifestazione di questa mattina a Borgo Valbelluna in difesa delle due storiche imprese. \u201c\u00c8 inaccettabile che una vallata rischi di veder svanire 800 posti di lavoro a causa del vuoto totale dell&#8217;intervento pubblico\u201d, continua De Carlo. \u201cACC \u00e8 un&#8217;azienda in amministrazione controllata e paradossalmente non ha ricevuto un euro dallo Stato; anzi, c&#8217;\u00e8 stato chi, anche per Ideal Standard, ha voluto far passare l&#8217;idea che si tratti di industrie ormai finite. Non \u00e8 accettabile che aziende che possono essere salvate vengano chiuse perch\u00e9 non c&#8217;\u00e8 l&#8217;intesa politica per trovare una soluzione\u201d. \u201cACC, con la sua produzione ricercata in tutto il mondo, e Ideal Standard, con un marchio come Ceramica Dolomite che ha fatto e fa ancora la storia, sono due eccellenze bellunesi, venete e nazionali; \u00e8 gravissimo che le capacit\u00e0 dei lavoratori vengano disperse cos\u00ec e le aziende date per spacciate, rendendole inappetibili ai possibili acquirenti\u201d, continua De Carlo, che annuncia che marted\u00ec alle 16.00 parteciper\u00e0 all&#8217;incontro tra i parlamentari bellunesi e il Ministro dello Sviluppo Economico Giancarlo Giorgetti. \u201cIncalzer\u00f2 il ministro dandogli un quadro reale delle due aziende, decisamente diverso da quello che qualcuno vuol far passare, e ribadir\u00f2 le mie convinzioni sul loro futuro: per ACC, il destino dovr\u00e0 essere l&#8217;acquisto da parte di Fincantieri, mentre per Ideal Standard \u00e8 fondamentale convincere la propriet\u00e0 a vendere valorizzando il marchio Ceramica Dolomite\u201d. De Carlo \u00e8 sceso in piazza anche in veste di sindaco: \u201cAl collega Stefano Cesa va tutta la mia solidariet\u00e0 e il mio impegno, anche se dall&#8217;opposizione, per cercare di trovare una soluzione positiva per queste crisi aziendali. Non si tratta di un problema del solo Borgo Valbelluna: il destino di centinaia di famiglie di tutti i comuni bellunesi \u00e8 indissolubilmente legato al futuro di queste realt\u00e0\u201d.<\/div>\n<p>&nbsp;<\/p>\n<blockquote>\n<h3>PRESENTE ANCHE IL COMUNE DI BELLUNO ALLA MANIFESTAZIONE PER ACC E IDEAL STANDARD<\/h3>\n<\/blockquote>\n<p>Anche l&#8217;amministrazione comunale del capoluogo \u00e8 scesa questa mattina in piazza a Borgo Valbelluna nella manifestazione organizzata a difese di ACC e Ideal Standard; la vicesindaco Lucia Olivotto e il consigliere Francesco Masut, rispettivamente con la fascia tricolore e con la nuova fascia per i rappresentanti del consiglio comunale, hanno portato la loro solidariet\u00e0 ai lavoratori delle due aziende.<\/p>\n<p><strong>LUCIA OLIVOTTO, VICESINDACO DI BELLUNO<\/strong><\/p>\n<audio class=\"wp-audio-shortcode\" id=\"audio-242635-10\" preload=\"none\" style=\"width: 100%;\" controls=\"controls\"><source type=\"audio\/mpeg\" src=\"https:\/\/www.radiopiu.net\/wordpress\/wp-content\/uploads\/2021\/11\/Olivotto-Manifestazione-ACC-e-Ideal.mp3?_=10\" \/><a href=\"https:\/\/www.radiopiu.net\/wordpress\/wp-content\/uploads\/2021\/11\/Olivotto-Manifestazione-ACC-e-Ideal.mp3\">https:\/\/www.radiopiu.net\/wordpress\/wp-content\/uploads\/2021\/11\/Olivotto-Manifestazione-ACC-e-Ideal.mp3<\/a><\/audio>\n<p>&nbsp;<\/p>\n<p><strong>JACOPO MASSARO, SINDACO DI BELLUNO<\/strong><\/p>\n<audio class=\"wp-audio-shortcode\" id=\"audio-242635-11\" preload=\"none\" style=\"width: 100%;\" controls=\"controls\"><source type=\"audio\/mpeg\" src=\"https:\/\/www.radiopiu.net\/wordpress\/wp-content\/uploads\/2021\/11\/Massaro-Manifestazione-ACC-e-Ideal.mp3?_=11\" \/><a href=\"https:\/\/www.radiopiu.net\/wordpress\/wp-content\/uploads\/2021\/11\/Massaro-Manifestazione-ACC-e-Ideal.mp3\">https:\/\/www.radiopiu.net\/wordpress\/wp-content\/uploads\/2021\/11\/Massaro-Manifestazione-ACC-e-Ideal.mp3<\/a><\/audio>\n<p>&nbsp;<\/p>\n<blockquote>\n<h3>LEGA: &#8220;SIAMO VICINI AI LAVORATORI&#8221;<\/h3>\n<\/blockquote>\n<p>La Lega di Belluno \u00e8 vicina all\u2019emergenza che sta coinvolgendo 750 lavoratori e da mesi segue da vicino la vicenda attraverso il lavoro dell\u2019assessore Elena Donazzan. Anche i consiglieri regionali Silvia Cestaro e Giovanni Puppato hanno sempre tenuto monitorata la situazione, con tutti gli aggiornamenti del caso e prendendo parte ai comitati di sorveglianza. Nei mesi scorsi Cestaro ha anche presentato una mozione all\u2019assessore Donazzan con lo scopo preciso di avere una risposta ufficiale sulla crisi aziendale dei due stabilimenti e sulle azioni da portare avanti.<span class=\"gmail-Apple-converted-space\">\u00a0<\/span><\/p>\n<p><strong>MIRCO BADOLE, LEGA NORD<\/strong><\/p>\n<audio class=\"wp-audio-shortcode\" id=\"audio-242635-12\" preload=\"none\" style=\"width: 100%;\" controls=\"controls\"><source type=\"audio\/mpeg\" src=\"https:\/\/www.radiopiu.net\/wordpress\/wp-content\/uploads\/2021\/11\/Badole-su-Acc-e-Ideal-mpeg.mp3?_=12\" \/><a href=\"https:\/\/www.radiopiu.net\/wordpress\/wp-content\/uploads\/2021\/11\/Badole-su-Acc-e-Ideal-mpeg.mp3\">https:\/\/www.radiopiu.net\/wordpress\/wp-content\/uploads\/2021\/11\/Badole-su-Acc-e-Ideal-mpeg.mp3<\/a><\/audio>\n<p>&nbsp;<\/p>\n<blockquote>\n<h3>IL PD CHIEDE L&#8217;INTERVENTO DI MISE E REGIONE<\/h3>\n<\/blockquote>\n<div dir=\"auto\">I vertici del Partito democratico bellunese hanno partecipato alla manifestazione indetta dai lavoratori contro le annunciate chiusure di ACC e Ideal Standard a Borgo Valbelluna. Accanto ai dipendenti e alle rappresentanze sindacali c\u2019erano Monica Lotto, segretaria provinciale, Alessia Telese, segretaria pd circolo borgo valbelluna, il deputato Roger De Menech e molti dirigenti e militanti. Tutti insieme per sostenere le ragioni dei lavoratori e per chiedere un intervento diretto del governo e della Regione. Dal Ministero dello Sviluppo Economico ci si attendeva un atteggiamento pi\u00f9 aggressivo nei confronti delle propriet\u00e0, cos\u00ec come \u00e8 stato fatto in altre situazioni in Italia. Invece la sensazione \u00e8 che la battaglia per mantenere un forte polo manifatturiero nel Bellunese il Mise l\u2019abbia data per persa senza neppure combatterla. Anche dalla Regione, a cui a pi\u00f9 riprese il Partito democratico si \u00e8 rivolto, non arrivano segnali positivi. \u00c8 stata fatta qualche riunione, diversi comunicati stampa, ma nulla pi\u00f9. Il Pd ha chiesto ancora la scorsa estate l\u2019intervento diretto di Veneto Sviluppo, la finanziaria della Regione che in passato \u00e8 entrata nel capitale di decine di aziende per sostenerle o per salvarle dal fallimento.<\/div>\n<p>&nbsp;<\/p>\n<p>*****<\/p>\n","protected":false},"excerpt":{"rendered":"<p>BORGO VALBELLUNA di Moreno Gioli &nbsp; IL SINDACO DI BORGO VALBELLUNA STEFANO CESA &nbsp; IL MINISTRO FEDERICO D&#8217;INCA&#8217; &nbsp; L&#8217;ASSESSORE REGIONALE ELENA DONAZZAN &nbsp; IL VESCOVO DI BELLUNO RENATO MARANGONI &nbsp; MAURO DE CARLI, CGIL BELLUNO &nbsp; MASSIMO BUSSETTI RSU ACC &nbsp; GIULIANA MENEGOL RSU ACC &nbsp; BRUNO DEOLA RSU IDEAL STANDARD &nbsp; LA REGIONE&hellip;<\/p>\n","protected":false},"author":4,"featured_media":242642,"comment_status":"closed","ping_status":"open","sticky":false,"template":"","format":"standard","meta":{"_monsterinsights_skip_tracking":false,"_monsterinsights_sitenote_active":false,"_monsterinsights_sitenote_note":"","_monsterinsights_sitenote_category":0,"footnotes":""},"categories":[51,49],"tags":[],"class_list":["post-242635","post","type-post","status-publish","format-standard","has-post-thumbnail","hentry","category-evidenza-top","category-news-18","category-51","category-49","description-off"],"img_url":"https:\/\/www.radiopiu.net\/wordpress\/wp-content\/uploads\/2021\/11\/e6198c47-ad5a-4ffe-b454-28bc2e12d3ed.jpg","_links":{"self":[{"href":"https:\/\/www.radiopiu.net\/wordpress\/wp-json\/wp\/v2\/posts\/242635","targetHints":{"allow":["GET"]}}],"collection":[{"href":"https:\/\/www.radiopiu.net\/wordpress\/wp-json\/wp\/v2\/posts"}],"about":[{"href":"https:\/\/www.radiopiu.net\/wordpress\/wp-json\/wp\/v2\/types\/post"}],"author":[{"embeddable":true,"href":"https:\/\/www.radiopiu.net\/wordpress\/wp-json\/wp\/v2\/users\/4"}],"replies":[{"embeddable":true,"href":"https:\/\/www.radiopiu.net\/wordpress\/wp-json\/wp\/v2\/comments?post=242635"}],"version-history":[{"count":0,"href":"https:\/\/www.radiopiu.net\/wordpress\/wp-json\/wp\/v2\/posts\/242635\/revisions"}],"wp:featuredmedia":[{"embeddable":true,"href":"https:\/\/www.radiopiu.net\/wordpress\/wp-json\/wp\/v2\/media\/242642"}],"wp:attachment":[{"href":"https:\/\/www.radiopiu.net\/wordpress\/wp-json\/wp\/v2\/media?parent=242635"}],"wp:term":[{"taxonomy":"category","embeddable":true,"href":"https:\/\/www.radiopiu.net\/wordpress\/wp-json\/wp\/v2\/categories?post=242635"},{"taxonomy":"post_tag","embeddable":true,"href":"https:\/\/www.radiopiu.net\/wordpress\/wp-json\/wp\/v2\/tags?post=242635"}],"curies":[{"name":"wp","href":"https:\/\/api.w.org\/{rel}","templated":true}]}}