{"id":242683,"date":"2021-11-13T15:07:32","date_gmt":"2021-11-13T14:07:32","guid":{"rendered":"https:\/\/www.radiopiu.net\/wordpress\/?p=242683"},"modified":"2021-11-13T15:07:32","modified_gmt":"2021-11-13T14:07:32","slug":"meteo-in-arrivo-piogge-sulle-zone-prealpine-e-pedemontane","status":"publish","type":"post","link":"https:\/\/www.radiopiu.net\/wordpress\/meteo-in-arrivo-piogge-sulle-zone-prealpine-e-pedemontane\/","title":{"rendered":"METEO. IN ARRIVO PIOGGE SULLE ZONE PREALPINE E PEDEMONTANE"},"content":{"rendered":"<p><strong><a href=\"https:\/\/www.radiopiu.net\/wordpress\/meteo-sul-veneto-ancora-tempo-instabile-con-rasserenamenti-alternati-a-piovaschi-e-qualche-possibile-temporale\/pioggia-2\/\" rel=\"attachment wp-att-144264\"><img loading=\"lazy\" decoding=\"async\" class=\"size-medium wp-image-144264 alignleft\" src=\"https:\/\/www.radiopiu.net\/wordpress\/wp-content\/uploads\/2020\/06\/PIOGGIA-300x199.jpg\" alt=\"\" width=\"300\" height=\"199\" srcset=\"https:\/\/www.radiopiu.net\/wordpress\/wp-content\/uploads\/2020\/06\/PIOGGIA-300x199.jpg 300w, https:\/\/www.radiopiu.net\/wordpress\/wp-content\/uploads\/2020\/06\/PIOGGIA-1024x678.jpg 1024w, https:\/\/www.radiopiu.net\/wordpress\/wp-content\/uploads\/2020\/06\/PIOGGIA-768x508.jpg 768w, https:\/\/www.radiopiu.net\/wordpress\/wp-content\/uploads\/2020\/06\/PIOGGIA-1536x1017.jpg 1536w, https:\/\/www.radiopiu.net\/wordpress\/wp-content\/uploads\/2020\/06\/PIOGGIA.jpg 1920w\" sizes=\"auto, (max-width: 300px) 100vw, 300px\" \/><\/a>VENEZIA\u00a0 <\/strong>Il bollettino del Centro funzionale decentrato della Protezione Civile del Veneto, segnala l\u2019arrivo di precipitazioni diffuse, pi\u00f9 significative sulle zone prealpine e pedemontane, specialmente sulle zone centro occidentali dove i quantitativi saranno consistenti e abbondanti. Saranno probabili forti rovesci accompagnati anche da qualche temporale in pianura. Il limite delle nevicate \u00e8 fissato intorno a 1500-1700 m sulle Dolomiti e 1600-1800 sulle Prealpi. I fenomeni potrebbero attenuarsi gi\u00e0 domani in serata. Sulla base delle previsioni meteo e fino alla mezzanotte di luned\u00ec 15 novembre 2021, \u00e8 stato dichiarato lo Stato di Attenzione per la rete idraulica principale (allerta gialla) del bacino Alto Brenta-Bacchiglione-Alpone, che si configura poi in stato di preallarme (arancione) in riferimento al deflusso delle acque nella rete idraulica secondaria. In merito ai bacini Piave Pedemontano e Adige-Garda e Monti Lessini si segnala, invece, l\u2019allerta gialla solamente sulla rete idraulica secondaria.<\/p>\n","protected":false},"excerpt":{"rendered":"<p>VENEZIA\u00a0 Il bollettino del Centro funzionale decentrato della Protezione Civile del Veneto, segnala l\u2019arrivo di precipitazioni diffuse, pi\u00f9 significative sulle zone prealpine e pedemontane, specialmente sulle zone centro occidentali dove i quantitativi saranno consistenti e abbondanti. Saranno probabili forti rovesci accompagnati anche da qualche temporale in pianura. Il limite delle nevicate \u00e8 fissato intorno a&hellip;<\/p>\n","protected":false},"author":4,"featured_media":144264,"comment_status":"closed","ping_status":"open","sticky":false,"template":"","format":"standard","meta":{"_monsterinsights_skip_tracking":false,"_monsterinsights_sitenote_active":false,"_monsterinsights_sitenote_note":"","_monsterinsights_sitenote_category":0,"footnotes":""},"categories":[49],"tags":[],"class_list":["post-242683","post","type-post","status-publish","format-standard","has-post-thumbnail","hentry","category-news-18","category-49","description-off"],"img_url":"https:\/\/www.radiopiu.net\/wordpress\/wp-content\/uploads\/2020\/06\/PIOGGIA.jpg","_links":{"self":[{"href":"https:\/\/www.radiopiu.net\/wordpress\/wp-json\/wp\/v2\/posts\/242683","targetHints":{"allow":["GET"]}}],"collection":[{"href":"https:\/\/www.radiopiu.net\/wordpress\/wp-json\/wp\/v2\/posts"}],"about":[{"href":"https:\/\/www.radiopiu.net\/wordpress\/wp-json\/wp\/v2\/types\/post"}],"author":[{"embeddable":true,"href":"https:\/\/www.radiopiu.net\/wordpress\/wp-json\/wp\/v2\/users\/4"}],"replies":[{"embeddable":true,"href":"https:\/\/www.radiopiu.net\/wordpress\/wp-json\/wp\/v2\/comments?post=242683"}],"version-history":[{"count":0,"href":"https:\/\/www.radiopiu.net\/wordpress\/wp-json\/wp\/v2\/posts\/242683\/revisions"}],"wp:featuredmedia":[{"embeddable":true,"href":"https:\/\/www.radiopiu.net\/wordpress\/wp-json\/wp\/v2\/media\/144264"}],"wp:attachment":[{"href":"https:\/\/www.radiopiu.net\/wordpress\/wp-json\/wp\/v2\/media?parent=242683"}],"wp:term":[{"taxonomy":"category","embeddable":true,"href":"https:\/\/www.radiopiu.net\/wordpress\/wp-json\/wp\/v2\/categories?post=242683"},{"taxonomy":"post_tag","embeddable":true,"href":"https:\/\/www.radiopiu.net\/wordpress\/wp-json\/wp\/v2\/tags?post=242683"}],"curies":[{"name":"wp","href":"https:\/\/api.w.org\/{rel}","templated":true}]}}