{"id":242766,"date":"2021-11-14T14:26:11","date_gmt":"2021-11-14T13:26:11","guid":{"rendered":"https:\/\/www.radiopiu.net\/wordpress\/?p=242766"},"modified":"2021-11-14T14:26:11","modified_gmt":"2021-11-14T13:26:11","slug":"meteo-stato-di-attenzione-in-due-bacini-centro-occidentali-e-nord-orientali-del-veneto","status":"publish","type":"post","link":"https:\/\/www.radiopiu.net\/wordpress\/meteo-stato-di-attenzione-in-due-bacini-centro-occidentali-e-nord-orientali-del-veneto\/","title":{"rendered":"METEO. STATO DI ATTENZIONE IN DUE BACINI CENTRO OCCIDENTALI E NORD ORIENTALI DEL VENETO"},"content":{"rendered":"<p><strong><a href=\"https:\/\/www.radiopiu.net\/wordpress\/continua-sino-a-domani-mattina-lo-stato-di-attenzione-per-temporali\/pioggia-3\/\" rel=\"attachment wp-att-165742\"><img loading=\"lazy\" decoding=\"async\" class=\"size-medium wp-image-165742 alignleft\" src=\"https:\/\/www.radiopiu.net\/wordpress\/wp-content\/uploads\/2020\/10\/PIOGGIA-300x190.jpg\" alt=\"\" width=\"300\" height=\"190\" srcset=\"https:\/\/www.radiopiu.net\/wordpress\/wp-content\/uploads\/2020\/10\/PIOGGIA-300x190.jpg 300w, https:\/\/www.radiopiu.net\/wordpress\/wp-content\/uploads\/2020\/10\/PIOGGIA-1024x650.jpg 1024w, https:\/\/www.radiopiu.net\/wordpress\/wp-content\/uploads\/2020\/10\/PIOGGIA-768x487.jpg 768w, https:\/\/www.radiopiu.net\/wordpress\/wp-content\/uploads\/2020\/10\/PIOGGIA-1536x974.jpg 1536w, https:\/\/www.radiopiu.net\/wordpress\/wp-content\/uploads\/2020\/10\/PIOGGIA.jpg 1920w\" sizes=\"auto, (max-width: 300px) 100vw, 300px\" \/><\/a>VENEZIA <\/strong><span style=\"color: #222222;\"><span style=\"font-size: medium;\">Le previsioni meteorologiche del Veneto segnalano,<\/span><\/span><span style=\"font-size: medium;\"> nella prima parte del pomeriggio di oggi, ancora precipitazioni specie sulle zone prealpine e pedemontane, in particolare quelle centro-occidentali, e sulla pianura nord-orientale dove i fenomeni saranno da deboli a localmente moderati, salvo qualche locale rovescio un po&#8217; pi\u00f9 intenso. Altrove le precipitazioni risulteranno pi\u00f9 discontinue e di entit\u00e0 minore.\u00a0 <\/span><span style=\"font-size: medium;\">Nella seconda parte del pomeriggio le precipitazioni tenderanno complessivamente ad attenuarsi. Nella serata e nella notte sar\u00e0 probabile una ripresa delle precipitazioni (deboli o moderate) sulle zone centro-meridionali e occidentali, mentre altrove la probabilit\u00e0 di fenomeni sar\u00e0 bassa. <\/span><span style=\"font-size: medium;\">I<\/span><span style=\"color: #222222;\"><span style=\"font-size: medium;\">l Centro Funzionale Decentrato della Protezione Civile della Regione del Veneto ha emesso un avviso di criticit\u00e0 idrogeologica \u2013 con validit\u00e0 dalle 14.00 di oggi fino alle 20.00 &#8211; dichiarando lo stato di Attenzione (allerta gialla) nei Bacini \u201cPiave Pedemontano\u201d (BL-TV) e \u201cAlto Brenta, Bacchiglione, Alpone\u201d (VI-BL-TV-VR).<\/span><\/span><\/p>\n<p>&nbsp;<\/p>\n<p>&nbsp;<\/p>\n<p>&nbsp;<\/p>\n<p>*****<\/p>\n","protected":false},"excerpt":{"rendered":"<p>VENEZIA Le previsioni meteorologiche del Veneto segnalano, nella prima parte del pomeriggio di oggi, ancora precipitazioni specie sulle zone prealpine e pedemontane, in particolare quelle centro-occidentali, e sulla pianura nord-orientale dove i fenomeni saranno da deboli a localmente moderati, salvo qualche locale rovescio un po&#8217; pi\u00f9 intenso. Altrove le precipitazioni risulteranno pi\u00f9 discontinue e di&hellip;<\/p>\n","protected":false},"author":4,"featured_media":165742,"comment_status":"closed","ping_status":"open","sticky":false,"template":"","format":"standard","meta":{"_monsterinsights_skip_tracking":false,"_monsterinsights_sitenote_active":false,"_monsterinsights_sitenote_note":"","_monsterinsights_sitenote_category":0,"footnotes":""},"categories":[49],"tags":[],"class_list":["post-242766","post","type-post","status-publish","format-standard","has-post-thumbnail","hentry","category-news-18","category-49","description-off"],"img_url":"https:\/\/www.radiopiu.net\/wordpress\/wp-content\/uploads\/2020\/10\/PIOGGIA.jpg","_links":{"self":[{"href":"https:\/\/www.radiopiu.net\/wordpress\/wp-json\/wp\/v2\/posts\/242766","targetHints":{"allow":["GET"]}}],"collection":[{"href":"https:\/\/www.radiopiu.net\/wordpress\/wp-json\/wp\/v2\/posts"}],"about":[{"href":"https:\/\/www.radiopiu.net\/wordpress\/wp-json\/wp\/v2\/types\/post"}],"author":[{"embeddable":true,"href":"https:\/\/www.radiopiu.net\/wordpress\/wp-json\/wp\/v2\/users\/4"}],"replies":[{"embeddable":true,"href":"https:\/\/www.radiopiu.net\/wordpress\/wp-json\/wp\/v2\/comments?post=242766"}],"version-history":[{"count":0,"href":"https:\/\/www.radiopiu.net\/wordpress\/wp-json\/wp\/v2\/posts\/242766\/revisions"}],"wp:featuredmedia":[{"embeddable":true,"href":"https:\/\/www.radiopiu.net\/wordpress\/wp-json\/wp\/v2\/media\/165742"}],"wp:attachment":[{"href":"https:\/\/www.radiopiu.net\/wordpress\/wp-json\/wp\/v2\/media?parent=242766"}],"wp:term":[{"taxonomy":"category","embeddable":true,"href":"https:\/\/www.radiopiu.net\/wordpress\/wp-json\/wp\/v2\/categories?post=242766"},{"taxonomy":"post_tag","embeddable":true,"href":"https:\/\/www.radiopiu.net\/wordpress\/wp-json\/wp\/v2\/tags?post=242766"}],"curies":[{"name":"wp","href":"https:\/\/api.w.org\/{rel}","templated":true}]}}