{"id":242803,"date":"2021-11-14T23:59:23","date_gmt":"2021-11-14T22:59:23","guid":{"rendered":"https:\/\/www.radiopiu.net\/wordpress\/?p=242803"},"modified":"2021-11-14T17:18:06","modified_gmt":"2021-11-14T16:18:06","slug":"la-terza-prova-del-campionato-provinciale-di-corsa-campestre-csi-tra-pioggia-e-fango","status":"publish","type":"post","link":"https:\/\/www.radiopiu.net\/wordpress\/la-terza-prova-del-campionato-provinciale-di-corsa-campestre-csi-tra-pioggia-e-fango\/","title":{"rendered":"LA TERZA PROVA DEL CAMPIONATO PROVINCIALE DI CORSA CAMPESTRE CSI TRA PIOGGIA E FANGO"},"content":{"rendered":"<p><strong><a href=\"https:\/\/www.radiopiu.net\/wordpress\/?attachment_id=242810\" rel=\"attachment wp-att-242810\"><img loading=\"lazy\" decoding=\"async\" class=\"size-medium wp-image-242810 alignleft\" src=\"https:\/\/www.radiopiu.net\/wordpress\/wp-content\/uploads\/2021\/11\/partenza-categoria-Cuccioli-300x200.jpeg\" alt=\"\" width=\"300\" height=\"200\" srcset=\"https:\/\/www.radiopiu.net\/wordpress\/wp-content\/uploads\/2021\/11\/partenza-categoria-Cuccioli-300x200.jpeg 300w, https:\/\/www.radiopiu.net\/wordpress\/wp-content\/uploads\/2021\/11\/partenza-categoria-Cuccioli-1024x682.jpeg 1024w, https:\/\/www.radiopiu.net\/wordpress\/wp-content\/uploads\/2021\/11\/partenza-categoria-Cuccioli-768x512.jpeg 768w, https:\/\/www.radiopiu.net\/wordpress\/wp-content\/uploads\/2021\/11\/partenza-categoria-Cuccioli-1536x1024.jpeg 1536w, https:\/\/www.radiopiu.net\/wordpress\/wp-content\/uploads\/2021\/11\/partenza-categoria-Cuccioli.jpeg 1598w\" sizes=\"auto, (max-width: 300px) 100vw, 300px\" \/><\/a>PEDAVENA <\/strong><span class=\"s1\">Pioggia e fango hanno caratterizzato la terza prova del Campionato provinciale di corsa campestre 2021, evento proposto domenica 14 novembre dal comitato di Belluno del Centro sportivo italiano in sinergia con quello di Feltre e valevole per il 23.mo Trofeo giovanile Serafino Barp e per i trofei Kiwi Sport (categorie assolute) e Alpen Plus (classifica generale). Si \u00e8 gareggiato a Boscherai di Pedavena, per l\u2019organizzazione di Pro Loco Pedavena, in collaborazione con Csi Feltre, Virtus Nemeggio e Para&amp;Delta Club Feltre. <\/span><span class=\"s1\">Dopo due giornate accompagnate dal bel tempo, il meteo \u00e8 stato avverso: tanta pioggia e conseguente terreno pesante hanno messo a dura prova i 369 concorrenti al via (470 gli iscritti). Fatica in\u00a0 pi\u00f9, dunque, per i concorrenti, provenienti non solo dal Bellunese ma anche dalle\u00a0 province di Treviso, Vicenza e Treviso. <\/span><span class=\"s1\">A imporsi nella graduatoria per societ\u00e0\u00a0 \u00e8 stato l Gruppo sportivo Astra Quero che ha preceduto l\u2019Atletica Lamon e il Gs La Piave 2000. <\/span><span class=\"s1\">A livello individuale, nelle gare assolute successi per \u00a0Laura Mazzoleni Ferracini (Castionese) e Lorenzo Da Rin De Monego (Atletica Lamon). <\/span><span class=\"s1\">Le classifiche complete sono disponibili sul sito <a href=\"http:\/\/www.csibelluno.it\/\"><span class=\"s2\">www.csibelluno.it <\/span><\/a><\/span><span class=\"s1\">Dopo quella di Vallesella di Cadore (24 ottobre), Ronchena (31 ottobre) e \u00a0Boscherai \u2013 Pedavena, (14 novembre) il Campionato provinciale proseguir\u00e0 il 21 novembre a Bribano di Sedico e il 5 dicembre a Quero-Vas. Per il 28 novembre \u00e8 prevista la prima prova del Campionato regionale: si svolger\u00e0 a Modolo di Castion \u2013 Belluno e sar\u00e0 organizzata dal Gs Castionese.<\/span><\/p>\n\n\t\t\t<style type='text\/css'>\n\t\t\t\t#gallery-1 {\n\t\t\t\t\tmargin: auto;\n\t\t\t\t}\n\t\t\t\t#gallery-1 .gallery-item {\n\t\t\t\t\tfloat: left;\n\t\t\t\t\tmargin-top: 10px;\n\t\t\t\t\ttext-align: center;\n\t\t\t\t\twidth: 33%;\n\t\t\t\t}\n\t\t\t\t#gallery-1 img {\n\t\t\t\t\tborder: 2px solid #cfcfcf;\n\t\t\t\t}\n\t\t\t\t#gallery-1 .gallery-caption {\n\t\t\t\t\tmargin-left: 0;\n\t\t\t\t}\n\t\t\t\t\/* see gallery_shortcode() in wp-includes\/media.php *\/\n\t\t\t<\/style>\n\t\t<div id='gallery-1' class='dt-gallery-container gallery galleryid-242803 gallery-columns-3 gallery-size-medium'><dl class='gallery-item'>\n\t\t\t\t<dt class='gallery-icon landscape'>\n\t\t\t\t\t<a class=\"rollover rollover-zoom dt-pswp-item\" title=\"mario burigo vincitore categoria Esordienti\" data-dt-img-description=\"\" data-large_image_width=\"1500\" data-large_image_height=\"1000\"href='https:\/\/www.radiopiu.net\/wordpress\/wp-content\/uploads\/2021\/11\/mario-burigo-vincitore-categoria-Esordienti.jpg'><img loading=\"lazy\" decoding=\"async\" width=\"300\" height=\"200\" src=\"https:\/\/www.radiopiu.net\/wordpress\/wp-content\/uploads\/2021\/11\/mario-burigo-vincitore-categoria-Esordienti-300x200.jpg\" class=\"attachment-medium size-medium\" alt=\"\" srcset=\"https:\/\/www.radiopiu.net\/wordpress\/wp-content\/uploads\/2021\/11\/mario-burigo-vincitore-categoria-Esordienti-300x200.jpg 300w, https:\/\/www.radiopiu.net\/wordpress\/wp-content\/uploads\/2021\/11\/mario-burigo-vincitore-categoria-Esordienti-1024x683.jpg 1024w, https:\/\/www.radiopiu.net\/wordpress\/wp-content\/uploads\/2021\/11\/mario-burigo-vincitore-categoria-Esordienti-768x512.jpg 768w, https:\/\/www.radiopiu.net\/wordpress\/wp-content\/uploads\/2021\/11\/mario-burigo-vincitore-categoria-Esordienti.jpg 1500w\" sizes=\"auto, (max-width: 300px) 100vw, 300px\" \/><\/a>\n\t\t\t\t<\/dt><\/dl><dl class='gallery-item'>\n\t\t\t\t<dt class='gallery-icon landscape'>\n\t\t\t\t\t<a class=\"rollover rollover-zoom dt-pswp-item\" title=\"nina cima - vincitrice categoria Esordienti\" data-dt-img-description=\"\" data-large_image_width=\"1500\" data-large_image_height=\"1000\"href='https:\/\/www.radiopiu.net\/wordpress\/wp-content\/uploads\/2021\/11\/nina-cima-vincitrice-categoria-Esordienti.jpg'><img loading=\"lazy\" decoding=\"async\" width=\"300\" height=\"200\" src=\"https:\/\/www.radiopiu.net\/wordpress\/wp-content\/uploads\/2021\/11\/nina-cima-vincitrice-categoria-Esordienti-300x200.jpg\" class=\"attachment-medium size-medium\" alt=\"\" srcset=\"https:\/\/www.radiopiu.net\/wordpress\/wp-content\/uploads\/2021\/11\/nina-cima-vincitrice-categoria-Esordienti-300x200.jpg 300w, https:\/\/www.radiopiu.net\/wordpress\/wp-content\/uploads\/2021\/11\/nina-cima-vincitrice-categoria-Esordienti-1024x683.jpg 1024w, https:\/\/www.radiopiu.net\/wordpress\/wp-content\/uploads\/2021\/11\/nina-cima-vincitrice-categoria-Esordienti-768x512.jpg 768w, https:\/\/www.radiopiu.net\/wordpress\/wp-content\/uploads\/2021\/11\/nina-cima-vincitrice-categoria-Esordienti.jpg 1500w\" sizes=\"auto, (max-width: 300px) 100vw, 300px\" \/><\/a>\n\t\t\t\t<\/dt><\/dl><dl class='gallery-item'>\n\t\t\t\t<dt class='gallery-icon portrait'>\n\t\t\t\t\t<a class=\"rollover rollover-zoom dt-pswp-item\" title=\"i Cadetti dell&#039; Atletica Zoldo da sx luca preverin, giordano arnoldo e iacopo costantin\" data-dt-img-description=\"\" data-large_image_width=\"768\" data-large_image_height=\"1024\"href='https:\/\/www.radiopiu.net\/wordpress\/wp-content\/uploads\/2021\/11\/i-Cadetti-dell-Atletica-Zoldo-da-sx-luca-preverin-giordano-arnoldo-e-iacopo-costantin.jpeg'><img loading=\"lazy\" decoding=\"async\" width=\"225\" height=\"300\" src=\"https:\/\/www.radiopiu.net\/wordpress\/wp-content\/uploads\/2021\/11\/i-Cadetti-dell-Atletica-Zoldo-da-sx-luca-preverin-giordano-arnoldo-e-iacopo-costantin-225x300.jpeg\" class=\"attachment-medium size-medium\" alt=\"\" srcset=\"https:\/\/www.radiopiu.net\/wordpress\/wp-content\/uploads\/2021\/11\/i-Cadetti-dell-Atletica-Zoldo-da-sx-luca-preverin-giordano-arnoldo-e-iacopo-costantin-225x300.jpeg 225w, https:\/\/www.radiopiu.net\/wordpress\/wp-content\/uploads\/2021\/11\/i-Cadetti-dell-Atletica-Zoldo-da-sx-luca-preverin-giordano-arnoldo-e-iacopo-costantin.jpeg 768w\" sizes=\"auto, (max-width: 225px) 100vw, 225px\" \/><\/a>\n\t\t\t\t<\/dt><\/dl><br style=\"clear: both\" \/><dl class='gallery-item'>\n\t\t\t\t<dt class='gallery-icon landscape'>\n\t\t\t\t\t<a class=\"rollover rollover-zoom dt-pswp-item\" title=\"partenza categoria Ragazze\" data-dt-img-description=\"\" data-large_image_width=\"1600\" data-large_image_height=\"1066\"href='https:\/\/www.radiopiu.net\/wordpress\/wp-content\/uploads\/2021\/11\/partenza-categoria-Ragazze.jpg'><img loading=\"lazy\" decoding=\"async\" width=\"300\" height=\"200\" src=\"https:\/\/www.radiopiu.net\/wordpress\/wp-content\/uploads\/2021\/11\/partenza-categoria-Ragazze-300x200.jpg\" class=\"attachment-medium size-medium\" alt=\"\" srcset=\"https:\/\/www.radiopiu.net\/wordpress\/wp-content\/uploads\/2021\/11\/partenza-categoria-Ragazze-300x200.jpg 300w, https:\/\/www.radiopiu.net\/wordpress\/wp-content\/uploads\/2021\/11\/partenza-categoria-Ragazze-1024x682.jpg 1024w, https:\/\/www.radiopiu.net\/wordpress\/wp-content\/uploads\/2021\/11\/partenza-categoria-Ragazze-768x512.jpg 768w, https:\/\/www.radiopiu.net\/wordpress\/wp-content\/uploads\/2021\/11\/partenza-categoria-Ragazze-1536x1023.jpg 1536w, https:\/\/www.radiopiu.net\/wordpress\/wp-content\/uploads\/2021\/11\/partenza-categoria-Ragazze.jpg 1600w\" sizes=\"auto, (max-width: 300px) 100vw, 300px\" \/><\/a>\n\t\t\t\t<\/dt><\/dl><dl class='gallery-item'>\n\t\t\t\t<dt class='gallery-icon landscape'>\n\t\t\t\t\t<a class=\"rollover rollover-zoom dt-pswp-item\" title=\"podio categoria Cuccioli\" data-dt-img-description=\"\" data-large_image_width=\"1024\" data-large_image_height=\"768\"href='https:\/\/www.radiopiu.net\/wordpress\/wp-content\/uploads\/2021\/11\/podio-categoria-Cuccioli.jpeg'><img loading=\"lazy\" decoding=\"async\" width=\"300\" height=\"225\" src=\"https:\/\/www.radiopiu.net\/wordpress\/wp-content\/uploads\/2021\/11\/podio-categoria-Cuccioli-300x225.jpeg\" class=\"attachment-medium size-medium\" alt=\"\" srcset=\"https:\/\/www.radiopiu.net\/wordpress\/wp-content\/uploads\/2021\/11\/podio-categoria-Cuccioli-300x225.jpeg 300w, https:\/\/www.radiopiu.net\/wordpress\/wp-content\/uploads\/2021\/11\/podio-categoria-Cuccioli-768x576.jpeg 768w, https:\/\/www.radiopiu.net\/wordpress\/wp-content\/uploads\/2021\/11\/podio-categoria-Cuccioli.jpeg 1024w\" sizes=\"auto, (max-width: 300px) 100vw, 300px\" \/><\/a>\n\t\t\t\t<\/dt><\/dl><dl class='gallery-item'>\n\t\t\t\t<dt class='gallery-icon landscape'>\n\t\t\t\t\t<a class=\"rollover rollover-zoom dt-pswp-item\" title=\"podiocategoria Cucciole\" data-dt-img-description=\"\" data-large_image_width=\"1023\" data-large_image_height=\"683\"href='https:\/\/www.radiopiu.net\/wordpress\/wp-content\/uploads\/2021\/11\/podiocategoria-Cucciole.jpeg'><img loading=\"lazy\" decoding=\"async\" width=\"300\" height=\"200\" src=\"https:\/\/www.radiopiu.net\/wordpress\/wp-content\/uploads\/2021\/11\/podiocategoria-Cucciole-300x200.jpeg\" class=\"attachment-medium size-medium\" alt=\"\" srcset=\"https:\/\/www.radiopiu.net\/wordpress\/wp-content\/uploads\/2021\/11\/podiocategoria-Cucciole-300x200.jpeg 300w, https:\/\/www.radiopiu.net\/wordpress\/wp-content\/uploads\/2021\/11\/podiocategoria-Cucciole-768x513.jpeg 768w, https:\/\/www.radiopiu.net\/wordpress\/wp-content\/uploads\/2021\/11\/podiocategoria-Cucciole.jpeg 1023w\" sizes=\"auto, (max-width: 300px) 100vw, 300px\" \/><\/a>\n\t\t\t\t<\/dt><\/dl><br style=\"clear: both\" \/>\n\t\t\t<\/div>\n\n<p>&nbsp;<\/p>\n<p>&nbsp;<\/p>\n<p>****<\/p>\n","protected":false},"excerpt":{"rendered":"<p>PEDAVENA Pioggia e fango hanno caratterizzato la terza prova del Campionato provinciale di corsa campestre 2021, evento proposto domenica 14 novembre dal comitato di Belluno del Centro sportivo italiano in sinergia con quello di Feltre e valevole per il 23.mo Trofeo giovanile Serafino Barp e per i trofei Kiwi Sport (categorie assolute) e Alpen Plus&hellip;<\/p>\n","protected":false},"author":4,"featured_media":242810,"comment_status":"closed","ping_status":"open","sticky":false,"template":"","format":"standard","meta":{"_monsterinsights_skip_tracking":false,"_monsterinsights_sitenote_active":false,"_monsterinsights_sitenote_note":"","_monsterinsights_sitenote_category":0,"footnotes":""},"categories":[49],"tags":[],"class_list":["post-242803","post","type-post","status-publish","format-standard","has-post-thumbnail","hentry","category-news-18","category-49","description-off"],"img_url":"https:\/\/www.radiopiu.net\/wordpress\/wp-content\/uploads\/2021\/11\/partenza-categoria-Cuccioli.jpeg","_links":{"self":[{"href":"https:\/\/www.radiopiu.net\/wordpress\/wp-json\/wp\/v2\/posts\/242803","targetHints":{"allow":["GET"]}}],"collection":[{"href":"https:\/\/www.radiopiu.net\/wordpress\/wp-json\/wp\/v2\/posts"}],"about":[{"href":"https:\/\/www.radiopiu.net\/wordpress\/wp-json\/wp\/v2\/types\/post"}],"author":[{"embeddable":true,"href":"https:\/\/www.radiopiu.net\/wordpress\/wp-json\/wp\/v2\/users\/4"}],"replies":[{"embeddable":true,"href":"https:\/\/www.radiopiu.net\/wordpress\/wp-json\/wp\/v2\/comments?post=242803"}],"version-history":[{"count":0,"href":"https:\/\/www.radiopiu.net\/wordpress\/wp-json\/wp\/v2\/posts\/242803\/revisions"}],"wp:featuredmedia":[{"embeddable":true,"href":"https:\/\/www.radiopiu.net\/wordpress\/wp-json\/wp\/v2\/media\/242810"}],"wp:attachment":[{"href":"https:\/\/www.radiopiu.net\/wordpress\/wp-json\/wp\/v2\/media?parent=242803"}],"wp:term":[{"taxonomy":"category","embeddable":true,"href":"https:\/\/www.radiopiu.net\/wordpress\/wp-json\/wp\/v2\/categories?post=242803"},{"taxonomy":"post_tag","embeddable":true,"href":"https:\/\/www.radiopiu.net\/wordpress\/wp-json\/wp\/v2\/tags?post=242803"}],"curies":[{"name":"wp","href":"https:\/\/api.w.org\/{rel}","templated":true}]}}