{"id":242859,"date":"2021-11-15T05:29:30","date_gmt":"2021-11-15T04:29:30","guid":{"rendered":"https:\/\/www.radiopiu.net\/wordpress\/?p=242859"},"modified":"2021-11-15T10:58:48","modified_gmt":"2021-11-15T09:58:48","slug":"vergogna-dopo-la-lepre-e-il-cervo-lagonia-di-una-volpe","status":"publish","type":"post","link":"https:\/\/www.radiopiu.net\/wordpress\/vergogna-dopo-la-lepre-e-il-cervo-lagonia-di-una-volpe\/","title":{"rendered":"VERGOGNA! DOPO LA LEPRE E IL CERVO L&#8217;AGONIA DI UNA VOLPE"},"content":{"rendered":"<p><strong><img loading=\"lazy\" decoding=\"async\" class=\"alignleft\" src=\"https:\/\/www.radiopiu.net\/wordpress\/wp-content\/uploads\/2021\/11\/fox-2256197_960_720.jpg\" width=\"287\" height=\"191\" \/>BELLUNO <\/strong>Chiss\u00e0 se il consigliere provinciale delegato\u00a0 Franco De Bon (dimissionario da qualche giorno)\u00a0 torner\u00e0 sui giornali\u00a0 a strombazzare l&#8217;importanza del Cras (Centro recupero animali selvatici) di Treviso per la soluzione dei problemi di una Provincia che si definisce &#8220;montana&#8221;. La stessa provincia che spende milioni di euro per una pista di bob, che ospita mondiali e olimpiadi che si definisce civile. Dopo il cervo in agonia per una notte intera ai lati della 203 agordina e dopo la lepre morta in Valbelluna come raccontato nei particolari dall&#8217;attore Roberto Faoro un altro episodio vergognoso che getta ulteriore fango sulla dolomitica Belluno, quella del Parco Nazionale delle Dolomiti Bellunesi. Di certo \u00e8 un&#8217;altra pubblicit\u00e0 negativa.<strong><br \/>\n<\/strong><\/p>\n<p><strong>COMELICO<\/strong> Una volpe moribonda in mezzo alle case nella notte tra sabato e domenica. In suo soccorso solo una coperta. La consigliera comunale a Santo Stefano di Cadore\u00a0 Francesca Dell&#8217;Amore ricorda che una sua amica ha chiamato prima i vigili del fuoco e poi i carabinieri forestali, ma senza alcun esito, sentendosi dire che era il caso contattasse la Polizia provinciale. Un agente di quest&#8217;ultima sarebbe partito da Belluno a 70 chilometri alle 13, appena preso servizio.\u00a0 Il Cras di Treviso ha risposto di chiamare\u00a0 la Polizia provinciale. E&#8217; evidente che la distanza fra Treviso e il Comelico renderebbe impossibile un loro intervento. Non arriverebbero in tempo.<\/p>\n<p><strong>FOTO ARCHIVIO RADIOPIU<\/strong><\/p>\n<p>&nbsp;<\/p>\n<p><strong>\u00a0IL MESSAGGIO DI CRISTIANO FANT DOPO L&#8217;EPIDOSODIO\u00a0 DELLA SCORSA SETTIMANA LUNGO LA REGIONALE 203 AGORDIN (VEDI ARTICOLO SUCCESSIVO)<\/strong><\/p>\n<blockquote>\n<div dir=\"auto\"><span style=\"color: #0000ff;\">QUALCUNO SA QUALE ORGANO DI POLIZIA GIUDIZIARIA ERA SUL POSTO AL MOMENTO DELL&#8217;INCIDENTE (CARABINIERI, POLIZIA STRADALE, ECC.)? 347\/8824026 &#8211; belluno@earth-associazione.org. L&#8217;anonimato \u00e8 garantito.<\/span><\/div>\n<\/blockquote>\n<p>&nbsp;<\/p>\n<p><span style=\"color: #ff0000;\"><strong>ARTICOLI PRECEDENTI<\/strong><\/span><\/p>\n<blockquote>\n<h3>CERVO AGONIZZANTE, DAL PD &#8220;INDISPENSABILE UN CRAS NEL BELLUNESE&#8221;<\/h3>\n<\/blockquote>\n<blockquote><p><em>Se in Lombardia stanziano 700mila euro per il biennio 2021\/22, in Veneto siamo fermi ai 180mila dell\u2019anno in corso, 34mila euro in meno rispetto al 2020\u201d.<\/em><\/p><\/blockquote>\n<p><strong><a href=\"https:\/\/www.radiopiu.net\/wordpress\/cervo-agonizzante-dal-pd-indispensabile-un-cras-nel-bellunese\/deer-4381666__340\/\" rel=\"attachment wp-att-242351\"><img loading=\"lazy\" decoding=\"async\" class=\"size-medium wp-image-242351 alignleft\" src=\"https:\/\/www.radiopiu.net\/wordpress\/wp-content\/uploads\/2021\/11\/deer-4381666__340-300x191.jpg\" alt=\"\" width=\"300\" height=\"191\" srcset=\"https:\/\/www.radiopiu.net\/wordpress\/wp-content\/uploads\/2021\/11\/deer-4381666__340-300x191.jpg 300w, https:\/\/www.radiopiu.net\/wordpress\/wp-content\/uploads\/2021\/11\/deer-4381666__340.jpg 535w\" sizes=\"auto, (max-width: 300px) 100vw, 300px\" \/><\/a>VENEZIA<\/strong> <em>\u201cFa orrore sapere che per ore un animale resta agonizzante a bordo strada, senza che nessuno si preoccupi di chiamare soccorsi, non mancando per\u00f2 di scattare delle foto; \u00e8 una cosa indegna di una Regione civile e conferma una volta di pi\u00f9 la necessit\u00e0 di avere un Cras (Centro recupero animali selvatici) nel Bellunese, come abbiamo chiesto pi\u00f9 volte\u201d<\/em>. \u00c8 quanto dicono i consiglieri dell\u2019Intergruppo per la tutela degli animali e la conservazione della natura Andrea Zanoni, Anna Maria Bigon (PD) e Cristina Guarda (Europa Verde) a proposito del cervo investito a Sedico ieri sera verso le 19, a pochi metri dalla caserma dei Carabinieri forestali, stamane alle 7 ancora agonizzante a bordo strada.\u00a0 <em>\u201cQueste strutture hanno un ruolo fondamentale, come il pronto soccorso previsto dalla legge, ma spesso non sono in condizione di svolgerlo per carenza di fondi. Senza dimenticare che ci sono intere province scoperte, a cominciare da Belluno che deve appoggiarsi su Treviso con tempistiche di trasferimento lunghe, difficoltose e nella maggior parte dei casi proibitive. Lo scorso dicembre abbiamo depositato due dettagliate interrogazioni per avere una ricognizione sul numero dei Centri, da chi sono gestiti, a quanto ammontano i finanziamenti e sulla loro attivit\u00e0, su quanti animali erano stati soccorsi, riabilitati e liberati: dopo quasi un anno non abbiamo ancora ricevuto risposta, perch\u00e9 la Regione tace?\u201d. <\/em>Nelle sessioni di bilancio le richieste del PD di maggiori risorse sono state\u00a0 bocciate, ma la tutela e la cura della fauna selvatica non possono essere affidate al \u2018fai da te\u2019. Ecco perch\u00e9 anche nella manovra di bilancio delle prossime settimane il PD annuncia di ripresentare degli emendamenti per avere fondi adeguati.<\/p>\n<p>&nbsp;<\/p>\n<hr \/>\n<blockquote>\n<h3>IL CONSIGLIERE FRANCO DE BON- dimissionario &#8211; PRESENTA IL PIANO PER NON FAR SOFFRIRE GLI ANIMALI&#8230;<\/h3>\n<h3><em>Il Cras: centro recupero degli animali selvatici. In provincia si contano 370 episodi l&#8217;anno, si contano 35 mila ungulati oltre ai cinghiali. Gli incidenti sono quotidiani<\/em><\/h3>\n<\/blockquote>\n<p><strong>BELLUNO<\/strong> Intervenendo sul Corriere delle Alpi l&#8217;amministratore bellunese loda il\u00a0 protocollo per il benessere degli animali che cambia anche il piano faunistico venatorio. La Provincia di Belluno ha rinnovato la convenzione con quella di Treviso dove esiste un Centro di recupero degli animali selvatici e dove, quindi, verr\u00e0 mandata a curare la fauna bellunese ferita o ammalata, ma con speranze di recupero. Peccato che\u00a0 De Bon non spenda una parola per il grave episodio di ieri mattina con un cervo lasciato agonizzante una notte intera, oppure per l&#8217;altro caso segnalato dall&#8217;attore Roberto Faoro che nell&#8217;eventualit\u00e0 fosse sfuggito al consigliere provinciale lo riproponiamo. In quanto al Cras di Treviso staremo a vedere se sar\u00e0 sufficiente a salvare la vita degli animali, investiti in Comelico o a Livinallongo del Col di Lana, visto che la strada per Treviso non \u00e8 certo quella dell&#8217;orto.<\/p>\n<blockquote>\n<h3>MUORE LA LEPRE TROVATA AGONIZZANTE, ROBERTO FAORO &#8220;ABBIAMO CHIAMATO IL MONDO MA NON E&#8217; VENUTO NESSUNO A PARTE IL PRESIDENTE DEI CACCIATORI&#8221;<\/h3>\n<\/blockquote>\n<p>&nbsp;<\/p>\n<p><a class=\"dt-pswp-item\" href=\"https:\/\/www.radiopiu.net\/wordpress\/wp-content\/uploads\/2021\/10\/download-1.jpg\" data-dt-img-description=\"\" data-large_image_width=\"194\" data-large_image_height=\"259\"><img loading=\"lazy\" decoding=\"async\" class=\"size-thumbnail wp-image-238931 alignleft\" src=\"https:\/\/www.radiopiu.net\/wordpress\/wp-content\/uploads\/2021\/10\/download-1-150x150.jpg\" alt=\"\" width=\"150\" height=\"150\" \/><\/a><strong>DIRETTA RADIO PIU&#8217;<\/strong><\/p>\n<p>LA TESTIMONIANZA DA FELTRE<\/p>\n<p><strong>CON ROBERTO FAORO<\/strong><\/p>\n<p>&nbsp;<\/p>\n<p>&nbsp;<\/p>\n<p>&nbsp;<\/p>\n<audio class=\"wp-audio-shortcode\" id=\"audio-242859-1\" preload=\"none\" style=\"width: 100%;\" controls=\"controls\"><source type=\"audio\/mpeg\" src=\"https:\/\/www.radiopiu.net\/wordpress\/wp-content\/uploads\/2021\/10\/ROBERTO-FAORO.mp3?_=1\" \/><a href=\"https:\/\/www.radiopiu.net\/wordpress\/wp-content\/uploads\/2021\/10\/ROBERTO-FAORO.mp3\">https:\/\/www.radiopiu.net\/wordpress\/wp-content\/uploads\/2021\/10\/ROBERTO-FAORO.mp3<\/a><\/audio>\n<p>&nbsp;<\/p>\n<p>&nbsp;<\/p>\n","protected":false},"excerpt":{"rendered":"<p>BELLUNO Chiss\u00e0 se il consigliere provinciale delegato\u00a0 Franco De Bon (dimissionario da qualche giorno)\u00a0 torner\u00e0 sui giornali\u00a0 a strombazzare l&#8217;importanza del Cras (Centro recupero animali selvatici) di Treviso per la soluzione dei problemi di una Provincia che si definisce &#8220;montana&#8221;. La stessa provincia che spende milioni di euro per una pista di bob, che ospita&hellip;<\/p>\n","protected":false},"author":4,"featured_media":242860,"comment_status":"closed","ping_status":"open","sticky":false,"template":"","format":"standard","meta":{"_monsterinsights_skip_tracking":false,"_monsterinsights_sitenote_active":false,"_monsterinsights_sitenote_note":"","_monsterinsights_sitenote_category":0,"footnotes":""},"categories":[51,49],"tags":[],"class_list":["post-242859","post","type-post","status-publish","format-standard","has-post-thumbnail","hentry","category-evidenza-top","category-news-18","category-51","category-49","description-off"],"img_url":"https:\/\/www.radiopiu.net\/wordpress\/wp-content\/uploads\/2021\/11\/fox-2256197_960_720.jpg","_links":{"self":[{"href":"https:\/\/www.radiopiu.net\/wordpress\/wp-json\/wp\/v2\/posts\/242859","targetHints":{"allow":["GET"]}}],"collection":[{"href":"https:\/\/www.radiopiu.net\/wordpress\/wp-json\/wp\/v2\/posts"}],"about":[{"href":"https:\/\/www.radiopiu.net\/wordpress\/wp-json\/wp\/v2\/types\/post"}],"author":[{"embeddable":true,"href":"https:\/\/www.radiopiu.net\/wordpress\/wp-json\/wp\/v2\/users\/4"}],"replies":[{"embeddable":true,"href":"https:\/\/www.radiopiu.net\/wordpress\/wp-json\/wp\/v2\/comments?post=242859"}],"version-history":[{"count":0,"href":"https:\/\/www.radiopiu.net\/wordpress\/wp-json\/wp\/v2\/posts\/242859\/revisions"}],"wp:featuredmedia":[{"embeddable":true,"href":"https:\/\/www.radiopiu.net\/wordpress\/wp-json\/wp\/v2\/media\/242860"}],"wp:attachment":[{"href":"https:\/\/www.radiopiu.net\/wordpress\/wp-json\/wp\/v2\/media?parent=242859"}],"wp:term":[{"taxonomy":"category","embeddable":true,"href":"https:\/\/www.radiopiu.net\/wordpress\/wp-json\/wp\/v2\/categories?post=242859"},{"taxonomy":"post_tag","embeddable":true,"href":"https:\/\/www.radiopiu.net\/wordpress\/wp-json\/wp\/v2\/tags?post=242859"}],"curies":[{"name":"wp","href":"https:\/\/api.w.org\/{rel}","templated":true}]}}