{"id":242982,"date":"2021-11-15T23:59:38","date_gmt":"2021-11-15T22:59:38","guid":{"rendered":"https:\/\/www.radiopiu.net\/wordpress\/?p=242982"},"modified":"2021-11-16T06:13:22","modified_gmt":"2021-11-16T05:13:22","slug":"acqua-di-nuovo-potabile-a-canale-dagordo","status":"publish","type":"post","link":"https:\/\/www.radiopiu.net\/wordpress\/acqua-di-nuovo-potabile-a-canale-dagordo\/","title":{"rendered":"ACQUA DI NUOVO\u00a0 POTABILE\u00a0 A CANALE D&#8217;AGORDO"},"content":{"rendered":"<p>&nbsp;<\/p>\n<blockquote>\n<blockquote>\n<h3><\/h3>\n<\/blockquote>\n<p><strong><a href=\"https:\/\/www.radiopiu.net\/wordpress\/giornale-radiopiu-09-agosto-2018-direttore-mirko-mezzacasa\/acqua\/\" rel=\"attachment wp-att-57052\"><img loading=\"lazy\" decoding=\"async\" class=\" wp-image-57052 alignleft\" src=\"https:\/\/www.radiopiu.net\/wordpress\/wp-content\/uploads\/2018\/08\/ACQUA-300x180.jpeg\" alt=\"\" width=\"218\" height=\"131\" srcset=\"https:\/\/www.radiopiu.net\/wordpress\/wp-content\/uploads\/2018\/08\/ACQUA-300x180.jpeg 300w, https:\/\/www.radiopiu.net\/wordpress\/wp-content\/uploads\/2018\/08\/ACQUA-768x461.jpeg 768w, https:\/\/www.radiopiu.net\/wordpress\/wp-content\/uploads\/2018\/08\/ACQUA-1024x614.jpeg 1024w, https:\/\/www.radiopiu.net\/wordpress\/wp-content\/uploads\/2018\/08\/ACQUA.jpeg 1280w\" sizes=\"auto, (max-width: 218px) 100vw, 218px\" \/><\/a> <\/strong><\/p>\n<p><strong>\u00a0<\/strong><strong>CANALE D&#8217;AGORDO<\/strong> Gestione Servizi Pubblici informa che a CANALE D&#8217; AGORDO nelle localit\u00e0 FREGONA, PISOLIVA e LA MORA, l&#8217;acqua erogata dall&#8217;acquedotto \u00e8 di nuovo potabile e pu\u00f2 essere usata, quindi, per scopi alimentari.<\/p>\n<p><strong>ROCCA PIETORE E LIVINALLONGO<\/strong> Gestione Servizi Pubblici informa che, per lavori alla rete idrica comunale, MERCOLEDI dalle 8.30 a FINE LAVORI, verr\u00e0 sospesa l\u2019erogazione dell\u2019acqua a ROCCA PIETORE nel CAPOLUOGO, \u00a0a LIVINALLONGO DEL COL DI LANA, in localit\u00e0 SALESEI DI SOPRA<\/p><\/blockquote>\n","protected":false},"excerpt":{"rendered":"<p>&nbsp; \u00a0CANALE D&#8217;AGORDO Gestione Servizi Pubblici informa che a CANALE D&#8217; AGORDO nelle localit\u00e0 FREGONA, PISOLIVA e LA MORA, l&#8217;acqua erogata dall&#8217;acquedotto \u00e8 di nuovo potabile e pu\u00f2 essere usata, quindi, per scopi alimentari. ROCCA PIETORE E LIVINALLONGO Gestione Servizi Pubblici informa che, per lavori alla rete idrica comunale, MERCOLEDI dalle 8.30 a FINE LAVORI,&hellip;<\/p>\n","protected":false},"author":4,"featured_media":234651,"comment_status":"closed","ping_status":"open","sticky":false,"template":"","format":"standard","meta":{"_monsterinsights_skip_tracking":false,"_monsterinsights_sitenote_active":false,"_monsterinsights_sitenote_note":"","_monsterinsights_sitenote_category":0,"footnotes":""},"categories":[51,49],"tags":[],"class_list":["post-242982","post","type-post","status-publish","format-standard","has-post-thumbnail","hentry","category-evidenza-top","category-news-18","category-51","category-49","description-off"],"img_url":"https:\/\/www.radiopiu.net\/wordpress\/wp-content\/uploads\/2021\/09\/BICCHIERE-ACQUA.jpg","_links":{"self":[{"href":"https:\/\/www.radiopiu.net\/wordpress\/wp-json\/wp\/v2\/posts\/242982","targetHints":{"allow":["GET"]}}],"collection":[{"href":"https:\/\/www.radiopiu.net\/wordpress\/wp-json\/wp\/v2\/posts"}],"about":[{"href":"https:\/\/www.radiopiu.net\/wordpress\/wp-json\/wp\/v2\/types\/post"}],"author":[{"embeddable":true,"href":"https:\/\/www.radiopiu.net\/wordpress\/wp-json\/wp\/v2\/users\/4"}],"replies":[{"embeddable":true,"href":"https:\/\/www.radiopiu.net\/wordpress\/wp-json\/wp\/v2\/comments?post=242982"}],"version-history":[{"count":0,"href":"https:\/\/www.radiopiu.net\/wordpress\/wp-json\/wp\/v2\/posts\/242982\/revisions"}],"wp:featuredmedia":[{"embeddable":true,"href":"https:\/\/www.radiopiu.net\/wordpress\/wp-json\/wp\/v2\/media\/234651"}],"wp:attachment":[{"href":"https:\/\/www.radiopiu.net\/wordpress\/wp-json\/wp\/v2\/media?parent=242982"}],"wp:term":[{"taxonomy":"category","embeddable":true,"href":"https:\/\/www.radiopiu.net\/wordpress\/wp-json\/wp\/v2\/categories?post=242982"},{"taxonomy":"post_tag","embeddable":true,"href":"https:\/\/www.radiopiu.net\/wordpress\/wp-json\/wp\/v2\/tags?post=242982"}],"curies":[{"name":"wp","href":"https:\/\/api.w.org\/{rel}","templated":true}]}}