{"id":242992,"date":"2021-11-15T11:54:10","date_gmt":"2021-11-15T10:54:10","guid":{"rendered":"https:\/\/www.radiopiu.net\/wordpress\/?p=242992"},"modified":"2021-11-15T11:54:12","modified_gmt":"2021-11-15T10:54:12","slug":"fratello-albero-la-giornata-nazionale-degli-alberi","status":"publish","type":"post","link":"https:\/\/www.radiopiu.net\/wordpress\/fratello-albero-la-giornata-nazionale-degli-alberi\/","title":{"rendered":"FRATELLO ALBERO, LA GIORNATA NAZIONALE DEGLI ALBERI\u00a0"},"content":{"rendered":"<blockquote>\n<h3><\/h3>\n<\/blockquote>\n<p><strong><a href=\"https:\/\/www.radiopiu.net\/wordpress\/?attachment_id=242990\" rel=\"attachment wp-att-242990\"><img loading=\"lazy\" decoding=\"async\" class=\"size-medium wp-image-242990 alignleft\" src=\"https:\/\/www.radiopiu.net\/wordpress\/wp-content\/uploads\/2021\/11\/Fratello-Albero-2021-212x300.jpg\" alt=\"\" width=\"212\" height=\"300\" srcset=\"https:\/\/www.radiopiu.net\/wordpress\/wp-content\/uploads\/2021\/11\/Fratello-Albero-2021-212x300.jpg 212w, https:\/\/www.radiopiu.net\/wordpress\/wp-content\/uploads\/2021\/11\/Fratello-Albero-2021-724x1024.jpg 724w, https:\/\/www.radiopiu.net\/wordpress\/wp-content\/uploads\/2021\/11\/Fratello-Albero-2021-768x1086.jpg 768w, https:\/\/www.radiopiu.net\/wordpress\/wp-content\/uploads\/2021\/11\/Fratello-Albero-2021-1086x1536.jpg 1086w, https:\/\/www.radiopiu.net\/wordpress\/wp-content\/uploads\/2021\/11\/Fratello-Albero-2021.jpg 1131w\" sizes=\"auto, (max-width: 212px) 100vw, 212px\" \/><\/a>FELTRE\u00a0<\/strong> In occasione della Giornata Nazionale degli Alberi, il Comune di Feltre organizza, in collaborazione con il Dipartimento TESAF dell&#8217;Universit\u00e0 di Padova, l&#8217;Istituto \u201cDella Lucia\u201d e la Casa dei beni Comuni la manifestazione dal titolo \u201cFratello Albero\u201d. La giornata si svolger\u00e0 gioved\u00ec. Alle 10 presso l&#8217;area di Pr\u00e0 del Moro si terr\u00e0 la consueta messa\u00a0 dimora di un albero per ogni nuovo nato nel Comune di Feltre nel 2021. Dalle 18, il Museo Diocesano di Arte Sacra in via Paradiso ospiter\u00e0 invece un momento di studio e di approfondimento sulle tematiche relative alla crisi climatica e al processo di ripopolamento del verde urbano che interessa la citt\u00e0, in particolar modo dopo i drammatici effetti della tempesta Vaia del 2018. L&#8217;assessore all&#8217;ambiente del Comune di Feltre Valter Bonan interverr\u00e0 sul tema \u201cFratello Albero: tra crisi climatica e visioni del futuro\u201d. Seguir\u00e0 l&#8217;intervento della dirigente del Settore Gestione del Territorio Enrica De Paulis proprio sul progetto di rigenerazione del verde urbano dopo Vaia. L&#8217;I.I.S. \u201cDella Lucia\u201d proporr\u00e0 i dati del censimento e della georeferenziazione relativi al bilancio arboreo di Feltre; infine il professor Paolo Semenzato, del Dipartimento TESAF dell&#8217;Universit\u00e0 di Padova, interverr\u00e0 su \u201cCriteri e strumenti per una corretta pianificazione e gestione dei popolamenti arborei urbani.\u201d Per l&#8217;accesso, con green pass in corso di validit\u00e0, si consiglia la prenotazione su <a href=\"http:\/\/www.visitfeltre.info\/\">www.visitfeltre.info<\/a> nella sezione eventi.<\/p>\n","protected":false},"excerpt":{"rendered":"<p>FELTRE\u00a0 In occasione della Giornata Nazionale degli Alberi, il Comune di Feltre organizza, in collaborazione con il Dipartimento TESAF dell&#8217;Universit\u00e0 di Padova, l&#8217;Istituto \u201cDella Lucia\u201d e la Casa dei beni Comuni la manifestazione dal titolo \u201cFratello Albero\u201d. La giornata si svolger\u00e0 gioved\u00ec. Alle 10 presso l&#8217;area di Pr\u00e0 del Moro si terr\u00e0 la consueta messa\u00a0&hellip;<\/p>\n","protected":false},"author":4,"featured_media":242990,"comment_status":"closed","ping_status":"open","sticky":false,"template":"","format":"standard","meta":{"_monsterinsights_skip_tracking":false,"_monsterinsights_sitenote_active":false,"_monsterinsights_sitenote_note":"","_monsterinsights_sitenote_category":0,"footnotes":""},"categories":[49],"tags":[],"class_list":["post-242992","post","type-post","status-publish","format-standard","has-post-thumbnail","hentry","category-news-18","category-49","description-off"],"img_url":"https:\/\/www.radiopiu.net\/wordpress\/wp-content\/uploads\/2021\/11\/Fratello-Albero-2021.jpg","_links":{"self":[{"href":"https:\/\/www.radiopiu.net\/wordpress\/wp-json\/wp\/v2\/posts\/242992","targetHints":{"allow":["GET"]}}],"collection":[{"href":"https:\/\/www.radiopiu.net\/wordpress\/wp-json\/wp\/v2\/posts"}],"about":[{"href":"https:\/\/www.radiopiu.net\/wordpress\/wp-json\/wp\/v2\/types\/post"}],"author":[{"embeddable":true,"href":"https:\/\/www.radiopiu.net\/wordpress\/wp-json\/wp\/v2\/users\/4"}],"replies":[{"embeddable":true,"href":"https:\/\/www.radiopiu.net\/wordpress\/wp-json\/wp\/v2\/comments?post=242992"}],"version-history":[{"count":0,"href":"https:\/\/www.radiopiu.net\/wordpress\/wp-json\/wp\/v2\/posts\/242992\/revisions"}],"wp:featuredmedia":[{"embeddable":true,"href":"https:\/\/www.radiopiu.net\/wordpress\/wp-json\/wp\/v2\/media\/242990"}],"wp:attachment":[{"href":"https:\/\/www.radiopiu.net\/wordpress\/wp-json\/wp\/v2\/media?parent=242992"}],"wp:term":[{"taxonomy":"category","embeddable":true,"href":"https:\/\/www.radiopiu.net\/wordpress\/wp-json\/wp\/v2\/categories?post=242992"},{"taxonomy":"post_tag","embeddable":true,"href":"https:\/\/www.radiopiu.net\/wordpress\/wp-json\/wp\/v2\/tags?post=242992"}],"curies":[{"name":"wp","href":"https:\/\/api.w.org\/{rel}","templated":true}]}}