{"id":243016,"date":"2021-11-16T05:53:59","date_gmt":"2021-11-16T04:53:59","guid":{"rendered":"https:\/\/www.radiopiu.net\/wordpress\/?p=243016"},"modified":"2021-11-16T06:10:41","modified_gmt":"2021-11-16T05:10:41","slug":"cras-nel-veneto-il-problema-non-solo-a-belluno-ma-anche-a-verona","status":"publish","type":"post","link":"https:\/\/www.radiopiu.net\/wordpress\/cras-nel-veneto-il-problema-non-solo-a-belluno-ma-anche-a-verona\/","title":{"rendered":"CRAS NEL VENETO: IL PROBLEMA NON SOLO A BELLUNO, MA ANCHE A VERONA"},"content":{"rendered":"<p><strong><a href=\"https:\/\/www.radiopiu.net\/wordpress\/giornale-radiopiu-09-febbraio-2019-direttore-mirko-mezzacasa\/1543590727530_andrea_zanoni_1-2\/\" rel=\"attachment wp-att-75857\"><img loading=\"lazy\" decoding=\"async\" class=\"size-medium wp-image-75857 alignleft\" src=\"https:\/\/www.radiopiu.net\/wordpress\/wp-content\/uploads\/2019\/02\/1543590727530_andrea_zanoni_1-2-300x200.jpg\" alt=\"\" width=\"300\" height=\"200\" srcset=\"https:\/\/www.radiopiu.net\/wordpress\/wp-content\/uploads\/2019\/02\/1543590727530_andrea_zanoni_1-2-300x200.jpg 300w, https:\/\/www.radiopiu.net\/wordpress\/wp-content\/uploads\/2019\/02\/1543590727530_andrea_zanoni_1-2-768x512.jpg 768w, https:\/\/www.radiopiu.net\/wordpress\/wp-content\/uploads\/2019\/02\/1543590727530_andrea_zanoni_1-2.jpg 1000w\" sizes=\"auto, (max-width: 300px) 100vw, 300px\" \/><\/a>VENEZIA<\/strong> <em>\u201cDobbiamo aumentare i fondi per i Centri di recupero degli animali selvatici (Cras), mi auguro che la giusta ondata di indignazione legata agli ultimi fatti di cronaca spinga la Regione a prestare la necessaria attenzione, con adeguati finanziamenti, nella manovra di bilancio\u201d.<\/em> L\u2019auspicio \u00e8 di Andrea Zanoni e Anna Maria Bigon, consiglieri regionali del Partito Democratico, a proposito dell\u2019odissea di Alessandro Bonato, giovane direttore di orchestra veronese, che dopo aver notato una volpe ferita a bordo strada ha fatto decine di telefonate per allertare i soccorsi, restando per due ore a fianco dell\u2019animale che poi \u00e8 morto.<em> \u201cAbbiamo letto la sua denuncia e la frustrazione per il senso di impotenza.\u00a0 Il fatto che autorevoli esponenti del mondo della cultura si schierino a fianco di una battaglia di civilt\u00e0 come questa, \u00e8 un segnale importante. I Cras devono essere messi nelle condizioni di lavorare h24, sette giorni su sette; \u00e8 grave la mancata attuazione delle norme sul recupero degli animali feriti, previste sia dalla legge nazionale che regionale. Nel prossimo bilancio proporremo un emendamento per aumentare le risorse destinate a queste strutture: anzich\u00e9 i soliti e insufficienti 180mila euro, chiederemo uno stanziamento di 700mila euro per il prossimo biennio, per portarci alla pari con la vicina Lombardia\u201d.<\/em><\/p>\n","protected":false},"excerpt":{"rendered":"<p>VENEZIA \u201cDobbiamo aumentare i fondi per i Centri di recupero degli animali selvatici (Cras), mi auguro che la giusta ondata di indignazione legata agli ultimi fatti di cronaca spinga la Regione a prestare la necessaria attenzione, con adeguati finanziamenti, nella manovra di bilancio\u201d. L\u2019auspicio \u00e8 di Andrea Zanoni e Anna Maria Bigon, consiglieri regionali del&hellip;<\/p>\n","protected":false},"author":4,"featured_media":75857,"comment_status":"closed","ping_status":"open","sticky":false,"template":"","format":"standard","meta":{"_monsterinsights_skip_tracking":false,"_monsterinsights_sitenote_active":false,"_monsterinsights_sitenote_note":"","_monsterinsights_sitenote_category":0,"footnotes":""},"categories":[104,49],"tags":[],"class_list":["post-243016","post","type-post","status-publish","format-standard","has-post-thumbnail","hentry","category-evidenza_3","category-news-18","category-104","category-49","description-off"],"img_url":"https:\/\/www.radiopiu.net\/wordpress\/wp-content\/uploads\/2019\/02\/1543590727530_andrea_zanoni_1-2.jpg","_links":{"self":[{"href":"https:\/\/www.radiopiu.net\/wordpress\/wp-json\/wp\/v2\/posts\/243016","targetHints":{"allow":["GET"]}}],"collection":[{"href":"https:\/\/www.radiopiu.net\/wordpress\/wp-json\/wp\/v2\/posts"}],"about":[{"href":"https:\/\/www.radiopiu.net\/wordpress\/wp-json\/wp\/v2\/types\/post"}],"author":[{"embeddable":true,"href":"https:\/\/www.radiopiu.net\/wordpress\/wp-json\/wp\/v2\/users\/4"}],"replies":[{"embeddable":true,"href":"https:\/\/www.radiopiu.net\/wordpress\/wp-json\/wp\/v2\/comments?post=243016"}],"version-history":[{"count":0,"href":"https:\/\/www.radiopiu.net\/wordpress\/wp-json\/wp\/v2\/posts\/243016\/revisions"}],"wp:featuredmedia":[{"embeddable":true,"href":"https:\/\/www.radiopiu.net\/wordpress\/wp-json\/wp\/v2\/media\/75857"}],"wp:attachment":[{"href":"https:\/\/www.radiopiu.net\/wordpress\/wp-json\/wp\/v2\/media?parent=243016"}],"wp:term":[{"taxonomy":"category","embeddable":true,"href":"https:\/\/www.radiopiu.net\/wordpress\/wp-json\/wp\/v2\/categories?post=243016"},{"taxonomy":"post_tag","embeddable":true,"href":"https:\/\/www.radiopiu.net\/wordpress\/wp-json\/wp\/v2\/tags?post=243016"}],"curies":[{"name":"wp","href":"https:\/\/api.w.org\/{rel}","templated":true}]}}