{"id":243041,"date":"2021-11-16T05:55:23","date_gmt":"2021-11-16T04:55:23","guid":{"rendered":"https:\/\/www.radiopiu.net\/wordpress\/?p=243041"},"modified":"2021-11-16T06:10:15","modified_gmt":"2021-11-16T05:10:15","slug":"i-nuovi-casi-di-covid-interessano-leta-pediatrica-6-i-pazienti-ricoverati-1-in-terapia-intensiva","status":"publish","type":"post","link":"https:\/\/www.radiopiu.net\/wordpress\/i-nuovi-casi-di-covid-interessano-leta-pediatrica-6-i-pazienti-ricoverati-1-in-terapia-intensiva\/","title":{"rendered":"I NUOVI CASI DI COVID INTERESSANO L&#8217;ETA&#8217; PEDIATRICA, 6 I PAZIENTI RICOVERATI, 1 IN TERAPIA INTENSIVA"},"content":{"rendered":"<p><strong><a href=\"https:\/\/www.radiopiu.net\/wordpress\/i-nuovi-casi-di-covid-interessano-leta-pediatrica-6-i-pazienti-ricoverati-1-in-terapia-intensiva\/6850a901-b38d-41b1-a601-357453fcc54f\/\" rel=\"attachment wp-att-243042\"><img loading=\"lazy\" decoding=\"async\" class=\"size-medium wp-image-243042 alignleft\" src=\"https:\/\/www.radiopiu.net\/wordpress\/wp-content\/uploads\/2021\/11\/6850a901-b38d-41b1-a601-357453fcc54f-290x300.jpg\" alt=\"\" width=\"290\" height=\"300\" srcset=\"https:\/\/www.radiopiu.net\/wordpress\/wp-content\/uploads\/2021\/11\/6850a901-b38d-41b1-a601-357453fcc54f-290x300.jpg 290w, https:\/\/www.radiopiu.net\/wordpress\/wp-content\/uploads\/2021\/11\/6850a901-b38d-41b1-a601-357453fcc54f-991x1024.jpg 991w, https:\/\/www.radiopiu.net\/wordpress\/wp-content\/uploads\/2021\/11\/6850a901-b38d-41b1-a601-357453fcc54f-768x794.jpg 768w, https:\/\/www.radiopiu.net\/wordpress\/wp-content\/uploads\/2021\/11\/6850a901-b38d-41b1-a601-357453fcc54f-1486x1536.jpg 1486w, https:\/\/www.radiopiu.net\/wordpress\/wp-content\/uploads\/2021\/11\/6850a901-b38d-41b1-a601-357453fcc54f.jpg 1548w\" sizes=\"auto, (max-width: 290px) 100vw, 290px\" \/><\/a>BELLUNO<\/strong> L&#8217;Ulss1 rileva nell&#8217;ultima settimana 260 nuovi casi, 79 in pi\u00f9 rispetto alla settimana precedente e il tasso di incidenza settimanale sale a 130 casi su 100 mila abitanti, superiore all&#8217;incidenza nazionale (86,6 su 100 mila abitanti).<strong> La mappa<\/strong> per Comune ribadisce il maggior numero di casi al confine tra Comelico, San Pietro, San Nicolo&#8217; e Santo Stefano di Cadore (pi\u00f9 di 500 casi ogni 100 mila abitanti). Nella mappa la colorazione mette in evidenza un numero di casi tra 251 e 500 a Calazo, Voltago, Cesiomaggiore, Sovramonte, Pedavena e Quero Vas. Poco sotto, 1-125 casi Cortina, Vigo, Pieve, Longarone, Ponte Nelle Alpi e Santa Giustina. Sempre meno i comuni &#8220;bianchi&#8221; dove non sono registrati casi negli ultimi sette giorni. Anche nella settimana trascorsa i nuovi casi si collocano prevalentemente in et\u00e0 pediatrica e nelle fasce d\u2019et\u00e0 centrali. Il dato relativo all\u2019et\u00e0 pediatrica \u00e8 spiegabile con la non vaccinabilit\u00e0 dei soggetti fino a 11 anni. L\u2019incidenza nelle fasce d\u2019et\u00e0 centrali deriva invece da una copertura vaccinale ancora non risolutiva, combinata con una mobilit\u00e0 sociale molto elevata di questa categoria di persone. L\u2019Ulss Dolomiti rimane fortemente impegnata nell\u2019esecuzione dei<strong> tamponi molecolari<\/strong> (a finalit\u00e0 diagnostica) oltre alla nuova operativit\u00e0 relativa ai tamponi antigenici (rapidi), per buona parte finalizzati al rilascio del Green Pass nei soggetti non vaccinati. Particolarmente significativo a questo proposito risulta il grande lavoro svolto dalle farmacie del territorio. <strong>TERAPIA CON ANTICORPI MONOCLONALI <\/strong>Sono state trattate con anticorpi monoclonali dall\u2019Unit\u00e0 Operativa di Malattie Infettive di Belluno 120 persone. Nella settimana qui analizzata sono stati somministrati 8 trattamenti con monoclonali. <strong>RICOVERI <\/strong>Sono attualmente ricoverati: \u2981 area non critica \u2013 ospedale San Martino: 6 pazienti (di anni: 68,74, 75, 81, 85 e 91) \u2981 Terapia Intensiva \u2013 ospedale di Feltre: 1 paziente (trasferito da fuori ulss)<\/p>\n<p>&nbsp;<\/p>\n<p><strong>Nel grafico la media settimanale dei nuovi casi positivi (descritta dall\u2019inizio dell\u2019epidemia Covid).<\/strong><\/p>\n<p><a href=\"https:\/\/www.radiopiu.net\/wordpress\/i-nuovi-casi-di-covid-interessano-leta-pediatrica-6-i-pazienti-ricoverati-1-in-terapia-intensiva\/8dadd84c-59b9-4be5-b535-113759bc0068\/\" rel=\"attachment wp-att-243044\"><img loading=\"lazy\" decoding=\"async\" class=\"alignnone size-medium wp-image-243044\" src=\"https:\/\/www.radiopiu.net\/wordpress\/wp-content\/uploads\/2021\/11\/8dadd84c-59b9-4be5-b535-113759bc0068-300x162.jpg\" alt=\"\" width=\"300\" height=\"162\" srcset=\"https:\/\/www.radiopiu.net\/wordpress\/wp-content\/uploads\/2021\/11\/8dadd84c-59b9-4be5-b535-113759bc0068-300x162.jpg 300w, https:\/\/www.radiopiu.net\/wordpress\/wp-content\/uploads\/2021\/11\/8dadd84c-59b9-4be5-b535-113759bc0068-768x416.jpg 768w, https:\/\/www.radiopiu.net\/wordpress\/wp-content\/uploads\/2021\/11\/8dadd84c-59b9-4be5-b535-113759bc0068.jpg 787w\" sizes=\"auto, (max-width: 300px) 100vw, 300px\" \/><\/a><\/p>\n<p><strong>TAMPONI<\/strong><\/p>\n<p><a href=\"https:\/\/www.radiopiu.net\/wordpress\/i-nuovi-casi-di-covid-interessano-leta-pediatrica-6-i-pazienti-ricoverati-1-in-terapia-intensiva\/e28ebabd-79be-415b-a308-b707e436d59b\/\" rel=\"attachment wp-att-243043\"><img loading=\"lazy\" decoding=\"async\" class=\"alignnone size-medium wp-image-243043\" src=\"https:\/\/www.radiopiu.net\/wordpress\/wp-content\/uploads\/2021\/11\/e28ebabd-79be-415b-a308-b707e436d59b-283x300.jpg\" alt=\"\" width=\"283\" height=\"300\" srcset=\"https:\/\/www.radiopiu.net\/wordpress\/wp-content\/uploads\/2021\/11\/e28ebabd-79be-415b-a308-b707e436d59b-283x300.jpg 283w, https:\/\/www.radiopiu.net\/wordpress\/wp-content\/uploads\/2021\/11\/e28ebabd-79be-415b-a308-b707e436d59b.jpg 496w\" sizes=\"auto, (max-width: 283px) 100vw, 283px\" \/><\/a><\/p>\n","protected":false},"excerpt":{"rendered":"<p>BELLUNO L&#8217;Ulss1 rileva nell&#8217;ultima settimana 260 nuovi casi, 79 in pi\u00f9 rispetto alla settimana precedente e il tasso di incidenza settimanale sale a 130 casi su 100 mila abitanti, superiore all&#8217;incidenza nazionale (86,6 su 100 mila abitanti). La mappa per Comune ribadisce il maggior numero di casi al confine tra Comelico, San Pietro, San Nicolo&#8217;&hellip;<\/p>\n","protected":false},"author":4,"featured_media":243042,"comment_status":"closed","ping_status":"open","sticky":false,"template":"","format":"standard","meta":{"_monsterinsights_skip_tracking":false,"_monsterinsights_sitenote_active":false,"_monsterinsights_sitenote_note":"","_monsterinsights_sitenote_category":0,"footnotes":""},"categories":[51,49],"tags":[],"class_list":["post-243041","post","type-post","status-publish","format-standard","has-post-thumbnail","hentry","category-evidenza-top","category-news-18","category-51","category-49","description-off"],"img_url":"https:\/\/www.radiopiu.net\/wordpress\/wp-content\/uploads\/2021\/11\/6850a901-b38d-41b1-a601-357453fcc54f.jpg","_links":{"self":[{"href":"https:\/\/www.radiopiu.net\/wordpress\/wp-json\/wp\/v2\/posts\/243041","targetHints":{"allow":["GET"]}}],"collection":[{"href":"https:\/\/www.radiopiu.net\/wordpress\/wp-json\/wp\/v2\/posts"}],"about":[{"href":"https:\/\/www.radiopiu.net\/wordpress\/wp-json\/wp\/v2\/types\/post"}],"author":[{"embeddable":true,"href":"https:\/\/www.radiopiu.net\/wordpress\/wp-json\/wp\/v2\/users\/4"}],"replies":[{"embeddable":true,"href":"https:\/\/www.radiopiu.net\/wordpress\/wp-json\/wp\/v2\/comments?post=243041"}],"version-history":[{"count":0,"href":"https:\/\/www.radiopiu.net\/wordpress\/wp-json\/wp\/v2\/posts\/243041\/revisions"}],"wp:featuredmedia":[{"embeddable":true,"href":"https:\/\/www.radiopiu.net\/wordpress\/wp-json\/wp\/v2\/media\/243042"}],"wp:attachment":[{"href":"https:\/\/www.radiopiu.net\/wordpress\/wp-json\/wp\/v2\/media?parent=243041"}],"wp:term":[{"taxonomy":"category","embeddable":true,"href":"https:\/\/www.radiopiu.net\/wordpress\/wp-json\/wp\/v2\/categories?post=243041"},{"taxonomy":"post_tag","embeddable":true,"href":"https:\/\/www.radiopiu.net\/wordpress\/wp-json\/wp\/v2\/tags?post=243041"}],"curies":[{"name":"wp","href":"https:\/\/api.w.org\/{rel}","templated":true}]}}