{"id":243077,"date":"2021-11-17T05:47:36","date_gmt":"2021-11-17T04:47:36","guid":{"rendered":"https:\/\/www.radiopiu.net\/wordpress\/?p=243077"},"modified":"2021-11-17T11:18:43","modified_gmt":"2021-11-17T10:18:43","slug":"giornale-radiopiu-17-novembre-2021-direttore-mirko-mezzacasa","status":"publish","type":"post","link":"https:\/\/www.radiopiu.net\/wordpress\/giornale-radiopiu-17-novembre-2021-direttore-mirko-mezzacasa\/","title":{"rendered":"GIORNALE RADIOPIU 17 NOVEMBRE 2021 DIRETTORE MIRKO MEZZACASA"},"content":{"rendered":"<h3 class=\"kvgmc6g5 cxmmr5t8 oygrvhab hcukyx3x c1et5uql\"><span style=\"color: #0000ff;\"><strong>SPECIALI ALLA RADIO: OGGI ALLE 10.30 E 1900 OSPITE DI RADIO PIU&#8217; IL COMANDANTE DEL CORPO CARABINIERI FORESTALI DI BELLUNO RICCARDO CORBINI.<br \/>\nDOMANI ALLE 10.30 E 1900 OSPITE DI RADIO PIU&#8217; IL CONSIGLIERE PROVINCIALE FRANCO DE BON. DUE GIORNI PER AFFRONTARE LE PROBLEMATICHE LEGATE AL TERRITORIO, UNGULATI SULLE STRADE, SOTTOPASSI, IL RITORNO DEL LUPO E MOLTO ALTRO&#8230;<\/strong><\/span><\/h3>\n<p>&nbsp;<\/p>\n<hr \/>\n<h3 class=\"kvgmc6g5 cxmmr5t8 oygrvhab hcukyx3x c1et5uql\"><span style=\"color: #0000ff;\"><strong>\u00a0<\/strong><\/span><\/h3>\n<h3 class=\"kvgmc6g5 cxmmr5t8 oygrvhab hcukyx3x c1et5uql\"><span style=\"color: #0000ff;\"><strong>\u00a0<\/strong><\/span><\/h3>\n<h3 class=\"kvgmc6g5 cxmmr5t8 oygrvhab hcukyx3x c1et5uql\"><span style=\"color: #0000ff;\"><strong>INFORMAZIONE il canale su TELEGRAM informazione di prima mano e in tempo reale. iscriviti ed aiutaci a farlo conoscere\u00a0<\/strong><\/span><\/h3>\n<p>&nbsp;<\/p>\n<hr \/>\n<p>&nbsp;<\/p>\n<blockquote>\n<h3><\/h3>\n<\/blockquote>\n<p><strong><a href=\"https:\/\/www.radiopiu.net\/wordpress\/lassessore-gianpaolo-bottacin-ribatte-alle-accuse-del-presidente-della-croce-verde-val-biois-stefano-murer\/croce-verde-val-biois-2\/\" rel=\"attachment wp-att-153811\"><img loading=\"lazy\" decoding=\"async\" class=\"wp-image-153811 alignleft\" src=\"https:\/\/www.radiopiu.net\/wordpress\/wp-content\/uploads\/2020\/08\/CROCE-VERDE-VAL-BIOIS-300x225.jpg\" alt=\"\" width=\"191\" height=\"143\" srcset=\"https:\/\/www.radiopiu.net\/wordpress\/wp-content\/uploads\/2020\/08\/CROCE-VERDE-VAL-BIOIS-300x225.jpg 300w, https:\/\/www.radiopiu.net\/wordpress\/wp-content\/uploads\/2020\/08\/CROCE-VERDE-VAL-BIOIS-1024x768.jpg 1024w, https:\/\/www.radiopiu.net\/wordpress\/wp-content\/uploads\/2020\/08\/CROCE-VERDE-VAL-BIOIS-768x576.jpg 768w, https:\/\/www.radiopiu.net\/wordpress\/wp-content\/uploads\/2020\/08\/CROCE-VERDE-VAL-BIOIS-1536x1153.jpg 1536w, https:\/\/www.radiopiu.net\/wordpress\/wp-content\/uploads\/2020\/08\/CROCE-VERDE-VAL-BIOIS.jpg 1599w\" sizes=\"auto, (max-width: 191px) 100vw, 191px\" \/><\/a><\/strong><\/p>\n<p><strong>La Croce Verde Val Biois, causa la carenza di volontari, ha emanato il calendario con i disservizi del mese di novembre.<\/strong><\/p>\n<p>aggiornamento dopo la bella notizia:\u00a0 trovati\u00a0 gli equipaggi per molti altri\u00a0 giorni\u00a0 precedentemente indicati, Il calendario provvisorio: LUNEDI&#8217; 22 NOVEMBRE 2021 dalle ore 6:00 alle ore 20:00; LUNEDI&#8217; 29 NOVEMBRE 2021 DALLE ORE 6:00 ALLE ORE 20:00. Il Presidente Stefano Murer: <em>&#8220;Con l&#8217;auspicio di riuscire a coprire anche queste giornate&#8221;<\/em><\/p>\n<p><strong>\u00a0 \u00a0<\/strong><\/p>\n<p>&nbsp;<\/p>\n<hr \/>\n<p>&nbsp;<\/p>\n<blockquote>\n<h3>CHIUSURA DELLA PROVINCIALE 3 DI VALLE IMPERINA riaperta la provinciale DIGOMAN-RIVAMONTE<\/h3>\n<\/blockquote>\n<p><strong><img loading=\"lazy\" decoding=\"async\" class=\"alignleft\" src=\"https:\/\/www.radiopiu.net\/wordpress\/wp-content\/uploads\/2021\/11\/d56ff87b-7cd1-4b77-8c69-2a01cc866a18.jpg\" width=\"110\" height=\"232\" \/>GOSALDO<\/strong> PROVINCIALE 3 VALLE IMPERINA: fino al 30 novembre esclusi sabato e domenica interruzione totale alla viabilit\u00e0\u00a0 per lavori di <a href=\"https:\/\/www.radiopiu.net\/wordpress\/giornale-radiopiu-17-novembre-2021-direttore-mirko-mezzacasa\/ced07f80-a96b-45ee-a3d5-5dd6a16a320a-2\/\" rel=\"attachment wp-att-243365\"><img loading=\"lazy\" decoding=\"async\" class=\"size-medium wp-image-243365 alignright\" src=\"https:\/\/www.radiopiu.net\/wordpress\/wp-content\/uploads\/2021\/11\/ced07f80-a96b-45ee-a3d5-5dd6a16a320a-1-224x300.jpg\" alt=\"\" width=\"224\" height=\"300\" srcset=\"https:\/\/www.radiopiu.net\/wordpress\/wp-content\/uploads\/2021\/11\/ced07f80-a96b-45ee-a3d5-5dd6a16a320a-1-224x300.jpg 224w, https:\/\/www.radiopiu.net\/wordpress\/wp-content\/uploads\/2021\/11\/ced07f80-a96b-45ee-a3d5-5dd6a16a320a-1-766x1024.jpg 766w, https:\/\/www.radiopiu.net\/wordpress\/wp-content\/uploads\/2021\/11\/ced07f80-a96b-45ee-a3d5-5dd6a16a320a-1-768x1027.jpg 768w, https:\/\/www.radiopiu.net\/wordpress\/wp-content\/uploads\/2021\/11\/ced07f80-a96b-45ee-a3d5-5dd6a16a320a-1-1149x1536.jpg 1149w, https:\/\/www.radiopiu.net\/wordpress\/wp-content\/uploads\/2021\/11\/ced07f80-a96b-45ee-a3d5-5dd6a16a320a-1.jpg 1496w\" sizes=\"auto, (max-width: 224px) 100vw, 224px\" \/><\/a>messa in sicurezza:\u00a0 dalle 8 alle 12.45; dalle 13.45 alle 16 e dalle 16.30 alle 17.30 nei periodi non interessati dalla chiusura senso unico alternato con semaforo anche nei giorni festivi e prefestivi.<\/p>\n<p>&nbsp;<\/p>\n<blockquote><p><strong>dal 15 novembre al 15 aprile \u00e8 in vigore l\u2019obbligo di catene a bordo o pneumatici invernali su alcuni tratti delle strade statali del Veneto maggiormente esposte al rischio di precipitazioni nevose o formazione di ghiaccio durante la stagione invernale.\u00a0<\/strong><\/p><\/blockquote>\n<p>&nbsp;<\/p>\n<p><strong>COLLE SANTA LUCIA<\/strong> Veneto Strade comunica che riprendono i lavori di allargamento e rettifica del piano viabile lungo la provinciale 638 di Passo Giau in Comune di Colle Santa Lucia dove sar\u00e0 impegnata l&#8217;impresa Sevis di Soraga-Val di Fassa. Per questo da\u00a0 oggi e fino al 15 dicembre, tutti i giorni sono previste interruzioni fino a 15 minuti tra le 8 del mattino e le 17 del pomeriggio, negli altri orari senso unico alternato regolato da impianto semaforico.<\/p>\n<p>&nbsp;<\/p>\n<p>&nbsp;<\/p>\n<hr \/>\n<p>&nbsp;<\/p>\n<blockquote>\n<h3>ANAS: DAL 22 NOVEMBRE RIAPERTURA ANCHE IN ORARIO NOTTURNO DELLA SS 51 PRESSO FADALTO<\/h3>\n<\/blockquote>\n<p><strong><a href=\"https:\/\/www.radiopiu.net\/wordpress\/giornale-radiopiu-02-giugno-2021-direttore-mirko-mezzacasa\/anas-2\/\" rel=\"attachment wp-att-213422\"><img loading=\"lazy\" decoding=\"async\" class=\"size-full wp-image-213422 alignleft\" src=\"https:\/\/www.radiopiu.net\/wordpress\/wp-content\/uploads\/2021\/06\/anas.png\" alt=\"\" width=\"299\" height=\"169\" \/><\/a>VENEZIA<\/strong> La SS 51 a Fadalto, nel comune di Vittorio Veneto, sar\u00e0 riaperta anche in orario notturno, a partire da luned\u00ec 22 novembre. Anas (Gruppo FS Italiane) ha partecipato oggi all\u2019incontro presso la Prefettura di Treviso per fare il punto sul sistema di monitoraggio delle colate detritiche lungo la strada statale 51 \u201cdi Alemagna\u201d a Fadalto, nel Comune di Vittorio Veneto. L\u2019impianto \u00e8 costituito da semafori, telecamere, sensori di movimento e pluviometri che, in caso di condizioni meteo o di condizioni dei versanti potenzialmente rischiose per la circolazione, attiveranno l\u2019interdizione temporanea al traffico della SS 51 tra i km 20,400 e 21,700. Il sistema prevede il monitoraggio sia delle precipitazioni piovose (con natura precauzionale) sia dei versanti; il sistema, collegato con la Sala Operativa Anas, in caso di allarme, consentir\u00e0 sia di avvisare l\u2019utenza mediate i canali di infomobilit\u00e0 Anas e degli altri gestori di infrastrutture, sia di veicolare l\u2019informazione agli stakeholders e alle funzioni di Pubblica Sicurezza per una rapida gestione dell\u2019evento.<\/p>\n<p>&nbsp;<\/p>\n<p>&nbsp;<\/p>\n<hr \/>\n<p>&nbsp;<\/p>\n<blockquote>\n<blockquote>\n<h3>ACQUA DI NUOVO\u00a0 POTABILE\u00a0 A CANALE D&#8217;AGORDO<\/h3>\n<\/blockquote>\n<p><strong><a href=\"https:\/\/www.radiopiu.net\/wordpress\/sdfsdfsdfsdfsdf-2\/bicchiere-acqua-3\/\" rel=\"attachment wp-att-234653\"><img loading=\"lazy\" decoding=\"async\" class=\"wp-image-234653 alignleft\" src=\"https:\/\/www.radiopiu.net\/wordpress\/wp-content\/uploads\/2021\/09\/BICCHIERE-ACQUA-1-300x200.jpg\" alt=\"\" width=\"155\" height=\"103\" srcset=\"https:\/\/www.radiopiu.net\/wordpress\/wp-content\/uploads\/2021\/09\/BICCHIERE-ACQUA-1-300x200.jpg 300w, https:\/\/www.radiopiu.net\/wordpress\/wp-content\/uploads\/2021\/09\/BICCHIERE-ACQUA-1-1024x683.jpg 1024w, https:\/\/www.radiopiu.net\/wordpress\/wp-content\/uploads\/2021\/09\/BICCHIERE-ACQUA-1-768x512.jpg 768w, https:\/\/www.radiopiu.net\/wordpress\/wp-content\/uploads\/2021\/09\/BICCHIERE-ACQUA-1-1536x1024.jpg 1536w, https:\/\/www.radiopiu.net\/wordpress\/wp-content\/uploads\/2021\/09\/BICCHIERE-ACQUA-1.jpg 1920w\" sizes=\"auto, (max-width: 155px) 100vw, 155px\" \/><\/a>CANALE D&#8217;AGORDO<\/strong> Gestione Servizi Pubblici informa che a CANALE D&#8217; AGORDO nelle localit\u00e0 FREGONA, PISOLIVA e LA MORA, l&#8217;acqua erogata dall&#8217;acquedotto \u00e8 di nuovo potabile e pu\u00f2 essere usata, quindi, per scopi alimentari.<\/p>\n<p><strong>ROCCA PIETORE E LIVINALLONGO<\/strong> Gestione Servizi Pubblici informa che, per lavori alla rete idrica comunale, OGGI dalle 8.30 a FINE LAVORI, verr\u00e0 sospesa l\u2019erogazione dell\u2019acqua a ROCCA PIETORE nel CAPOLUOGO, \u00a0a LIVINALLONGO DEL COL DI LANA, in localit\u00e0 SALESEI DI SOPRA<\/p><\/blockquote>\n<p>&nbsp;<\/p>\n<p>&nbsp;<\/p>\n<hr \/>\n<p>&nbsp;<\/p>\n<blockquote>\n<h3>E&#8217; UN GIOVANE DEL LUOGO CHE HA INVESTITO E UCCISO EMILIA<\/h3>\n<\/blockquote>\n<p><strong>FONZASO<\/strong> Dice che pensava fosse un paletto, per questo non si \u00e8 fermato nonostante il parabrezza rotto sfondato. Il ragazzo, 24 anni che guidava la Fiesta che ha investito Emilia Santurini dice anche che c&#8217;era la nebbia, l&#8217;asfalto scuro appena rifatto e che era distratto dal telefono. Ma il botto non puo&#8217; non averlo sentito, ma non si \u00e8 fermato. La donna \u00e8 stata colpita dal lato destro della Fiesta, rintracciata in tempi record dai Carabinieri del Comando di Feltre, era parcheggiata nel piazzale dove il giovane lavora e dove si \u00e8 recato ieri mattina con la Fiesta dal fanale rotto e dal cristallo insanguinato.\u00a0 La donna \u00e8 rimbalzata sul quel cristallo, sfondandolo e lasciando il suo sangue che si nota, \u00e8 evidente.<\/p>\n<p>&nbsp;<\/p>\n<p><strong><a href=\"https:\/\/www.radiopiu.net\/wordpress\/feltrefonza1\/319d49d4-05d0-4fe6-82ed-0ca75d716a4b\/\" rel=\"attachment wp-att-243274\"><img loading=\"lazy\" decoding=\"async\" class=\"size-medium wp-image-243274 alignleft\" src=\"https:\/\/www.radiopiu.net\/wordpress\/wp-content\/uploads\/2021\/11\/319d49d4-05d0-4fe6-82ed-0ca75d716a4b-300x139.jpg\" alt=\"\" width=\"300\" height=\"139\" srcset=\"https:\/\/www.radiopiu.net\/wordpress\/wp-content\/uploads\/2021\/11\/319d49d4-05d0-4fe6-82ed-0ca75d716a4b-300x139.jpg 300w, https:\/\/www.radiopiu.net\/wordpress\/wp-content\/uploads\/2021\/11\/319d49d4-05d0-4fe6-82ed-0ca75d716a4b-768x355.jpg 768w, https:\/\/www.radiopiu.net\/wordpress\/wp-content\/uploads\/2021\/11\/319d49d4-05d0-4fe6-82ed-0ca75d716a4b.jpg 1024w\" sizes=\"auto, (max-width: 300px) 100vw, 300px\" \/><\/a>FONZASO\u00a0\u00a0<\/strong><br \/>\n<strong>di Moreno Gioli<\/strong><\/p>\n<p>&nbsp;<\/p>\n<p>&nbsp;<\/p>\n<audio class=\"wp-audio-shortcode\" id=\"audio-243077-1\" preload=\"none\" style=\"width: 100%;\" controls=\"controls\"><source type=\"audio\/mpeg\" src=\"https:\/\/www.radiopiu.net\/wordpress\/wp-content\/uploads\/2021\/11\/GIOLI.mp3?_=1\" \/><a href=\"https:\/\/www.radiopiu.net\/wordpress\/wp-content\/uploads\/2021\/11\/GIOLI.mp3\">https:\/\/www.radiopiu.net\/wordpress\/wp-content\/uploads\/2021\/11\/GIOLI.mp3<\/a><\/audio>\n<blockquote><p>&nbsp;<\/p><\/blockquote>\n<p><strong><a href=\"https:\/\/www.radiopiu.net\/wordpress\/dramma-a-fonzaso-muore-una-donna-investita-da-un-pirata-della-strada\/8afd7461-0d10-40b3-905c-919d7eee441b\/\" rel=\"attachment wp-att-243203\"><img loading=\"lazy\" decoding=\"async\" class=\"wp-image-243203 alignleft\" src=\"https:\/\/www.radiopiu.net\/wordpress\/wp-content\/uploads\/2021\/11\/8afd7461-0d10-40b3-905c-919d7eee441b-292x300.jpg\" alt=\"\" width=\"138\" height=\"142\" srcset=\"https:\/\/www.radiopiu.net\/wordpress\/wp-content\/uploads\/2021\/11\/8afd7461-0d10-40b3-905c-919d7eee441b-292x300.jpg 292w, https:\/\/www.radiopiu.net\/wordpress\/wp-content\/uploads\/2021\/11\/8afd7461-0d10-40b3-905c-919d7eee441b-768x789.jpg 768w, https:\/\/www.radiopiu.net\/wordpress\/wp-content\/uploads\/2021\/11\/8afd7461-0d10-40b3-905c-919d7eee441b.jpg 997w\" sizes=\"auto, (max-width: 138px) 100vw, 138px\" \/><\/a>FONZASO<\/strong> E&#8217; un ragazzo del luogo di 24 anni che ieri sera ha investito Emilia Santurini.\u00a0 Ieri\u00a0 mattina si \u00e8 recato regolarmente al lavoro dove \u00e8 rimasto fino all&#8217;arrivo dei Carabinieri di Feltre. Gli uomini dell&#8217;Arma del Comando feltrino con il Nucleo Investigativo di Belluno sono risaliti all&#8217;auto dell&#8217;investitore, per farlo si sono avvalsi dei pezzi d&#8217;auto ritrovati sul luogo dell&#8217;incidente: una datata Ford Fiesta. Il ragazzo ha riferito di aver sentito il colpo ma di non averlo collegato alla possibilit\u00e0 fosse una persona. L&#8217;auto risulta danneggiata sul lato del fanale, il parabrezza molto danneggiato. L&#8217;auto i Carabinieri l&#8217;hanno ritrovata nel parcheggio dove lavora il giovane.<\/p>\n<p>&nbsp;<\/p>\n<p><strong>GIORNALE RADIOPIU EDIZIONE DEL MATTINO<\/strong><\/p>\n<p><strong>FONZASO<\/strong>\u00a0 \u00a0Emilia Santurini aveva 63 anni, luned\u00ec sera come ogni sera stava passeggiando quando \u00e8 stata investita, uccisa e sbalzata oltre la recinzione dell&#8217;azienda Mauser. Chi ha investito la donna non si \u00e8 fermato, non gli ha prestato soccorso, non ha informato n\u00e9 i sanitari del 118 n\u00e9 le forze dell&#8217;ordine. Un grave episodio, una gravissima omissione di soccorso.\u00a0 Il cadavere della donna \u00e8 stato ritrovato solo ieri mattina da una dipendente dell&#8217;azienda che di buon&#8217;ora stava prendendo servizio e ha chiamato il 112. \u00c8 caccia al pirata, sul posto ha lasciato uno specchietto e frammenti della carrozzeria della vettura. I famigliari della donna non vedendola rientrare avevano dato l&#8217;allarme avviando subito le ricerche con i vigili del fuoco, purtroppo senza risultati fino a ieri mattina, la nebbia non ha aiutato e nessuno poteva mai pensare che la donna fosse stata sbalzata al di l\u00e0 della recinzione.<\/p>\n<div style=\"width: 848px;\" class=\"wp-video\"><video class=\"wp-video-shortcode\" id=\"video-243077-1\" width=\"848\" height=\"480\" preload=\"metadata\" controls=\"controls\"><source type=\"video\/mp4\" src=\"https:\/\/www.radiopiu.net\/wordpress\/wp-content\/uploads\/2021\/11\/WhatsApp-Video-2021-11-16-at-11.35.33-1.mp4?_=1\" \/><a href=\"https:\/\/www.radiopiu.net\/wordpress\/wp-content\/uploads\/2021\/11\/WhatsApp-Video-2021-11-16-at-11.35.33-1.mp4\">https:\/\/www.radiopiu.net\/wordpress\/wp-content\/uploads\/2021\/11\/WhatsApp-Video-2021-11-16-at-11.35.33-1.mp4<\/a><\/video><\/div>\n<p>&nbsp;<\/p>\n\n\t\t\t<style type='text\/css'>\n\t\t\t\t#gallery-1 {\n\t\t\t\t\tmargin: auto;\n\t\t\t\t}\n\t\t\t\t#gallery-1 .gallery-item {\n\t\t\t\t\tfloat: left;\n\t\t\t\t\tmargin-top: 10px;\n\t\t\t\t\ttext-align: center;\n\t\t\t\t\twidth: 33%;\n\t\t\t\t}\n\t\t\t\t#gallery-1 img {\n\t\t\t\t\tborder: 2px solid #cfcfcf;\n\t\t\t\t}\n\t\t\t\t#gallery-1 .gallery-caption {\n\t\t\t\t\tmargin-left: 0;\n\t\t\t\t}\n\t\t\t\t\/* see gallery_shortcode() in wp-includes\/media.php *\/\n\t\t\t<\/style>\n\t\t<div id='gallery-1' class='dt-gallery-container gallery galleryid-243077 gallery-columns-3 gallery-size-thumbnail'><dl class='gallery-item'>\n\t\t\t\t<dt class='gallery-icon landscape'>\n\t\t\t\t\t<a class=\"rollover rollover-zoom dt-pswp-item\" title=\"d3769224-d562-407f-94d4-86375f8ddbed\" data-dt-img-description=\"\" data-large_image_width=\"1024\" data-large_image_height=\"768\"href='https:\/\/www.radiopiu.net\/wordpress\/wp-content\/uploads\/2021\/11\/d3769224-d562-407f-94d4-86375f8ddbed.jpg'><img loading=\"lazy\" decoding=\"async\" width=\"150\" height=\"150\" src=\"https:\/\/www.radiopiu.net\/wordpress\/wp-content\/uploads\/2021\/11\/d3769224-d562-407f-94d4-86375f8ddbed-150x150.jpg\" class=\"attachment-thumbnail size-thumbnail\" alt=\"\" \/><\/a>\n\t\t\t\t<\/dt><\/dl><dl class='gallery-item'>\n\t\t\t\t<dt class='gallery-icon landscape'>\n\t\t\t\t\t<a class=\"rollover rollover-zoom dt-pswp-item\" title=\"8fda76b9-31e5-45a8-aa2b-694eb7f08c12\" data-dt-img-description=\"\" data-large_image_width=\"1024\" data-large_image_height=\"768\"href='https:\/\/www.radiopiu.net\/wordpress\/wp-content\/uploads\/2021\/11\/8fda76b9-31e5-45a8-aa2b-694eb7f08c12.jpg'><img loading=\"lazy\" decoding=\"async\" width=\"150\" height=\"150\" src=\"https:\/\/www.radiopiu.net\/wordpress\/wp-content\/uploads\/2021\/11\/8fda76b9-31e5-45a8-aa2b-694eb7f08c12-150x150.jpg\" class=\"attachment-thumbnail size-thumbnail\" alt=\"\" \/><\/a>\n\t\t\t\t<\/dt><\/dl><dl class='gallery-item'>\n\t\t\t\t<dt class='gallery-icon landscape'>\n\t\t\t\t\t<a class=\"rollover rollover-zoom dt-pswp-item\" title=\"a468bee1-ad99-4c0d-a0e0-70379a33f8b1\" data-dt-img-description=\"\" data-large_image_width=\"1024\" data-large_image_height=\"768\"href='https:\/\/www.radiopiu.net\/wordpress\/wp-content\/uploads\/2021\/11\/a468bee1-ad99-4c0d-a0e0-70379a33f8b1.jpg'><img loading=\"lazy\" decoding=\"async\" width=\"150\" height=\"150\" src=\"https:\/\/www.radiopiu.net\/wordpress\/wp-content\/uploads\/2021\/11\/a468bee1-ad99-4c0d-a0e0-70379a33f8b1-150x150.jpg\" class=\"attachment-thumbnail size-thumbnail\" alt=\"\" \/><\/a>\n\t\t\t\t<\/dt><\/dl><br style=\"clear: both\" \/>\n\t\t\t<\/div>\n\n<p>&nbsp;<\/p>\n<div style=\"width: 848px;\" class=\"wp-video\"><video class=\"wp-video-shortcode\" id=\"video-243077-2\" width=\"848\" height=\"480\" preload=\"metadata\" controls=\"controls\"><source type=\"video\/mp4\" src=\"https:\/\/www.radiopiu.net\/wordpress\/wp-content\/uploads\/2021\/11\/WhatsApp-Video-2021-11-16-at-11.35.33.mp4?_=2\" \/><a href=\"https:\/\/www.radiopiu.net\/wordpress\/wp-content\/uploads\/2021\/11\/WhatsApp-Video-2021-11-16-at-11.35.33.mp4\">https:\/\/www.radiopiu.net\/wordpress\/wp-content\/uploads\/2021\/11\/WhatsApp-Video-2021-11-16-at-11.35.33.mp4<\/a><\/video><\/div>\n<p>&nbsp;<\/p>\n<hr \/>\n<p>&nbsp;<\/p>\n<blockquote>\n<h3>BRUCIA LA POLTRONA ELETTRICA, SCONGIURATO L&#8217;INCENDIO DELL&#8217;INTERA ABITAZIONE<\/h3>\n<\/blockquote>\n<p><strong>BELLUNO<\/strong> A Castoi in casa di una novantenne &#8211; che non ha riportato conseguenze &#8211; incendio della poltrona elettrica del salotto. I vigili del fuoco hanno evitato il peggio, per l&#8217;anziana fortunatamente soltanto un grande spavento. Il fatto ieri mattina alle 10.30 probabilmente per un corto circuito, poltrona\u00a0 completamente bruciata, salotto annerito ma\u00a0 la casa \u00e8 salva<\/p>\n<p>&nbsp;<\/p>\n<hr \/>\n<p>&nbsp;<\/p>\n<blockquote>\n<h3>SASSI SULLA 251, MANCA LA SICUREZZA<\/h3>\n<\/blockquote>\n<p><em>&#8220;Chiediamo solo una viabilit\u00e0 sicura, poter tornare a casa in sicurezza&#8221;.\u00a0\u00a0<\/em><\/p>\n<p><strong><a href=\"https:\/\/www.radiopiu.net\/wordpress\/giornale-radiopiu-17-novembre-2021-direttore-mirko-mezzacasa\/28056423_1570743069705719_9091845138820201561_n-2\/\" rel=\"attachment wp-att-243302\"><img loading=\"lazy\" decoding=\"async\" class=\"wp-image-243302 alignleft\" src=\"https:\/\/www.radiopiu.net\/wordpress\/wp-content\/uploads\/2021\/11\/28056423_1570743069705719_9091845138820201561_n-300x300.jpg\" alt=\"\" width=\"132\" height=\"132\" srcset=\"https:\/\/www.radiopiu.net\/wordpress\/wp-content\/uploads\/2021\/11\/28056423_1570743069705719_9091845138820201561_n-300x300.jpg 300w, https:\/\/www.radiopiu.net\/wordpress\/wp-content\/uploads\/2021\/11\/28056423_1570743069705719_9091845138820201561_n-150x150.jpg 150w, https:\/\/www.radiopiu.net\/wordpress\/wp-content\/uploads\/2021\/11\/28056423_1570743069705719_9091845138820201561_n-768x767.jpg 768w, https:\/\/www.radiopiu.net\/wordpress\/wp-content\/uploads\/2021\/11\/28056423_1570743069705719_9091845138820201561_n.jpg 960w\" sizes=\"auto, (max-width: 132px) 100vw, 132px\" \/><\/a>VAL DI ZOLDO<\/strong>\u00a0 Il sindaco Camillo De Pellegrin \u00e8 stato informato tramite un messaggio dell&#8217;ennesima scarica di sassi che ha sfiorato una macchina lungo la Provinciale 251 della Val di Zoldo. Il punto interessato dalla frana di materiale tra due semafori e\u00a0 dove si stanno montando delle reti di protezione.\u00a0 A chiedere interventi definitivi \u00e8 proprio il sindaco De Pellegrin. L&#8217;appello \u00e8 alla Provincia senza attaccare nessuno ma evidenziando la necessit\u00e0 di studiare qualcosa di approfondito.<\/p>\n<p><strong>FRANA SOLAGNOT<\/strong> Sulla pagina facebook a proposito della frana di Solagnot il sindaco scrive &#8220;Questo pomeriggio sono stato convocato dalla Provincia ad un incontro con Veneto strade in merito alle problematiche in loc. Solagnot. Mi \u00e8 stato assicurato che a breve verr\u00e0 istallato un semaforo intelligente presso la frana. Questa tecnologia impedir\u00e0 il formarsi di code nei momenti di traffico intenso in salita o discesa. Il progetto per la sistemazione \u00e8 pronto e a breve verr\u00e0 fatta la gara per l\u2019affidamento dei lavori. Un grazie naturalmente alla Provincia e al consigliere delegato Fabio Lucchetta e a Veneto Strade&#8221;.<\/p>\n<p>&nbsp;<\/p>\n<hr \/>\n<p>&nbsp;<\/p>\n<div class=\"page-title-head hgroup\">\n<blockquote>\n<h3 class=\"entry-title\">STRADA DI DAVEDINO, GRONES \u201cCHI CRITICA SI OCCUPI DEL SUO CALCIO, AI LAVORI TRA LE TANTE DIFFICOLT\u00c0 CI PENSIAMO NOI\u201d<\/h3>\n<\/blockquote>\n<\/div>\n<div class=\"page-title-breadcrumbs\">\n<p><strong><a href=\"https:\/\/www.radiopiu.net\/wordpress\/elezioni-comunali-2019-livinallongo-del-col-di-lana\/livinallongo-leandro-grones\/\" rel=\"attachment wp-att-86470\"><img loading=\"lazy\" decoding=\"async\" class=\"wp-image-86470 alignleft\" src=\"https:\/\/www.radiopiu.net\/wordpress\/wp-content\/uploads\/2019\/05\/LIVINALLONGO-LEANDRO-GRONES-214x300.jpg\" alt=\"\" width=\"114\" height=\"160\" srcset=\"https:\/\/www.radiopiu.net\/wordpress\/wp-content\/uploads\/2019\/05\/LIVINALLONGO-LEANDRO-GRONES-214x300.jpg 214w, https:\/\/www.radiopiu.net\/wordpress\/wp-content\/uploads\/2019\/05\/LIVINALLONGO-LEANDRO-GRONES.jpg 548w\" sizes=\"auto, (max-width: 114px) 100vw, 114px\" \/><\/a><\/strong><\/p>\n<p>&nbsp;<\/p>\n<p><strong>LIVINALLONGO\u00a0<\/strong> Il Sindaco di Livinallongo Leandro Grones fa il punto sui lavori post vaia nel suo Comune <em>&#8220;Dove evidentemente qualcuno si lagna,\u00a0 ma \u00e8 gente che non vive nelle frazioni alte, ci viene ogni tanto per passare qualche giorno di vacanza&#8221;.\u00a0<\/em><\/p>\n<p><strong> \u00a0<\/strong><\/p>\n<audio class=\"wp-audio-shortcode\" id=\"audio-243077-2\" preload=\"none\" style=\"width: 100%;\" controls=\"controls\"><source type=\"audio\/mpeg\" src=\"https:\/\/www.radiopiu.net\/wordpress\/wp-content\/uploads\/2021\/11\/LEANDRO.mp3?_=2\" \/><a href=\"https:\/\/www.radiopiu.net\/wordpress\/wp-content\/uploads\/2021\/11\/LEANDRO.mp3\">https:\/\/www.radiopiu.net\/wordpress\/wp-content\/uploads\/2021\/11\/LEANDRO.mp3<\/a><\/audio>\n<p>&nbsp;<\/p>\n<p><strong><img loading=\"lazy\" decoding=\"async\" class=\"alignleft\" src=\"https:\/\/www.radiopiu.net\/wordpress\/wp-content\/uploads\/2019\/09\/DAVEDINO-dissesto-su-strada-2.jpeg\" width=\"179\" height=\"134\" \/>IERI ALLA RADIO<\/strong><\/p>\n<p><strong>LIVINALLONGO<\/strong> la strada di Davedino \u00e8 chiusa da tre anni, protesta il proprietario di una seconda casa, che contesta di non ricevere risposta dalle istituzioni.\u00a0 A Davedino vivono due persone, oltre ai proprietari delle case, originari del paese che spesso ritornano e che si sono rivolti al sindaco, all\u2019ufficio tecnico comunale ed anche alla Provincia ma ognuno si rimpalla le responsabilit\u00e0. Dopo Vaia la Provincia ha stanziato 250 mila euro per rifare il ponte sul Ru Dagh\u00e8 e sistemare un tratto di frana. Con i fondi Vaia sono arrivati un milione 200 mila euro per mettere in sicurezza la viabilit\u00e0. Sul tabellone del cantiere a Molinat c\u2019\u00e8 scritto che i lavori sono stati consegnati il 15 ottobre 2020 e che dureranno 365 giorni. Sono gi\u00e0 trascorsi.<\/p>\n<\/div>\n<p>&nbsp;<\/p>\n<hr \/>\n<p>&nbsp;<\/p>\n<blockquote>\n<h3>VENTENNE RINVIATO A GIUDIZIO PER IL PUGNO SULL&#8217;AUTOBUS<\/h3>\n<\/blockquote>\n<p><em>Sulla corriera Agordo-Belluno con un biglietto non valido,\u00a0 al controllore che voleva prenderglielo, ha rifilato un pugno sul viso\u00a0<\/em><\/p>\n<p><strong><a href=\"https:\/\/www.radiopiu.net\/wordpress\/giornale-radiopiu-18-ottobre-2021-direttore-mirko-mezzacasa\/9396bbfc-2818-4225-b55d-9a56c39206f1\/\" rel=\"attachment wp-att-237486\"><img loading=\"lazy\" decoding=\"async\" class=\"wp-image-237486 alignleft\" src=\"https:\/\/www.radiopiu.net\/wordpress\/wp-content\/uploads\/2021\/10\/9396bbfc-2818-4225-b55d-9a56c39206f1-300x169.jpg\" alt=\"\" width=\"196\" height=\"110\" srcset=\"https:\/\/www.radiopiu.net\/wordpress\/wp-content\/uploads\/2021\/10\/9396bbfc-2818-4225-b55d-9a56c39206f1-300x169.jpg 300w, https:\/\/www.radiopiu.net\/wordpress\/wp-content\/uploads\/2021\/10\/9396bbfc-2818-4225-b55d-9a56c39206f1-1024x576.jpg 1024w, https:\/\/www.radiopiu.net\/wordpress\/wp-content\/uploads\/2021\/10\/9396bbfc-2818-4225-b55d-9a56c39206f1-768x432.jpg 768w, https:\/\/www.radiopiu.net\/wordpress\/wp-content\/uploads\/2021\/10\/9396bbfc-2818-4225-b55d-9a56c39206f1-1536x864.jpg 1536w, https:\/\/www.radiopiu.net\/wordpress\/wp-content\/uploads\/2021\/10\/9396bbfc-2818-4225-b55d-9a56c39206f1.jpg 1599w\" sizes=\"auto, (max-width: 196px) 100vw, 196px\" \/><\/a>AGORDO<\/strong> Ha messo le mani addosso all&#8217;autista dall&#8217;autobus costretto a fermare il pullman e quindi interrompendo il servizio di pubblica utilit\u00e0. Il giovane agordino andr\u00e0 ora alla sbarra, rinviato a giudizio dal giudice Scolozzi,\u00a0 non se la caver\u00e0 con i lavori pubblici perch\u00e9 non \u00e8 in grado di portarli a termine.\u00a0 Lo scorso ottobre il ventenne \u00e8 stato arrestato dai carabinieri di Bressanone. La prima volta era stato denunciato per ricettazione di autoveicolo, false dichiarazioni sull&#8217;identit\u00e0 personale, detenzione di droga ai fini di spaccio, rifiuto a sottoporsi al controllo sull&#8217;assunzione di stupefacenti e, infine, sanzionato per guida senza patente. La seconda si sono aggiunti danneggiamento aggravato, detenzione di droga ai fini di spaccio, rifiuto dell&#8217;accertamento per le sostanze stupefacenti, oltre alla sanzione amministrativa per guida senza patente.\u00a0 \u00c8 attualmente detenuto a Baldenich.<\/p>\n<p>&nbsp;<\/p>\n<p>&nbsp;<\/p>\n<hr \/>\n<blockquote>\n<h3><\/h3>\n<h3 class=\"kvgmc6g5 cxmmr5t8 oygrvhab hcukyx3x c1et5uql\"><span style=\"color: #0000ff;\"><strong>INFORMAZIONE il canale su TELEGRAM informazione di prima mano e in tempo reale. iscriviti ed aiutaci a farlo conoscere\u00a0<\/strong><\/span><\/h3>\n<p>&nbsp;<\/p><\/blockquote>\n<hr \/>\n<blockquote>\n<h3><\/h3>\n<\/blockquote>\n<h3>RIAPERTI E PERCORRIBILI I SENTIERI DA SOCCOL A MALGA AGNER E RIFUGIO SCARPA<\/h3>\n<p><strong>TAIBON<\/strong><\/p>\n<p>di Gianni Santomaso<\/p>\n<audio class=\"wp-audio-shortcode\" id=\"audio-243077-3\" preload=\"none\" style=\"width: 100%;\" controls=\"controls\"><source type=\"audio\/mpeg\" src=\"https:\/\/www.radiopiu.net\/wordpress\/wp-content\/uploads\/2021\/11\/GIANNI-SENTIERI-SOCCOL.mp3?_=3\" \/><a href=\"https:\/\/www.radiopiu.net\/wordpress\/wp-content\/uploads\/2021\/11\/GIANNI-SENTIERI-SOCCOL.mp3\">https:\/\/www.radiopiu.net\/wordpress\/wp-content\/uploads\/2021\/11\/GIANNI-SENTIERI-SOCCOL.mp3<\/a><\/audio>\n<p>&nbsp;<\/p>\n\n\t\t\t<style type='text\/css'>\n\t\t\t\t#gallery-2 {\n\t\t\t\t\tmargin: auto;\n\t\t\t\t}\n\t\t\t\t#gallery-2 .gallery-item {\n\t\t\t\t\tfloat: left;\n\t\t\t\t\tmargin-top: 10px;\n\t\t\t\t\ttext-align: center;\n\t\t\t\t\twidth: 33%;\n\t\t\t\t}\n\t\t\t\t#gallery-2 img {\n\t\t\t\t\tborder: 2px solid #cfcfcf;\n\t\t\t\t}\n\t\t\t\t#gallery-2 .gallery-caption {\n\t\t\t\t\tmargin-left: 0;\n\t\t\t\t}\n\t\t\t\t\/* see gallery_shortcode() in wp-includes\/media.php *\/\n\t\t\t<\/style>\n\t\t<div id='gallery-2' class='dt-gallery-container gallery galleryid-243077 gallery-columns-3 gallery-size-thumbnail'><dl class='gallery-item'>\n\t\t\t\t<dt class='gallery-icon portrait'>\n\t\t\t\t\t<a class=\"rollover rollover-zoom dt-pswp-item\" title=\"0e022b5e-660e-405e-bd7f-c33d5a9e5c3b\" data-dt-img-description=\"\" data-large_image_width=\"768\" data-large_image_height=\"1024\"href='https:\/\/www.radiopiu.net\/wordpress\/wp-content\/uploads\/2021\/11\/0e022b5e-660e-405e-bd7f-c33d5a9e5c3b.jpg'><img loading=\"lazy\" decoding=\"async\" width=\"150\" height=\"150\" src=\"https:\/\/www.radiopiu.net\/wordpress\/wp-content\/uploads\/2021\/11\/0e022b5e-660e-405e-bd7f-c33d5a9e5c3b-150x150.jpg\" class=\"attachment-thumbnail size-thumbnail\" alt=\"\" \/><\/a>\n\t\t\t\t<\/dt><\/dl><dl class='gallery-item'>\n\t\t\t\t<dt class='gallery-icon landscape'>\n\t\t\t\t\t<a class=\"rollover rollover-zoom dt-pswp-item\" title=\"43d45b39-23bc-4567-9c4f-e896b71247b9\" data-dt-img-description=\"\" data-large_image_width=\"1600\" data-large_image_height=\"720\"href='https:\/\/www.radiopiu.net\/wordpress\/wp-content\/uploads\/2021\/11\/43d45b39-23bc-4567-9c4f-e896b71247b9.jpg'><img loading=\"lazy\" decoding=\"async\" width=\"150\" height=\"150\" src=\"https:\/\/www.radiopiu.net\/wordpress\/wp-content\/uploads\/2021\/11\/43d45b39-23bc-4567-9c4f-e896b71247b9-150x150.jpg\" class=\"attachment-thumbnail size-thumbnail\" alt=\"\" \/><\/a>\n\t\t\t\t<\/dt><\/dl><dl class='gallery-item'>\n\t\t\t\t<dt class='gallery-icon portrait'>\n\t\t\t\t\t<a class=\"rollover rollover-zoom dt-pswp-item\" title=\"9d810ef7-1b49-4f03-8c4f-c7161eb40a4c\" data-dt-img-description=\"\" data-large_image_width=\"768\" data-large_image_height=\"1024\"href='https:\/\/www.radiopiu.net\/wordpress\/wp-content\/uploads\/2021\/11\/9d810ef7-1b49-4f03-8c4f-c7161eb40a4c.jpg'><img loading=\"lazy\" decoding=\"async\" width=\"150\" height=\"150\" src=\"https:\/\/www.radiopiu.net\/wordpress\/wp-content\/uploads\/2021\/11\/9d810ef7-1b49-4f03-8c4f-c7161eb40a4c-150x150.jpg\" class=\"attachment-thumbnail size-thumbnail\" alt=\"\" \/><\/a>\n\t\t\t\t<\/dt><\/dl><br style=\"clear: both\" \/>\n\t\t\t<\/div>\n\n<p>&nbsp;<\/p>\n<p>&nbsp;<\/p>\n<hr \/>\n<p>&nbsp;<\/p>\n<blockquote>\n<h3>\u00a0LE INIZIATIVE DI ROBERTO CHISSALE&#8217;, SINDACO TRA I CITTADINI<\/h3>\n<\/blockquote>\n<p><strong>AGORDO<\/strong> Il sindaco Roberto Chissal\u00e8 con gli assessori competenti incontrer\u00e0 la popolazione per fare il punto sui lavori boschivi che hanno interessato il monte Larion-Baster (con l&#8217;intervento decisivo di Luxottica) e Pecole-Binatega sulla strada per Malga Framont ai piedi della Moiazza. Primo incontro venerd\u00ec 26 novembre, alle 17.30, nella sala convegni Don Tamis dove si discuter\u00e0 dei lavori sull&#8217;Arion e sulla opportunit\u00e0 di trasformare la pista forestale temporanea\u00a0 in\u00a0 strada silvo-pastorale. Sabato 27 novembre alle 17, sempre nella sala Don Tamis l&#8217;incontro con i portatori di interesse della zona Pecole-Binatega dove l&#8217;investimento s&#8217;aggira sui 300mila euro dei fondi vaia.<\/p>\n<p><span style=\"color: #ff0000;\">\u00a0ARCHIVIO RADIO PIU&#8217;, 20 APRILE 2021\u00a0<\/span><\/p>\n<blockquote>\n<h3>A TUTTA BIRRA&#8230;SUL MONTE LARION &#8211; PROSEGUONO LE OPERAZIONI POST VAIA CON LUXOTTICA<\/h3>\n<h3><strong style=\"font-size: 14px;\">LA FOTO DEL GIORNO DI VALTER FARENZENA (facebook Sei di Agordo se&#8230;), CANTIERE SUL MONTE LARION, IN CORSO L&#8217;OPERA DI ESBOSCO GRAZIE A\u00a0 LUXOTTICA<\/strong><\/h3>\n<\/blockquote>\n<blockquote><p><a href=\"https:\/\/www.radiopiu.net\/wordpress\/giornale-radiopiu-20-aprile-2021-direttore-mirko-mezzacasa\/175341004_454868215571331_8447096920728948104_n\/\" rel=\"attachment wp-att-204502\"><img loading=\"lazy\" decoding=\"async\" class=\"alignnone wp-image-204502 size-full\" src=\"https:\/\/www.radiopiu.net\/wordpress\/wp-content\/uploads\/2021\/04\/175341004_454868215571331_8447096920728948104_n.jpg\" alt=\"\" width=\"960\" height=\"540\" srcset=\"https:\/\/www.radiopiu.net\/wordpress\/wp-content\/uploads\/2021\/04\/175341004_454868215571331_8447096920728948104_n.jpg 960w, https:\/\/www.radiopiu.net\/wordpress\/wp-content\/uploads\/2021\/04\/175341004_454868215571331_8447096920728948104_n-300x169.jpg 300w, https:\/\/www.radiopiu.net\/wordpress\/wp-content\/uploads\/2021\/04\/175341004_454868215571331_8447096920728948104_n-768x432.jpg 768w\" sizes=\"auto, (max-width: 960px) 100vw, 960px\" \/><\/a><\/p>\n<p>&nbsp;<\/p>\n<h3>LUXOTTICA SI PRENDE CURA DEI DANNI SUL MONTE LARION<\/h3>\n<p><strong>AGORDO<\/strong> Un progetto ambizioso: il piano di ripristino boschivo pi\u00f9 imponente mai immaginato dopo Vaia su un&#8217;area di 30 ettari in localit\u00e0 Larion-Baster. Zona\u00a0 impervia. Troppo oneroso e complesso pensare di curare quel pezzo di foresta schiantata per il comune. Ecco allora che Luxottica, in sordina, senza svelare di essere lo sponsor, ha preso a cuore l&#8217;intervento, si sono sondati i proprietari, e si \u00e8 tratteggiato il disegno di restituzione del bosco.<\/p>\n<h2><span style=\"color: #ff0000;\">IL SINDACO ROBERTO CHISSALE&#8217;<\/span><\/h2>\n<\/blockquote>\n<audio class=\"wp-audio-shortcode\" id=\"audio-243077-4\" preload=\"none\" style=\"width: 100%;\" controls=\"controls\"><source type=\"audio\/mpeg\" src=\"https:\/\/www.radiopiu.net\/wordpress\/wp-content\/uploads\/2020\/12\/roberto-chissale.mp3?_=4\" \/><a href=\"https:\/\/www.radiopiu.net\/wordpress\/wp-content\/uploads\/2020\/12\/roberto-chissale.mp3\">https:\/\/www.radiopiu.net\/wordpress\/wp-content\/uploads\/2020\/12\/roberto-chissale.mp3<\/a><\/audio>\n\n\t\t\t<style type='text\/css'>\n\t\t\t\t#gallery-3 {\n\t\t\t\t\tmargin: auto;\n\t\t\t\t}\n\t\t\t\t#gallery-3 .gallery-item {\n\t\t\t\t\tfloat: left;\n\t\t\t\t\tmargin-top: 10px;\n\t\t\t\t\ttext-align: center;\n\t\t\t\t\twidth: 33%;\n\t\t\t\t}\n\t\t\t\t#gallery-3 img {\n\t\t\t\t\tborder: 2px solid #cfcfcf;\n\t\t\t\t}\n\t\t\t\t#gallery-3 .gallery-caption {\n\t\t\t\t\tmargin-left: 0;\n\t\t\t\t}\n\t\t\t\t\/* see gallery_shortcode() in wp-includes\/media.php *\/\n\t\t\t<\/style>\n\t\t<div id='gallery-3' class='dt-gallery-container gallery galleryid-243077 gallery-columns-3 gallery-size-thumbnail'><dl class='gallery-item'>\n\t\t\t\t<dt class='gallery-icon landscape'>\n\t\t\t\t\t<a class=\"rollover rollover-zoom dt-pswp-item\" title=\"STLABS_ETIFOR_Wow_Nature_Agordo_9351-Edit\" data-dt-img-description=\"\" data-large_image_width=\"2560\" data-large_image_height=\"1707\"href='https:\/\/www.radiopiu.net\/wordpress\/wp-content\/uploads\/2020\/12\/STLABS_ETIFOR_Wow_Nature_Agordo_9351-Edit-scaled.jpg'><img loading=\"lazy\" decoding=\"async\" width=\"150\" height=\"150\" src=\"https:\/\/www.radiopiu.net\/wordpress\/wp-content\/uploads\/2020\/12\/STLABS_ETIFOR_Wow_Nature_Agordo_9351-Edit-150x150.jpg\" class=\"attachment-thumbnail size-thumbnail\" alt=\"\" \/><\/a>\n\t\t\t\t<\/dt><\/dl><dl class='gallery-item'>\n\t\t\t\t<dt class='gallery-icon landscape'>\n\t\t\t\t\t<a class=\"rollover rollover-zoom dt-pswp-item\" title=\"STLABS_ETIFOR_Wow_Nature_Agordo_0920\" data-dt-img-description=\"\" data-large_image_width=\"2560\" data-large_image_height=\"1919\"href='https:\/\/www.radiopiu.net\/wordpress\/wp-content\/uploads\/2020\/12\/STLABS_ETIFOR_Wow_Nature_Agordo_0920-scaled.jpg'><img loading=\"lazy\" decoding=\"async\" width=\"150\" height=\"150\" src=\"https:\/\/www.radiopiu.net\/wordpress\/wp-content\/uploads\/2020\/12\/STLABS_ETIFOR_Wow_Nature_Agordo_0920-150x150.jpg\" class=\"attachment-thumbnail size-thumbnail\" alt=\"\" \/><\/a>\n\t\t\t\t<\/dt><\/dl><dl class='gallery-item'>\n\t\t\t\t<dt class='gallery-icon landscape'>\n\t\t\t\t\t<a class=\"rollover rollover-zoom dt-pswp-item\" title=\"STLABS_ETIFOR_Wow_Nature_Agordo_0927\" data-dt-img-description=\"\" data-large_image_width=\"2560\" data-large_image_height=\"1919\"href='https:\/\/www.radiopiu.net\/wordpress\/wp-content\/uploads\/2020\/12\/STLABS_ETIFOR_Wow_Nature_Agordo_0927-scaled.jpg'><img loading=\"lazy\" decoding=\"async\" width=\"150\" height=\"150\" src=\"https:\/\/www.radiopiu.net\/wordpress\/wp-content\/uploads\/2020\/12\/STLABS_ETIFOR_Wow_Nature_Agordo_0927-150x150.jpg\" class=\"attachment-thumbnail size-thumbnail\" alt=\"\" \/><\/a>\n\t\t\t\t<\/dt><\/dl><br style=\"clear: both\" \/><dl class='gallery-item'>\n\t\t\t\t<dt class='gallery-icon landscape'>\n\t\t\t\t\t<a class=\"rollover rollover-zoom dt-pswp-item\" title=\"STLABS_ETIFOR_Wow_Nature_Agordo_9319\" data-dt-img-description=\"\" data-large_image_width=\"2560\" data-large_image_height=\"1707\"href='https:\/\/www.radiopiu.net\/wordpress\/wp-content\/uploads\/2020\/12\/STLABS_ETIFOR_Wow_Nature_Agordo_9319-scaled.jpg'><img loading=\"lazy\" decoding=\"async\" width=\"150\" height=\"150\" src=\"https:\/\/www.radiopiu.net\/wordpress\/wp-content\/uploads\/2020\/12\/STLABS_ETIFOR_Wow_Nature_Agordo_9319-150x150.jpg\" class=\"attachment-thumbnail size-thumbnail\" alt=\"\" \/><\/a>\n\t\t\t\t<\/dt><\/dl><dl class='gallery-item'>\n\t\t\t\t<dt class='gallery-icon landscape'>\n\t\t\t\t\t<a class=\"rollover rollover-zoom dt-pswp-item\" title=\"STLABS_ETIFOR_Wow_Nature_Agordo_9260\" data-dt-img-description=\"\" data-large_image_width=\"2560\" data-large_image_height=\"1707\"href='https:\/\/www.radiopiu.net\/wordpress\/wp-content\/uploads\/2020\/12\/STLABS_ETIFOR_Wow_Nature_Agordo_9260-scaled.jpg'><img loading=\"lazy\" decoding=\"async\" width=\"150\" height=\"150\" src=\"https:\/\/www.radiopiu.net\/wordpress\/wp-content\/uploads\/2020\/12\/STLABS_ETIFOR_Wow_Nature_Agordo_9260-150x150.jpg\" class=\"attachment-thumbnail size-thumbnail\" alt=\"\" \/><\/a>\n\t\t\t\t<\/dt><\/dl><dl class='gallery-item'>\n\t\t\t\t<dt class='gallery-icon landscape'>\n\t\t\t\t\t<a class=\"rollover rollover-zoom dt-pswp-item\" title=\"SFP_0476\" data-dt-img-description=\"\" data-large_image_width=\"2000\" data-large_image_height=\"1333\"href='https:\/\/www.radiopiu.net\/wordpress\/wp-content\/uploads\/2020\/12\/SFP_0476.jpg'><img loading=\"lazy\" decoding=\"async\" width=\"150\" height=\"150\" src=\"https:\/\/www.radiopiu.net\/wordpress\/wp-content\/uploads\/2020\/12\/SFP_0476-150x150.jpg\" class=\"attachment-thumbnail size-thumbnail\" alt=\"\" \/><\/a>\n\t\t\t\t<\/dt><\/dl><br style=\"clear: both\" \/><dl class='gallery-item'>\n\t\t\t\t<dt class='gallery-icon landscape'>\n\t\t\t\t\t<a class=\"rollover rollover-zoom dt-pswp-item\" title=\"7629ab70-6695-4f4e-b1fd-c3140795f579\" data-dt-img-description=\"\" data-large_image_width=\"2000\" data-large_image_height=\"934\"href='https:\/\/www.radiopiu.net\/wordpress\/wp-content\/uploads\/2021\/04\/7629ab70-6695-4f4e-b1fd-c3140795f579.jpg'><img loading=\"lazy\" decoding=\"async\" width=\"150\" height=\"150\" src=\"https:\/\/www.radiopiu.net\/wordpress\/wp-content\/uploads\/2021\/04\/7629ab70-6695-4f4e-b1fd-c3140795f579-150x150.jpg\" class=\"attachment-thumbnail size-thumbnail\" alt=\"\" \/><\/a>\n\t\t\t\t<\/dt><\/dl><dl class='gallery-item'>\n\t\t\t\t<dt class='gallery-icon landscape'>\n\t\t\t\t\t<a class=\"rollover rollover-zoom dt-pswp-item\" title=\"091a6b55-c767-40fa-88ca-48cb0a30a1c9\" data-dt-img-description=\"\" data-large_image_width=\"2000\" data-large_image_height=\"934\"href='https:\/\/www.radiopiu.net\/wordpress\/wp-content\/uploads\/2021\/04\/091a6b55-c767-40fa-88ca-48cb0a30a1c9.jpg'><img loading=\"lazy\" decoding=\"async\" width=\"150\" height=\"150\" src=\"https:\/\/www.radiopiu.net\/wordpress\/wp-content\/uploads\/2021\/04\/091a6b55-c767-40fa-88ca-48cb0a30a1c9-150x150.jpg\" class=\"attachment-thumbnail size-thumbnail\" alt=\"\" \/><\/a>\n\t\t\t\t<\/dt><\/dl><dl class='gallery-item'>\n\t\t\t\t<dt class='gallery-icon landscape'>\n\t\t\t\t\t<a class=\"rollover rollover-zoom dt-pswp-item\" title=\"e924b7f4-f9b5-446e-be29-ff256d400355\" data-dt-img-description=\"\" data-large_image_width=\"2000\" data-large_image_height=\"934\"href='https:\/\/www.radiopiu.net\/wordpress\/wp-content\/uploads\/2021\/04\/e924b7f4-f9b5-446e-be29-ff256d400355.jpg'><img loading=\"lazy\" decoding=\"async\" width=\"150\" height=\"150\" src=\"https:\/\/www.radiopiu.net\/wordpress\/wp-content\/uploads\/2021\/04\/e924b7f4-f9b5-446e-be29-ff256d400355-150x150.jpg\" class=\"attachment-thumbnail size-thumbnail\" alt=\"\" \/><\/a>\n\t\t\t\t<\/dt><\/dl><br style=\"clear: both\" \/><dl class='gallery-item'>\n\t\t\t\t<dt class='gallery-icon landscape'>\n\t\t\t\t\t<a class=\"rollover rollover-zoom dt-pswp-item\" title=\"d11100ae-03db-446e-b84d-c61889ce9b46\" data-dt-img-description=\"\" data-large_image_width=\"2000\" data-large_image_height=\"934\"href='https:\/\/www.radiopiu.net\/wordpress\/wp-content\/uploads\/2021\/04\/d11100ae-03db-446e-b84d-c61889ce9b46.jpg'><img loading=\"lazy\" decoding=\"async\" width=\"150\" height=\"150\" src=\"https:\/\/www.radiopiu.net\/wordpress\/wp-content\/uploads\/2021\/04\/d11100ae-03db-446e-b84d-c61889ce9b46-150x150.jpg\" class=\"attachment-thumbnail size-thumbnail\" alt=\"\" \/><\/a>\n\t\t\t\t<\/dt><\/dl><dl class='gallery-item'>\n\t\t\t\t<dt class='gallery-icon landscape'>\n\t\t\t\t\t<a class=\"rollover rollover-zoom dt-pswp-item\" title=\"c09a28cf-4356-4419-9d2f-cb33b38f4e80\" data-dt-img-description=\"\" data-large_image_width=\"2000\" data-large_image_height=\"934\"href='https:\/\/www.radiopiu.net\/wordpress\/wp-content\/uploads\/2021\/04\/c09a28cf-4356-4419-9d2f-cb33b38f4e80.jpg'><img loading=\"lazy\" decoding=\"async\" width=\"150\" height=\"150\" src=\"https:\/\/www.radiopiu.net\/wordpress\/wp-content\/uploads\/2021\/04\/c09a28cf-4356-4419-9d2f-cb33b38f4e80-150x150.jpg\" class=\"attachment-thumbnail size-thumbnail\" alt=\"\" \/><\/a>\n\t\t\t\t<\/dt><\/dl><dl class='gallery-item'>\n\t\t\t\t<dt class='gallery-icon landscape'>\n\t\t\t\t\t<a class=\"rollover rollover-zoom dt-pswp-item\" title=\"ab09979c-f751-4948-b28b-71b70b461531\" data-dt-img-description=\"\" data-large_image_width=\"2000\" data-large_image_height=\"934\"href='https:\/\/www.radiopiu.net\/wordpress\/wp-content\/uploads\/2021\/04\/ab09979c-f751-4948-b28b-71b70b461531.jpg'><img loading=\"lazy\" decoding=\"async\" width=\"150\" height=\"150\" src=\"https:\/\/www.radiopiu.net\/wordpress\/wp-content\/uploads\/2021\/04\/ab09979c-f751-4948-b28b-71b70b461531-150x150.jpg\" class=\"attachment-thumbnail size-thumbnail\" alt=\"\" \/><\/a>\n\t\t\t\t<\/dt><\/dl><br style=\"clear: both\" \/>\n\t\t\t<\/div>\n\n<hr \/>\n<p>&nbsp;<\/p>\n<blockquote>\n<h3><\/h3>\n<\/blockquote>\n<blockquote><p>&nbsp;<\/p><\/blockquote>\n<p><span style=\"color: #ff0000;\"><strong>dai notiziario di radio piu<\/strong><\/span><\/p>\n<blockquote>\n<h1><strong>\u00a0POST VAIA, IL PRIMO BOSCO GRIFFATO LUXOTTICA<\/strong><\/h1>\n<blockquote><p><em>Al via su 30 ettari di montagna il pi\u00f9 grande intervento di ripristino di un\u2019azienda privata sulle aree colpite dalla tempesta del 2018 <\/em><\/p><\/blockquote>\n<p><strong><a href=\"https:\/\/www.radiopiu.net\/wordpress\/giornale-radiopiu-17-dicembre-2020-direttore-mirko-mezzacasa\/b27304c2-9374-44c4-b5b3-883fdfc4740c\/\" rel=\"attachment wp-att-180036\"><img loading=\"lazy\" decoding=\"async\" class=\"wp-image-180036 alignleft\" src=\"https:\/\/www.radiopiu.net\/wordpress\/wp-content\/uploads\/2020\/12\/b27304c2-9374-44c4-b5b3-883fdfc4740c-169x300.jpg\" alt=\"\" width=\"120\" height=\"213\" srcset=\"https:\/\/www.radiopiu.net\/wordpress\/wp-content\/uploads\/2020\/12\/b27304c2-9374-44c4-b5b3-883fdfc4740c-169x300.jpg 169w, https:\/\/www.radiopiu.net\/wordpress\/wp-content\/uploads\/2020\/12\/b27304c2-9374-44c4-b5b3-883fdfc4740c-576x1024.jpg 576w, https:\/\/www.radiopiu.net\/wordpress\/wp-content\/uploads\/2020\/12\/b27304c2-9374-44c4-b5b3-883fdfc4740c-768x1365.jpg 768w, https:\/\/www.radiopiu.net\/wordpress\/wp-content\/uploads\/2020\/12\/b27304c2-9374-44c4-b5b3-883fdfc4740c-864x1536.jpg 864w, https:\/\/www.radiopiu.net\/wordpress\/wp-content\/uploads\/2020\/12\/b27304c2-9374-44c4-b5b3-883fdfc4740c.jpg 1152w\" sizes=\"auto, (max-width: 120px) 100vw, 120px\" \/><\/a>MILANO\u00a0<\/strong> Luxottica annuncia l\u2019avvio di un primo, importante intervento di ripristino forestale nel Bellunese, territorio ad alto valore naturalistico ai piedi delle Dolomiti (Patrimonio UNESCO), ferito nel 2018 dall\u2019eccezionale tempesta Vaia. Il progetto si sviluppa su un\u2019area di 30 ettari di montagna nel Comune di Agordo (BL), pari a circa 50 campi da calcio, alle spalle del principale stabilimento produttivo dell\u2019azienda. Sar\u00e0 il pi\u00f9 grande nel suo genere finanziato da un\u2019azienda privata tra le foreste colpite da Vaia, realizzato in sinergia con le istituzioni locali, in particolare il Comune di Agordo, un centinaio di proprietari privati e alcune imprese locali, in un\u2019ottica di trasparenza e collaborazione. Luxottica si prender\u00e0 cura di 15.000 alberi, recuperando i tronchi abbattuti dalla tempesta, mettendo in sicurezza il suolo, salvaguardando gli alberi risparmiati e favorendo la crescita di quelli che nasceranno spontaneamente per la rigenerazione naturale della foresta. Il piano prevede anche l\u2019impianto in piccoli <a href=\"https:\/\/www.radiopiu.net\/wordpress\/giornale-radiopiu-17-dicembre-2020-direttore-mirko-mezzacasa\/d6d1e7fc-50ae-4fc8-91ee-b79afb50f298\/\" rel=\"attachment wp-att-180035\"><img loading=\"lazy\" decoding=\"async\" class=\"size-medium wp-image-180035 alignright\" src=\"https:\/\/www.radiopiu.net\/wordpress\/wp-content\/uploads\/2020\/12\/d6d1e7fc-50ae-4fc8-91ee-b79afb50f298-169x300.jpg\" alt=\"\" width=\"169\" height=\"300\" srcset=\"https:\/\/www.radiopiu.net\/wordpress\/wp-content\/uploads\/2020\/12\/d6d1e7fc-50ae-4fc8-91ee-b79afb50f298-169x300.jpg 169w, https:\/\/www.radiopiu.net\/wordpress\/wp-content\/uploads\/2020\/12\/d6d1e7fc-50ae-4fc8-91ee-b79afb50f298-576x1024.jpg 576w, https:\/\/www.radiopiu.net\/wordpress\/wp-content\/uploads\/2020\/12\/d6d1e7fc-50ae-4fc8-91ee-b79afb50f298-768x1365.jpg 768w, https:\/\/www.radiopiu.net\/wordpress\/wp-content\/uploads\/2020\/12\/d6d1e7fc-50ae-4fc8-91ee-b79afb50f298-864x1536.jpg 864w, https:\/\/www.radiopiu.net\/wordpress\/wp-content\/uploads\/2020\/12\/d6d1e7fc-50ae-4fc8-91ee-b79afb50f298.jpg 1152w\" sizes=\"auto, (max-width: 169px) 100vw, 169px\" \/><\/a>nuclei di 2.000 nuovi alberi, solo di specie di origine locale, per aumentare la biodiversit\u00e0 e la resilienza della foresta in accordo con le indicazioni scientifiche. La fase iniziale, che si concluder\u00e0 entro il primo trimestre del 2021, prevede la pulizia dell\u2019area e la rimozione del legname abbattuto, e sar\u00e0 cruciale per raggiungere due obiettivi: mettere in totale sicurezza i terreni, riducendo il rischio di frane e smottamenti, e salvaguardare le altre foreste dall\u2019attacco di insetti dannosi che prolificano nel legname abbandonato a terra (bostrico tipografo). In primavera seguir\u00e0 la seconda fase di rigenerazione vera e propria. Il primo bosco firmato Luxottica porter\u00e0 un beneficio reale in termini di cattura e conservazione di CO<sub>2<\/sub>, il principale gas ad effetto serra, e dar\u00e0 vita a un percorso di economia circolare con l\u2019impiego del legname e degli scarti forestali recuperati per nuove finalit\u00e0 a livello locale, compresa la produzione di energia rinnovabile e pulita. Ad Agordo \u00e8 gi\u00e0 tra l\u2019altro attivo un impianto alimentato a biomassa solida, come cippato forestale, sfalci e potature, che serve il locale stabilimento Luxottica e che \u00e8 stato inaugurato in collaborazione con Enel nel 2017. L\u2019intervento \u00e8 realizzato in collaborazione con Etifor,\u00a0spin-off dell&#8217;Universit\u00e0 degli Studi di Padova specializzato in consulenza, progettazione, ricerca e formazione in ambito ambientale, e restituir\u00e0 valore al territorio, mitigando l\u2019impatto delle attivit\u00e0 Luxottica sull\u2019ambiente e trasformando un evento traumatico come Vaia in un\u2019opportunit\u00e0 di miglioramento dell\u2019area sotto i profili idrogeologico, ambientale e paesaggistico. Maggiori informazioni sul progetto di riforestazione di Luxottica sono disponibili sul sito <a href=\"https:\/\/www.wownature.eu\/areewow\/agordo\/\">https:\/\/www.wownature.eu\/areewow\/agordo\/<\/a> .<\/p>\n<p>&nbsp;<\/p>\n<p>&nbsp;<\/p><\/blockquote>\n<h3><\/h3>\n<hr \/>\n<p>&nbsp;<\/p>\n<blockquote class=\"wp-embedded-content\" data-secret=\"aBomLAp646\"><p><a href=\"https:\/\/www.radiopiu.net\/wordpress\/aggiornamentonov16\/\">CORONAVIRUS: AGGIORNAMENTO NAZIONALE 16 NOVEMBRE  2021<\/a><\/p><\/blockquote>\n<p><iframe loading=\"lazy\" class=\"wp-embedded-content\" sandbox=\"allow-scripts\" security=\"restricted\" style=\"position: absolute; clip: rect(1px, 1px, 1px, 1px);\" title=\"&#8220;CORONAVIRUS: AGGIORNAMENTO NAZIONALE 16 NOVEMBRE  2021&#8221; &#8212; Radio Pi\u00f9\" src=\"https:\/\/www.radiopiu.net\/wordpress\/aggiornamentonov16\/embed\/#?secret=aBomLAp646\" data-secret=\"aBomLAp646\" width=\"600\" height=\"338\" frameborder=\"0\" marginwidth=\"0\" marginheight=\"0\" scrolling=\"no\"><\/iframe><\/p>\n<p>&nbsp;<\/p>\n<blockquote class=\"wp-embedded-content\" data-secret=\"vwsSAGaS6u\"><p><a href=\"https:\/\/www.radiopiu.net\/wordpress\/agg16nov\/\">IN 24 ORE ALTRI 1278 POSITIVI, 65 PAZIENTI GRAVI IN TERAPIA INTENSIVA, 1 A FELTRE<\/a><\/p><\/blockquote>\n<p><iframe loading=\"lazy\" class=\"wp-embedded-content\" sandbox=\"allow-scripts\" security=\"restricted\" style=\"position: absolute; clip: rect(1px, 1px, 1px, 1px);\" title=\"&#8220;IN 24 ORE ALTRI 1278 POSITIVI, 65 PAZIENTI GRAVI IN TERAPIA INTENSIVA, 1 A FELTRE&#8221; &#8212; Radio Pi\u00f9\" src=\"https:\/\/www.radiopiu.net\/wordpress\/agg16nov\/embed\/#?secret=vwsSAGaS6u\" data-secret=\"vwsSAGaS6u\" width=\"600\" height=\"338\" frameborder=\"0\" marginwidth=\"0\" marginheight=\"0\" scrolling=\"no\"><\/iframe><\/p>\n<p>&nbsp;<\/p>\n<h2>I GRAFICI DI TIZIANO DE COL<\/h2>\n\n\t\t\t<style type='text\/css'>\n\t\t\t\t#gallery-4 {\n\t\t\t\t\tmargin: auto;\n\t\t\t\t}\n\t\t\t\t#gallery-4 .gallery-item {\n\t\t\t\t\tfloat: left;\n\t\t\t\t\tmargin-top: 10px;\n\t\t\t\t\ttext-align: center;\n\t\t\t\t\twidth: 33%;\n\t\t\t\t}\n\t\t\t\t#gallery-4 img {\n\t\t\t\t\tborder: 2px solid #cfcfcf;\n\t\t\t\t}\n\t\t\t\t#gallery-4 .gallery-caption {\n\t\t\t\t\tmargin-left: 0;\n\t\t\t\t}\n\t\t\t\t\/* see gallery_shortcode() in wp-includes\/media.php *\/\n\t\t\t<\/style>\n\t\t<div id='gallery-4' class='dt-gallery-container gallery galleryid-243077 gallery-columns-3 gallery-size-medium'><dl class='gallery-item'>\n\t\t\t\t<dt class='gallery-icon landscape'>\n\t\t\t\t\t<a class=\"rollover rollover-zoom dt-pswp-item\" title=\"d5b43b35-6e60-4aff-bc31-f310f2fe9c33\" data-dt-img-description=\"\" data-large_image_width=\"585\" data-large_image_height=\"359\"href='https:\/\/www.radiopiu.net\/wordpress\/wp-content\/uploads\/2021\/11\/d5b43b35-6e60-4aff-bc31-f310f2fe9c33.jpg'><img loading=\"lazy\" decoding=\"async\" width=\"300\" height=\"184\" src=\"https:\/\/www.radiopiu.net\/wordpress\/wp-content\/uploads\/2021\/11\/d5b43b35-6e60-4aff-bc31-f310f2fe9c33-300x184.jpg\" class=\"attachment-medium size-medium\" alt=\"\" srcset=\"https:\/\/www.radiopiu.net\/wordpress\/wp-content\/uploads\/2021\/11\/d5b43b35-6e60-4aff-bc31-f310f2fe9c33-300x184.jpg 300w, https:\/\/www.radiopiu.net\/wordpress\/wp-content\/uploads\/2021\/11\/d5b43b35-6e60-4aff-bc31-f310f2fe9c33.jpg 585w\" sizes=\"auto, (max-width: 300px) 100vw, 300px\" \/><\/a>\n\t\t\t\t<\/dt><\/dl><dl class='gallery-item'>\n\t\t\t\t<dt class='gallery-icon landscape'>\n\t\t\t\t\t<a class=\"rollover rollover-zoom dt-pswp-item\" title=\"3517a466-ba00-4249-8e82-9921ae1ab3a6\" data-dt-img-description=\"\" data-large_image_width=\"608\" data-large_image_height=\"361\"href='https:\/\/www.radiopiu.net\/wordpress\/wp-content\/uploads\/2021\/11\/3517a466-ba00-4249-8e82-9921ae1ab3a6.jpg'><img loading=\"lazy\" decoding=\"async\" width=\"300\" height=\"178\" src=\"https:\/\/www.radiopiu.net\/wordpress\/wp-content\/uploads\/2021\/11\/3517a466-ba00-4249-8e82-9921ae1ab3a6-300x178.jpg\" class=\"attachment-medium size-medium\" alt=\"\" srcset=\"https:\/\/www.radiopiu.net\/wordpress\/wp-content\/uploads\/2021\/11\/3517a466-ba00-4249-8e82-9921ae1ab3a6-300x178.jpg 300w, https:\/\/www.radiopiu.net\/wordpress\/wp-content\/uploads\/2021\/11\/3517a466-ba00-4249-8e82-9921ae1ab3a6.jpg 608w\" sizes=\"auto, (max-width: 300px) 100vw, 300px\" \/><\/a>\n\t\t\t\t<\/dt><\/dl><dl class='gallery-item'>\n\t\t\t\t<dt class='gallery-icon landscape'>\n\t\t\t\t\t<a class=\"rollover rollover-zoom dt-pswp-item\" title=\"f2be6866-9ced-4112-94d9-20d1bbf05605\" data-dt-img-description=\"\" data-large_image_width=\"612\" data-large_image_height=\"355\"href='https:\/\/www.radiopiu.net\/wordpress\/wp-content\/uploads\/2021\/11\/f2be6866-9ced-4112-94d9-20d1bbf05605.jpg'><img loading=\"lazy\" decoding=\"async\" width=\"300\" height=\"174\" src=\"https:\/\/www.radiopiu.net\/wordpress\/wp-content\/uploads\/2021\/11\/f2be6866-9ced-4112-94d9-20d1bbf05605-300x174.jpg\" class=\"attachment-medium size-medium\" alt=\"\" srcset=\"https:\/\/www.radiopiu.net\/wordpress\/wp-content\/uploads\/2021\/11\/f2be6866-9ced-4112-94d9-20d1bbf05605-300x174.jpg 300w, https:\/\/www.radiopiu.net\/wordpress\/wp-content\/uploads\/2021\/11\/f2be6866-9ced-4112-94d9-20d1bbf05605.jpg 612w\" sizes=\"auto, (max-width: 300px) 100vw, 300px\" \/><\/a>\n\t\t\t\t<\/dt><\/dl><br style=\"clear: both\" \/><dl class='gallery-item'>\n\t\t\t\t<dt class='gallery-icon landscape'>\n\t\t\t\t\t<a class=\"rollover rollover-zoom dt-pswp-item\" title=\"d61c80a3-99f2-4456-804a-66139d1b9232\" data-dt-img-description=\"\" data-large_image_width=\"602\" data-large_image_height=\"354\"href='https:\/\/www.radiopiu.net\/wordpress\/wp-content\/uploads\/2021\/11\/d61c80a3-99f2-4456-804a-66139d1b9232.jpg'><img loading=\"lazy\" decoding=\"async\" width=\"300\" height=\"176\" src=\"https:\/\/www.radiopiu.net\/wordpress\/wp-content\/uploads\/2021\/11\/d61c80a3-99f2-4456-804a-66139d1b9232-300x176.jpg\" class=\"attachment-medium size-medium\" alt=\"\" srcset=\"https:\/\/www.radiopiu.net\/wordpress\/wp-content\/uploads\/2021\/11\/d61c80a3-99f2-4456-804a-66139d1b9232-300x176.jpg 300w, https:\/\/www.radiopiu.net\/wordpress\/wp-content\/uploads\/2021\/11\/d61c80a3-99f2-4456-804a-66139d1b9232.jpg 602w\" sizes=\"auto, (max-width: 300px) 100vw, 300px\" \/><\/a>\n\t\t\t\t<\/dt><\/dl><dl class='gallery-item'>\n\t\t\t\t<dt class='gallery-icon landscape'>\n\t\t\t\t\t<a class=\"rollover rollover-zoom dt-pswp-item\" title=\"1997c889-a317-477b-8ae9-5067ef9ea544\" data-dt-img-description=\"\" data-large_image_width=\"606\" data-large_image_height=\"344\"href='https:\/\/www.radiopiu.net\/wordpress\/wp-content\/uploads\/2021\/11\/1997c889-a317-477b-8ae9-5067ef9ea544.jpg'><img loading=\"lazy\" decoding=\"async\" width=\"300\" height=\"170\" src=\"https:\/\/www.radiopiu.net\/wordpress\/wp-content\/uploads\/2021\/11\/1997c889-a317-477b-8ae9-5067ef9ea544-300x170.jpg\" class=\"attachment-medium size-medium\" alt=\"\" srcset=\"https:\/\/www.radiopiu.net\/wordpress\/wp-content\/uploads\/2021\/11\/1997c889-a317-477b-8ae9-5067ef9ea544-300x170.jpg 300w, https:\/\/www.radiopiu.net\/wordpress\/wp-content\/uploads\/2021\/11\/1997c889-a317-477b-8ae9-5067ef9ea544.jpg 606w\" sizes=\"auto, (max-width: 300px) 100vw, 300px\" \/><\/a>\n\t\t\t\t<\/dt><\/dl>\n\t\t\t\t<br style='clear: both' \/>\n\t\t\t<\/div>\n\n<p>&nbsp;<\/p>\n<hr \/>\n<p>&nbsp;<\/p>\n<blockquote>\n<h3>ULSS 1 DOLOMITI: IL PUNTO SULLE VACCINAZIONI IN PROVINCIA DI BELLUNO. SECONDO RICOVERO IN TERAPIA INTENSIVA NELLE ULTIME ORE<\/h3>\n<\/blockquote>\n<p><strong><a href=\"https:\/\/www.radiopiu.net\/wordpress\/giornale-radiopiu-15-marzo-2021-direttore-mirko-mezzacasa\/vaccino-2\/\" rel=\"attachment wp-att-196946\"><img loading=\"lazy\" decoding=\"async\" class=\"size-medium wp-image-196946 alignleft\" src=\"https:\/\/www.radiopiu.net\/wordpress\/wp-content\/uploads\/2021\/03\/VACCINO-300x169.jpg\" alt=\"\" width=\"300\" height=\"169\" srcset=\"https:\/\/www.radiopiu.net\/wordpress\/wp-content\/uploads\/2021\/03\/VACCINO-300x169.jpg 300w, https:\/\/www.radiopiu.net\/wordpress\/wp-content\/uploads\/2021\/03\/VACCINO-1024x576.jpg 1024w, https:\/\/www.radiopiu.net\/wordpress\/wp-content\/uploads\/2021\/03\/VACCINO-768x432.jpg 768w, https:\/\/www.radiopiu.net\/wordpress\/wp-content\/uploads\/2021\/03\/VACCINO.jpg 1280w\" sizes=\"auto, (max-width: 300px) 100vw, 300px\" \/><\/a>BELLUNO <\/strong>A ieri mattina, oltre l\u201983,6% dei residenti in provincia di Belluno con pi\u00f9 di 12 anni ha ricevuto almeno una dose di vaccino anti covid. L\u201981,7 % della popolazione ha ricevuto il ciclo completo di vaccinazione. Ad oggi, le dosi somministrate in Ulss Dolomiti sono 303.911. Risultano vaccinati con almeno una dose: il 68,2 \u00a0% dei 12- 19 enni, il 80,5% dei 20-29enni, il 76 % dei 30-39enni, il 76,8% dei 40-49enni, l\u201983,9% dei 50-59enni, l\u201987,3\u00a0 % dei 60-69enni il 92,4% dei 70-79enni, circa il 100% degli over 80. Risultano da vaccinare ancora 29.930 Bellunesi cos\u00ec suddivisi: 12-19 anni: 4.519, 20-29 anni: 3.700, 30-39 anni: 4.768, 40-49 anni: 6.370, 50-59 anni: 5.339, 60-69 anni: 3.542, 70 79 anni: 1.810. Ad oggi le terze dosi somministrate in Ulss Dolomiti sono 12. 388. In questa settimana continua la somministrazione di terze dosi agli over 60 che hanno maturato i requisiti: si riscontra una buona adesione agli appuntamenti dati con lettera invito. Nelle prossime giornate verr\u00e0 completato l\u2019invio di tali lettere invito a tutti i soggetti over 60 che abbiamo completato il ciclo primario da almeno 180 giorni. Si ricorda che \u00e8 possibile prenotare la dose di rinforzo o terza dose dal sito <a href=\"http:\/\/www.aulss1.veneto.it\">www.aulss1.veneto.it<\/a>: oggi sono stati attivati ulteriori posti in tutte le sedi vaccinali. Nel frattempo \u00e8 stato effettuato il secondo ricovero in Terapia Intensiva per un paziente precedentemente ricoverato in pneumologia a Belluno di 74 anni. <strong>CASE DI RIPOSO <\/strong>Lamon : 4 dei sei ospiti si sono gi\u00e0 negativizzativi, Fonzaso : 8 ospiti positivi asintomatici e 1 operatore positivo, Gaggia Lante : 1 operatore positivo (in attesa di risultato di tampone di negativizzazione), Limana: 1 operatore positivo (in attesa di risultato di tampone di negativizzazione). \u00ab<em>La situazione richiede attenzione e responsabilit\u00e0 da parte di tutti: se non vogliamo vanificare quanto fatto finora, vacciniamoci e seguiamo con rigore le misure di contenimento del contagio<\/em>\u00bb\u00a0 raccomanda il direttore generale Maria Grazia Carraro<\/p>\n<p>&nbsp;<\/p>\n<p>&nbsp;<\/p>\n<hr \/>\n<p>&nbsp;<\/p>\n<blockquote>\n<h3>PRESENTATA LA TELEOCULISTICA PER DIABETICI NELLA CONFERENZA STAMPA DELLA ULSS 1 A PIEVE DI CADORE<\/h3>\n<\/blockquote>\n<p><strong>PIEVE DI CADORE<\/strong><\/p>\n<p>di Barbara Paolazzi (Radio Club 103)<\/p>\n<audio class=\"wp-audio-shortcode\" id=\"audio-243077-5\" preload=\"none\" style=\"width: 100%;\" controls=\"controls\"><source type=\"audio\/mpeg\" src=\"https:\/\/www.radiopiu.net\/wordpress\/wp-content\/uploads\/2021\/11\/paolazzi-telemedicina.mp3?_=5\" \/><a href=\"https:\/\/www.radiopiu.net\/wordpress\/wp-content\/uploads\/2021\/11\/paolazzi-telemedicina.mp3\">https:\/\/www.radiopiu.net\/wordpress\/wp-content\/uploads\/2021\/11\/paolazzi-telemedicina.mp3<\/a><\/audio>\n<p>&nbsp;<\/p>\n<p><strong>MARIA GRAZIA CARRARO, DIRETTORE GENERALE ULSS 1 DOLOMITI<\/strong><\/p>\n<audio class=\"wp-audio-shortcode\" id=\"audio-243077-6\" preload=\"none\" style=\"width: 100%;\" controls=\"controls\"><source type=\"audio\/mpeg\" src=\"https:\/\/www.radiopiu.net\/wordpress\/wp-content\/uploads\/2021\/11\/CARRARO-TELEMEDICINA.mp3?_=6\" \/><a href=\"https:\/\/www.radiopiu.net\/wordpress\/wp-content\/uploads\/2021\/11\/CARRARO-TELEMEDICINA.mp3\">https:\/\/www.radiopiu.net\/wordpress\/wp-content\/uploads\/2021\/11\/CARRARO-TELEMEDICINA.mp3<\/a><\/audio>\n<p>&nbsp;<\/p>\n\n\t\t\t<style type='text\/css'>\n\t\t\t\t#gallery-5 {\n\t\t\t\t\tmargin: auto;\n\t\t\t\t}\n\t\t\t\t#gallery-5 .gallery-item {\n\t\t\t\t\tfloat: left;\n\t\t\t\t\tmargin-top: 10px;\n\t\t\t\t\ttext-align: center;\n\t\t\t\t\twidth: 50%;\n\t\t\t\t}\n\t\t\t\t#gallery-5 img {\n\t\t\t\t\tborder: 2px solid #cfcfcf;\n\t\t\t\t}\n\t\t\t\t#gallery-5 .gallery-caption {\n\t\t\t\t\tmargin-left: 0;\n\t\t\t\t}\n\t\t\t\t\/* see gallery_shortcode() in wp-includes\/media.php *\/\n\t\t\t<\/style>\n\t\t<div id='gallery-5' class='dt-gallery-container gallery galleryid-243077 gallery-columns-2 gallery-size-medium'><dl class='gallery-item'>\n\t\t\t\t<dt class='gallery-icon landscape'>\n\t\t\t\t\t<a class=\"rollover rollover-zoom dt-pswp-item\" title=\"c9baf317-fae7-42b6-b529-d8aa43e6b8f3\" data-dt-img-description=\"\" data-large_image_width=\"1600\" data-large_image_height=\"1200\"href='https:\/\/www.radiopiu.net\/wordpress\/wp-content\/uploads\/2021\/11\/c9baf317-fae7-42b6-b529-d8aa43e6b8f3.jpg'><img loading=\"lazy\" decoding=\"async\" width=\"300\" height=\"225\" src=\"https:\/\/www.radiopiu.net\/wordpress\/wp-content\/uploads\/2021\/11\/c9baf317-fae7-42b6-b529-d8aa43e6b8f3-300x225.jpg\" class=\"attachment-medium size-medium\" alt=\"\" srcset=\"https:\/\/www.radiopiu.net\/wordpress\/wp-content\/uploads\/2021\/11\/c9baf317-fae7-42b6-b529-d8aa43e6b8f3-300x225.jpg 300w, https:\/\/www.radiopiu.net\/wordpress\/wp-content\/uploads\/2021\/11\/c9baf317-fae7-42b6-b529-d8aa43e6b8f3-1024x768.jpg 1024w, https:\/\/www.radiopiu.net\/wordpress\/wp-content\/uploads\/2021\/11\/c9baf317-fae7-42b6-b529-d8aa43e6b8f3-768x576.jpg 768w, https:\/\/www.radiopiu.net\/wordpress\/wp-content\/uploads\/2021\/11\/c9baf317-fae7-42b6-b529-d8aa43e6b8f3-1536x1152.jpg 1536w, https:\/\/www.radiopiu.net\/wordpress\/wp-content\/uploads\/2021\/11\/c9baf317-fae7-42b6-b529-d8aa43e6b8f3.jpg 1600w\" sizes=\"auto, (max-width: 300px) 100vw, 300px\" \/><\/a>\n\t\t\t\t<\/dt><\/dl><dl class='gallery-item'>\n\t\t\t\t<dt class='gallery-icon portrait'>\n\t\t\t\t\t<a class=\"rollover rollover-zoom dt-pswp-item\" title=\"6fc163fc-f9f1-45ce-90e8-e4a2825f0dcc\" data-dt-img-description=\"\" data-large_image_width=\"1200\" data-large_image_height=\"1600\"href='https:\/\/www.radiopiu.net\/wordpress\/wp-content\/uploads\/2021\/11\/6fc163fc-f9f1-45ce-90e8-e4a2825f0dcc.jpg'><img loading=\"lazy\" decoding=\"async\" width=\"225\" height=\"300\" src=\"https:\/\/www.radiopiu.net\/wordpress\/wp-content\/uploads\/2021\/11\/6fc163fc-f9f1-45ce-90e8-e4a2825f0dcc-225x300.jpg\" class=\"attachment-medium size-medium\" alt=\"\" srcset=\"https:\/\/www.radiopiu.net\/wordpress\/wp-content\/uploads\/2021\/11\/6fc163fc-f9f1-45ce-90e8-e4a2825f0dcc-225x300.jpg 225w, https:\/\/www.radiopiu.net\/wordpress\/wp-content\/uploads\/2021\/11\/6fc163fc-f9f1-45ce-90e8-e4a2825f0dcc-768x1024.jpg 768w, https:\/\/www.radiopiu.net\/wordpress\/wp-content\/uploads\/2021\/11\/6fc163fc-f9f1-45ce-90e8-e4a2825f0dcc-1152x1536.jpg 1152w, https:\/\/www.radiopiu.net\/wordpress\/wp-content\/uploads\/2021\/11\/6fc163fc-f9f1-45ce-90e8-e4a2825f0dcc.jpg 1200w\" sizes=\"auto, (max-width: 225px) 100vw, 225px\" \/><\/a>\n\t\t\t\t<\/dt><\/dl><br style=\"clear: both\" \/><dl class='gallery-item'>\n\t\t\t\t<dt class='gallery-icon landscape'>\n\t\t\t\t\t<a class=\"rollover rollover-zoom dt-pswp-item\" title=\"WhatsApp Image 2021-11-16 at 17.21.56\" data-dt-img-description=\"\" data-large_image_width=\"2000\" data-large_image_height=\"1500\"href='https:\/\/www.radiopiu.net\/wordpress\/wp-content\/uploads\/2021\/11\/WhatsApp-Image-2021-11-16-at-17.21.56.jpeg'><img loading=\"lazy\" decoding=\"async\" width=\"300\" height=\"225\" src=\"https:\/\/www.radiopiu.net\/wordpress\/wp-content\/uploads\/2021\/11\/WhatsApp-Image-2021-11-16-at-17.21.56-300x225.jpeg\" class=\"attachment-medium size-medium\" alt=\"\" srcset=\"https:\/\/www.radiopiu.net\/wordpress\/wp-content\/uploads\/2021\/11\/WhatsApp-Image-2021-11-16-at-17.21.56-300x225.jpeg 300w, https:\/\/www.radiopiu.net\/wordpress\/wp-content\/uploads\/2021\/11\/WhatsApp-Image-2021-11-16-at-17.21.56-1024x768.jpeg 1024w, https:\/\/www.radiopiu.net\/wordpress\/wp-content\/uploads\/2021\/11\/WhatsApp-Image-2021-11-16-at-17.21.56-768x576.jpeg 768w, https:\/\/www.radiopiu.net\/wordpress\/wp-content\/uploads\/2021\/11\/WhatsApp-Image-2021-11-16-at-17.21.56-1536x1152.jpeg 1536w, https:\/\/www.radiopiu.net\/wordpress\/wp-content\/uploads\/2021\/11\/WhatsApp-Image-2021-11-16-at-17.21.56.jpeg 2000w\" sizes=\"auto, (max-width: 300px) 100vw, 300px\" \/><\/a>\n\t\t\t\t<\/dt><\/dl><dl class='gallery-item'>\n\t\t\t\t<dt class='gallery-icon landscape'>\n\t\t\t\t\t<a class=\"rollover rollover-zoom dt-pswp-item\" title=\"WhatsApp Image 2021-11-16 at 17.21.56 (1)\" data-dt-img-description=\"\" data-large_image_width=\"2000\" data-large_image_height=\"1500\"href='https:\/\/www.radiopiu.net\/wordpress\/wp-content\/uploads\/2021\/11\/WhatsApp-Image-2021-11-16-at-17.21.56-1.jpeg'><img loading=\"lazy\" decoding=\"async\" width=\"300\" height=\"225\" src=\"https:\/\/www.radiopiu.net\/wordpress\/wp-content\/uploads\/2021\/11\/WhatsApp-Image-2021-11-16-at-17.21.56-1-300x225.jpeg\" class=\"attachment-medium size-medium\" alt=\"\" srcset=\"https:\/\/www.radiopiu.net\/wordpress\/wp-content\/uploads\/2021\/11\/WhatsApp-Image-2021-11-16-at-17.21.56-1-300x225.jpeg 300w, https:\/\/www.radiopiu.net\/wordpress\/wp-content\/uploads\/2021\/11\/WhatsApp-Image-2021-11-16-at-17.21.56-1-1024x768.jpeg 1024w, https:\/\/www.radiopiu.net\/wordpress\/wp-content\/uploads\/2021\/11\/WhatsApp-Image-2021-11-16-at-17.21.56-1-768x576.jpeg 768w, https:\/\/www.radiopiu.net\/wordpress\/wp-content\/uploads\/2021\/11\/WhatsApp-Image-2021-11-16-at-17.21.56-1-1536x1152.jpeg 1536w, https:\/\/www.radiopiu.net\/wordpress\/wp-content\/uploads\/2021\/11\/WhatsApp-Image-2021-11-16-at-17.21.56-1.jpeg 2000w\" sizes=\"auto, (max-width: 300px) 100vw, 300px\" \/><\/a>\n\t\t\t\t<\/dt><\/dl><br style=\"clear: both\" \/>\n\t\t\t<\/div>\n\n<p>&nbsp;<\/p>\n<hr \/>\n<p>&nbsp;<\/p>\n<blockquote>\n<h3 class=\"p1\"><span class=\"s1\">MEDICINA, AVVIATA LA TELEOCULISTICA GRAZIE AL COFINANZIAMENTO DEL FONDO COMUNI CONFINANTI<\/span><\/h3>\n<\/blockquote>\n<p class=\"p1\"><span class=\"s1\"><strong><a href=\"https:\/\/www.radiopiu.net\/wordpress\/giornale-radiopiu-08-febbraio-2019-direttore-mirko-mezzacasa\/bond1-5\/\" rel=\"attachment wp-att-75798\"><img loading=\"lazy\" decoding=\"async\" class=\"size-medium wp-image-75798 alignleft\" src=\"https:\/\/www.radiopiu.net\/wordpress\/wp-content\/uploads\/2019\/02\/bond1-e1550408229859-300x173.jpg\" alt=\"\" width=\"300\" height=\"173\" srcset=\"https:\/\/www.radiopiu.net\/wordpress\/wp-content\/uploads\/2019\/02\/bond1-e1550408229859-300x173.jpg 300w, https:\/\/www.radiopiu.net\/wordpress\/wp-content\/uploads\/2019\/02\/bond1-e1550408229859.jpg 720w\" sizes=\"auto, (max-width: 300px) 100vw, 300px\" \/><\/a>BELLUNO <\/strong>\u00ab<em>La telemedicina pu\u00f2 essere una soluzione importante per garantire un servizio sanitario capillare alle aree di montagna. Fondamentale per le comunit\u00e0 delle terre alte<\/em>\u00bb. Cos\u00ec in una nota il presidente del Comitato paritetico Fcc, intervenendo nel giorno dell\u2019avvio della teleoculistica, parte del pi\u00f9 vasto progetto di sviluppo della telemedicina, finanziata dall\u2019Ulss 1 Dolomiti e cofinanzata dal Fondo Comuni confinanti che prevede televisite, teleconsulti e tele monitoraggio. <\/span><span class=\"s1\">In particolare, a Pieve di Cadore \u00e8 entrato in funzione il primo dei 4 retinografi previsti che saranno installati nei 4 centri anti diabeti della Provincia. L\u2019apparecchio diagnostico serve per eseguire lo screening di tutti i pazienti diabetici e individuare in maniera precoce la retinopatia diabetica (che costituisce la pi\u00f9 importante causa di cecit\u00e0), con un solo accesso all\u2019ospedale pi\u00f9 vicino, facendo risparmiare al paziente e al suo accompagnatore, spostamenti e tempo. <\/span><span class=\"s1\">\u00ab<em>Con questo tassello, l\u2019offerta sanitaria del territorio bellunese aumenta di livello &#8211; sottolinea Bond -. E lo fa anche grazie al Fondo Comuni confinanti, in un progetto che complessivamente vale 1,5 milioni di euro, di cui 1,1 milioni da Fcc. Credo davvero che debbano sempre di pi\u00f9 essere queste le iniziative di area vasta del Fondo, per portare benefici diffusi a tutta la provincia e colmare il gap rispetto ai territori autonomi confinanti. Altre iniziative simili potranno trovare spazio nella prossima programmazione delle risorse di area vasta 2019-2024<\/em>\u00bb.<\/span><\/p>\n<p>&nbsp;<\/p>\n<p>&nbsp;<\/p>\n<hr \/>\n<p>&nbsp;<\/p>\n<blockquote>\n<h3 class=\"p1\"><span class=\"s1\">FORMAZIONE OSS, LA PROVINCIA INVESTE 45MILA EURO PER SOSTENERE I CORSISTI<\/span><\/h3>\n<\/blockquote>\n<p class=\"p1\"><span class=\"s1\"><strong><a href=\"https:\/\/www.radiopiu.net\/wordpress\/ceis-organizza-corsi-per-oss\/infermiere-oss\/\" rel=\"attachment wp-att-242263\"><img loading=\"lazy\" decoding=\"async\" class=\"size-medium wp-image-242263 alignleft\" src=\"https:\/\/www.radiopiu.net\/wordpress\/wp-content\/uploads\/2021\/11\/INFERMIERE-OSS-300x180.png\" alt=\"\" width=\"300\" height=\"180\" srcset=\"https:\/\/www.radiopiu.net\/wordpress\/wp-content\/uploads\/2021\/11\/INFERMIERE-OSS-300x180.png 300w, https:\/\/www.radiopiu.net\/wordpress\/wp-content\/uploads\/2021\/11\/INFERMIERE-OSS-1024x613.png 1024w, https:\/\/www.radiopiu.net\/wordpress\/wp-content\/uploads\/2021\/11\/INFERMIERE-OSS-768x460.png 768w, https:\/\/www.radiopiu.net\/wordpress\/wp-content\/uploads\/2021\/11\/INFERMIERE-OSS-1536x920.png 1536w, https:\/\/www.radiopiu.net\/wordpress\/wp-content\/uploads\/2021\/11\/INFERMIERE-OSS.png 1784w\" sizes=\"auto, (max-width: 300px) 100vw, 300px\" \/><\/a>BELLUNO <\/strong>\u00c8 sempre in crescita la richiesta di figure professionali nel campo della sanit\u00e0 e dell\u2019assistenza agli anziani. Stime recenti dicono che in Veneto nei prossimi due anni serviranno circa 2mila operatori socio-sanitari; 180 di questi verranno assunti nel territorio bellunese. Ecco perch\u00e9 la Provincia di Belluno intende sostenere coloro che partecipano alla formazione specifica per diventare Oss. <\/span><span class=\"s1\">\u00abNelle ultime settimane abbiamo stanziato 45mila euro per contribuire a pagare i corsi di chi si \u00e8 iscritto alla formazione nel periodo 2020-2021, in aggiunta al contributo dato un anno fa per l\u2019organizzazione dei percorsi di formazione &#8211; spiega il presidente, Roberto Padrin -. Abbiamo rilevato che l\u2019alto costo di iscrizione era tra le cause della scarsa partecipazione, pur a fronte di un sicuro sbocco professionale. Ringrazio la mia consigliera Serenella Bogana che ha seguito per lunghi mesi la questione, di primaria importanza per il nostro territorio\u00bb. <\/span><span class=\"s1\">Con il budget stanziato dalla Provincia saranno sostenuti i corsisti che hanno raggiunto la qualifica di operatore socio-sanitario frequentando i corsi organizzati in provincia di Belluno nell\u2019anno scolastico 2020-2021, ma non hanno potuto accedere al contributo regionale (secondo quanto previsto dalla Dgr 1728 del 15 dicembre 2020) o ad altro contributo riconosciuto da organismi privati (ad esempio, il Rotary Club Belluno). Per ogni Oss formato \u00e8 a disposizione un contributo di 500 euro.<\/span><\/p>\n<p>&nbsp;<\/p>\n<p>&nbsp;<\/p>\n<hr \/>\n<p>&nbsp;<\/p>\n<blockquote>\n<h3>\u00a0 AUMENTANO I CONTRIBUTI STATALI ALLE FUSIONI DI COMUNI , MILIONI DI EURO PER BORGO VALBELLUNA, LONGARONE E ALPAGO<\/h3>\n<\/blockquote>\n<p><strong>VENEZIA <\/strong>Il riparto definitivo del contributo straordinario statale spettante agli enti istituiti a seguito di fusione tra Comuni. Dopo uno stanziamento iniziale di circa 76 milioni e mezzo di euro, il fondo \u00e8 stato aumentato di oltre 8 milioni, fino a superare in totale gli 84,6 milioni di euro (1,4 milioni in pi\u00f9 rispetto al 2020). L\u2019ultima analisi della Fondazione Think Tank Nord Est evidenzia il dettaglio dei contributi spettanti alle fusioni di Comuni del Veneto nel 2021: Borgo Valbelluna 2 milioni di euro, oltre 300 mila in pi\u00f9 rispetto allo stanziamento iniziale. Alpago e Longarone 1,2 milioni di euro,\u00a0 Alpago ha ottenuto un extra di circa 115 mila euro. I contributi statali vengono erogati per 10 anni dalla fusione e a questi si aggiungono ulteriori risorse assegnate dalla Regione Veneto ed altre forme di premialit\u00e0. A livello statale, gli stanziamenti sono aumentati ininterrottamente dal 2014 ad oggi, passando da 9,5 milioni a 84,6 milioni.<\/p>\n<p>&nbsp;<\/p>\n<p>&nbsp;<\/p>\n<hr \/>\n<p>&nbsp;<\/p>\n<blockquote>\n<h3>PIANO NUOVE COMPETENZE. ASSESSORE DONAZZAN PARTECIPA A INCONTRO CONVOCATO DA MINISTRO ORLANDO<\/h3>\n<\/blockquote>\n<p><strong><a href=\"https:\/\/www.radiopiu.net\/wordpress\/giornale-radiopiu-09-marzo-2021-direttore-mirko-mezzacasa\/elena-donazzan\/\" rel=\"attachment wp-att-195881\"><img loading=\"lazy\" decoding=\"async\" class=\"size-medium wp-image-195881 alignleft\" src=\"https:\/\/www.radiopiu.net\/wordpress\/wp-content\/uploads\/2021\/03\/ELENA-DONAZZAN-300x272.png\" alt=\"\" width=\"300\" height=\"272\" srcset=\"https:\/\/www.radiopiu.net\/wordpress\/wp-content\/uploads\/2021\/03\/ELENA-DONAZZAN-300x272.png 300w, https:\/\/www.radiopiu.net\/wordpress\/wp-content\/uploads\/2021\/03\/ELENA-DONAZZAN-1024x927.png 1024w, https:\/\/www.radiopiu.net\/wordpress\/wp-content\/uploads\/2021\/03\/ELENA-DONAZZAN-768x695.png 768w, https:\/\/www.radiopiu.net\/wordpress\/wp-content\/uploads\/2021\/03\/ELENA-DONAZZAN.png 1266w\" sizes=\"auto, (max-width: 300px) 100vw, 300px\" \/><\/a>VENEZIA <\/strong>L\u2019Assessore regionale al lavoro Elena Donazzan ha partecipato oggi all\u2019incontro convocato dal ministro del lavoro Andrea Orlando con tutti gli assessori regionali per affrontare il tema dell\u2019esigenza del Governo di approvare entro fine anno l\u2019intesa per il piano delle nuove competenze. Si tratta di una condivisione obbligata con le Regioni del piano che \u00e8 inserito nel Piano Nazionale Ripresa e Resilienza (PNRR) ed \u00e8 uno degli impegni che il Governo si \u00e8 preso per poter accedere alle relative risorse europee. \u201c<em>Il ministro ha richiamato le regioni all\u2019urgenza della questione \u2013 spiega l\u2019Assessore Donazzan al termine -. Pur comprendendo l\u2019urgenza, va detto che i ritardi non sono imputabili alle regioni che in questo momento sono in stato avanzato nella delicata fase di approvazione dei propri programmi regionali. Ho chiesto al ministro Orlando che il piano nuove competenze tenga conto delle competenze esclusive che le Regioni hanno nell\u2019ambito della formazione professionale, della programmazione e dell\u2019utilizzo delle risorse del Fondo Sociale Europeo sul capitale umano, che \u00e8 sempre competenza esclusiva delle Regioni e del mercato del lavoro che \u00e8 regionale<\/em>\u201d. L\u2019Assessore al lavoro del Veneto ha poi evidenziato come il piano nuove competenze sia strategico anche per quanto concerne la gestione delle trasformazioni che oggi si traduce nei tavoli di crisi legati a molte imprese e gruppi industriali in Veneto come nel resto l\u2019Italia. L\u2019Assessore ha riferito di come in Veneto si stanno trattando le crisi di grandi aziende in un contesto che nell\u2019arco di dieci-vent\u2019anni si \u00e8 trasformato profondamente. \u201c<em>Filiere di produzione in cui il Veneto era leader a inizio anni 2000, oggi sono praticamente un deserto \u2013 indica, infine, Donazzan -. Mi riferisco, ad esempio, alla filiera del freddo o quella dell\u2019elettrodomestico che sono all\u2019onore delle cronache in questo momento.\u00a0 Penso a nomi storici delle nostre filiere produttive di maggiore qualit\u00e0 che, con una delocalizzazione sbagliata, sono arrivate all\u2019impoverimento. Oggi dobbiamo ricostruire tutta la formazione, a partire da quella di livello pi\u00f9 elevato e specialistico in termini di competenze. Anche per questo, il piano nazionale nuove competenze deve necessariamente tenere conto delle diverse esigenze dei territori e delle competenze delle regioni<\/em>\u201d.<\/p>\n<p>&nbsp;<\/p>\n<blockquote>\n<h3>ASSESSORE DONAZZAN INTERVIENE A CONVEGNO CIGL SU FILIERE E PNRR NEL BELLUNESE<\/h3>\n<\/blockquote>\n<p><strong>VENEZIA <\/strong>\u201c<em>\u00c8 necessario oggi parlare di filiera corta come lo \u00e8 ricostruire la filiera corta, a partire da ci\u00f2 che esiste e che abbiamo ancora nel territorio veneto. Un territorio fatto di PMI, di altissima capacit\u00e0 produttiva e di velocit\u00e0 nelle trasformazioni, di altissima qualit\u00e0 della capacit\u00e0 produttiva. La nostra materia prima in Veneto \u00e8 il lavoro, \u00e8 il capitale umano. E su questo metteremo tutte le risorse<\/em>\u201d. Cos\u00ec Elena Donazzan, Assessore regionale al lavoro, \u00e8 intervenuta in collegamento al convegno \u201cFiliere corte, reshoring e proposte di cambiamento secondo il PNRR \u2013 la visione per il bellunese\u201d promosso da CIGL Belluno con Istituto di Ricerche Economiche e Sociali (IRES) Veneto. \u201c<em>\u00c8 opportuno parlarne adesso \u2013 ha proseguito -, forse \u00e8 gi\u00e0 troppo tardi rispetto al fatto che 20 anni fa eravamo leader in una serie di produzioni: dagli occhiali fino all\u2019elettrodomestico e alla filiera del freddo. Ecco perch\u00e9 \u00e8 inaccettabile e delittuoso permettere, ad esempio, che chiuda ACC, ultima azienda in Italia produttrice di compressori che dista 50 minuti di strada dal pi\u00f9 grande stabilimento di produzione di frigoriferi del sud Europa, quello di Susegana<\/em>\u201d. Infine l\u2019Assessore Donazzan ha messo in evidenza come il territorio bellunese resti una fucina di talenti, realt\u00e0 nella quale si continua a generare innovazione. \u201c<em>Ci sono imprenditori che sono andati oltre \u2013 conclude \u2013. Per esempio, neo-made in Italy \u00e8 una espressione nuova: significa una produzione totalmente fatta in Italia, e l\u2019inventore \u00e8 un imprenditore dell\u2019occhiale del bellunese, Nicola Del Din. Tutto ci\u00f2 dimostra che nella provincia di Belluno c\u2019\u00e8 una concentrazione di settori che, se 20 anni fa erano strategicamente rilevanti, oggi lo sono ancora e guardano sempre di pi\u00f9 al futuro<\/em>\u201d.<\/p>\n<p>&nbsp;<\/p>\n<hr \/>\n<p>&nbsp;<\/p>\n<blockquote>\n<h3>PROTEZIONE CIVILE. NUOVO BANDO PER DOTAZIONI DESTINATE ALLE ASSOCIAZIONI DI ANTINCENDIO BOSCHIVO<\/h3>\n<\/blockquote>\n<p><strong><a href=\"https:\/\/www.radiopiu.net\/wordpress\/lassessore-alla-protezione-civile-del-veneto-bottacin-fa-il-punto-dopo-i-terremoti-in-croazia-e-nel-veronese\/bottacin-59\/\" rel=\"attachment wp-att-182306\"><img loading=\"lazy\" decoding=\"async\" class=\"size-medium wp-image-182306 alignleft\" src=\"https:\/\/www.radiopiu.net\/wordpress\/wp-content\/uploads\/2020\/12\/BOTTACIN-1-300x199.png\" alt=\"\" width=\"300\" height=\"199\" srcset=\"https:\/\/www.radiopiu.net\/wordpress\/wp-content\/uploads\/2020\/12\/BOTTACIN-1-300x199.png 300w, https:\/\/www.radiopiu.net\/wordpress\/wp-content\/uploads\/2020\/12\/BOTTACIN-1-1024x678.png 1024w, https:\/\/www.radiopiu.net\/wordpress\/wp-content\/uploads\/2020\/12\/BOTTACIN-1-768x509.png 768w, https:\/\/www.radiopiu.net\/wordpress\/wp-content\/uploads\/2020\/12\/BOTTACIN-1.png 1042w\" sizes=\"auto, (max-width: 300px) 100vw, 300px\" \/><\/a>VENEZIA <\/strong>\u201cAll\u2019interno del nostro sistema di Protezione Civile particolare rilievo assume il ruolo delle associazioni che si occupano di antincendio boschivo, competenza che dal 2000 \u00e8 in capo alle Regioni. Da allora il Veneto, per dare pronte risposte in materia, ha messo in campo una puntuale organizzazione che nel tempo si \u00e8 costantemente rafforzata\u201d. A dirlo \u00e8 l&#8217;assessore alla Protezione Civile, Gianpaolo Bottacin, annunciando l\u2019approvazione di un nuovo bando, del valore complessivo di 180mila euro, dedicato espressamente all\u2019aumento delle dotazioni destinate ai gruppi AIB. \u201cCon questa iniziativa vogliamo continuare a consolidare il sistema potenziando le organizzazioni di volontariato convenzionate con la Regione e le Sezioni dell\u2019Associazione Nazionale Alpini, dotate di squadre di antincendio boschivo &#8211; dettaglia Bottacin -. Per questo abbiamo previsto dei contributi, fino a un massimo dell\u201980% dell\u2019importo di spesa e con un limite concedibile pari a 10mila euro a progetto, per l\u2019acquisto di strumenti idonei da utilizzare durante l\u2019esercizio delle loro attivit\u00e0\u201d.<\/p>\n<p>&nbsp;<\/p>\n<p>&nbsp;<\/p>\n<hr \/>\n<p>&nbsp;<\/p>\n<blockquote>\n<h3>PANDEMIA DEI NO VAX, PD &#8220;GIUSTO RAFFORZARE I CONTROLLI E LE RESTRIZIONI<\/h3>\n<\/blockquote>\n<p><strong>VENEZIA<\/strong> <em>\u201cNon possiamo permettere che un pugno di irriducibili no vax con la loro irresponsabilit\u00e0 metta a rischio la salute di tutti. I contagi sono in preoccupante risalita e perci\u00f2 servono misure restrittive\u00a0\u00a0pi\u00f9 severe nei confronti di chi rifiuta di immunizzarsi. L\u2019accelerazione della campagna vaccinale con la terza dose \u00e8 fondamentale, ma da sola non basta perch\u00e9 in troppi hanno ancora rifiutato la prima\u201d.<\/em> A dirlo \u00e8 la consigliera regionale del Partito Democratico, vicepresidente della commissione Sanit\u00e0, Anna Maria Bigon. Il PD auspica una stretta a mont &#8220;<em>Sono favorevole &#8211; continua Anna Maria Bigon &#8211;\u00a0 alla possibilit\u00e0 di escludere i tamponi rapidi dagli strumenti diagnostici utili a ottenere il Green pass, visto il margine di errore, oppure a ridurne la validit\u00e0 temporale da 48 a 24 ore. \u00c8 incredibile che ci siano ancora persone scettiche, dopo quasi due anni di pandemia e oltre 133mila morti solo in Italia&#8221;\u00a0<\/em><\/p>\n<p>&nbsp;<\/p>\n<p>&nbsp;<\/p>\n<hr \/>\n<p>&nbsp;<\/p>\n<blockquote>\n<h3>FABLAB ALL&#8217;EX OSPEDALE. CONSEGNATE LE CHIAVI AL COMUNE<\/h3>\n<\/blockquote>\n<p><strong>BELLUNO <\/strong>Ultimati i lavori a Palazzo Campedel, la nuova struttura realizzata all&#8217;ex ospedale nel centro cittadino, il FabLab di Belluno trova casa: ieri mattina, cerimonia di consegna delle chiavi dei locali realizzati da Fil\u00f9 e concessi per trent&#8217;anni al Comune di Belluno, che a sua volta le passer\u00e0 al Centro Consorzi per l&#8217;organizzazione del FabLab. Per il Comune, presenti il Sindaco di Belluno Jacopo Massaro, l&#8217;assessore alla rigenerazione urbana Franco Frison, l&#8217;assessora Yuki d&#8217;Emilia e la consigliera delegata alla scuola Nadia Sala.<\/p>\n<p><strong>FRANCO FRISON, ASSESSORE DEL COMUNE DI BELLUNO<\/strong><\/p>\n<audio class=\"wp-audio-shortcode\" id=\"audio-243077-7\" preload=\"none\" style=\"width: 100%;\" controls=\"controls\"><source type=\"audio\/mpeg\" src=\"https:\/\/www.radiopiu.net\/wordpress\/wp-content\/uploads\/2021\/11\/Franco-Frison-Consegna-spazi-FabLab-ex-ospedale.mp3?_=7\" \/><a href=\"https:\/\/www.radiopiu.net\/wordpress\/wp-content\/uploads\/2021\/11\/Franco-Frison-Consegna-spazi-FabLab-ex-ospedale.mp3\">https:\/\/www.radiopiu.net\/wordpress\/wp-content\/uploads\/2021\/11\/Franco-Frison-Consegna-spazi-FabLab-ex-ospedale.mp3<\/a><\/audio>\n<p>&nbsp;<\/p>\n<p><strong>MICHELE VERDOLINI, COORDINATORE FAB LAB BELLUNO CENTRO CONSORZI<\/strong><\/p>\n<audio class=\"wp-audio-shortcode\" id=\"audio-243077-8\" preload=\"none\" style=\"width: 100%;\" controls=\"controls\"><source type=\"audio\/mpeg\" src=\"https:\/\/www.radiopiu.net\/wordpress\/wp-content\/uploads\/2021\/11\/Michele-Verdolini-Coordinatore-Fab-Lab-Belluno-Centro-Consorzi.mp3?_=8\" \/><a href=\"https:\/\/www.radiopiu.net\/wordpress\/wp-content\/uploads\/2021\/11\/Michele-Verdolini-Coordinatore-Fab-Lab-Belluno-Centro-Consorzi.mp3\">https:\/\/www.radiopiu.net\/wordpress\/wp-content\/uploads\/2021\/11\/Michele-Verdolini-Coordinatore-Fab-Lab-Belluno-Centro-Consorzi.mp3<\/a><\/audio>\n<p>&nbsp;<\/p>\n<p><strong>ROBERTO CHEMELLO, PRESIDENTE FILU&#8217;<\/strong><\/p>\n<audio class=\"wp-audio-shortcode\" id=\"audio-243077-9\" preload=\"none\" style=\"width: 100%;\" controls=\"controls\"><source type=\"audio\/mpeg\" src=\"https:\/\/www.radiopiu.net\/wordpress\/wp-content\/uploads\/2021\/11\/Roberto-Chemello-Presidente-Filu\u0300.mp3?_=9\" \/><a href=\"https:\/\/www.radiopiu.net\/wordpress\/wp-content\/uploads\/2021\/11\/Roberto-Chemello-Presidente-Filu\u0300.mp3\">https:\/\/www.radiopiu.net\/wordpress\/wp-content\/uploads\/2021\/11\/Roberto-Chemello-Presidente-Filu\u0300.mp3<\/a><\/audio>\n<p>&nbsp;<\/p>\n\n\t\t\t<style type='text\/css'>\n\t\t\t\t#gallery-6 {\n\t\t\t\t\tmargin: auto;\n\t\t\t\t}\n\t\t\t\t#gallery-6 .gallery-item {\n\t\t\t\t\tfloat: left;\n\t\t\t\t\tmargin-top: 10px;\n\t\t\t\t\ttext-align: center;\n\t\t\t\t\twidth: 50%;\n\t\t\t\t}\n\t\t\t\t#gallery-6 img {\n\t\t\t\t\tborder: 2px solid #cfcfcf;\n\t\t\t\t}\n\t\t\t\t#gallery-6 .gallery-caption {\n\t\t\t\t\tmargin-left: 0;\n\t\t\t\t}\n\t\t\t\t\/* see gallery_shortcode() in wp-includes\/media.php *\/\n\t\t\t<\/style>\n\t\t<div id='gallery-6' class='dt-gallery-container gallery galleryid-243077 gallery-columns-2 gallery-size-medium'><dl class='gallery-item'>\n\t\t\t\t<dt class='gallery-icon landscape'>\n\t\t\t\t\t<a class=\"rollover rollover-zoom dt-pswp-item\" title=\"Consegna FabLab ex ospedale (1)\" data-dt-img-description=\"\" data-large_image_width=\"2560\" data-large_image_height=\"1706\"href='https:\/\/www.radiopiu.net\/wordpress\/wp-content\/uploads\/2021\/11\/Consegna-FabLab-ex-ospedale-1-scaled.jpg'><img loading=\"lazy\" decoding=\"async\" width=\"300\" height=\"200\" src=\"https:\/\/www.radiopiu.net\/wordpress\/wp-content\/uploads\/2021\/11\/Consegna-FabLab-ex-ospedale-1-300x200.jpg\" class=\"attachment-medium size-medium\" alt=\"\" srcset=\"https:\/\/www.radiopiu.net\/wordpress\/wp-content\/uploads\/2021\/11\/Consegna-FabLab-ex-ospedale-1-300x200.jpg 300w, https:\/\/www.radiopiu.net\/wordpress\/wp-content\/uploads\/2021\/11\/Consegna-FabLab-ex-ospedale-1-1024x683.jpg 1024w, https:\/\/www.radiopiu.net\/wordpress\/wp-content\/uploads\/2021\/11\/Consegna-FabLab-ex-ospedale-1-768x512.jpg 768w, https:\/\/www.radiopiu.net\/wordpress\/wp-content\/uploads\/2021\/11\/Consegna-FabLab-ex-ospedale-1-1536x1024.jpg 1536w, https:\/\/www.radiopiu.net\/wordpress\/wp-content\/uploads\/2021\/11\/Consegna-FabLab-ex-ospedale-1-2048x1365.jpg 2048w\" sizes=\"auto, (max-width: 300px) 100vw, 300px\" \/><\/a>\n\t\t\t\t<\/dt><\/dl><dl class='gallery-item'>\n\t\t\t\t<dt class='gallery-icon landscape'>\n\t\t\t\t\t<a class=\"rollover rollover-zoom dt-pswp-item\" title=\"Consegna FabLab ex ospedale.jpg - struttura (1)\" data-dt-img-description=\"\" data-large_image_width=\"2560\" data-large_image_height=\"1707\"href='https:\/\/www.radiopiu.net\/wordpress\/wp-content\/uploads\/2021\/11\/Consegna-FabLab-ex-ospedale.jpg-struttura-1-scaled.jpg'><img loading=\"lazy\" decoding=\"async\" width=\"300\" height=\"200\" src=\"https:\/\/www.radiopiu.net\/wordpress\/wp-content\/uploads\/2021\/11\/Consegna-FabLab-ex-ospedale.jpg-struttura-1-300x200.jpg\" class=\"attachment-medium size-medium\" alt=\"\" srcset=\"https:\/\/www.radiopiu.net\/wordpress\/wp-content\/uploads\/2021\/11\/Consegna-FabLab-ex-ospedale.jpg-struttura-1-300x200.jpg 300w, https:\/\/www.radiopiu.net\/wordpress\/wp-content\/uploads\/2021\/11\/Consegna-FabLab-ex-ospedale.jpg-struttura-1-1024x683.jpg 1024w, https:\/\/www.radiopiu.net\/wordpress\/wp-content\/uploads\/2021\/11\/Consegna-FabLab-ex-ospedale.jpg-struttura-1-768x512.jpg 768w, https:\/\/www.radiopiu.net\/wordpress\/wp-content\/uploads\/2021\/11\/Consegna-FabLab-ex-ospedale.jpg-struttura-1-1536x1024.jpg 1536w, https:\/\/www.radiopiu.net\/wordpress\/wp-content\/uploads\/2021\/11\/Consegna-FabLab-ex-ospedale.jpg-struttura-1-2048x1365.jpg 2048w\" sizes=\"auto, (max-width: 300px) 100vw, 300px\" \/><\/a>\n\t\t\t\t<\/dt><\/dl><br style=\"clear: both\" \/><dl class='gallery-item'>\n\t\t\t\t<dt class='gallery-icon landscape'>\n\t\t\t\t\t<a class=\"rollover rollover-zoom dt-pswp-item\" title=\"Consegna FabLab ex ospedale.jpg - struttura (2)\" data-dt-img-description=\"\" data-large_image_width=\"2560\" data-large_image_height=\"1706\"href='https:\/\/www.radiopiu.net\/wordpress\/wp-content\/uploads\/2021\/11\/Consegna-FabLab-ex-ospedale.jpg-struttura-2-scaled.jpg'><img loading=\"lazy\" decoding=\"async\" width=\"300\" height=\"200\" src=\"https:\/\/www.radiopiu.net\/wordpress\/wp-content\/uploads\/2021\/11\/Consegna-FabLab-ex-ospedale.jpg-struttura-2-300x200.jpg\" class=\"attachment-medium size-medium\" alt=\"\" srcset=\"https:\/\/www.radiopiu.net\/wordpress\/wp-content\/uploads\/2021\/11\/Consegna-FabLab-ex-ospedale.jpg-struttura-2-300x200.jpg 300w, https:\/\/www.radiopiu.net\/wordpress\/wp-content\/uploads\/2021\/11\/Consegna-FabLab-ex-ospedale.jpg-struttura-2-1024x683.jpg 1024w, https:\/\/www.radiopiu.net\/wordpress\/wp-content\/uploads\/2021\/11\/Consegna-FabLab-ex-ospedale.jpg-struttura-2-768x512.jpg 768w, https:\/\/www.radiopiu.net\/wordpress\/wp-content\/uploads\/2021\/11\/Consegna-FabLab-ex-ospedale.jpg-struttura-2-1536x1024.jpg 1536w, https:\/\/www.radiopiu.net\/wordpress\/wp-content\/uploads\/2021\/11\/Consegna-FabLab-ex-ospedale.jpg-struttura-2-2048x1365.jpg 2048w\" sizes=\"auto, (max-width: 300px) 100vw, 300px\" \/><\/a>\n\t\t\t\t<\/dt><\/dl><dl class='gallery-item'>\n\t\t\t\t<dt class='gallery-icon landscape'>\n\t\t\t\t\t<a class=\"rollover rollover-zoom dt-pswp-item\" title=\"Consegna FabLab ex ospedale.jpg - struttura (3)\" data-dt-img-description=\"\" data-large_image_width=\"2560\" data-large_image_height=\"1706\"href='https:\/\/www.radiopiu.net\/wordpress\/wp-content\/uploads\/2021\/11\/Consegna-FabLab-ex-ospedale.jpg-struttura-3-scaled.jpg'><img loading=\"lazy\" decoding=\"async\" width=\"300\" height=\"200\" src=\"https:\/\/www.radiopiu.net\/wordpress\/wp-content\/uploads\/2021\/11\/Consegna-FabLab-ex-ospedale.jpg-struttura-3-300x200.jpg\" class=\"attachment-medium size-medium\" alt=\"\" srcset=\"https:\/\/www.radiopiu.net\/wordpress\/wp-content\/uploads\/2021\/11\/Consegna-FabLab-ex-ospedale.jpg-struttura-3-300x200.jpg 300w, https:\/\/www.radiopiu.net\/wordpress\/wp-content\/uploads\/2021\/11\/Consegna-FabLab-ex-ospedale.jpg-struttura-3-1024x683.jpg 1024w, https:\/\/www.radiopiu.net\/wordpress\/wp-content\/uploads\/2021\/11\/Consegna-FabLab-ex-ospedale.jpg-struttura-3-768x512.jpg 768w, https:\/\/www.radiopiu.net\/wordpress\/wp-content\/uploads\/2021\/11\/Consegna-FabLab-ex-ospedale.jpg-struttura-3-1536x1024.jpg 1536w, https:\/\/www.radiopiu.net\/wordpress\/wp-content\/uploads\/2021\/11\/Consegna-FabLab-ex-ospedale.jpg-struttura-3-2048x1365.jpg 2048w\" sizes=\"auto, (max-width: 300px) 100vw, 300px\" \/><\/a>\n\t\t\t\t<\/dt><\/dl><br style=\"clear: both\" \/>\n\t\t\t<\/div>\n\n<p>&nbsp;<\/p>\n<hr \/>\n<p>&nbsp;<\/p>\n<blockquote>\n<h3>NATALE 2021, MERCATINO A COLDIRETTI PIAZZA DUOMO, CI SAR\u00c0 LA PISTA DA GHIACCIO<\/h3>\n<\/blockquote>\n<p><strong>BELLUNO <\/strong>Mercatino, pista da ghiaccio e luminarie: questi gli ingredienti del Natale 2021 nel capoluogo, dopo l&#8217;assenza forzata di eventi dello scorso anno. Tornano quindi le casette del mercatino, con una nuova formula pi\u00f9 attenta ai prodotti locali, e Piazza Duomo ospiter\u00e0 ancora \u2013 per la gioia dei pi\u00f9 piccoli, ma non solo \u2013 la pista da pattinaggio. L&#8217;organizzazione del mercatino di Piazza dei Martiri \u00e8 stata affidata a Coldiretti, che parteciper\u00e0 con 15 casette: gli 11 stand di vendita saranno posizionati fronte Liston, mentre i quattro di somministrazione di cibo e bevande si troveranno come da tradizione nei giardini. Si inizier\u00e0 con il primo weekend di dicembre: la casette di vendita saranno presenti nei weekend del 4 e dell&#8217;11 dicembre, poi dal 18 al 24 tutti i giorni, per chiudere con il il weekend a cavallo di Capodanno. Gli stand della somministrazione saranno invece presenti tutti i giorni, sempre con apertura sabato 4 dicembre, fino all&#8217;Epifania. Sar\u00e0 invece come da tradizione Piazza Duomo a ospitare la pista da pattinaggio.<\/p>\n<p><strong>YUKI D&#8217;EMILIA, ASSESSORE AGLI EVENTI DEL COMUNE DI BELLUNO<\/strong><\/p>\n<div style=\"width: 1200px;\" class=\"wp-video\"><video class=\"wp-video-shortcode\" id=\"video-243077-3\" width=\"1200\" height=\"675\" preload=\"metadata\" controls=\"controls\"><source type=\"video\/mp4\" src=\"https:\/\/www.radiopiu.net\/wordpress\/wp-content\/uploads\/2021\/11\/dEmilia-Natale-2021.mp4?_=3\" \/><a href=\"https:\/\/www.radiopiu.net\/wordpress\/wp-content\/uploads\/2021\/11\/dEmilia-Natale-2021.mp4\">https:\/\/www.radiopiu.net\/wordpress\/wp-content\/uploads\/2021\/11\/dEmilia-Natale-2021.mp4<\/a><\/video><\/div>\n<p>&nbsp;<\/p>\n<hr \/>\n<p>&nbsp;<\/p>\n<blockquote>\n<h3 class=\"p1\"><span class=\"s1\">SPESE PER L\u2019EMERGENZA SANITARIA: IL COMUNE DI PONTE NELLE ALPI APPOGGIA IMPRESE E ASSOCIAZIONI<\/span><\/h3>\n<\/blockquote>\n<p class=\"p1\"><span class=\"s1\"><strong><a href=\"https:\/\/www.radiopiu.net\/wordpress\/giornale-radiopiu-02-novembre-2021-direttore-mirko-mezzacasa\/municipio_di_ponte_nelle_alpi\/\" rel=\"attachment wp-att-239992\"><img loading=\"lazy\" decoding=\"async\" class=\"size-medium wp-image-239992 alignleft\" src=\"https:\/\/www.radiopiu.net\/wordpress\/wp-content\/uploads\/2021\/10\/Municipio_di_Ponte_nelle_Alpi-300x243.jpg\" alt=\"\" width=\"300\" height=\"243\" srcset=\"https:\/\/www.radiopiu.net\/wordpress\/wp-content\/uploads\/2021\/10\/Municipio_di_Ponte_nelle_Alpi-300x243.jpg 300w, https:\/\/www.radiopiu.net\/wordpress\/wp-content\/uploads\/2021\/10\/Municipio_di_Ponte_nelle_Alpi.jpg 721w\" sizes=\"auto, (max-width: 300px) 100vw, 300px\" \/><\/a>PONTE NELLE ALPI <\/strong>Dopo l\u2019emergenza sanitaria da Covid-19, il Comune di Ponte nelle Alpi appoggia le realt\u00e0 produttive del territorio. E lo fa in maniera concreta, attraverso la pubblicazione di un bando che ha lo scopo di sostenere le imprese e gli enti del terzo settore. <\/span><span class=\"s1\">A questo proposito, sono nero su bianco i criteri e le modalit\u00e0 di riconoscimento di un contributo a sostegno delle spese sostenute durante il periodo pandemico, per gli investimenti e l\u2019acquisto dei dispositivi di protezione e di sanificazione degli ambienti di lavoro. <\/span><span class=\"s1\">Il contributo comunale \u00e8 rivolto a micro e piccole imprese del commercio, della ristorazione, del terziario e dell\u2019artigianato, oltre che alle realt\u00e0 del terzo settore (non \u00e8 necessaria, in tal senso, l\u2019iscrizione al Registro unico nazionale).\u00a0 <\/span><span class=\"s1\">Tornando al contributo, \u00e8 concesso nella misura del 50 per cento rispetto al totale della spesa sostenuta e nel limite massimo di 2.500 euro, mentre l\u2019investimento minimo \u00e8 pari a 100 euro.\u00a0 <\/span><span class=\"s1\">Le domande di sostegno economico, redatte esclusivamente sul modello scaricabile dal sito istituzionale (<a href=\"http:\/\/www.comune.pontenellealpi.bl.it\/\"><span class=\"s2\">www.comune.pontenellealpi.bl.it<\/span><\/a>), dovranno arrivare all\u2019ufficio protocollo del Comune,\u00a0 entro le ore 12 di marted\u00ec 30 novembre. Servir\u00e0, inoltre, una copia dei documenti di spesa, del documento d\u2019identit\u00e0 e delle coordinate bancarie Iban. <\/span><span class=\"s1\">Per ulteriori dettagli, \u00e8 attivo l\u2019indirizzo mail <a href=\"mailto:ragioneria@pna.bl.it\"><span class=\"s2\">ragioneria@pna.bl.it<\/span><\/a>, oltre al numero telefonico 0437986763.\u00a0<\/span><\/p>\n<p>&nbsp;<\/p>\n<p>&nbsp;<\/p>\n<hr \/>\n<p>&nbsp;<\/p>\n<blockquote>\n<h3>QUANDO PONTE NELLE ALPI SI COLORA DI VIOLA PER LA GIORNATA DELLA PREMATURITA&#8217;<\/h3>\n<\/blockquote>\n<p><strong><a href=\"https:\/\/www.radiopiu.net\/wordpress\/giornale-radiopiu-17-novembre-2021-direttore-mirko-mezzacasa\/piazza_della_poesia_ponte_viola-2\/\" rel=\"attachment wp-att-243164\"><img loading=\"lazy\" decoding=\"async\" class=\"size-medium wp-image-243164 alignleft\" src=\"https:\/\/www.radiopiu.net\/wordpress\/wp-content\/uploads\/2021\/11\/Piazza_della_Poesia_Ponte_viola-300x176.jpg\" alt=\"\" width=\"300\" height=\"176\" srcset=\"https:\/\/www.radiopiu.net\/wordpress\/wp-content\/uploads\/2021\/11\/Piazza_della_Poesia_Ponte_viola-300x176.jpg 300w, https:\/\/www.radiopiu.net\/wordpress\/wp-content\/uploads\/2021\/11\/Piazza_della_Poesia_Ponte_viola-1024x599.jpg 1024w, https:\/\/www.radiopiu.net\/wordpress\/wp-content\/uploads\/2021\/11\/Piazza_della_Poesia_Ponte_viola-768x450.jpg 768w, https:\/\/www.radiopiu.net\/wordpress\/wp-content\/uploads\/2021\/11\/Piazza_della_Poesia_Ponte_viola.jpg 1276w\" sizes=\"auto, (max-width: 300px) 100vw, 300px\" \/><\/a>PONTE NELLE ALPI<\/strong>\u00a0 Oggi\u00a0 \u00e8 la giornata \u00a0mondiale della prematurit\u00e0, la storia delle famiglie e\u00a0 dei bimbi nati prima del tempo, la storia dell&#8217;associazione \u201cMani di mamma ODV\u201d, le volontarie che confezionano corredini minuscoli per i piccoli del nido e i bimbi delle terapie intensive neonatali. L&#8217;associazione ha varie sedi sparse in ogni angolo d\u2019Italia. Anche nel territorio dell\u2019Ulss 1 di Belluno, con gli ospedali San Martino e Santa Maria del Prato di Feltre, oltre a Conegliano. Ma l\u2019associazione vive del contributo volontaristico. E va sostenuta, anche attraverso la semplice donazione di gomitoli di lana in vari negozi che si occupano della raccolta. In provincia, se ne trovano a Belluno (Galleria Maraga, La Boutique del filato e Il Gomitolo d\u2019oro),\u00a0 Ponte nelle Alpi (Casa del Filato), Feltre (Maflis), Puos d\u2019Alpago (edicola le Fate e i Folletti), Tai di Cadore (Il bottone e lo scampolo), Agordo (El gem e la Merceria), a Santa Giustina (Tre civette sul Com\u00f2) e Conegliano (Il mio cucito).<\/p>\n<p>Per ulteriori informazioni, \u00e8 attivo il sito web <a href=\"http:\/\/www.manimamma.it\" target=\"_blank\" rel=\"noopener\">www.manimamma.it<\/a>, cos\u00ec come la pagina Facebook \u201cMani di mamma &#8211; ODV\u201d.<\/p>\n<p>&nbsp;<\/p>\n<hr \/>\n<p>&nbsp;<\/p>\n<blockquote>\n<h3>PRESENTATO IL CALENDARIO 2022 DELL&#8217;ARMA DEI CARABINIERI<\/h3>\n<\/blockquote>\n<p><a href=\"https:\/\/www.radiopiu.net\/wordpress\/presentato-il-calendario-2022-dellarma-dei-carabinieri\/calendario-carabinieri_2022_pagina_04\/\" rel=\"attachment wp-att-243234\"><img loading=\"lazy\" decoding=\"async\" class=\" wp-image-243234 alignleft\" src=\"https:\/\/www.radiopiu.net\/wordpress\/wp-content\/uploads\/2021\/11\/Calendario-Carabinieri_2022_Pagina_04-300x206.jpg\" alt=\"\" width=\"232\" height=\"159\" srcset=\"https:\/\/www.radiopiu.net\/wordpress\/wp-content\/uploads\/2021\/11\/Calendario-Carabinieri_2022_Pagina_04-300x206.jpg 300w, https:\/\/www.radiopiu.net\/wordpress\/wp-content\/uploads\/2021\/11\/Calendario-Carabinieri_2022_Pagina_04-1024x704.jpg 1024w, https:\/\/www.radiopiu.net\/wordpress\/wp-content\/uploads\/2021\/11\/Calendario-Carabinieri_2022_Pagina_04-768x528.jpg 768w, https:\/\/www.radiopiu.net\/wordpress\/wp-content\/uploads\/2021\/11\/Calendario-Carabinieri_2022_Pagina_04-1536x1056.jpg 1536w, https:\/\/www.radiopiu.net\/wordpress\/wp-content\/uploads\/2021\/11\/Calendario-Carabinieri_2022_Pagina_04.jpg 1890w\" sizes=\"auto, (max-width: 232px) 100vw, 232px\" \/><\/a>Presentato il Calendario Storico dell\u2019Arma dei Carabinieri 2022 che celebra i duecento anni del primo Regolamento Generale dell\u2019Arma. Opera realizzata dal Maestro Sandro Chia e lo scrittore Carlo Lucarelli. Colori e sagome differenti di volti, disegnano l\u2019espressione moderna, multiforme, multiculturale e multietnica della societ\u00e0 con tutto il carico emotivo di passione, dolore, di gioie, di delusioni, di ambizioni e di speranze. Iniziata nel 1928, la pubblicazione del Calendario, giunta alla sua 89^ edizione, dopo l\u2019interruzione post-bellica dal 1945 al 1949 venne ripresa regolarmente nel 1950 e da allora \u00e8 stata puntuale interprete, con le sue tavole, delle vicende dell\u2019Arma e, attraverso di essa, della Storia d\u2019Italia.<\/p>\n<p><strong>Il comandante provinciale colonnello Francesco Rastelli, presenta il calendario dei carabinieri per il 2022<\/strong><\/p>\n<div style=\"width: 640px;\" class=\"wp-video\"><video class=\"wp-video-shortcode\" id=\"video-243077-4\" width=\"640\" height=\"352\" preload=\"metadata\" controls=\"controls\"><source type=\"video\/mp4\" src=\"https:\/\/www.radiopiu.net\/wordpress\/wp-content\/uploads\/2021\/11\/WhatsApp-Video-2021-11-16-at-13.30.10.mp4?_=4\" \/><a href=\"https:\/\/www.radiopiu.net\/wordpress\/wp-content\/uploads\/2021\/11\/WhatsApp-Video-2021-11-16-at-13.30.10.mp4\">https:\/\/www.radiopiu.net\/wordpress\/wp-content\/uploads\/2021\/11\/WhatsApp-Video-2021-11-16-at-13.30.10.mp4<\/a><\/video><\/div>\n<p>&nbsp;<\/p>\n<hr \/>\n<p>&nbsp;<\/p>\n<p>&nbsp;<\/p>\n<blockquote>\n<blockquote>\n<h3><\/h3>\n<h3>IL DOTTOR GIGI LISE AMAVA DIRE &#8220;OLONSE BEN, DONSE NA MAN&#8221;<\/h3>\n<p>&nbsp;<\/p><\/blockquote>\n<\/blockquote>\n<div dir=\"auto\"><strong><a href=\"https:\/\/www.radiopiu.net\/wordpress\/che-bella-iniziativa-di-stefano-parissenti\/248185474_10224039775854580_1073101147607627832_n\/\" rel=\"attachment wp-att-243102\"><img loading=\"lazy\" decoding=\"async\" class=\"wp-image-243102 alignleft\" src=\"https:\/\/www.radiopiu.net\/wordpress\/wp-content\/uploads\/2021\/11\/248185474_10224039775854580_1073101147607627832_n-298x300.jpg\" alt=\"\" width=\"180\" height=\"181\" srcset=\"https:\/\/www.radiopiu.net\/wordpress\/wp-content\/uploads\/2021\/11\/248185474_10224039775854580_1073101147607627832_n-298x300.jpg 298w, https:\/\/www.radiopiu.net\/wordpress\/wp-content\/uploads\/2021\/11\/248185474_10224039775854580_1073101147607627832_n-1016x1024.jpg 1016w, https:\/\/www.radiopiu.net\/wordpress\/wp-content\/uploads\/2021\/11\/248185474_10224039775854580_1073101147607627832_n-150x150.jpg 150w, https:\/\/www.radiopiu.net\/wordpress\/wp-content\/uploads\/2021\/11\/248185474_10224039775854580_1073101147607627832_n-768x774.jpg 768w, https:\/\/www.radiopiu.net\/wordpress\/wp-content\/uploads\/2021\/11\/248185474_10224039775854580_1073101147607627832_n-1524x1536.jpg 1524w, https:\/\/www.radiopiu.net\/wordpress\/wp-content\/uploads\/2021\/11\/248185474_10224039775854580_1073101147607627832_n.jpg 1999w\" sizes=\"auto, (max-width: 180px) 100vw, 180px\" \/><\/a><\/strong><\/div>\n<div dir=\"auto\"><\/div>\n<div dir=\"auto\"><\/div>\n<div dir=\"auto\"><\/div>\n<div dir=\"auto\"><strong>DI GIANNI SANTOMASO<\/strong><\/div>\n<div dir=\"auto\">\n<audio class=\"wp-audio-shortcode\" id=\"audio-243077-10\" preload=\"none\" style=\"width: 100%;\" controls=\"controls\"><source type=\"audio\/mpeg\" src=\"https:\/\/www.radiopiu.net\/wordpress\/wp-content\/uploads\/2021\/11\/sabato-tutti-i-in-piazza.mp3?_=10\" \/><a href=\"https:\/\/www.radiopiu.net\/wordpress\/wp-content\/uploads\/2021\/11\/sabato-tutti-i-in-piazza.mp3\">https:\/\/www.radiopiu.net\/wordpress\/wp-content\/uploads\/2021\/11\/sabato-tutti-i-in-piazza.mp3<\/a><\/audio>\n<\/div>\n<div dir=\"auto\"><\/div>\n<div dir=\"auto\"><\/div>\n<div dir=\"auto\">\n<hr \/>\n<\/div>\n<div dir=\"auto\"><\/div>\n<div dir=\"auto\"><\/div>\n<div dir=\"auto\">\n<p>&nbsp;<\/p>\n<blockquote>\n<h3><\/h3>\n<h2><a href=\"https:\/\/www.radiopiu.net\/wordpress\/francesco-corazza-lo-psicologo-che-aiuta-i-bambini-a-fare-i-compiti\/attachment\/0\/\" rel=\"attachment wp-att-242842\"><img loading=\"lazy\" decoding=\"async\" class=\"size-medium wp-image-242842 alignleft\" src=\"https:\/\/www.radiopiu.net\/wordpress\/wp-content\/uploads\/2021\/11\/0-1-296x300.png\" alt=\"\" width=\"296\" height=\"300\" srcset=\"https:\/\/www.radiopiu.net\/wordpress\/wp-content\/uploads\/2021\/11\/0-1-296x300.png 296w, https:\/\/www.radiopiu.net\/wordpress\/wp-content\/uploads\/2021\/11\/0-1-1011x1024.png 1011w, https:\/\/www.radiopiu.net\/wordpress\/wp-content\/uploads\/2021\/11\/0-1-768x778.png 768w, https:\/\/www.radiopiu.net\/wordpress\/wp-content\/uploads\/2021\/11\/0-1-1517x1536.png 1517w, https:\/\/www.radiopiu.net\/wordpress\/wp-content\/uploads\/2021\/11\/0-1.png 1789w\" sizes=\"auto, (max-width: 296px) 100vw, 296px\" \/><\/a>FRANCESCO CORAZZA, LO PSICOLOGO CHE AIUTA I BAMBINI A FARE I COMPITI<\/h2>\n<h3><\/h3>\n<\/blockquote>\n<p><strong>AGORDO<\/strong><\/p>\n<p>di Gianni Santomaso<\/p>\n<p>&nbsp;<\/p>\n<p>&nbsp;<\/p>\n<p>Il disegno dalla matita di Erika Andrich<\/p>\n<audio class=\"wp-audio-shortcode\" id=\"audio-243077-11\" preload=\"none\" style=\"width: 100%;\" controls=\"controls\"><source type=\"audio\/mpeg\" src=\"https:\/\/www.radiopiu.net\/wordpress\/wp-content\/uploads\/2021\/11\/GIANNI-SPECIALE-FRANCESCO-CORAZZA.mp3?_=11\" \/><a href=\"https:\/\/www.radiopiu.net\/wordpress\/wp-content\/uploads\/2021\/11\/GIANNI-SPECIALE-FRANCESCO-CORAZZA.mp3\">https:\/\/www.radiopiu.net\/wordpress\/wp-content\/uploads\/2021\/11\/GIANNI-SPECIALE-FRANCESCO-CORAZZA.mp3<\/a><\/audio>\n<p>&nbsp;<\/p>\n<p>&nbsp;<\/p>\n<hr \/>\n<\/div>\n<div dir=\"auto\"><\/div>\n<div dir=\"auto\"><\/div>\n<div dir=\"auto\">\n<blockquote>\n<h3>SABATO POMERIGGIO A CENCENIGHE LA PREMIAZIONE DEGLI ALUNNI DELLE SCUOLE<\/h3>\n<\/blockquote>\n<blockquote class=\"wp-embedded-content\" data-secret=\"7a2Rc2b8Bs\"><p><a href=\"https:\/\/www.radiopiu.net\/wordpress\/le-premiazioni-del-concorso-fotografico-i-colori-dellautunno\/\">LE PREMIAZIONI DEL CONCORSO FOTOGRAFICO &#8220;I COLORI DELL&#8217;AUTUNNO&#8221;<\/a><\/p><\/blockquote>\n<p><iframe loading=\"lazy\" class=\"wp-embedded-content\" sandbox=\"allow-scripts\" security=\"restricted\" style=\"position: absolute; clip: rect(1px, 1px, 1px, 1px);\" title=\"&#8220;LE PREMIAZIONI DEL CONCORSO FOTOGRAFICO &#8220;I COLORI DELL&#8217;AUTUNNO&#8221;&#8221; &#8212; Radio Pi\u00f9\" src=\"https:\/\/www.radiopiu.net\/wordpress\/le-premiazioni-del-concorso-fotografico-i-colori-dellautunno\/embed\/#?secret=7a2Rc2b8Bs\" data-secret=\"7a2Rc2b8Bs\" width=\"600\" height=\"338\" frameborder=\"0\" marginwidth=\"0\" marginheight=\"0\" scrolling=\"no\"><\/iframe><\/p>\n<p>&nbsp;<\/p>\n<p>&nbsp;<\/p>\n<p>&nbsp;<\/p>\n<hr \/>\n<\/div>\n<p>&nbsp;<\/p>\n<blockquote>\n<h3>NEL CASTELLO DI BARBABLU, DOMENICA ALLE 17 AL TEATRO COMUNALE DI BELLUNO<\/h3>\n<\/blockquote>\n<h3><a href=\"https:\/\/www.radiopiu.net\/wordpress\/235499-2q\/247967093_3040184876228480_2357238744737972059_n\/\" rel=\"attachment wp-att-243035\"><img loading=\"lazy\" decoding=\"async\" class=\"size-medium wp-image-243035 alignleft\" src=\"https:\/\/www.radiopiu.net\/wordpress\/wp-content\/uploads\/2021\/10\/247967093_3040184876228480_2357238744737972059_n-300x114.jpg\" alt=\"\" width=\"300\" height=\"114\" srcset=\"https:\/\/www.radiopiu.net\/wordpress\/wp-content\/uploads\/2021\/10\/247967093_3040184876228480_2357238744737972059_n-300x114.jpg 300w, https:\/\/www.radiopiu.net\/wordpress\/wp-content\/uploads\/2021\/10\/247967093_3040184876228480_2357238744737972059_n-768x293.jpg 768w, https:\/\/www.radiopiu.net\/wordpress\/wp-content\/uploads\/2021\/10\/247967093_3040184876228480_2357238744737972059_n.jpg 960w\" sizes=\"auto, (max-width: 300px) 100vw, 300px\" \/><\/a>\u00a0INTERVISTA ALL&#8217;ATTRICE ANNABELLA TEDONE, COMPAGNIA KUZIBA<\/h3>\n<p>di Mirko Mezzacasa<\/p>\n<p>&nbsp;<\/p>\n<audio class=\"wp-audio-shortcode\" id=\"audio-243077-12\" preload=\"none\" style=\"width: 100%;\" controls=\"controls\"><source type=\"audio\/mpeg\" src=\"https:\/\/www.radiopiu.net\/wordpress\/wp-content\/uploads\/2021\/11\/annabella.mp3?_=12\" \/><a href=\"https:\/\/www.radiopiu.net\/wordpress\/wp-content\/uploads\/2021\/11\/annabella.mp3\">https:\/\/www.radiopiu.net\/wordpress\/wp-content\/uploads\/2021\/11\/annabella.mp3<\/a><\/audio>\n<p><span style=\"color: #ff0000;\"><strong>SERVIZI PRECEDENTI,\u00a0 TIB-TEATRO BELLUNO<\/strong><\/span><\/p>\n<blockquote class=\"wp-embedded-content\" data-secret=\"fIkUm72tlI\"><p><a href=\"https:\/\/www.radiopiu.net\/wordpress\/235499-2q\/\">NEL CASTELLO DI BARBABLU, DOMENICA ALLE 17 AL TEATRO COMUNALE DI BELLUNO<\/a><\/p><\/blockquote>\n<p><iframe loading=\"lazy\" class=\"wp-embedded-content\" sandbox=\"allow-scripts\" security=\"restricted\" style=\"position: absolute; clip: rect(1px, 1px, 1px, 1px);\" title=\"&#8220;NEL CASTELLO DI BARBABLU, DOMENICA ALLE 17 AL TEATRO COMUNALE DI BELLUNO&#8221; &#8212; Radio Pi\u00f9\" src=\"https:\/\/www.radiopiu.net\/wordpress\/235499-2q\/embed\/#?secret=fIkUm72tlI\" data-secret=\"fIkUm72tlI\" width=\"600\" height=\"338\" frameborder=\"0\" marginwidth=\"0\" marginheight=\"0\" scrolling=\"no\"><\/iframe><\/p>\n<p>&nbsp;<\/p>\n<p>&nbsp;<\/p>\n<p>&nbsp;<\/p>\n<hr \/>\n<blockquote>\n<h3><\/h3>\n<h3>LA LEGGENDA DI MURCIMIRO ED ATLETA NELLA STORIA DEL CASTELLO DI ZUMELLE<\/h3>\n<\/blockquote>\n<p><strong>di\u00a0 RENATO BONA<\/strong><\/p>\n<p>Nel dicembre 1989 &#8211; in occasione del convegno dell\u20191 luglio dello stesso anno, svoltosi in quel di Mel, Palazzo delle Contesse messo a disposizione dal Comune &#8211; Grafiche Longaronesi stampavano per la Comunit\u00e0 montana bellunese, ad iniziativa della Libreria Pilotto editrice di Feltre, il volume \u201cI castelli del Bellunese\u201d, a cura di Bruno Fontana e Dario Dall\u2019Olio, con contributi di Luisa Alpago Novello, Enrico Perego, Mauro Vedana, Marino Baldin, Mirco Minella ed Eldo Candeago (tutti relatori del convegno in terra zumellese), foto di: Adriano Alpago Novello, Marino Baldin, Sergio Pivetta, Anna Tazzara, Dario Tonet, Claudia Trevissoi e Mauro Vedana, impostazione grafica di Melarte, in sovracopertina disegno di Ornella Fiabane. Per dirla con l\u2019allora assessore alla cultura della Comunit\u00e0 montana, Luigino Boito, dai Castelli (che cita in presentazione: Zumelle, Castelvint, Casteldart, Sant\u2019Anna di Castion e Belluno \u201cdi cui rimane, esile traccia, il volto dei sotterranei che fiancheggiano il Palazzo delle Poste nel capoluogo\u201d- ndr.) \u201c\u2026 emana il fascino di antiche vicende che ci \u00e8 stato fatto rivivere nel convegno di Mel dagli illustri relatori\u201d. A sua volta Dario Dall\u2019Olio precisava che \u201cIl testo vuole costituire uno stimolo ad occuparsi in maniera maggiormente e doverosamente rispettosa di beni che, dopo ave costituito il fulcro d\u2019una nostra nobile vicenda storica, ancor oggi possono essere punti di forza d\u00ec\u2019uno sviluppo culturale armonico delle nostre zone\u201d. Col suo articolato contributo nell\u2019introduzione, il co-autore Bruno Fontana opportunamente ricorda, fra l\u2019altro, che: \u201cOgni castello presenta naturalmente un\u2019identit\u00e0 propria e peculiare, ma in tutti ritorna una caratteristica comune: tutti sovrastano dalle alture, o comunque punti di rilievo, colli, monti, sassi, rive di torrenti. In tutti ritorna cio\u00e8 una specie di leitmotiv, ossia l\u2019importanza di erigere castelli in punti quotati a scopo difensivo\u201d per puntualizzare quindi che il libro, che \u201crisulta una sorta di \u2018collage\u2019 ottenuto con vari interventi stesi poi in una relazione compatta e unitaria come qui si presenta, \u00e8 quello di suscitare nel lettore l\u2019interesse per questo patrimonio artistico con cui fortunatamente conviviamo. Un\u2019informazione adeguata quale si prefigge questo saggio, correlato da un\u2019indagine scrupolosa e condotta con un preciso metodo tecnico, pu\u00f2 rappresentare l\u2019opportunit\u00e0 di volgere uno sguardo di interesse al territorio nel quale viviamo, al fine di poter apprezzare tramite un approccio storico-archeologico questo notevole patrimonio artistico di cui la nostra provincia \u00e8 straordinariamente ricca\u201d. Non \u00e8 dunque un caso che \u201cAlcune delle relazioni presenti in questo \u2018reportage\u2019 mettono in rilievo proprio questo aspetto, ossia l\u2019assoluta necessit\u00e0 di un recupero funzionale del castello, in una prospettiva di valorizzazione storico-ambientale della terra che ci ha dato i natali\u201d. Il Bellunese infatti &#8211; scriveva ancora in conclusione &#8211; \u201cpullula di numerosi castelli che il tempo e forse il disinteresse del passato hanno deturpato irrimediabilmente. Per la suddetta ragione attraverso questo \u2018programma di sensibilizzazione\u2019 verso i beni culturali della nostra provincia, si vuole lanciare un chiaro messaggio agli Enti locali e alle Sopraintendenze, ma soprattutto a noi tutti con l\u2019obiettivo di un recupero adeguato e solerte, di una rivalutazione corretta, di un interessamento completo e professionale che oggi sappiamo possibile anche grazie a particolari tecniche di rilevamento a cui Mirko Minella dedica un capitolo di questo volume\u201d. Ricordato che il pregevole volume si articola nei capitoli: \u201cIl Castello di Zumelle e la linea difensiva della Val Belluna\u201d, di Luisa Alpago Novello; \u201cIl Castello di Feltre\u201d, di Enrico Perego; \u201cBelluno citt\u00e0 fortezza: fra assedi e assalti\u2026\u201d, di Mauro Vedana; \u201cIl Castello di Andraz: il restauro di un bene architettonico ed ambientale\u201d, di Marino Baldin; \u201cBeni culturali tra conservazione e sviluppo\u201d, di Eldo Candeago; \u201cCatalogazione e gestione dei beni culturali: il supporto informatico\u201d, di Mirco Minella, ci soffermiamo in questa occasione su quello che si occupa del Castello di Zumelle (cui l\u2019amico Edoardo Comiotto ha dedicato a mo di dicitura per un\u2019immagine, questa breve lirica: \u201coh\u2026 Torre\/ che sfidi il vento\/ e il tuono minaccioso,\/ che copri con l tua vista\/ le valli e i rii,\/ tu che ricordi\u2026\/ \u2026ricorda per noi\u2026\/\u201d). Luisa Alpago Novello esordisce scrivendo che \u201cQuando si comincia ad interessarsi della storia antica della Val Belluna, il primo monumento che colpisce l\u2019immaginazione \u00e8 il Castello di Zumelle, che troneggia isolato e possente, ricco di storia e di affascinanti leggende\u201d aggiungendo: \u201cMa, allargando le ricerche, ci si accorge che gli storici locali dei secoli XVI-XVIII (Bonifaccio, Piloni, Cambruzzi, Montebello) ci parlano di un gran numero di castelli, e di altri ancor oggi affiorano qua e l\u00e0 i ruderi\u2026\u201d. Dopo un inquadramento storico che va senz\u2019altro letto e memorizzato, cos\u00ec come, del resto, i dettagliati riferimenti agli altri, numerosi castelli del Bellunese, l\u2019autrice del capitolo scrive nello specifico del Castello di Zumelle: \u201cStrettamente legato al passaggio della via Claudia per Praderadego \u00e8 il Castello di Zumelle, il \u2018Castrun Gemellarum\u2019 dei documenti pi\u00f9 antichi, la \u2018Rocha de Mel\u2019 nella traduzione volgare. Va ricordato che \u2018Gemellae\u2019 era il nome romano di Mel, la cui fondazione risale probabilmente all\u2019et\u00e0 di Cesare. Dalla planimetria e dalle sezioni risulta chiara la posizione naturalmente forte del castello, circondato su tre lati dal torrente Terche, e ulteriormente difeso da mura e torri\u201d poi, con riferimento ad una piantina allegata al testo, spiega che \u201cCol punteggiato si \u00e8 messo in evidenza il lungo e profondo fossato semicircolare, tutto mirabilmente tagliato nella roccia. Nella pianta, con tratteggio nero, \u00e8 indicato il castello attuale. Al di sotto del mastio centrale, alla profondit\u00e0 di tre metri, sono apparse le fondazioni della primitiva torre, leggermente pi\u00f9 piccola e con diverso orientamento, avendo un lato parallelo al fossato la penso costruita contemporaneamente ad esso\u201d. Pi\u00f9 avanti, Alpago Novello rammenta che: \u201cIl Piloni attribuisce la costruzione del castello con torre al tempo del re goto Vitige (anni 536-40 d.C.) e riporta all\u2019inizio del secolo VIII (periodo longobardo) la leggenda di Murcimiro di Zumelle e della bella Atleta\u201d. A proposito della quale leggenda la libera enciclopedia Wikipedia, attribuendola allo storico bellunese Giorgio Piloni scrive che \u201cIl valoroso Murcimiro, conte di Zumelle, si innamor\u00f2 di Atleta, la bellissima figlia del conte Tucherio di Calteldardo, promessa sposa di Azzone, conte di Feltre. Murcimiro, travolto dal desiderio, giur\u00f2 che l\u2019avrebbe avuta anche a costo di morire. Alla testa dei suoi uomini tese un agguato al corteo che stava conducendo Atleta a Feltre: durante il terribile scontro il conte uccise Orleo, fratello della sposa, e rap\u00ec quest\u2019ultima conducendola nel suo castello. Accecato dall\u2019odio per la morte del figlio, Tucherio mosse il suo esercito contro il castello di Zumelle, le cui difese erano state nel frattempo potenziate. Non riuscendo a far uscire Murcimiro, devast\u00f2 i vicini paesi di Tiago e di Villa, poi torn\u00f2 a Casteldardo, inseguito dagli uomini del nemico. Quache tempo dopo tent\u00f2 un nuovo assedio, ma la fortezza resistette. Frattanto, Atleta aveva sposato Murcimiro e gli aveva dato un figlio: Adelardo. Lo zumellese sperava che il lieto evento potesse placare l\u2019animo di Tucherio. In effetti segu\u00ec un periodo di quiete e Murcimiro abbass\u00f2 le difese, congedando molti dei suoi uomini. Era per\u00f2 una trappola: consigliato da un ex soldato di Zumelle, dopo tre anni Tucherio attacc\u00f2 il castello e lo devast\u00f2 senza difficolt\u00e0, uccise lui stesso Murcimiro e successivamente incendi\u00f2 la fortezza. Atleta fu ricondotta a Casteldardo con il figlio, poi fu data in sposa ad Azzone. A lungo gli Zumellesi discussero su come risollevare le sorti della contea. Alla fine decisero di nominare conte l\u2019erede diretto di Murcimiro, Adelardo, e di restaurare il Castello. Fu dunque inviata un\u2019ambasceria a Tucherio, che accett\u00f2 le richieste degli Zumellesi e addirittura diede loro 25 marche d\u2019argento per finanziare il Castello. Riport\u00f2 quindi il piccolo Adelardo a Zumelle, affidandolo alla tutela di Ermenfredo\u201d.<\/p>\n<p>&nbsp;<\/p>\n\n\t\t\t<style type='text\/css'>\n\t\t\t\t#gallery-7 {\n\t\t\t\t\tmargin: auto;\n\t\t\t\t}\n\t\t\t\t#gallery-7 .gallery-item {\n\t\t\t\t\tfloat: left;\n\t\t\t\t\tmargin-top: 10px;\n\t\t\t\t\ttext-align: center;\n\t\t\t\t\twidth: 16%;\n\t\t\t\t}\n\t\t\t\t#gallery-7 img {\n\t\t\t\t\tborder: 2px solid #cfcfcf;\n\t\t\t\t}\n\t\t\t\t#gallery-7 .gallery-caption {\n\t\t\t\t\tmargin-left: 0;\n\t\t\t\t}\n\t\t\t\t\/* see gallery_shortcode() in wp-includes\/media.php *\/\n\t\t\t<\/style>\n\t\t<div id='gallery-7' class='dt-gallery-container gallery galleryid-243077 gallery-columns-6 gallery-size-thumbnail'><dl class='gallery-item'>\n\t\t\t\t<dt class='gallery-icon portrait'>\n\t\t\t\t\t<a class=\"rollover rollover-zoom dt-pswp-item\" title=\"257906961_1305114643267350_3490070596912634563_n\" data-dt-img-description=\"\" data-large_image_width=\"158\" data-large_image_height=\"240\"href='https:\/\/www.radiopiu.net\/wordpress\/wp-content\/uploads\/2021\/11\/257906961_1305114643267350_3490070596912634563_n.jpg'><img loading=\"lazy\" decoding=\"async\" width=\"150\" height=\"150\" src=\"https:\/\/www.radiopiu.net\/wordpress\/wp-content\/uploads\/2021\/11\/257906961_1305114643267350_3490070596912634563_n-150x150.jpg\" class=\"attachment-thumbnail size-thumbnail\" alt=\"\" \/><\/a>\n\t\t\t\t<\/dt><\/dl><dl class='gallery-item'>\n\t\t\t\t<dt class='gallery-icon portrait'>\n\t\t\t\t\t<a class=\"rollover rollover-zoom dt-pswp-item\" title=\"257461464_1535260453509761_7605032663668374496_n\" data-dt-img-description=\"\" data-large_image_width=\"151\" data-large_image_height=\"206\"href='https:\/\/www.radiopiu.net\/wordpress\/wp-content\/uploads\/2021\/11\/257461464_1535260453509761_7605032663668374496_n.jpg'><img loading=\"lazy\" decoding=\"async\" width=\"150\" height=\"150\" src=\"https:\/\/www.radiopiu.net\/wordpress\/wp-content\/uploads\/2021\/11\/257461464_1535260453509761_7605032663668374496_n-150x150.jpg\" class=\"attachment-thumbnail size-thumbnail\" alt=\"\" \/><\/a>\n\t\t\t\t<\/dt><\/dl><dl class='gallery-item'>\n\t\t\t\t<dt class='gallery-icon landscape'>\n\t\t\t\t\t<a class=\"rollover rollover-zoom dt-pswp-item\" title=\"258220505_452336959891670_6921691841580458105_n\" data-dt-img-description=\"\" data-large_image_width=\"207\" data-large_image_height=\"206\"href='https:\/\/www.radiopiu.net\/wordpress\/wp-content\/uploads\/2021\/11\/258220505_452336959891670_6921691841580458105_n.jpg'><img loading=\"lazy\" decoding=\"async\" width=\"150\" height=\"150\" src=\"https:\/\/www.radiopiu.net\/wordpress\/wp-content\/uploads\/2021\/11\/258220505_452336959891670_6921691841580458105_n-150x150.jpg\" class=\"attachment-thumbnail size-thumbnail\" alt=\"\" srcset=\"https:\/\/www.radiopiu.net\/wordpress\/wp-content\/uploads\/2021\/11\/258220505_452336959891670_6921691841580458105_n-150x150.jpg 150w, https:\/\/www.radiopiu.net\/wordpress\/wp-content\/uploads\/2021\/11\/258220505_452336959891670_6921691841580458105_n.jpg 207w\" sizes=\"auto, (max-width: 150px) 100vw, 150px\" \/><\/a>\n\t\t\t\t<\/dt><\/dl><dl class='gallery-item'>\n\t\t\t\t<dt class='gallery-icon portrait'>\n\t\t\t\t\t<a class=\"rollover rollover-zoom dt-pswp-item\" title=\"257734580_599855127921422_3907894424521930976_n\" data-dt-img-description=\"\" data-large_image_width=\"180\" data-large_image_height=\"198\"href='https:\/\/www.radiopiu.net\/wordpress\/wp-content\/uploads\/2021\/11\/257734580_599855127921422_3907894424521930976_n.jpg'><img loading=\"lazy\" decoding=\"async\" width=\"150\" height=\"150\" src=\"https:\/\/www.radiopiu.net\/wordpress\/wp-content\/uploads\/2021\/11\/257734580_599855127921422_3907894424521930976_n-150x150.jpg\" class=\"attachment-thumbnail size-thumbnail\" alt=\"\" \/><\/a>\n\t\t\t\t<\/dt><\/dl><dl class='gallery-item'>\n\t\t\t\t<dt class='gallery-icon landscape'>\n\t\t\t\t\t<a class=\"rollover rollover-zoom dt-pswp-item\" title=\"256266429_1636767879992798_7840643122112223428_n\" data-dt-img-description=\"\" data-large_image_width=\"404\" data-large_image_height=\"206\"href='https:\/\/www.radiopiu.net\/wordpress\/wp-content\/uploads\/2021\/11\/256266429_1636767879992798_7840643122112223428_n.jpg'><img loading=\"lazy\" decoding=\"async\" width=\"150\" height=\"150\" src=\"https:\/\/www.radiopiu.net\/wordpress\/wp-content\/uploads\/2021\/11\/256266429_1636767879992798_7840643122112223428_n-150x150.jpg\" class=\"attachment-thumbnail size-thumbnail\" alt=\"\" \/><\/a>\n\t\t\t\t<\/dt><\/dl><dl class='gallery-item'>\n\t\t\t\t<dt class='gallery-icon portrait'>\n\t\t\t\t\t<a class=\"rollover rollover-zoom dt-pswp-item\" title=\"257952628_5329636247051703_6955480785536681635_n\" data-dt-img-description=\"\" data-large_image_width=\"155\" data-large_image_height=\"240\"href='https:\/\/www.radiopiu.net\/wordpress\/wp-content\/uploads\/2021\/11\/257952628_5329636247051703_6955480785536681635_n.jpg'><img loading=\"lazy\" decoding=\"async\" width=\"150\" height=\"150\" src=\"https:\/\/www.radiopiu.net\/wordpress\/wp-content\/uploads\/2021\/11\/257952628_5329636247051703_6955480785536681635_n-150x150.jpg\" class=\"attachment-thumbnail size-thumbnail\" alt=\"\" \/><\/a>\n\t\t\t\t<\/dt><\/dl><br style=\"clear: both\" \/><dl class='gallery-item'>\n\t\t\t\t<dt class='gallery-icon landscape'>\n\t\t\t\t\t<a class=\"rollover rollover-zoom dt-pswp-item\" title=\"258316411_576492523457767_4833829924755960952_n\" data-dt-img-description=\"\" data-large_image_width=\"293\" data-large_image_height=\"206\"href='https:\/\/www.radiopiu.net\/wordpress\/wp-content\/uploads\/2021\/11\/258316411_576492523457767_4833829924755960952_n.jpg'><img loading=\"lazy\" decoding=\"async\" width=\"150\" height=\"150\" src=\"https:\/\/www.radiopiu.net\/wordpress\/wp-content\/uploads\/2021\/11\/258316411_576492523457767_4833829924755960952_n-150x150.jpg\" class=\"attachment-thumbnail size-thumbnail\" alt=\"\" \/><\/a>\n\t\t\t\t<\/dt><\/dl><dl class='gallery-item'>\n\t\t\t\t<dt class='gallery-icon portrait'>\n\t\t\t\t\t<a class=\"rollover rollover-zoom dt-pswp-item\" title=\"258234347_208554327986664_2762682387836369380_n\" data-dt-img-description=\"\" data-large_image_width=\"160\" data-large_image_height=\"205\"href='https:\/\/www.radiopiu.net\/wordpress\/wp-content\/uploads\/2021\/11\/258234347_208554327986664_2762682387836369380_n.jpg'><img loading=\"lazy\" decoding=\"async\" width=\"150\" height=\"150\" src=\"https:\/\/www.radiopiu.net\/wordpress\/wp-content\/uploads\/2021\/11\/258234347_208554327986664_2762682387836369380_n-150x150.jpg\" class=\"attachment-thumbnail size-thumbnail\" alt=\"\" \/><\/a>\n\t\t\t\t<\/dt><\/dl><dl class='gallery-item'>\n\t\t\t\t<dt class='gallery-icon landscape'>\n\t\t\t\t\t<a class=\"rollover rollover-zoom dt-pswp-item\" title=\"258525838_326477042146465_1854563860741444009_n\" data-dt-img-description=\"\" data-large_image_width=\"228\" data-large_image_height=\"205\"href='https:\/\/www.radiopiu.net\/wordpress\/wp-content\/uploads\/2021\/11\/258525838_326477042146465_1854563860741444009_n.jpg'><img loading=\"lazy\" decoding=\"async\" width=\"150\" height=\"150\" src=\"https:\/\/www.radiopiu.net\/wordpress\/wp-content\/uploads\/2021\/11\/258525838_326477042146465_1854563860741444009_n-150x150.jpg\" class=\"attachment-thumbnail size-thumbnail\" alt=\"\" \/><\/a>\n\t\t\t\t<\/dt><\/dl><dl class='gallery-item'>\n\t\t\t\t<dt class='gallery-icon portrait'>\n\t\t\t\t\t<a class=\"rollover rollover-zoom dt-pswp-item\" title=\"257694583_1076891546456038_6089621805123895044_n\" data-dt-img-description=\"\" data-large_image_width=\"155\" data-large_image_height=\"315\"href='https:\/\/www.radiopiu.net\/wordpress\/wp-content\/uploads\/2021\/11\/257694583_1076891546456038_6089621805123895044_n.png'><img loading=\"lazy\" decoding=\"async\" width=\"150\" height=\"150\" src=\"https:\/\/www.radiopiu.net\/wordpress\/wp-content\/uploads\/2021\/11\/257694583_1076891546456038_6089621805123895044_n-150x150.png\" class=\"attachment-thumbnail size-thumbnail\" alt=\"\" \/><\/a>\n\t\t\t\t<\/dt><\/dl><dl class='gallery-item'>\n\t\t\t\t<dt class='gallery-icon landscape'>\n\t\t\t\t\t<a class=\"rollover rollover-zoom dt-pswp-item\" title=\"257470984_1219334448552740_221541138872028880_n\" data-dt-img-description=\"\" data-large_image_width=\"166\" data-large_image_height=\"113\"href='https:\/\/www.radiopiu.net\/wordpress\/wp-content\/uploads\/2021\/11\/257470984_1219334448552740_221541138872028880_n.png'><img loading=\"lazy\" decoding=\"async\" width=\"150\" height=\"113\" src=\"https:\/\/www.radiopiu.net\/wordpress\/wp-content\/uploads\/2021\/11\/257470984_1219334448552740_221541138872028880_n-150x113.png\" class=\"attachment-thumbnail size-thumbnail\" alt=\"\" \/><\/a>\n\t\t\t\t<\/dt><\/dl>\n\t\t\t\t<br style='clear: both' \/>\n\t\t\t<\/div>\n\n<p>&nbsp;<\/p>\n<p>NELLE FOTO (riproduzioni dal libro \u201cI Castelli del Bellunese\u201d, Wikipedia): la copertina del volume; visione di Praderadego col tracciato della via Claudia Altinate; il castello di Zumelle nel disegno di Alberto Alpago Novello, autore anche della planimetria e della pianta; uno scorcio dall\u2019antico mulino; panoramica del maniero zumellese; la rocca di Zumelle; ancora il castello; la storica Luisa Alpago Novello, autrice dell\u2019ottimo primo capitolo del libro; suggestiva immagine notturna del Castello.<\/p>\n<p>&nbsp;<\/p>\n<hr \/>\n<p>&nbsp;<\/p>\n<h2 style=\"text-align: center;\">I LUPI GIOCANO A VOLTAGO&#8230;NEL VIDEO DI MARIO DE MARCO<\/h2>\n<p><strong>VOLTAGO<\/strong> Il lupo \u00e8 presente a Voltago e a testimoniarlo \u00e8 il video che ci ha inviato Mario De Marco che \u00e8 riuscito a immortalare\u00a0 un branco mentre sta giocando. <em>&#8220;Sono come dEi cagnolini &#8211; dice Mario &#8211; chiss\u00e0 che la cultura delle persone cambi e siano un valore aggiunto per il nostro territorio&#8221;. Il Video di Mario De Marco \u00e8 stato fatto grazie a degli appostamenti durati pi\u00f9 di 4 mesi&#8221;<\/em><\/p>\n<p><strong>IL VIDEO DI MARIO DE MARCO<\/strong><\/p>\n<div style=\"width: 640px;\" class=\"wp-video\"><video class=\"wp-video-shortcode\" id=\"video-243077-5\" width=\"640\" height=\"368\" preload=\"metadata\" controls=\"controls\"><source type=\"video\/mp4\" src=\"https:\/\/www.radiopiu.net\/wordpress\/wp-content\/uploads\/2021\/11\/WhatsApp-Video-2021-11-14-at-12.58.09.mp4?_=5\" \/><a href=\"https:\/\/www.radiopiu.net\/wordpress\/wp-content\/uploads\/2021\/11\/WhatsApp-Video-2021-11-14-at-12.58.09.mp4\">https:\/\/www.radiopiu.net\/wordpress\/wp-content\/uploads\/2021\/11\/WhatsApp-Video-2021-11-14-at-12.58.09.mp4<\/a><\/video><\/div>\n<p>&nbsp;<\/p>\n<p>&nbsp;<\/p>\n<p>&nbsp;<\/p>\n<hr \/>\n<p>&nbsp;<\/p>\n<blockquote>\n<h3>CONCORSO PER UN ISTRUTTORE DI POLIZIA LOCALE<\/h3>\n<\/blockquote>\n<p><strong>ALPAGO<\/strong>\u00a0 \u00c8 indetto un concorso pubblico per soli esami per l\u2019assunzione a tempo pieno e indeterminato di un Istruttore Direttivo di Polizia Locale. Le domande di partecipazione dovranno essere presentate entro il 27 dicembre\u00a0 tramite apposita piattaforma dell&#8217;Unione Montana Feltrina. Informazioni su sito http:\/\/www.feltrino.bl.it\/web\/cmfeltrina.<\/p>\n<p>&nbsp;<\/p>\n<hr \/>\n<p>&nbsp;<\/p>\n<blockquote>\n<h3>LA MESSA PER I CADUTI SUL LAVORO<\/h3>\n<\/blockquote>\n<p><strong>AGORDO<\/strong>\u00a0 Anche quest&#8217;anno per iniziativa della Nuova Corale &#8211; Coro parrocchiale di Agordo,\u00a0 sar\u00e0 celebrata la Messa per i caduti sul lavoro: domenica 21 novembre alle 18.00, nella Chiesa Arcidiaconale di Agordo. E&#8217; il <b>39\u00b0 anno<\/b>\u00a0in cui si svolge questa celebrazione, che vuole unirsi nel dolore e nel ricordo dei propri cari ai familiari dei caduti, oltre che sottolineare l&#8217;importanza dei valori della vita e del lavoro e quindi della sicurezza nei luoghi di lavoro. Molto spesso infatti gli adempimenti in tal senso vengono considerati solo come degli inutili vincoli burocratici, mentre \u00e8 importante cercare di evitare tutto quello che \u00e8 prevenibile, diffondendo una cultura della sicurezza.<\/p>\n<div class=\"moz-text-html\" lang=\"x-unicode\">\n<div dir=\"auto\">\n<div dir=\"auto\">\n<div dir=\"auto\">\n<div>\n<div>\n<div dir=\"auto\">\n<div dir=\"auto\">\n<div>\n<div><\/div>\n<div dir=\"ltr\"><\/div>\n<div dir=\"ltr\">\n<hr \/>\n<\/div>\n<blockquote>\n<h3 dir=\"ltr\">MERCATINO DI NATALE A FALCADE<\/h3>\n<\/blockquote>\n<div dir=\"ltr\"><strong>FALCADE<\/strong>\u00a0 L&#8217;associazione albergatori, ristoratori e rifugi della Valle del Biois mette e disposizione le casette per i mercatini natalizi sulla piazza di Falcade per il periodo natalizio. Gli interessati ad esporre possono rivolgersi all&#8217;ufficio Promo Falcade, telefono 334 7230117 oppure 329 7603762<\/div>\n<div dir=\"ltr\"><\/div>\n<\/div>\n<\/div>\n<\/div>\n<\/div>\n<\/div>\n<\/div>\n<\/div>\n<\/div>\n<\/div>\n<p>&nbsp;<\/p>\n<hr \/>\n<blockquote>\n<h3><\/h3>\n<h3>RINNOVO DI CONCESSIONI E DEBITI FUORI BILANCIO<\/h3>\n<\/blockquote>\n<p><strong>LIVINALLONGO<\/strong> Domani alle 18 consiglio comunale convocato dal sindaco Leandro Grones. All&#8217;ordine del giorno: rinnovo della concessione per l&#8217;uso dei terreni di uso civico di Ponte Vauz, La Viza e Salere; regolamento per la disciplina dei servizi pubblici non di linea per via terra; variazione al bilancio e riconoscimento debiti fuori bilancio derivanti da sentenze del giudice di pace di Belluno; del progetto &#8220;Il collegamento delle Dolomiti&#8221; dell&#8217;Istituto culturale ladino Cesa de Jan<\/p>\n<p>&nbsp;<\/p>\n<p>&nbsp;<\/p>\n<hr \/>\n<p>&nbsp;<\/p>\n<blockquote>\n<h3>FRATELLO ALBERO, LA GIORNATA NAZIONALE DEGLI ALBERI<\/h3>\n<\/blockquote>\n<p><strong>FELTRE\u00a0<\/strong> In occasione della Giornata Nazionale degli Alberi, il Comune di Feltre organizza, in collaborazione con il Dipartimento TESAF dell&#8217;Universit\u00e0 di Padova, l&#8217;Istituto \u201cDella Lucia\u201d e la Casa dei beni Comuni la manifestazione dal titolo \u201cFratello Albero\u201d. La giornata si svolger\u00e0 domani. Alle 10 presso l&#8217;area di Pr\u00e0 del Moro si terr\u00e0 la consueta messa\u00a0 dimora di un albero per ogni nuovo nato nel Comune di Feltre nel 2021. Dalle 18, il Museo Diocesano di Arte Sacra in via Paradiso ospiter\u00e0 invece un momento di studio e di approfondimento sulle tematiche relative alla crisi climatica e al processo di ripopolamento del verde urbano che interessa la citt\u00e0, in particolar modo dopo i drammatici effetti della tempesta Vaia del 2018. L&#8217;assessore all&#8217;ambiente del Comune di Feltre Valter Bonan interverr\u00e0 sul tema \u201cFratello Albero: tra crisi climatica e visioni del futuro\u201d. Seguir\u00e0 l&#8217;intervento della dirigente del Settore Gestione del Territorio Enrica De Paulis proprio sul progetto di rigenerazione del verde urbano dopo Vaia. L&#8217;I.I.S. \u201cDella Lucia\u201d proporr\u00e0 i dati del censimento e della georeferenziazione relativi al bilancio arboreo di Feltre; infine il professor Paolo Semenzato, del Dipartimento TESAF dell&#8217;Universit\u00e0 di Padova, interverr\u00e0 su \u201cCriteri e strumenti per una corretta pianificazione e gestione dei popolamenti arborei urbani.\u201d Per l&#8217;accesso, con green pass in corso di validit\u00e0, si consiglia la prenotazione su <a href=\"http:\/\/www.visitfeltre.info\/\">www.visitfeltre.info<\/a> nella sezione eventi.<\/p>\n<p>&nbsp;<\/p>\n<p>&nbsp;<\/p>\n<hr \/>\n<p>&nbsp;<\/p>\n<p>&nbsp;<\/p>\n<blockquote>\n<h3>MIG 2021, PER L&#8217;INGRESSO NECESSARIA LA REGISTRAZIONE<\/h3>\n<\/blockquote>\n<p><strong>LONGARONE<\/strong> 28 novembre &#8211; 1 dicembre 2021 Orario di apertura dalle 10.00 alle 18.30 \u00a0L&#8217;ingresso alla manifestazione \u00e8 riservato esclusivamente agli operatori professionali del settore con registrazione su invito,\u00a0 si svolger\u00e0 il Concorso Coppa d\u2019Oro, giunto alla sua 51a edizione. Il gusto dell\u2019edizione 2021 del Concorso sar\u00e0: LIMONE base acqua La consegna dei campioni avverr\u00e0 luned\u00ec 29 novembre, mentre la finale si svolger\u00e0 mercoled\u00ec 1\u00b0 dicembre. Premiazione.\u00a0 Al primo classificato verr\u00e0 assegnata la \u201cCOPPA D\u2019ORO 2021\u201d<\/p>\n<p>&nbsp;<\/p>\n<h3><\/h3>\n<hr \/>\n<p>&nbsp;<\/p>\n<blockquote>\n<h3>NOVEMBRE, IL MESE DELLA CORALITA&#8217;<\/h3>\n<\/blockquote>\n<p><strong><a href=\"https:\/\/www.radiopiu.net\/wordpress\/novembre-il-mese-della-coralita\/asac-veneto\/\" rel=\"attachment wp-att-241021\"><img loading=\"lazy\" decoding=\"async\" class=\" wp-image-241021 alignleft\" src=\"https:\/\/www.radiopiu.net\/wordpress\/wp-content\/uploads\/2021\/11\/ASAC-VENETO-300x167.png\" alt=\"\" width=\"210\" height=\"117\" srcset=\"https:\/\/www.radiopiu.net\/wordpress\/wp-content\/uploads\/2021\/11\/ASAC-VENETO-300x167.png 300w, https:\/\/www.radiopiu.net\/wordpress\/wp-content\/uploads\/2021\/11\/ASAC-VENETO.png 534w\" sizes=\"auto, (max-width: 210px) 100vw, 210px\" \/><\/a>BELLUNO<\/strong> Gli appuntamenti: Sabato 20 novembre nella Sala \u201cmons. Vincenzo Savio\u201d di Agordo il Coro Antica Eco di Puos d\u2019Alpago ed il Coro Rualan di Valle di Cadore. \u201cDolomiti in coro 2021\u201d si chiudera\u0300 sabato 27 novembre nella Chiesa parrocchiale di Longarone con il Coro Voci delle Dolomiti, il Gruppo Solo Voci di Feltre ed il Coro Cadore di Pieve di Cadore<\/p>\n<p>&nbsp;<\/p>\n<p>&nbsp;<\/p>\n<p>&nbsp;<\/p>\n<p>&nbsp;<\/p>\n<hr \/>\n<p>&nbsp;<\/p>\n<blockquote>\n<h3>UNION DEI LADINS DA FODOM E IL RINNOVO DEL CONSIGLIO<\/h3>\n<\/blockquote>\n<p><strong>LIVINALLONGO<\/strong> Domenica 21 novembre al Taulac di Pieve di Livinallongo l&#8217;Union Ladins De Fodom rinnover\u00e0 il consiglio. Nell&#8217;occasione verr\u00e0 presentata la ristampa del libro Lerbe, flou e pl\u00e0nte da Fodom&#8221;. La cittadinanza \u00e8 invitata a partecipare, obbligo di green pass.<\/p>\n<p>&nbsp;<\/p>\n<p>&nbsp;<\/p>\n<hr \/>\n<p>&nbsp;<\/p>\n<blockquote>\n<h3>PROSEGUONO GLI SPETTACOLI DI MISTERO A SOSPIROLO<\/h3>\n<\/blockquote>\n<p><strong>SOSPIROLO <\/strong>Proseguono gli appuntamenti della Pro Loco \u201cMonti del Sole\u201d, con il patrocinio del Comune di Sospirolo, nell&#8217;ambito della rassegna regionale \u201cSpettacoli di Mistero\u201d di Unpli e Regione Veneto. Domani spazio a \u201cLeggende a cena\u201d all\u2019Osteria alla Certosa di Mis. Un appetitoso men\u00f9 &#8220;condito&#8221; di leggende; tra una portata e l&#8217;altra, dalle voce di Paolo Piccolo, racconti delle nostre tradizioni e leggende dedicati al mitico Uomo della Selva insieme ad altre creature fantastiche dei boschi. Prenotazione obbligatoria allo 0437 843143, <a href=\"mailto:osteria@allacertosa.it\">osteria@allacertosa.it<\/a>; men\u00f9 completo su\u00a0<a href=\"http:\/\/www.sospirolo.net\/\">www.sospirolo.net<\/a>. Domenica 21 novembre, alle 10.30 al Centro civico, appuntamento con le premiazioni del 12\u00b0 concorso letterario \u201cSospirolo\u00a0tra leggende e misteri\u201d con lettura musicata dei racconti vincitori, a cura di Candida Capraro e Cristina Gianni e la giuria presieduta dalla scrittrice Antonia Arslan, cittadina onoraria di Sospirolo.<\/p>\n<p>&nbsp;<\/p>\n<p>&nbsp;<\/p>\n<hr \/>\n<p>&nbsp;<\/p>\n<h1><span style=\"color: #ff0000;\">IERI ALLA RADIO&#8230;<\/span><\/h1>\n<p>&nbsp;<\/p>\n<blockquote>\n<h3>TROFEO QUATTRO VALLI&#8230; LE BUONE INTENZIONI PER LA GARA E IL DOPO FATICA<\/h3>\n<\/blockquote>\n<p><strong><a href=\"https:\/\/www.radiopiu.net\/wordpress\/trofeo-quattro-valli-le-buone-intenzioni-per-la-gara-e-il-dopo-fatica\/80eb3e0a-b393-4d37-837a-253fd3c9eff6\/\" rel=\"attachment wp-att-243149\"><img loading=\"lazy\" decoding=\"async\" class=\" wp-image-243149 alignleft\" src=\"https:\/\/www.radiopiu.net\/wordpress\/wp-content\/uploads\/2021\/11\/80eb3e0a-b393-4d37-837a-253fd3c9eff6-300x169.jpg\" alt=\"\" width=\"233\" height=\"131\" srcset=\"https:\/\/www.radiopiu.net\/wordpress\/wp-content\/uploads\/2021\/11\/80eb3e0a-b393-4d37-837a-253fd3c9eff6-300x169.jpg 300w, https:\/\/www.radiopiu.net\/wordpress\/wp-content\/uploads\/2021\/11\/80eb3e0a-b393-4d37-837a-253fd3c9eff6-1024x576.jpg 1024w, https:\/\/www.radiopiu.net\/wordpress\/wp-content\/uploads\/2021\/11\/80eb3e0a-b393-4d37-837a-253fd3c9eff6-768x432.jpg 768w, https:\/\/www.radiopiu.net\/wordpress\/wp-content\/uploads\/2021\/11\/80eb3e0a-b393-4d37-837a-253fd3c9eff6-1536x864.jpg 1536w, https:\/\/www.radiopiu.net\/wordpress\/wp-content\/uploads\/2021\/11\/80eb3e0a-b393-4d37-837a-253fd3c9eff6.jpg 1920w\" sizes=\"auto, (max-width: 233px) 100vw, 233px\" \/><\/a><\/strong><\/p>\n<p>&nbsp;<\/p>\n<p><strong>OSPITE CARLO ZANON<\/strong><\/p>\n<p><strong>di Claudio Fontanive<\/strong><\/p>\n<p><strong>AUDIO\u00a0<\/strong><\/p>\n<audio class=\"wp-audio-shortcode\" id=\"audio-243077-13\" preload=\"none\" style=\"width: 100%;\" controls=\"controls\"><source type=\"audio\/mpeg\" src=\"https:\/\/www.radiopiu.net\/wordpress\/wp-content\/uploads\/2021\/11\/carlo-zanon-16-novembre.mp3?_=13\" \/><a href=\"https:\/\/www.radiopiu.net\/wordpress\/wp-content\/uploads\/2021\/11\/carlo-zanon-16-novembre.mp3\">https:\/\/www.radiopiu.net\/wordpress\/wp-content\/uploads\/2021\/11\/carlo-zanon-16-novembre.mp3<\/a><\/audio>\n<p>&nbsp;<\/p>\n<p>&nbsp;<\/p>\n<hr \/>\n<p>&nbsp;<\/p>\n<p>&nbsp;<\/p>\n<blockquote>\n<h2 class=\"title style-scope ytd-video-primary-info-renderer\">Nuove PENSIONI: corriamo il rischio di cadere in un&#8217;illusione ottica?<\/h2>\n<p>IL VIDEO, di Claudio Fontanive dallo studio 2 di RADIOPIU<\/p>\n<p><em>Nuovo approfondimento &#8220;pensionistico&#8221; con RadioPi\u00f9 e Solidariet\u00e0 Veneto Fondo Pensione. In questa puntata analizzeremo i recenti dibattiti sul superamento di &#8220;QUOTA 100&#8221; e scopriremo <\/em><\/p><\/blockquote>\n<p><iframe loading=\"lazy\" title=\"Nuove PENSIONI: corriamo il rischio di cadere in un&#039;illusione ottica?\" width=\"1200\" height=\"675\" src=\"https:\/\/www.youtube.com\/embed\/EgUKy6UPV8Y?feature=oembed\" frameborder=\"0\" allow=\"accelerometer; autoplay; clipboard-write; encrypted-media; gyroscope; picture-in-picture\" allowfullscreen><\/iframe><\/p>\n<p>&nbsp;<\/p>\n<p>&nbsp;<\/p>\n<hr \/>\n<p>&nbsp;<\/p>\n<div>\n<div class=\"b654a4as d2edcug0\">\n<div class=\"rq0escxv hkbzh7o3 jwdofwj8 n8tt0mok r8blr3vg hyh9befq\">\n<p><a class=\"dt-pswp-item\" href=\"https:\/\/www.radiopiu.net\/wordpress\/wp-content\/uploads\/2020\/10\/pp.jpg\" data-dt-img-description=\"\" data-large_image_width=\"640\" data-large_image_height=\"640\"><img loading=\"lazy\" decoding=\"async\" class=\"wp-image-163678 alignleft\" src=\"https:\/\/www.radiopiu.net\/wordpress\/wp-content\/uploads\/2020\/10\/pp-300x300.jpg\" alt=\"\" width=\"106\" height=\"106\" srcset=\"https:\/\/www.radiopiu.net\/wordpress\/wp-content\/uploads\/2020\/10\/pp-300x300.jpg 300w, https:\/\/www.radiopiu.net\/wordpress\/wp-content\/uploads\/2020\/10\/pp-150x150.jpg 150w, https:\/\/www.radiopiu.net\/wordpress\/wp-content\/uploads\/2020\/10\/pp-125x125.jpg 125w, https:\/\/www.radiopiu.net\/wordpress\/wp-content\/uploads\/2020\/10\/pp-200x200.jpg 200w, https:\/\/www.radiopiu.net\/wordpress\/wp-content\/uploads\/2020\/10\/pp-80x80.jpg 80w, https:\/\/www.radiopiu.net\/wordpress\/wp-content\/uploads\/2020\/10\/pp-480x480.jpg 480w, https:\/\/www.radiopiu.net\/wordpress\/wp-content\/uploads\/2020\/10\/pp.jpg 640w\" sizes=\"auto, (max-width: 106px) 100vw, 106px\" \/><\/a><\/p>\n<\/div>\n<\/div>\n<\/div>\n<div>\n<div class=\"page-title-head hgroup\">\n<div class=\"page-title-head hgroup\">\n<div class=\"b654a4as d2edcug0\">\n<div class=\"j83agx80 btwxx1t3 lhclo0ds hop8lmos nkwizq5d scwd0bx6 roh60bw9\">\n<div class=\"rq0escxv hkbzh7o3 jwdofwj8 n8tt0mok r8blr3vg hyh9befq\">\n<div class=\"do00u71z l9j0dhe7 k4urcfbm\">\n<h2><span style=\"color: #000080;\">DON CESARE, IL PENSIERO DEL GIORNO. ALLA RADIO ALLE 7 DEL MATTINO E ALLE 19.30 DELLA SERA.\u00a0\u00a0<\/span><\/h2>\n<audio class=\"wp-audio-shortcode\" id=\"audio-243077-14\" preload=\"none\" style=\"width: 100%;\" controls=\"controls\"><source type=\"audio\/mpeg\" src=\"https:\/\/www.radiopiu.net\/wordpress\/wp-content\/uploads\/2021\/11\/cesare-7.mp3?_=14\" \/><a href=\"https:\/\/www.radiopiu.net\/wordpress\/wp-content\/uploads\/2021\/11\/cesare-7.mp3\">https:\/\/www.radiopiu.net\/wordpress\/wp-content\/uploads\/2021\/11\/cesare-7.mp3<\/a><\/audio>\n<p>&nbsp;<\/p>\n<p>&nbsp;<\/p>\n<p>&nbsp;<\/p>\n<hr \/>\n<p>&nbsp;<\/p>\n<blockquote>\n<h3>IN VIVO VERSO, SETTIMA STAGIONE CON BRUNELLA MORO, DAL LUNEDI AL VENERDI ALLE 7.10, 10.10 E 18.50<\/h3>\n<\/blockquote>\n<h3>NEL GIARDINO DEL CUORE di EMY FRANCESCHINI<\/h3>\n<p>AUDIO<\/p>\n<audio class=\"wp-audio-shortcode\" id=\"audio-243077-15\" preload=\"none\" style=\"width: 100%;\" controls=\"controls\"><source type=\"audio\/mpeg\" src=\"https:\/\/www.radiopiu.net\/wordpress\/wp-content\/uploads\/2021\/11\/02-POESIA-NEL-GIARDINO-DEL-CUORE-DI-AMI-FRANCESCHINI.mp3?_=15\" \/><a href=\"https:\/\/www.radiopiu.net\/wordpress\/wp-content\/uploads\/2021\/11\/02-POESIA-NEL-GIARDINO-DEL-CUORE-DI-AMI-FRANCESCHINI.mp3\">https:\/\/www.radiopiu.net\/wordpress\/wp-content\/uploads\/2021\/11\/02-POESIA-NEL-GIARDINO-DEL-CUORE-DI-AMI-FRANCESCHINI.mp3<\/a><\/audio>\n<p>&nbsp;<\/p>\n<p><span style=\"color: #050505;\"><span style=\"font-family: Verdana, sans-serif;\"><span style=\"font-size: x-large;\"><a href=\"https:\/\/www.radiopiu.net\/wordpress\/nel-giardino-del-cuore-di-emy-franceschini\/emy-franceschini-foto-2\/\" rel=\"attachment wp-att-243141\"><img loading=\"lazy\" decoding=\"async\" class=\" wp-image-243141 alignleft\" src=\"https:\/\/www.radiopiu.net\/wordpress\/wp-content\/uploads\/2021\/11\/emy-franceschini-foto-275x300.jpg\" alt=\"\" width=\"187\" height=\"204\" srcset=\"https:\/\/www.radiopiu.net\/wordpress\/wp-content\/uploads\/2021\/11\/emy-franceschini-foto-275x300.jpg 275w, https:\/\/www.radiopiu.net\/wordpress\/wp-content\/uploads\/2021\/11\/emy-franceschini-foto-768x838.jpg 768w, https:\/\/www.radiopiu.net\/wordpress\/wp-content\/uploads\/2021\/11\/emy-franceschini-foto.jpg 880w\" sizes=\"auto, (max-width: 187px) 100vw, 187px\" \/><\/a>Nel giardino del mio cuore..<\/span><\/span><\/span><\/p>\n<p><span style=\"color: #050505;\"><span style=\"font-family: Verdana, sans-serif;\"><span style=\"font-size: x-large;\">Conto solo i fiori profumati<\/span><\/span><\/span><\/p>\n<p><span style=\"color: #050505;\"><span style=\"font-family: Verdana, sans-serif;\"><span style=\"font-size: x-large;\">dai mille colori.<\/span><\/span><\/span><\/p>\n<p><span style=\"color: #050505;\"><span style=\"font-family: Verdana, sans-serif;\"><span style=\"font-size: x-large;\">Non conto le foglie che cadono spente.<\/span><\/span><\/span><\/p>\n<p><span style=\"color: #050505;\"><span style=\"font-family: Verdana, sans-serif;\"><span style=\"font-size: x-large;\">Guardo a giorni limpidi di sole<\/span><\/span><\/span><\/p>\n<p><span style=\"color: #050505;\"><span style=\"font-family: Verdana, sans-serif;\"><span style=\"font-size: x-large;\">Che mi scalda con i suoi raggi<\/span><\/span><\/span><\/p>\n<p><span style=\"color: #050505;\"><span style=\"font-family: Verdana, sans-serif;\"><span style=\"font-size: x-large;\">con tanto amore..<\/span><\/span><\/span><\/p>\n<p><span style=\"color: #050505;\"><span style=\"font-family: Verdana, sans-serif;\"><span style=\"font-size: x-large;\">aiutandomi a dimenticare in fretta<\/span><\/span><\/span><\/p>\n<p><span style=\"color: #050505;\"><span style=\"font-family: Verdana, sans-serif;\"><span style=\"font-size: x-large;\">le grigie nuvole..il dolore.<\/span><\/span><\/span><\/p>\n<p><span style=\"color: #050505;\"><span style=\"font-family: Verdana, sans-serif;\"><span style=\"font-size: x-large;\">Conto solo..<\/span><\/span><\/span><\/p>\n<p><span style=\"color: #050505;\"><span style=\"font-family: Verdana, sans-serif;\"><span style=\"font-size: x-large;\">le notti stellate che fan da cornice<\/span><\/span><\/span><\/p>\n<p><span style=\"color: #050505;\"><span style=\"font-family: Verdana, sans-serif;\"><span style=\"font-size: x-large;\">ad una splendida luna.<\/span><\/span><\/span><\/p>\n<p><span style=\"color: #050505;\"><span style=\"font-family: Verdana, sans-serif;\"><span style=\"font-size: x-large;\">Non a quelle buie..spente.<\/span><\/span><\/span><\/p>\n<p><span style=\"color: #050505;\"><span style=\"font-family: Verdana, sans-serif;\"><span style=\"font-size: x-large;\">Conto i sorrisi della mia vita<\/span><\/span><\/span><\/p>\n<p><span style=\"color: #050505;\"><span style=\"font-family: Verdana, sans-serif;\"><span style=\"font-size: x-large;\">Dimenticando le lacrime<\/span><\/span><\/span><\/p>\n<p><span style=\"color: #050505;\"><span style=\"font-family: Verdana, sans-serif;\"><span style=\"font-size: x-large;\">che l&#8217;hanno accompagnata.<\/span><\/span><\/span><\/p>\n<p><span style=\"color: #050505;\"><span style=\"font-family: Verdana, sans-serif;\"><span style=\"font-size: x-large;\">Ad ogni mio compleanno<\/span><\/span><\/span><\/p>\n<p><span style=\"color: #050505;\"><span style=\"font-family: Verdana, sans-serif;\"><span style=\"font-size: x-large;\">Non conter\u00f2 gli anni..<\/span><\/span><\/span><\/p>\n<p><span style=\"color: #050505;\"><span style=\"font-family: Verdana, sans-serif;\"><span style=\"font-size: x-large;\">Conter\u00f2 gli amici..ricordando <\/span><\/span><\/span><\/p>\n<p><span style=\"color: #050505;\"><span style=\"font-family: Verdana, sans-serif;\"><span style=\"font-size: x-large;\">L&#8217;amore..la gioia che ho conosciuto.<\/span><\/span><\/span><\/p>\n<p><span style=\"color: #050505;\"><span style=\"font-family: Verdana, sans-serif;\"><span style=\"font-size: x-large;\">Il tesoro della famiglia<\/span><\/span><\/span><\/p>\n<p><span style=\"color: #050505;\"><span style=\"font-family: Verdana, sans-serif;\"><span style=\"font-size: x-large;\">Che con amore<\/span><\/span><\/span><\/p>\n<p><span style=\"color: #050505;\"><span style=\"font-family: Verdana, sans-serif;\"><span style=\"font-size: x-large;\">ho cresciuto&#8230;..<\/span><\/span><\/span><\/p>\n<p><strong>LA RACCOLTA COMPLETA\u00a0 \u00a0<\/strong><\/p>\n<blockquote class=\"wp-embedded-content\" data-secret=\"zVGMXgOGvu\"><p><a href=\"https:\/\/www.radiopiu.net\/wordpress\/in-vivo-verso\/\">In Vivo Verso<\/a><\/p><\/blockquote>\n<p><iframe loading=\"lazy\" class=\"wp-embedded-content\" sandbox=\"allow-scripts\" security=\"restricted\" style=\"position: absolute; clip: rect(1px, 1px, 1px, 1px);\" title=\"&#8220;In Vivo Verso&#8221; &#8212; Radio Pi\u00f9\" src=\"https:\/\/www.radiopiu.net\/wordpress\/in-vivo-verso\/embed\/#?secret=zVGMXgOGvu\" data-secret=\"zVGMXgOGvu\" width=\"600\" height=\"338\" frameborder=\"0\" marginwidth=\"0\" marginheight=\"0\" scrolling=\"no\"><\/iframe><\/p>\n<p>&nbsp;<\/p>\n<p>&nbsp;<\/p>\n<div class=\"ecm0bbzt e5nlhep0 a8c37x1j\">\n<div class=\"kvgmc6g5 cxmmr5t8 oygrvhab hcukyx3x c1et5uql\">\n<div class=\"gmail-kvgmc6g5 gmail-cxmmr5t8 gmail-oygrvhab gmail-hcukyx3x gmail-c1et5uql gmail-ii04i59q\">\n<div class=\"page-title-head hgroup\">\n<div class=\"page-title-head hgroup\">\n<div class=\"b654a4as d2edcug0\">\n<div class=\"j83agx80 btwxx1t3 lhclo0ds hop8lmos nkwizq5d scwd0bx6 roh60bw9\">\n<div class=\"rq0escxv hkbzh7o3 jwdofwj8 n8tt0mok r8blr3vg hyh9befq\">\n<div class=\"do00u71z l9j0dhe7 k4urcfbm\">\n<hr \/>\n<p>&nbsp;<\/p>\n<p><strong>OGGI ALLE 10.30 E ALLE 19 ALLA RADIO&#8230;LA QUINTA PUNTATA<\/strong><\/p>\n<blockquote class=\"wp-embedded-content\" data-secret=\"lzevSFiFBI\"><p><a href=\"https:\/\/www.radiopiu.net\/wordpress\/connessi-2\/\">Connessi<\/a><\/p><\/blockquote>\n<p><iframe loading=\"lazy\" class=\"wp-embedded-content\" sandbox=\"allow-scripts\" security=\"restricted\" style=\"position: absolute; clip: rect(1px, 1px, 1px, 1px);\" title=\"&#8220;Connessi&#8221; &#8212; Radio Pi\u00f9\" src=\"https:\/\/www.radiopiu.net\/wordpress\/connessi-2\/embed\/#?secret=lzevSFiFBI\" data-secret=\"lzevSFiFBI\" width=\"600\" height=\"338\" frameborder=\"0\" marginwidth=\"0\" marginheight=\"0\" scrolling=\"no\"><\/iframe><\/p>\n<p>&nbsp;<\/p>\n<p>&nbsp;<\/p>\n<p>&nbsp;<\/p>\n<hr \/>\n<p>&nbsp;<\/p>\n<p><span style=\"color: #0000ff;\">MUSICA PIU&#8217;\u00a0<\/span><\/p>\n<p><a href=\"https:\/\/www.radiopiu.net\/wordpress\/giornale-radiopiu-20-settembre-2021-direttore-mirko-mezzacasa\/pp-79\/\" rel=\"attachment wp-att-232921\"><img loading=\"lazy\" decoding=\"async\" class=\"wp-image-232921 alignleft\" src=\"https:\/\/www.radiopiu.net\/wordpress\/wp-content\/uploads\/2021\/09\/pp-1-300x300.jpg\" alt=\"\" width=\"135\" height=\"135\" srcset=\"https:\/\/www.radiopiu.net\/wordpress\/wp-content\/uploads\/2021\/09\/pp-1-300x300.jpg 300w, https:\/\/www.radiopiu.net\/wordpress\/wp-content\/uploads\/2021\/09\/pp-1-150x150.jpg 150w, https:\/\/www.radiopiu.net\/wordpress\/wp-content\/uploads\/2021\/09\/pp-1.jpg 640w\" sizes=\"auto, (max-width: 135px) 100vw, 135px\" \/><\/a><\/p>\n<div class=\"mkdf-post-text\">\n<div class=\"mkdf-post-text-inner\">\n<div class=\"mkdf-post-text-main\">\n<div class=\"mkdf-post-text\">\n<div class=\"mkdf-post-text-inner\">\n<div class=\"mkdf-post-text-main\">\n<div class=\"mkdf-post-text\">\n<div class=\"mkdf-post-text-inner\">\n<div class=\"mkdf-post-text-main\">\n<div class=\"page-title-head hgroup\">\n<div class=\"page-title-head hgroup\">\n<div class=\"mkdf-post-text\">\n<div class=\"mkdf-post-text-inner\">\n<div class=\"mkdf-post-text-main\">\n<div class=\"mkdf-post-text\">\n<div class=\"mkdf-post-text-inner\">\n<div class=\"mkdf-post-text-main\">\n<div class=\"page-title-head hgroup\">\n<div class=\"page-title-head hgroup\">\n<div class=\"page-title-head hgroup\">\n<div class=\"page-title-head hgroup\">\n<div class=\"b654a4as d2edcug0\">\n<div class=\"page-title-head hgroup\">\n<div class=\"page-title-head hgroup\">\n<div class=\"page-title-head hgroup\">\n<div class=\"page-title-head hgroup\">\n<div class=\"b654a4as d2edcug0\">\n<div class=\"page-title-head hgroup\">\n<div class=\"page-title-head hgroup\">\n<div class=\"page-title-head hgroup\">\n<div class=\"page-title-head hgroup\">\n<div class=\"b654a4as d2edcug0\">\n<div class=\"mkdf-post-text\">\n<div class=\"mkdf-post-text-inner\">\n<div class=\"mkdf-post-text-main\">\n<div class=\"mkdf-post-text\">\n<div class=\"mkdf-post-text-inner\">\n<div class=\"mkdf-post-text-main\">\n<div class=\"mkdf-post-text\">\n<div class=\"mkdf-post-text-inner\">\n<div class=\"mkdf-post-text-main\">\n<div class=\"page-title-head hgroup\">\n<div class=\"page-title-head hgroup\">\n<div class=\"mkdf-post-text\">\n<div class=\"mkdf-post-text-inner\">\n<div class=\"mkdf-post-text-main\">\n<div class=\"mkdf-post-text\">\n<div class=\"mkdf-post-text-inner\">\n<div class=\"mkdf-post-text-main\">\n<div class=\"page-title-head hgroup\">\n<div class=\"page-title-head hgroup\">\n<div class=\"page-title-head hgroup\">\n<div class=\"page-title-head hgroup\">\n<div class=\"b654a4as d2edcug0\">\n<div class=\"page-title-head hgroup\">\n<div class=\"page-title-head hgroup\">\n<div class=\"page-title-head hgroup\">\n<div class=\"page-title-head hgroup\">\n<div class=\"b654a4as d2edcug0\">\n<div class=\"page-title-head hgroup\">\n<div class=\"page-title-head hgroup\">\n<div class=\"page-title-head hgroup\">\n<div class=\"page-title-head hgroup\">\n<div class=\"b654a4as d2edcug0\">\n<div><\/div>\n<div><\/div>\n<div>\n<p><strong>MUSICA ALLA RADIO, IL PROGRAMMA DI LORIS SCUSSEL &#8220;COLLAGE OPERAZIONE NOSTALGIA&#8221; DAL LUNEDI AL VENERDI ALLE 16.00\u00a0 E ALLE 23\u00a0<\/strong><\/p>\n<\/div>\n<p>&nbsp;<\/p>\n<p>&nbsp;<\/p>\n<p><strong>PUNTATA NUMERO 477<\/strong><\/p>\n<audio class=\"wp-audio-shortcode\" id=\"audio-243077-16\" preload=\"none\" style=\"width: 100%;\" controls=\"controls\"><source type=\"audio\/mpeg\" src=\"https:\/\/www.radiopiu.net\/wordpress\/wp-content\/uploads\/2021\/11\/Collage-477.mp3?_=16\" \/><a href=\"https:\/\/www.radiopiu.net\/wordpress\/wp-content\/uploads\/2021\/11\/Collage-477.mp3\">https:\/\/www.radiopiu.net\/wordpress\/wp-content\/uploads\/2021\/11\/Collage-477.mp3<\/a><\/audio>\n<p>&nbsp;<\/p>\n<\/div>\n<\/div>\n<\/div>\n<\/div>\n<\/div>\n<\/div>\n<\/div>\n<\/div>\n<\/div>\n<\/div>\n<\/div>\n<\/div>\n<\/div>\n<\/div>\n<\/div>\n<\/div>\n<\/div>\n<\/div>\n<\/div>\n<\/div>\n<\/div>\n<\/div>\n<\/div>\n<\/div>\n<\/div>\n<\/div>\n<\/div>\n<\/div>\n<\/div>\n<\/div>\n<\/div>\n<\/div>\n<\/div>\n<\/div>\n<\/div>\n<\/div>\n<\/div>\n<\/div>\n<\/div>\n<\/div>\n<\/div>\n<\/div>\n<\/div>\n<\/div>\n<\/div>\n<\/div>\n<\/div>\n<\/div>\n<\/div>\n<\/div>\n<\/div>\n<\/div>\n<\/div>\n<\/div>\n<\/div>\n<\/div>\n<\/div>\n<\/div>\n<\/div>\n<\/div>\n<\/div>\n<\/div>\n<\/div>\n<\/div>\n<blockquote class=\"wp-embedded-content\" data-secret=\"pUFt4gnMp7\"><p><a href=\"https:\/\/www.radiopiu.net\/wordpress\/freemix-la-liberta-musicale-mixata-da-dj-athos-e-raccontata-da-dj-jack\/\">FREEMIX, LA LIBERTA&#8217; MUSICALE MIXATA DA DJ ATHOS E RACCONTATA DA DJ JACK<\/a><\/p><\/blockquote>\n<p><iframe loading=\"lazy\" class=\"wp-embedded-content\" sandbox=\"allow-scripts\" security=\"restricted\" style=\"position: absolute; clip: rect(1px, 1px, 1px, 1px);\" title=\"&#8220;FREEMIX, LA LIBERTA&#8217; MUSICALE MIXATA DA DJ ATHOS E RACCONTATA DA DJ JACK&#8221; &#8212; Radio Pi\u00f9\" src=\"https:\/\/www.radiopiu.net\/wordpress\/freemix-la-liberta-musicale-mixata-da-dj-athos-e-raccontata-da-dj-jack\/embed\/#?secret=pUFt4gnMp7\" data-secret=\"pUFt4gnMp7\" width=\"600\" height=\"338\" frameborder=\"0\" marginwidth=\"0\" marginheight=\"0\" scrolling=\"no\"><\/iframe><\/p>\n<p>&nbsp;<\/p>\n<p>&nbsp;<\/p>\n<blockquote class=\"wp-embedded-content\" data-secret=\"T1w4T7BaRd\"><p><a href=\"https:\/\/www.radiopiu.net\/wordpress\/da-ieri-alla-radio-in-palinsesto-loris-e-maurizio-con-la-grande-musica\/\">IL BLUES ALLA RADIO &#8230; COME NON L&#8217;AVETE MAI SENTITO PRIMA<\/a><\/p><\/blockquote>\n<p><iframe loading=\"lazy\" class=\"wp-embedded-content\" sandbox=\"allow-scripts\" security=\"restricted\" style=\"position: absolute; clip: rect(1px, 1px, 1px, 1px);\" title=\"&#8220;IL BLUES ALLA RADIO &#8230; COME NON L&#8217;AVETE MAI SENTITO PRIMA&#8221; &#8212; Radio Pi\u00f9\" src=\"https:\/\/www.radiopiu.net\/wordpress\/da-ieri-alla-radio-in-palinsesto-loris-e-maurizio-con-la-grande-musica\/embed\/#?secret=T1w4T7BaRd\" data-secret=\"T1w4T7BaRd\" width=\"600\" height=\"338\" frameborder=\"0\" marginwidth=\"0\" marginheight=\"0\" scrolling=\"no\"><\/iframe><\/p>\n<p>&nbsp;<\/p>\n<p>&nbsp;<\/p>\n<p>&nbsp;<\/p>\n<hr \/>\n<p>&nbsp;<\/p>\n<blockquote>\n<h3><span style=\"color: #0000ff;\">INFORMAZIONE il canale su TELEGRAM informazione di prima mano e in tempo reale. iscriviti ed aiutaci a farlo conoscere\u00a0\u00a0<\/span><\/h3>\n<\/blockquote>\n<div>\n<div class=\"page-title-head hgroup\">\n<div class=\"page-title-head hgroup\">\n<div class=\"page-title-head hgroup\">\n<div class=\"page-title-head hgroup\">\n<div class=\"b654a4as d2edcug0\">\n<div class=\"page-title-head hgroup\">\n<div class=\"page-title-head hgroup\">\n<div class=\"page-title-head hgroup\">\n<div class=\"page-title-head hgroup\">\n<div class=\"b654a4as d2edcug0\">\n<div class=\"page-title-head hgroup\">\n<div class=\"page-title-head hgroup\">\n<div class=\"page-title-head hgroup\">\n<div class=\"page-title-head hgroup\">\n<div class=\"page-title-head hgroup\">\n<div class=\"page-title-head hgroup\">\n<div class=\"page-title-head hgroup\">\n<div class=\"page-title-head hgroup\">\n<div class=\"page-title-head hgroup\">\n<div class=\"b654a4as d2edcug0\">\n<div class=\"page-title-head hgroup\">\n<div class=\"page-title-head hgroup\">\n<div class=\"page-title-head hgroup\">\n<div class=\"page-title-head hgroup\">\n<div class=\"b654a4as d2edcug0\">\n<div>\n<p>&nbsp;<\/p>\n<\/div>\n<div>\n<div class=\"page-title-head hgroup\">\n<div class=\"page-title-head hgroup\">\n<div class=\"page-title-head hgroup\">\n<div class=\"page-title-head hgroup\">\n<div class=\"page-title-head hgroup\">\n<div class=\"b654a4as d2edcug0\">\n<div>\n<hr \/>\n<\/div>\n<\/div>\n<div>\n<div>\n<p>&nbsp;<\/p>\n<\/div>\n<div>\n<div>\n<p>&nbsp;<\/p>\n<\/div>\n<div>\n<div>\n<p><strong>DUE MINUTI UN LIBRO, TUTTI I GIORNI ALLA RADIO ALLE 9.40 E ALLE 17.50<\/strong><\/p>\n<div>\n<div>\n<p><strong>LA RACCOLTA COMPLETA\u00a0\u00a0<\/strong><\/p>\n<\/div>\n<div>\n<blockquote class=\"wp-embedded-content\" data-secret=\"kSner3f30S\"><p><a href=\"https:\/\/www.radiopiu.net\/wordpress\/due-minuti-un-libro\/\">Due minuti un libro<\/a><\/p><\/blockquote>\n<p><iframe loading=\"lazy\" class=\"wp-embedded-content\" sandbox=\"allow-scripts\" security=\"restricted\" style=\"position: absolute; clip: rect(1px, 1px, 1px, 1px);\" title=\"&#8220;Due minuti un libro&#8221; &#8212; Radio Pi\u00f9\" src=\"https:\/\/www.radiopiu.net\/wordpress\/due-minuti-un-libro\/embed\/#?secret=kSner3f30S\" data-secret=\"kSner3f30S\" width=\"600\" height=\"338\" frameborder=\"0\" marginwidth=\"0\" marginheight=\"0\" scrolling=\"no\"><\/iframe><\/p>\n<p>&nbsp;<\/p>\n<\/div>\n<\/div>\n<\/div>\n<div class=\"mkdf-post-text\">\n<div class=\"mkdf-post-text-inner\">\n<div class=\"mkdf-post-text-main\">\n<div class=\"mkdf-post-text\">\n<div class=\"mkdf-post-text-inner\">\n<div class=\"mkdf-post-text-main\">\n<div class=\"mkdf-post-text\">\n<div class=\"mkdf-post-text-inner\">\n<div class=\"mkdf-post-text-main\">\n<div class=\"page-title-head hgroup\">\n<div class=\"page-title-head hgroup\">\n<div class=\"mkdf-post-text\">\n<div class=\"mkdf-post-text-inner\">\n<div class=\"mkdf-post-text-main\">\n<div class=\"mkdf-post-text\">\n<div class=\"mkdf-post-text-inner\">\n<div class=\"mkdf-post-text-main\">\n<div class=\"page-title-head hgroup\">\n<div class=\"page-title-head hgroup\">\n<div class=\"page-title-head hgroup\">\n<div class=\"page-title-head hgroup\">\n<div class=\"b654a4as d2edcug0\">\n<div class=\"page-title-head hgroup\">\n<div class=\"page-title-head hgroup\">\n<div class=\"page-title-head hgroup\">\n<div class=\"page-title-head hgroup\">\n<div class=\"b654a4as d2edcug0\">\n<div class=\"page-title-head hgroup\">\n<div class=\"page-title-head hgroup\">\n<div class=\"page-title-head hgroup\">\n<div class=\"page-title-head hgroup\">\n<div class=\"b654a4as d2edcug0\">\n<div>\n<p>&nbsp;<\/p>\n<\/div>\n<div>\n<hr \/>\n<p>&nbsp;<\/p>\n<\/div>\n<h2><span style=\"color: #808000;\">L&#8217;ALMANACCO LADINO\u00a0\u00a0<\/span><\/h2>\n<p><strong>LA RACCOLTA<\/strong><\/p>\n<blockquote class=\"wp-embedded-content\" data-secret=\"VQTZ9rsTH4\"><p><a href=\"https:\/\/www.radiopiu.net\/wordpress\/almanacco-ladino\/\">Almanacco Ladino<\/a><\/p><\/blockquote>\n<p><iframe loading=\"lazy\" class=\"wp-embedded-content\" sandbox=\"allow-scripts\" security=\"restricted\" style=\"position: absolute; clip: rect(1px, 1px, 1px, 1px);\" title=\"&#8220;Almanacco Ladino&#8221; &#8212; Radio Pi\u00f9\" src=\"https:\/\/www.radiopiu.net\/wordpress\/almanacco-ladino\/embed\/#?secret=VQTZ9rsTH4\" data-secret=\"VQTZ9rsTH4\" width=\"600\" height=\"338\" frameborder=\"0\" marginwidth=\"0\" marginheight=\"0\" scrolling=\"no\"><\/iframe><\/p>\n<hr \/>\n<p>&nbsp;<\/p>\n<h2><span style=\"color: #33cccc;\">LA RASSEGNA STAMPA DA L&#8217;AMICO DEL POPOLO<\/span><\/h2>\n<p><strong>LA RACCOLTA COMPLETA<\/strong><\/p>\n<blockquote class=\"wp-embedded-content\" data-secret=\"4BwahkcHz8\"><p><a href=\"https:\/\/www.radiopiu.net\/wordpress\/rassegna-stampa-di-gianni-santomaso\/\">Rassegna stampa da l&#8217;amico del popolo &#8211; di Gianni Santomaso<\/a><\/p><\/blockquote>\n<p><iframe loading=\"lazy\" class=\"wp-embedded-content\" sandbox=\"allow-scripts\" security=\"restricted\" style=\"position: absolute; clip: rect(1px, 1px, 1px, 1px);\" title=\"&#8220;Rassegna stampa da l&#8217;amico del popolo &#8211; di Gianni Santomaso&#8221; &#8212; Radio Pi\u00f9\" src=\"https:\/\/www.radiopiu.net\/wordpress\/rassegna-stampa-di-gianni-santomaso\/embed\/#?secret=4BwahkcHz8\" data-secret=\"4BwahkcHz8\" width=\"600\" height=\"338\" frameborder=\"0\" marginwidth=\"0\" marginheight=\"0\" scrolling=\"no\"><\/iframe><\/p>\n<p>&nbsp;<\/p>\n<p>&nbsp;<\/p>\n<hr \/>\n<p>&nbsp;<\/p>\n<h2><span style=\"color: #800080;\">I RACCONTI DI PAOLO SOPPELSA<\/span><\/h2>\n<p><strong>LA RACCOLTA COMPLETA<\/strong><\/p>\n<blockquote class=\"wp-embedded-content\" data-secret=\"6w9KES92Dc\"><p><a href=\"https:\/\/www.radiopiu.net\/wordpress\/i-racconti-di-paolo-soppelsa\/\">I racconti di Paolo Soppelsa<\/a><\/p><\/blockquote>\n<p><iframe loading=\"lazy\" class=\"wp-embedded-content\" sandbox=\"allow-scripts\" security=\"restricted\" style=\"position: absolute; clip: rect(1px, 1px, 1px, 1px);\" title=\"&#8220;I racconti di Paolo Soppelsa&#8221; &#8212; Radio Pi\u00f9\" src=\"https:\/\/www.radiopiu.net\/wordpress\/i-racconti-di-paolo-soppelsa\/embed\/#?secret=6w9KES92Dc\" data-secret=\"6w9KES92Dc\" width=\"600\" height=\"338\" frameborder=\"0\" marginwidth=\"0\" marginheight=\"0\" scrolling=\"no\"><\/iframe><\/p>\n<p>&nbsp;<\/p>\n<hr \/>\n<\/div>\n<div class=\"b654a4as d2edcug0\">\n<p>&nbsp;<\/p>\n<p><a href=\"https:\/\/www.radiopiu.net\/wordpress\/giornale-radiopiu-26-settembre-2018-direttore-mirko-mezzacasa\/viabilita-2\/\" rel=\"attachment wp-att-61954\"><img loading=\"lazy\" decoding=\"async\" class=\"aligncenter wp-image-61954 size-full\" src=\"https:\/\/www.radiopiu.net\/wordpress\/wp-content\/uploads\/2018\/09\/viabilita.jpeg\" sizes=\"auto, (max-width: 800px) 100vw, 800px\" srcset=\"https:\/\/www.radiopiu.net\/wordpress\/wp-content\/uploads\/2018\/09\/viabilita.jpeg 800w, https:\/\/www.radiopiu.net\/wordpress\/wp-content\/uploads\/2018\/09\/viabilita-300x38.jpeg 300w, https:\/\/www.radiopiu.net\/wordpress\/wp-content\/uploads\/2018\/09\/viabilita-768x96.jpeg 768w\" alt=\"\" width=\"800\" height=\"100\" \/><\/a><\/p>\n<div class=\"ecm0bbzt e5nlhep0 a8c37x1j\">\n<div class=\"kvgmc6g5 cxmmr5t8 oygrvhab hcukyx3x c1et5uql\">\n<div class=\"gmail-kvgmc6g5 gmail-cxmmr5t8 gmail-oygrvhab gmail-hcukyx3x gmail-c1et5uql gmail-ii04i59q\">\n<div class=\"page-title-head hgroup\">\n<div class=\"page-title-head hgroup\">\n<div class=\"b654a4as d2edcug0\">\n<div class=\"j83agx80 btwxx1t3 lhclo0ds hop8lmos nkwizq5d scwd0bx6 roh60bw9\">\n<div class=\"rq0escxv hkbzh7o3 jwdofwj8 n8tt0mok r8blr3vg hyh9befq\">\n<div class=\"do00u71z l9j0dhe7 k4urcfbm\">\n<div class=\"page-title-head hgroup\">\n<div class=\"page-title-head hgroup\">\n<div class=\"page-title-head hgroup\">\n<div class=\"page-title-head hgroup\">\n<div class=\"b654a4as d2edcug0\">\n<div class=\"page-title-head hgroup\">\n<div class=\"page-title-head hgroup\">\n<div class=\"page-title-head hgroup\">\n<div class=\"page-title-head hgroup\">\n<div class=\"b654a4as d2edcug0\">\n<div class=\"page-title-head hgroup\">\n<div class=\"page-title-head hgroup\">\n<div class=\"page-title-head hgroup\">\n<div class=\"page-title-head hgroup\">\n<div class=\"page-title-head hgroup\">\n<div class=\"page-title-head hgroup\">\n<div class=\"page-title-head hgroup\">\n<div class=\"page-title-head hgroup\">\n<div class=\"page-title-head hgroup\">\n<div class=\"b654a4as d2edcug0\">\n<div class=\"page-title-head hgroup\">\n<div class=\"page-title-head hgroup\">\n<div class=\"page-title-head hgroup\">\n<div class=\"page-title-head hgroup\">\n<div class=\"b654a4as d2edcug0\">\n<div class=\"page-title-head hgroup\">\n<div class=\"page-title-head hgroup\">\n<div class=\"page-title-head hgroup\">\n<div class=\"page-title-head hgroup\">\n<div class=\"page-title-head hgroup\">\n<div class=\"mkdf-post-text\">\n<div class=\"mkdf-post-text-inner\">\n<div class=\"mkdf-post-text-main\">\n<div class=\"mkdf-post-text\">\n<div class=\"mkdf-post-text-inner\">\n<div class=\"mkdf-post-text-main\">\n<div class=\"mkdf-post-text\">\n<div class=\"mkdf-post-text-inner\">\n<div class=\"mkdf-post-text-main\">\n<div class=\"page-title-head hgroup\">\n<div class=\"page-title-head hgroup\">\n<div class=\"mkdf-post-text\">\n<div class=\"mkdf-post-text-inner\">\n<div class=\"mkdf-post-text-main\">\n<div class=\"mkdf-post-text\">\n<div class=\"mkdf-post-text-inner\">\n<div class=\"mkdf-post-text-main\">\n<div class=\"page-title-head hgroup\">\n<div class=\"page-title-head hgroup\">\n<div class=\"page-title-head hgroup\">\n<div class=\"page-title-head hgroup\">\n<div class=\"b654a4as d2edcug0\">\n<div class=\"page-title-head hgroup\">\n<div class=\"page-title-head hgroup\">\n<div class=\"page-title-head hgroup\">\n<div class=\"page-title-head hgroup\">\n<div class=\"b654a4as d2edcug0\">\n<div class=\"page-title-head hgroup\">\n<div class=\"page-title-head hgroup\">\n<div class=\"page-title-head hgroup\">\n<div class=\"page-title-head hgroup\">\n<div class=\"b654a4as d2edcug0\">\n<p>&nbsp;<\/p>\n<p><strong>REGIONALE 203 AGORDINA GALLERIA DI LISTOLADE<\/strong>\u00a0dalle 21 del 17 novembre alle 6 del 18 novembre senso unico alternato regolato da movieri all\u2019interno del tunnel<\/p>\n<p><strong>PROVINCIALE 346 DEL SAN PELLGRINO, GALLERIA DELLE ANIME:<\/strong>\u00a0dalle 21 del 18 novembre alle 6 del 19 novembre senso unico alternato regolato da moviere all\u2019interno della galleria, imbocco lato Cencenighe.<\/p>\n<p><strong>PONTE BAILEY A BELLUNO<\/strong>:\u00a0 Al via ai lavori di sistemazione dell\u2019infrastruttura che collega le due sponde del Piave a Lambioi,\u00a0 fino al 21 novembre senso unico alternato con semaforo esclusi giorni festivi e prefestivi. Dal 22 novembre al 4 dicembre chiusura totale<\/p>\n<p><strong>SP 1 SINISTRA PIAVE\u00a0<\/strong>dalle 21 del 22 novembre e fino alle 6 del\u00a0 giorno successivo senso unico alternato all\u2019interno della galleria che da Belluno porta a Limana per lavori di manutenzione dell\u2019antenna WindTre<\/p>\n<p><strong>SR 48 DELLE DOLOMITI\u00a0<\/strong>Fino al 19 novembre, sabati e domeniche comprese, senso unico alternato regolato da impianto semaforico ad Arabba per messa in sicurezza del piano viabile<\/p>\n<p><strong>SPI 251 VAL DI ZOLDO E CELLINA<\/strong> fino al 22 dicembre interruzioni alla viabilit\u00e0 della durata massima di 10 minuti e senso unico alternato nei periodi non interessati dalle interruzioni nel comune di Val di Zoldo<\/p>\n<p><strong>SP 40 VAL SENAIGA<\/strong> interdizione totale al transito in comune di lamon fino al 26 novembre, inclusi sabato e domenica, con deviazione del traffico su viabilit\u00e0 comunale<\/p>\n<p><strong>SR 203 AGORDINA<\/strong> Fino al 17 dicembre, esclusi sabato domenica e festivi infrasettimanali, restringimento della careggiata con divieto di sorpasso e limitazione ai 50 km\/h in comune di La Valle per lavori sul margine della carreggiata<\/p>\n<p><strong>SP 422 DELL&#8217;ALPAGO E DEL<\/strong> <strong>CANSIGLIO<\/strong> Fino al 17 dicembre senso unico alternato con semaforo in localit\u00e0 Cornei di Alpago per posa cavidotti<\/p>\n<p>&nbsp;<\/p>\n<\/div>\n<div class=\"b654a4as d2edcug0\">\n<p>&nbsp;<\/p>\n<hr \/>\n<p>&nbsp;<\/p>\n<div class=\"ecm0bbzt e5nlhep0 a8c37x1j\">\n<div class=\"kvgmc6g5 cxmmr5t8 oygrvhab hcukyx3x c1et5uql\">\n<div class=\"gmail-kvgmc6g5 gmail-cxmmr5t8 gmail-oygrvhab gmail-hcukyx3x gmail-c1et5uql gmail-ii04i59q\">\n<div>\n<div class=\"page-title-head hgroup\">\n<div class=\"page-title-head hgroup\">\n<div class=\"b654a4as d2edcug0\">\n<div class=\"j83agx80 btwxx1t3 lhclo0ds hop8lmos nkwizq5d scwd0bx6 roh60bw9\">\n<div class=\"rq0escxv hkbzh7o3 jwdofwj8 n8tt0mok r8blr3vg hyh9befq\">\n<div class=\"do00u71z l9j0dhe7 k4urcfbm\">\n<div>\n<div class=\"page-title-head hgroup\">\n<div class=\"page-title-head hgroup\">\n<div class=\"page-title-head hgroup\">\n<div class=\"page-title-head hgroup\">\n<div class=\"b654a4as d2edcug0\">\n<div class=\"page-title-head hgroup\">\n<div class=\"page-title-head hgroup\">\n<div class=\"page-title-head hgroup\">\n<div class=\"page-title-head hgroup\">\n<div class=\"b654a4as d2edcug0\">\n<div class=\"page-title-head hgroup\">\n<div class=\"page-title-head hgroup\">\n<div class=\"page-title-head hgroup\">\n<div class=\"page-title-head hgroup\">\n<div class=\"page-title-head hgroup\">\n<div class=\"mkdf-post-text\">\n<div class=\"mkdf-post-text-inner\">\n<div class=\"mkdf-post-text-main\">\n<div class=\"mkdf-post-text\">\n<div class=\"mkdf-post-text-inner\">\n<div class=\"mkdf-post-text-main\">\n<div class=\"mkdf-post-text\">\n<div class=\"mkdf-post-text-inner\">\n<div class=\"mkdf-post-text-main\">\n<div class=\"page-title-head hgroup\">\n<div class=\"page-title-head hgroup\">\n<div class=\"mkdf-post-text\">\n<div class=\"mkdf-post-text-inner\">\n<div class=\"mkdf-post-text-main\">\n<div class=\"mkdf-post-text\">\n<div class=\"mkdf-post-text-inner\">\n<div class=\"mkdf-post-text-main\">\n<div>\n<div class=\"page-title-head hgroup\">\n<div class=\"page-title-head hgroup\">\n<div>\n<div class=\"page-title-head hgroup\">\n<div class=\"page-title-head hgroup\">\n<div class=\"b654a4as d2edcug0\">\n<div>\n<div class=\"page-title-head hgroup\" style=\"text-align: left;\">\n<div class=\"page-title-head hgroup\">\n<div dir=\"auto\">\n<p><a class=\"dt-pswp-item pspw-wrap-ready\" href=\"https:\/\/i0.wp.com\/www.radiopiu.net\/wordpress\/wp-content\/uploads\/2018\/09\/WhatsApp-Image-2018-09-20-at-16.04.06.jpeg?ssl=1\" data-dt-img-description=\"\" data-large_image_width=\"800\" data-large_image_height=\"100\"><img loading=\"lazy\" decoding=\"async\" class=\"aligncenter wp-image-61378 size-full jetpack-lazy-image jetpack-lazy-image--handled\" src=\"https:\/\/i0.wp.com\/www.radiopiu.net\/wordpress\/wp-content\/uploads\/2018\/09\/WhatsApp-Image-2018-09-20-at-16.04.06.jpeg?resize=800%2C100&amp;ssl=1\" sizes=\"auto, (max-width: 800px) 100vw, 800px\" srcset=\"https:\/\/i0.wp.com\/www.radiopiu.net\/wordpress\/wp-content\/uploads\/2018\/09\/WhatsApp-Image-2018-09-20-at-16.04.06.jpeg?w=800&amp;ssl=1 800w, https:\/\/i0.wp.com\/www.radiopiu.net\/wordpress\/wp-content\/uploads\/2018\/09\/WhatsApp-Image-2018-09-20-at-16.04.06.jpeg?resize=300%2C38&amp;ssl=1 300w, https:\/\/i0.wp.com\/www.radiopiu.net\/wordpress\/wp-content\/uploads\/2018\/09\/WhatsApp-Image-2018-09-20-at-16.04.06.jpeg?resize=768%2C96&amp;ssl=1 768w\" alt=\"\" width=\"800\" height=\"100\" data-lazy-loaded=\"1\" \/><\/a><\/p>\n<\/div>\n<\/div>\n<\/div>\n<\/div>\n<\/div>\n<\/div>\n<\/div>\n<\/div>\n<\/div>\n<\/div>\n<\/div>\n<\/div>\n<\/div>\n<\/div>\n<\/div>\n<\/div>\n<\/div>\n<\/div>\n<\/div>\n<\/div>\n<\/div>\n<\/div>\n<\/div>\n<\/div>\n<\/div>\n<\/div>\n<\/div>\n<\/div>\n<\/div>\n<\/div>\n<\/div>\n<\/div>\n<\/div>\n<\/div>\n<\/div>\n<\/div>\n<\/div>\n<\/div>\n<\/div>\n<\/div>\n<\/div>\n<\/div>\n<\/div>\n<\/div>\n<p>&nbsp;<\/p>\n<\/div>\n<\/div>\n<\/div>\n<\/div>\n<\/div>\n<\/div>\n<\/div>\n<\/div>\n<\/div>\n<\/div>\n<\/div>\n<\/div>\n<\/div>\n<\/div>\n<\/div>\n<\/div>\n<\/div>\n<\/div>\n<\/div>\n<\/div>\n<\/div>\n<\/div>\n<\/div>\n<\/div>\n<\/div>\n<\/div>\n<\/div>\n<\/div>\n<\/div>\n<\/div>\n<\/div>\n<\/div>\n<\/div>\n<\/div>\n<\/div>\n<\/div>\n<\/div>\n<\/div>\n<\/div>\n<\/div>\n<\/div>\n<\/div>\n<\/div>\n<\/div>\n<\/div>\n<\/div>\n<\/div>\n<\/div>\n<\/div>\n<\/div>\n<\/div>\n<\/div>\n<\/div>\n<\/div>\n<\/div>\n<\/div>\n<\/div>\n<\/div>\n<\/div>\n<\/div>\n<\/div>\n<\/div>\n<\/div>\n<\/div>\n<\/div>\n<\/div>\n<\/div>\n<\/div>\n<\/div>\n<\/div>\n<\/div>\n<\/div>\n<\/div>\n<\/div>\n<\/div>\n<\/div>\n<\/div>\n<\/div>\n<\/div>\n<\/div>\n<\/div>\n<div><center><b>Mercoledi 17<\/b><\/center><b>Tempo atteso: <\/b>Nottetempo molte nubi e precipitazioni sparse. Al mattino cielo ancora coperto con qualche chance di prime schiarite sulle Dolomiti; mentre la presenza di nubi basse su molti settori prealpini potrebbe impedire il verificarsi delle stesse. Al pomeriggio parziale riduzione della nuvolosit\u00e0, specie sulle Dolomiti, dove la probabilit\u00e0 di rasserenamenti sar\u00e0 maggiore. Contesto termico diurno senza apprezzabili variazioni rispetto a marted\u00ec.<br \/>\n<b>Precipitazioni: <\/b>Assenti (0%), eccetto residue precipitazioni sulle Prealpi occidentali (30\/50%) nottetempo, in esaurimento entro il primo mattino.<br \/>\n<b>Temperature: <\/b>Minime in generale lieve aumento e massime pressoch\u00e9 stazionarie, salvo locali variazioni legate a qualche calo delle minime per irraggiamento in caso di rasserenamenti notturni o lievi rialzi per maggiore chance di schiarite. Su Prealpi a 1500 m min 4\u00b0C max 6\u00b0C, a 2000 m min 2\u00b0C max 4\u00b0C. Su Dolomiti a 2000 m min 1\u00b0C max 3\u00b0C, a 3000 m min -4\u00b0C max -3\u00b0C.<br \/>\n<b>Venti: <\/b>Nelle valli generalmente deboli di direzione variabile, salvo locali rinforzi per brezze di monte su alcuni settori prealpini; in quota deboli\/moderati da sud-est al mattino e da nord-est al pomeriggio attenuandosi, a 5-10 km\/h a 2000 m e 10-15 km\/h a 3000 m.<\/p>\n<hr \/>\n<p><center><b>Giovedi 18<\/b><\/center><b>Tempo atteso: <\/b>Maggiori spazi soleggiati, specie sulle Dolomiti, nonostante la temporanea presenza di nubi medie stratiformi al primo mattino e la crescente nuvolosit\u00e0 medio-alta del pomeriggio. La situazione sar\u00e0 un po&#8217; diversa nelle depressioni prealpine per l&#8217;insidia nubi basse o nebbie durante le ore pi\u00f9 fredde, in graduale dissolvimento in giornata. Accentuazione dell&#8217;escursione termica giornaliera nelle valli.<br \/>\n<b>Precipitazioni: <\/b>Assenti (0%)<br \/>\n<b>Temperature: <\/b>In generale lieve diminuzione, eccetto eventuale stazionariet\u00e0 delle massime nelle valli in caso di schiarite e lieve rialzo delle stesse sulle cime dolomitiche pi\u00f9 alte. Su Prealpi a 1500 m min 3\u00b0C max 5\u00b0C, a 2000 m min 1\u00b0C max 2\u00b0C. Su Dolomiti a 2000 m min 0\u00b0C max 2\u00b0C, a 3000 m min -5\u00b0C max -2\u00b0C.<br \/>\n<b>Venti: <\/b>Nelle valli perlopi\u00f9 deboli a regime di brezza, localmente moderati in alcuni settori prealpini per brezze di monte; in quota deboli\/moderati settentrionali, a 5-10 km\/h a 2000 m e 10-20 km\/h a 3000 m.<\/p>\n<hr \/>\n<p><center><b>Venerdi 19<\/b><\/center>Inizialmente cielo parzialmente coperto o velato da nubi alte, nel corso della mattinata diradamento della copertura alta e rasserenamenti sempre pi\u00f9 ampi. Al pomeriggio ritorno del sole in un cielo sempre pi\u00f9 sereno a partire dalle Dolomiti. Non esclusa l&#8217;eventualit\u00e0 di qualche banco di nebbia durante le ore pi\u00f9 fredde in alcuni fondovalle prealpini. Temperature in generale rialzo, eccetto calo delle minime nelle valli per irraggiamento notturno. Venti deboli\/moderati dai quadranti settentrionali in quota; deboli per brezze nelle valli, solo localmente e a tratti moderati in alcune valli prealpine per brezze di monte tra la notte e il primo mattino.<\/p>\n<hr \/>\n<p><center><b>Sabato 20<\/b><\/center>Bel tempo tardo autunnale, soleggiato con cielo sereno, aria limpida e ottima visibilit\u00e0 al mattino, eccetto eventuali banchi di nebbia durante le ore pi\u00f9 fredde in alcuni fondovalle prealpini. Temperature in ulteriore generale rialzo, eccetto calo delle minime nelle valli. Venti perlopi\u00f9 deboli da nord-est in quota; deboli per brezze nelle valli, solo localmente e a tratti moderati in alcune valli prealpine per brezze di monte tra la notte e il primo mattino. Previsore: R.L.Th.<\/p>\n<\/div>\n<div><\/div>\n<p>&nbsp;<\/p>\n<hr \/>\n<p>&nbsp;<\/p>\n<div class=\"mkdf-post-text\">\n<div class=\"mkdf-post-text-inner\">\n<p><a href=\"https:\/\/www.radiopiu.net\/wordpress\/giornale-radiopiu-15-settembre-2018-direttore-mirko-mezzacasa\/sport-7\/\" rel=\"attachment wp-att-60761\"><img loading=\"lazy\" decoding=\"async\" class=\"wp-image-60761 size-full aligncenter\" src=\"https:\/\/www.radiopiu.net\/wordpress\/wp-content\/uploads\/2018\/09\/sport.jpg\" alt=\"\" width=\"800\" height=\"100\" srcset=\"https:\/\/www.radiopiu.net\/wordpress\/wp-content\/uploads\/2018\/09\/sport.jpg 800w, https:\/\/www.radiopiu.net\/wordpress\/wp-content\/uploads\/2018\/09\/sport-300x38.jpg 300w, https:\/\/www.radiopiu.net\/wordpress\/wp-content\/uploads\/2018\/09\/sport-768x96.jpg 768w\" sizes=\"auto, (max-width: 800px) 100vw, 800px\" \/><\/a><\/p>\n<\/div>\n<\/div>\n<\/div>\n<p>&nbsp;<\/p>\n<p><span style=\"color: #0000ff;\">CALCIO<\/span><\/p>\n<blockquote>\n<h3>META&#8217; OBBIETTIVO RAGGIUNTO PER L&#8217;AGORDINA DI SECONDA CATEGORIA<\/h3>\n<\/blockquote>\n<p><strong><a href=\"https:\/\/www.radiopiu.net\/wordpress\/agordina-seconda-categoria-il-punto-dopo-6-giornate\/marco-lorenzi-ok\/\" rel=\"attachment wp-att-64292\"><img loading=\"lazy\" decoding=\"async\" class=\"size-medium wp-image-64292 alignleft\" src=\"https:\/\/www.radiopiu.net\/wordpress\/wp-content\/uploads\/2018\/10\/MARCO-LORENZI-OK-300x180.png\" alt=\"\" width=\"300\" height=\"180\" srcset=\"https:\/\/www.radiopiu.net\/wordpress\/wp-content\/uploads\/2018\/10\/MARCO-LORENZI-OK-300x180.png 300w, https:\/\/www.radiopiu.net\/wordpress\/wp-content\/uploads\/2018\/10\/MARCO-LORENZI-OK.png 669w\" sizes=\"auto, (max-width: 300px) 100vw, 300px\" \/><\/a>AGORDO <\/strong>Ancora un risultato utile per l&#8217;Agordina di Marco Lorenzi che domenica scorsa ha vinto di misura contro il Tambre. Una vittoria che sulla carta era alla portata della formazione di Agordo ma che \u00e8 stata pi\u00f9 sudata del previsto. Infatti, dopo un primo tempo totalmente dominato dagli agordini, il Tambre ha messo in difficolt\u00e0 gli avversari nella ripresa. Restano comunque i 3 punti incamerati che portano la squadra di Lorenzi al quarto posto in classifica con 15 punti. Risultato: raggiunto met\u00e0 dell&#8217;obbiettivo salvezza che la dirigenza si \u00e8 imposta ad inizio stagione. Intanto domenica prossima all&#8217;Ivano Dorigo di Agordo arriva la capolista Arsi\u00e8.<strong><br \/>\n<\/strong><\/p>\n<p><strong>MARCO LORENZI, ALLENATORE DELL&#8217;AGORDINA<\/strong><\/p>\n<audio class=\"wp-audio-shortcode\" id=\"audio-243077-17\" preload=\"none\" style=\"width: 100%;\" controls=\"controls\"><source type=\"audio\/mpeg\" src=\"https:\/\/www.radiopiu.net\/wordpress\/wp-content\/uploads\/2021\/11\/CACO-AGORDINA.mp3?_=17\" \/><a href=\"https:\/\/www.radiopiu.net\/wordpress\/wp-content\/uploads\/2021\/11\/CACO-AGORDINA.mp3\">https:\/\/www.radiopiu.net\/wordpress\/wp-content\/uploads\/2021\/11\/CACO-AGORDINA.mp3<\/a><\/audio>\n<p>&nbsp;<\/p>\n<hr \/>\n<p>&nbsp;<\/p>\n<p><span style=\"color: #0000ff;\">NUOTO<\/span><\/p>\n<div class=\"b654a4as d2edcug0\">\n<blockquote>\n<h3>SETTIMA SU 37, SPORTIVAMENTE DI VALORE A BOLZANO<\/h3>\n<\/blockquote>\n<p><strong>BELLUNO<\/strong> La Sportivamente Belluno si \u00e8 messa in luce all\u2019International Swimmeeting S\u00fcdtirol-Alto Adige conquistando un posto nella top ten grazie ai suoi 23 atleti. Gli stessi che hanno condiviso le corsie della piscina \u201cAlbert Pircher\u201d con nuotatori di livello internazionale: dallo svizzero Noe Ponti, medaglia di bronzo alle Olimpiadi di Tokyo nei 100 farfalla, alla lettone Ieva Maluka, passando per l\u2019estone Maria Romanjuk.\u00a0 Molteplici le prestazioni che hanno permesso ai bellunesi di abbassare i loro tempi con\u00a0 Anna Simon (2009), Alessandro Nerviani (2009), Elisa Petten\u00f2 (2008),\u00a0 Camilla Caldart (2008), Sofia Caldart (2006) Luca Odolo (2006),\u00a0 e Andrea Frisaldi (2007). Soddisfatti gli allenatori Alberto Cassol e Giulia Bortot: <em>\u00abSiamo solo all\u2019inizio\u00a0 e gi\u00e0 si evidenziano i presupposti per una stagione davvero positiva\u00bb.<\/em><\/p>\n<p>&nbsp;<\/p>\n<p><span style=\"color: #ff0000;\"><strong>I RISULTATI<\/strong><\/span> Marco Sponga (2003): 50 sl (28\u201d79), 50 do (34\u201d14), 100 sl (1\u201903\u201d83), 100 do (1\u201914\u201d27);\u00a0 Nestore Casagrande (2004): 50 sl (25\u201d88), 50 ra (33\u201d61), 100 sl (56\u201d81), 100 ra (1\u201913\u201d32):\u00a0 Alessandro Facchin (2004): 50 sl (28\u201d09), 50 df (31\u201d22), 100 sl (1\u201900\u201d93), 100 df (1\u201911\u201d47);\u00a0 Tomaso Damiano Miari Fulcis (2006): 50sl (27\u201d91), 50 ra (36\u201d13), 100 ra (1\u201918\u201d44);\u00a0 Luca Odolo (2006): 50 sl (27\u201d78), 50 do (28\u201d7), 100 sl (59\u201d98), 100 do (1\u201904\u201d42);\u00a0 Ivan Somacal (2007): 50 df (30\u201d38), 50 sl (26\u201d55), 100 sl (58\u201d1), 100 df (1\u201907\u201d82);\u00a0 Andrea Frisaldi (2007): 50 ra (33\u201d9), 50 df (28\u201d77), 100 sl (59\u201d29), 100 df (1\u201903\u201d36);\u00a0 Samuele Gashi (2007): 50 sl (28\u201d44), 100 sl (1\u201902\u201d44), 100 do (1\u201912\u201d65);\u00a0 Giacomo Bianchini (2007): 50 sl (29\u201d11), 50 df (32\u201d52), 100 sl (1\u201902\u201d56), 100 df (1\u201913\u201d);\u00a0 Matteo Longi (2008): 50 sl (29\u201d8), 100 sl (1\u201905\u201d82), 100 do (1\u201914\u201d94); Alessandro Nerviani (2009): 50 sl (27\u201d43), 50 ra (36\u201d58), 100 sl (1\u201901\u201d12);\u00a0 Levi Riccardo Cervo (2009): 50 sl (32\u201d53),50 df (37\u201d58), 100 sl (1\u201910\u201d);\u00a0 Valentina Sovilla (2004): 50 sl (29\u201d6), 50 ra (38\u201d62), 100 sl (1\u201904\u201d21);\u00a0 Rebecca De Min (2004): 50 sl (29\u201d93), 50 do (34\u201d06), 100 sl (1\u201905\u201d4);\u00a0 Sofia Emilia Caldart (2006): 50 ra (37\u201d54), 50 df (33\u201d88), 100 df (1\u201912\u201d65), 100 ra (1\u201920\u201d56)\u00a0 Minerva Dall\u2019\u00d2 (2007): 50 sl (28\u201d84), 50 df (32\u201d32), 100 sl (1\u201903\u201d34), 100 do (1\u201912\u201d47);\u00a0 Sara Sommacal (2007): 50 sl (28\u201d9), 50 df (31\u201d37), 100 sl (1\u201904\u201d65), 100 df (1\u201910\u201d16);\u00a0 Eleonora Cibien (2007): 50 sl (30\u201d25), 50 do (33\u201d67), 100 sl (1\u201906\u201d04), 100 do (1\u201912\u201d1);\u00a0 Michela Curtol (2007): 50 sl (30\u201d88), 50 df (34\u201d1), 100 sl (1\u201908\u201d77), 100 df (1\u201912\u201d48);\u00a0 Elisa Petten\u00f2 (2008): 50 sl (28\u201d67), 100 sl (1\u201903\u201d65), 100 do (1\u201910\u201d03);\u00a0 Camilla Petra Caldart (2008): 50 sl (29\u201d92), 50 ra (36\u201d78), 100 sl (1\u201905\u201d06), 100 ra (1\u201921\u201d29);\u00a0 Anna Simon (2009): 50 sl (30\u201d28), 50 ra (38\u201d1), 100 sl (1\u201905\u201d73), 100 ra (1\u201922\u201d73);\u00a0 Angelica Visentini (2009): 50 sl (34\u201d41), 50 do (39\u201d43), 100 sl (1\u201916\u201d79), 100 do (1\u201924\u201d55).<\/p>\n\n\t\t\t<style type='text\/css'>\n\t\t\t\t#gallery-8 {\n\t\t\t\t\tmargin: auto;\n\t\t\t\t}\n\t\t\t\t#gallery-8 .gallery-item {\n\t\t\t\t\tfloat: left;\n\t\t\t\t\tmargin-top: 10px;\n\t\t\t\t\ttext-align: center;\n\t\t\t\t\twidth: 50%;\n\t\t\t\t}\n\t\t\t\t#gallery-8 img {\n\t\t\t\t\tborder: 2px solid #cfcfcf;\n\t\t\t\t}\n\t\t\t\t#gallery-8 .gallery-caption {\n\t\t\t\t\tmargin-left: 0;\n\t\t\t\t}\n\t\t\t\t\/* see gallery_shortcode() in wp-includes\/media.php *\/\n\t\t\t<\/style>\n\t\t<div id='gallery-8' class='dt-gallery-container gallery galleryid-243077 gallery-columns-2 gallery-size-medium'><dl class='gallery-item'>\n\t\t\t\t<dt class='gallery-icon landscape'>\n\t\t\t\t\t<a class=\"rollover rollover-zoom dt-pswp-item\" title=\"Sportivamente_BL_al_Meeting_Bolzano_1\" data-dt-img-description=\"\" data-large_image_width=\"1019\" data-large_image_height=\"765\"href='https:\/\/www.radiopiu.net\/wordpress\/wp-content\/uploads\/2021\/11\/Sportivamente_BL_al_Meeting_Bolzano_1.jpg'><img loading=\"lazy\" decoding=\"async\" width=\"300\" height=\"225\" src=\"https:\/\/www.radiopiu.net\/wordpress\/wp-content\/uploads\/2021\/11\/Sportivamente_BL_al_Meeting_Bolzano_1-300x225.jpg\" class=\"attachment-medium size-medium\" alt=\"\" srcset=\"https:\/\/www.radiopiu.net\/wordpress\/wp-content\/uploads\/2021\/11\/Sportivamente_BL_al_Meeting_Bolzano_1-300x225.jpg 300w, https:\/\/www.radiopiu.net\/wordpress\/wp-content\/uploads\/2021\/11\/Sportivamente_BL_al_Meeting_Bolzano_1-768x577.jpg 768w, https:\/\/www.radiopiu.net\/wordpress\/wp-content\/uploads\/2021\/11\/Sportivamente_BL_al_Meeting_Bolzano_1.jpg 1019w\" sizes=\"auto, (max-width: 300px) 100vw, 300px\" \/><\/a>\n\t\t\t\t<\/dt><\/dl><dl class='gallery-item'>\n\t\t\t\t<dt class='gallery-icon landscape'>\n\t\t\t\t\t<a class=\"rollover rollover-zoom dt-pswp-item\" title=\"Spoerivamente_BL_al_Meeting_di_Bolzano_2\" data-dt-img-description=\"\" data-large_image_width=\"1019\" data-large_image_height=\"765\"href='https:\/\/www.radiopiu.net\/wordpress\/wp-content\/uploads\/2021\/11\/Spoerivamente_BL_al_Meeting_di_Bolzano_2.jpg'><img loading=\"lazy\" decoding=\"async\" width=\"300\" height=\"225\" src=\"https:\/\/www.radiopiu.net\/wordpress\/wp-content\/uploads\/2021\/11\/Spoerivamente_BL_al_Meeting_di_Bolzano_2-300x225.jpg\" class=\"attachment-medium size-medium\" alt=\"\" srcset=\"https:\/\/www.radiopiu.net\/wordpress\/wp-content\/uploads\/2021\/11\/Spoerivamente_BL_al_Meeting_di_Bolzano_2-300x225.jpg 300w, https:\/\/www.radiopiu.net\/wordpress\/wp-content\/uploads\/2021\/11\/Spoerivamente_BL_al_Meeting_di_Bolzano_2-768x577.jpg 768w, https:\/\/www.radiopiu.net\/wordpress\/wp-content\/uploads\/2021\/11\/Spoerivamente_BL_al_Meeting_di_Bolzano_2.jpg 1019w\" sizes=\"auto, (max-width: 300px) 100vw, 300px\" \/><\/a>\n\t\t\t\t<\/dt><\/dl><br style=\"clear: both\" \/>\n\t\t\t<\/div>\n\n<p>&nbsp;<\/p>\n<\/div>\n<\/div>\n<\/div>\n<\/div>\n<\/div>\n<\/div>\n<\/div>\n<\/div>\n<\/div>\n<\/div>\n<\/div>\n<\/div>\n<\/div>\n<\/div>\n<\/div>\n<\/div>\n<\/div>\n<\/div>\n<\/div>\n<\/div>\n<\/div>\n<\/div>\n<\/div>\n<\/div>\n<\/div>\n<\/div>\n<\/div>\n<\/div>\n<\/div>\n<\/div>\n<\/div>\n<\/div>\n<\/div>\n<\/div>\n<\/div>\n<\/div>\n<\/div>\n<\/div>\n<\/div>\n<\/div>\n<\/div>\n<\/div>\n<\/div>\n<\/div>\n<\/div>\n<\/div>\n<\/div>\n<\/div>\n<\/div>\n<\/div>\n<\/div>\n<\/div>\n<\/div>\n<\/div>\n<\/div>\n<\/div>\n<\/div>\n<\/div>\n<\/div>\n<\/div>\n<\/div>\n<\/div>\n<\/div>\n<\/div>\n<\/div>\n<\/div>\n<\/div>\n<\/div>\n<\/div>\n<\/div>\n<\/div>\n<\/div>\n<\/div>\n<\/div>\n<\/div>\n<\/div>\n<\/div>\n<\/div>\n<\/div>\n<\/div>\n<\/div>\n<\/div>\n<\/div>\n","protected":false},"excerpt":{"rendered":"<p>SPECIALI ALLA RADIO: OGGI ALLE 10.30 E 1900 OSPITE DI RADIO PIU&#8217; IL COMANDANTE DEL CORPO CARABINIERI FORESTALI DI BELLUNO RICCARDO CORBINI. DOMANI ALLE 10.30 E 1900 OSPITE DI RADIO PIU&#8217; IL CONSIGLIERE PROVINCIALE FRANCO DE BON. DUE GIORNI PER AFFRONTARE LE PROBLEMATICHE LEGATE AL TERRITORIO, UNGULATI SULLE STRADE, SOTTOPASSI, IL RITORNO DEL LUPO E&hellip;<\/p>\n","protected":false},"author":4,"featured_media":243203,"comment_status":"closed","ping_status":"open","sticky":false,"template":"","format":"standard","meta":{"_monsterinsights_skip_tracking":false,"_monsterinsights_sitenote_active":false,"_monsterinsights_sitenote_note":"","_monsterinsights_sitenote_category":0,"footnotes":""},"categories":[104,86,49],"tags":[],"class_list":["post-243077","post","type-post","status-publish","format-standard","has-post-thumbnail","hentry","category-evidenza_3","category-gr","category-news-18","category-104","category-86","category-49","description-off"],"img_url":"https:\/\/www.radiopiu.net\/wordpress\/wp-content\/uploads\/2021\/11\/8afd7461-0d10-40b3-905c-919d7eee441b.jpg","_links":{"self":[{"href":"https:\/\/www.radiopiu.net\/wordpress\/wp-json\/wp\/v2\/posts\/243077","targetHints":{"allow":["GET"]}}],"collection":[{"href":"https:\/\/www.radiopiu.net\/wordpress\/wp-json\/wp\/v2\/posts"}],"about":[{"href":"https:\/\/www.radiopiu.net\/wordpress\/wp-json\/wp\/v2\/types\/post"}],"author":[{"embeddable":true,"href":"https:\/\/www.radiopiu.net\/wordpress\/wp-json\/wp\/v2\/users\/4"}],"replies":[{"embeddable":true,"href":"https:\/\/www.radiopiu.net\/wordpress\/wp-json\/wp\/v2\/comments?post=243077"}],"version-history":[{"count":0,"href":"https:\/\/www.radiopiu.net\/wordpress\/wp-json\/wp\/v2\/posts\/243077\/revisions"}],"wp:featuredmedia":[{"embeddable":true,"href":"https:\/\/www.radiopiu.net\/wordpress\/wp-json\/wp\/v2\/media\/243203"}],"wp:attachment":[{"href":"https:\/\/www.radiopiu.net\/wordpress\/wp-json\/wp\/v2\/media?parent=243077"}],"wp:term":[{"taxonomy":"category","embeddable":true,"href":"https:\/\/www.radiopiu.net\/wordpress\/wp-json\/wp\/v2\/categories?post=243077"},{"taxonomy":"post_tag","embeddable":true,"href":"https:\/\/www.radiopiu.net\/wordpress\/wp-json\/wp\/v2\/tags?post=243077"}],"curies":[{"name":"wp","href":"https:\/\/api.w.org\/{rel}","templated":true}]}}