{"id":243161,"date":"2021-11-16T11:05:53","date_gmt":"2021-11-16T10:05:53","guid":{"rendered":"https:\/\/www.radiopiu.net\/wordpress\/?p=243161"},"modified":"2021-11-16T11:08:49","modified_gmt":"2021-11-16T10:08:49","slug":"incontro-con-le-associazioni-locali-dei-club-alcologici-territoriali-acat","status":"publish","type":"post","link":"https:\/\/www.radiopiu.net\/wordpress\/incontro-con-le-associazioni-locali-dei-club-alcologici-territoriali-acat\/","title":{"rendered":"INCONTRO CON LE ASSOCIAZIONI LOCALI DEI CLUB ALCOLOGICI TERRITORIALI (ACAT)"},"content":{"rendered":"<blockquote>\n<h3><\/h3>\n<\/blockquote>\n<p><strong><a href=\"https:\/\/www.radiopiu.net\/wordpress\/giornale-radiopiu-16-novembre-2021-direttore-mirko-mezzacasa\/whatsapp-image-2021-11-15-at-16-11-21\/\" rel=\"attachment wp-att-243071\"><img loading=\"lazy\" decoding=\"async\" class=\"size-medium wp-image-243071 alignleft\" src=\"https:\/\/www.radiopiu.net\/wordpress\/wp-content\/uploads\/2021\/11\/WhatsApp-Image-2021-11-15-at-16.11.21-300x105.jpeg\" alt=\"\" width=\"300\" height=\"105\" srcset=\"https:\/\/www.radiopiu.net\/wordpress\/wp-content\/uploads\/2021\/11\/WhatsApp-Image-2021-11-15-at-16.11.21-300x105.jpeg 300w, https:\/\/www.radiopiu.net\/wordpress\/wp-content\/uploads\/2021\/11\/WhatsApp-Image-2021-11-15-at-16.11.21-1024x358.jpeg 1024w, https:\/\/www.radiopiu.net\/wordpress\/wp-content\/uploads\/2021\/11\/WhatsApp-Image-2021-11-15-at-16.11.21-768x269.jpeg 768w, https:\/\/www.radiopiu.net\/wordpress\/wp-content\/uploads\/2021\/11\/WhatsApp-Image-2021-11-15-at-16.11.21-1536x538.jpeg 1536w, https:\/\/www.radiopiu.net\/wordpress\/wp-content\/uploads\/2021\/11\/WhatsApp-Image-2021-11-15-at-16.11.21.jpeg 1600w\" sizes=\"auto, (max-width: 300px) 100vw, 300px\" \/><\/a>BELLUNO\u00a0<\/strong>Ieri, , presso la sede dell\u2019Azienda ULSS n. 1 Dolomiti, si \u00e8 tenuto un incontrofra la Azienda ULSS 1, rappresentata dal Direttore Generale dott. ssa Maria Grazia Carraro, nonch\u00e9 dal Direttore dei Servizi Socio-sanitari dr. Giampaolo Pecere e le quattro Associazioni Locali dei Club Alcologici Territoriali (ACAT) di Agordo, Belluno,Cadore,e Feltre, rappresentate dai rispettivi \u00a0Presidenti pro tempore e il Dipartimento di Prevenzione E\u2019 stata un\u2019occasione per fare il punto sulle attivit\u00e0di prevenzione, promozione della salute e riabilitazione che promuovono i Club attivi sul territorio provinciale che attualmente sono 37 e coinvolgono 169 famiglie. Da parte dei Presidenti delle Acat \u00e8 stata evidenziata la volont\u00e0 di ripresa, dopo la sospensione delle attivit\u00e0 in presenza, alla quale si \u00e8 sopperito, ove possibile , mediante gli incontri on line e col mantenimento della rete di comunicazioni personali tra i componenti dei club, i servitori insegnanti e gli operatori del Ser.D. Ci\u00f2 ha consentito la ripresa delle attivit\u00e0 in presenza, non appena consentito, nella maggioranza dei Club. Il Direttore Generale e d il Direttore dei servizi soci sanitari hanno potuto apprezzare le attivit\u00e0 in atto ed hanno assicurato la volont\u00e0 di mantenere ed anche migliorare la collaborazione. Da parte della direzione aziendale \u00e8 stata altres\u00ec assicurata la volont\u00e0 di espletare il pi\u00f9 celermente possibile le procedure selettive necessarie per la copertura dei posti resisivacanti nei Servizi per le dipendenze. Da parte dei presidenti delle ACAT \u00e8 stato ribadito l\u2019impegno a proseguire, continuando il percorso intrapreso, nella quarantennale collaborazione con l\u2019Azienda Sanitaria, con il consueto spirito di condivisione e solidariet\u00e0 nell\u2019ambito degli interventi di prevenzione primaria e promozione della salute. Al termine dell\u2019incontro \u00e8 stata espressa soddisfazione unanime dai presenti per il prosieguo della collaborazione finalizzata a sensibilizzare la comunit\u00e0 provinciale e ad affrontare al meglio i problemi alcol correlati nel nostro territorio<\/p>\n","protected":false},"excerpt":{"rendered":"<p>BELLUNO\u00a0Ieri, , presso la sede dell\u2019Azienda ULSS n. 1 Dolomiti, si \u00e8 tenuto un incontrofra la Azienda ULSS 1, rappresentata dal Direttore Generale dott. ssa Maria Grazia Carraro, nonch\u00e9 dal Direttore dei Servizi Socio-sanitari dr. Giampaolo Pecere e le quattro Associazioni Locali dei Club Alcologici Territoriali (ACAT) di Agordo, Belluno,Cadore,e Feltre, rappresentate dai rispettivi \u00a0Presidenti&hellip;<\/p>\n","protected":false},"author":4,"featured_media":243071,"comment_status":"closed","ping_status":"open","sticky":false,"template":"","format":"standard","meta":{"_monsterinsights_skip_tracking":false,"_monsterinsights_sitenote_active":false,"_monsterinsights_sitenote_note":"","_monsterinsights_sitenote_category":0,"footnotes":""},"categories":[49],"tags":[],"class_list":["post-243161","post","type-post","status-publish","format-standard","has-post-thumbnail","hentry","category-news-18","category-49","description-off"],"img_url":"https:\/\/www.radiopiu.net\/wordpress\/wp-content\/uploads\/2021\/11\/WhatsApp-Image-2021-11-15-at-16.11.21.jpeg","_links":{"self":[{"href":"https:\/\/www.radiopiu.net\/wordpress\/wp-json\/wp\/v2\/posts\/243161","targetHints":{"allow":["GET"]}}],"collection":[{"href":"https:\/\/www.radiopiu.net\/wordpress\/wp-json\/wp\/v2\/posts"}],"about":[{"href":"https:\/\/www.radiopiu.net\/wordpress\/wp-json\/wp\/v2\/types\/post"}],"author":[{"embeddable":true,"href":"https:\/\/www.radiopiu.net\/wordpress\/wp-json\/wp\/v2\/users\/4"}],"replies":[{"embeddable":true,"href":"https:\/\/www.radiopiu.net\/wordpress\/wp-json\/wp\/v2\/comments?post=243161"}],"version-history":[{"count":0,"href":"https:\/\/www.radiopiu.net\/wordpress\/wp-json\/wp\/v2\/posts\/243161\/revisions"}],"wp:featuredmedia":[{"embeddable":true,"href":"https:\/\/www.radiopiu.net\/wordpress\/wp-json\/wp\/v2\/media\/243071"}],"wp:attachment":[{"href":"https:\/\/www.radiopiu.net\/wordpress\/wp-json\/wp\/v2\/media?parent=243161"}],"wp:term":[{"taxonomy":"category","embeddable":true,"href":"https:\/\/www.radiopiu.net\/wordpress\/wp-json\/wp\/v2\/categories?post=243161"},{"taxonomy":"post_tag","embeddable":true,"href":"https:\/\/www.radiopiu.net\/wordpress\/wp-json\/wp\/v2\/tags?post=243161"}],"curies":[{"name":"wp","href":"https:\/\/api.w.org\/{rel}","templated":true}]}}