{"id":243209,"date":"2021-11-16T23:59:30","date_gmt":"2021-11-16T22:59:30","guid":{"rendered":"https:\/\/www.radiopiu.net\/wordpress\/?p=243209"},"modified":"2021-11-16T15:53:39","modified_gmt":"2021-11-16T14:53:39","slug":"la-leggenda-di-murcimiro-ed-atleta-nella-storia-del-castello-di-zumelle","status":"publish","type":"post","link":"https:\/\/www.radiopiu.net\/wordpress\/la-leggenda-di-murcimiro-ed-atleta-nella-storia-del-castello-di-zumelle\/","title":{"rendered":"LA LEGGENDA DI MURCIMIRO ED ATLETA NELLA STORIA DEL CASTELLO DI ZUMELLE"},"content":{"rendered":"<p><strong>di\u00a0 RENATO BONA<\/strong><\/p>\n<p>Nel dicembre 1989 &#8211; in occasione del convegno dell\u20191 luglio dello stesso anno, svoltosi in quel di Mel, Palazzo delle Contesse messo a disposizione dal Comune &#8211; Grafiche Longaronesi stampavano per la Comunit\u00e0 montana bellunese, ad iniziativa della Libreria Pilotto editrice di Feltre, il volume \u201cI castelli del Bellunese\u201d, a cura di Bruno Fontana e Dario Dall\u2019Olio, con contributi di Luisa Alpago Novello, Enrico Perego, Mauro Vedana, Marino Baldin, Mirco Minella ed Eldo Candeago (tutti relatori del convegno in terra zumellese), foto di: Adriano Alpago Novello, Marino Baldin, Sergio Pivetta, Anna Tazzara, Dario Tonet, Claudia Trevissoi e Mauro Vedana, impostazione grafica di Melarte, in sovracopertina disegno di Ornella Fiabane. Per dirla con l\u2019allora assessore alla cultura della Comunit\u00e0 montana, Luigino Boito, dai Castelli (che cita in presentazione: Zumelle, Castelvint, Casteldart, Sant\u2019Anna di Castion e Belluno \u201cdi cui rimane, esile traccia, il volto dei sotterranei che fiancheggiano il Palazzo delle Poste nel capoluogo\u201d- ndr.) \u201c\u2026 emana il fascino di antiche vicende che ci \u00e8 stato fatto rivivere nel convegno di Mel dagli illustri relatori\u201d. A sua volta Dario Dall\u2019Olio precisava che \u201cIl testo vuole costituire uno stimolo ad occuparsi in maniera maggiormente e doverosamente rispettosa di beni che, dopo ave costituito il fulcro d\u2019una nostra nobile vicenda storica, ancor oggi possono essere punti di forza d\u00ec\u2019uno sviluppo culturale armonico delle nostre zone\u201d. Col suo articolato contributo nell\u2019introduzione, il co-autore Bruno Fontana opportunamente ricorda, fra l\u2019altro, che: \u201cOgni castello presenta naturalmente un\u2019identit\u00e0 propria e peculiare, ma in tutti ritorna una caratteristica comune: tutti sovrastano dalle alture, o comunque punti di rilievo, colli, monti, sassi, rive di torrenti. In tutti ritorna cio\u00e8 una specie di leitmotiv, ossia l\u2019importanza di erigere castelli in punti quotati a scopo difensivo\u201d per puntualizzare quindi che il libro, che \u201crisulta una sorta di \u2018collage\u2019 ottenuto con vari interventi stesi poi in una relazione compatta e unitaria come qui si presenta, \u00e8 quello di suscitare nel lettore l\u2019interesse per questo patrimonio artistico con cui fortunatamente conviviamo. Un\u2019informazione adeguata quale si prefigge questo saggio, correlato da un\u2019indagine scrupolosa e condotta con un preciso metodo tecnico, pu\u00f2 rappresentare l\u2019opportunit\u00e0 di volgere uno sguardo di interesse al territorio nel quale viviamo, al fine di poter apprezzare tramite un approccio storico-archeologico questo notevole patrimonio artistico di cui la nostra provincia \u00e8 straordinariamente ricca\u201d. Non \u00e8 dunque un caso che \u201cAlcune delle relazioni presenti in questo \u2018reportage\u2019 mettono in rilievo proprio questo aspetto, ossia l\u2019assoluta necessit\u00e0 di un recupero funzionale del castello, in una prospettiva di valorizzazione storico-ambientale della terra che ci ha dato i natali\u201d. Il Bellunese infatti &#8211; scriveva ancora in conclusione &#8211; \u201cpullula di numerosi castelli che il tempo e forse il disinteresse del passato hanno deturpato irrimediabilmente. Per la suddetta ragione attraverso questo \u2018programma di sensibilizzazione\u2019 verso i beni culturali della nostra provincia, si vuole lanciare un chiaro messaggio agli Enti locali e alle Sopraintendenze, ma soprattutto a noi tutti con l\u2019obiettivo di un recupero adeguato e solerte, di una rivalutazione corretta, di un interessamento completo e professionale che oggi sappiamo possibile anche grazie a particolari tecniche di rilevamento a cui Mirko Minella dedica un capitolo di questo volume\u201d. Ricordato che il pregevole volume si articola nei capitoli: \u201cIl Castello di Zumelle e la linea difensiva della Val Belluna\u201d, di Luisa Alpago Novello; \u201cIl Castello di Feltre\u201d, di Enrico Perego; \u201cBelluno citt\u00e0 fortezza: fra assedi e assalti\u2026\u201d, di Mauro Vedana; \u201cIl Castello di Andraz: il restauro di un bene architettonico ed ambientale\u201d, di Marino Baldin; \u201cBeni culturali tra conservazione e sviluppo\u201d, di Eldo Candeago; \u201cCatalogazione e gestione dei beni culturali: il supporto informatico\u201d, di Mirco Minella, ci soffermiamo in questa occasione su quello che si occupa del Castello di Zumelle (cui l\u2019amico Edoardo Comiotto ha dedicato a mo di dicitura per un\u2019immagine, questa breve lirica: \u201coh\u2026 Torre\/ che sfidi il vento\/ e il tuono minaccioso,\/ che copri con l tua vista\/ le valli e i rii,\/ tu che ricordi\u2026\/ \u2026ricorda per noi\u2026\/\u201d). Luisa Alpago Novello esordisce scrivendo che \u201cQuando si comincia ad interessarsi della storia antica della Val Belluna, il primo monumento che colpisce l\u2019immaginazione \u00e8 il Castello di Zumelle, che troneggia isolato e possente, ricco di storia e di affascinanti leggende\u201d aggiungendo: \u201cMa, allargando le ricerche, ci si accorge che gli storici locali dei secoli XVI-XVIII (Bonifaccio, Piloni, Cambruzzi, Montebello) ci parlano di un gran numero di castelli, e di altri ancor oggi affiorano qua e l\u00e0 i ruderi\u2026\u201d. Dopo un inquadramento storico che va senz\u2019altro letto e memorizzato, cos\u00ec come, del resto, i dettagliati riferimenti agli altri, numerosi castelli del Bellunese, l\u2019autrice del capitolo scrive nello specifico del Castello di Zumelle: \u201cStrettamente legato al passaggio della via Claudia per Praderadego \u00e8 il Castello di Zumelle, il \u2018Castrun Gemellarum\u2019 dei documenti pi\u00f9 antichi, la \u2018Rocha de Mel\u2019 nella traduzione volgare. Va ricordato che \u2018Gemellae\u2019 era il nome romano di Mel, la cui fondazione risale probabilmente all\u2019et\u00e0 di Cesare. Dalla planimetria e dalle sezioni risulta chiara la posizione naturalmente forte del castello, circondato su tre lati dal torrente Terche, e ulteriormente difeso da mura e torri\u201d poi, con riferimento ad una piantina allegata al testo, spiega che \u201cCol punteggiato si \u00e8 messo in evidenza il lungo e profondo fossato semicircolare, tutto mirabilmente tagliato nella roccia. Nella pianta, con tratteggio nero, \u00e8 indicato il castello attuale. Al di sotto del mastio centrale, alla profondit\u00e0 di tre metri, sono apparse le fondazioni della primitiva torre, leggermente pi\u00f9 piccola e con diverso orientamento, avendo un lato parallelo al fossato la penso costruita contemporaneamente ad esso\u201d. Pi\u00f9 avanti, Alpago Novello rammenta che: \u201cIl Piloni attribuisce la costruzione del castello con torre al tempo del re goto Vitige (anni 536-40 d.C.) e riporta all\u2019inizio del secolo VIII (periodo longobardo) la leggenda di Murcimiro di Zumelle e della bella Atleta\u201d. A proposito della quale leggenda la libera enciclopedia Wikipedia, attribuendola allo storico bellunese Giorgio Piloni scrive che \u201cIl valoroso Murcimiro, conte di Zumelle, si innamor\u00f2 di Atleta, la bellissima figlia del conte Tucherio di Calteldardo, promessa sposa di Azzone, conte di Feltre. Murcimiro, travolto dal desiderio, giur\u00f2 che l\u2019avrebbe avuta anche a costo di morire. Alla testa dei suoi uomini tese un agguato al corteo che stava conducendo Atleta a Feltre: durante il terribile scontro il conte uccise Orleo, fratello della sposa, e rap\u00ec quest\u2019ultima conducendola nel suo castello. Accecato dall\u2019odio per la morte del figlio, Tucherio mosse il suo esercito contro il castello di Zumelle, le cui difese erano state nel frattempo potenziate. Non riuscendo a far uscire Murcimiro, devast\u00f2 i vicini paesi di Tiago e di Villa, poi torn\u00f2 a Casteldardo, inseguito dagli uomini del nemico. Quache tempo dopo tent\u00f2 un nuovo assedio, ma la fortezza resistette. Frattanto, Atleta aveva sposato Murcimiro e gli aveva dato un figlio: Adelardo. Lo zumellese sperava che il lieto evento potesse placare l\u2019animo di Tucherio. In effetti segu\u00ec un periodo di quiete e Murcimiro abbass\u00f2 le difese, congedando molti dei suoi uomini. Era per\u00f2 una trappola: consigliato da un ex soldato di Zumelle, dopo tre anni Tucherio attacc\u00f2 il castello e lo devast\u00f2 senza difficolt\u00e0, uccise lui stesso Murcimiro e successivamente incendi\u00f2 la fortezza. Atleta fu ricondotta a Casteldardo con il figlio, poi fu data in sposa ad Azzone. A lungo gli Zumellesi discussero su come risollevare le sorti della contea. Alla fine decisero di nominare conte l\u2019erede diretto di Murcimiro, Adelardo, e di restaurare il Castello. Fu dunque inviata un\u2019ambasceria a Tucherio, che accett\u00f2 le richieste degli Zumellesi e addirittura diede loro 25 marche d\u2019argento per finanziare il Castello. Riport\u00f2 quindi il piccolo Adelardo a Zumelle, affidandolo alla tutela di Ermenfredo\u201d.<\/p>\n<p>&nbsp;<\/p>\n\n\t\t\t<style type='text\/css'>\n\t\t\t\t#gallery-1 {\n\t\t\t\t\tmargin: auto;\n\t\t\t\t}\n\t\t\t\t#gallery-1 .gallery-item {\n\t\t\t\t\tfloat: left;\n\t\t\t\t\tmargin-top: 10px;\n\t\t\t\t\ttext-align: center;\n\t\t\t\t\twidth: 16%;\n\t\t\t\t}\n\t\t\t\t#gallery-1 img {\n\t\t\t\t\tborder: 2px solid #cfcfcf;\n\t\t\t\t}\n\t\t\t\t#gallery-1 .gallery-caption {\n\t\t\t\t\tmargin-left: 0;\n\t\t\t\t}\n\t\t\t\t\/* see gallery_shortcode() in wp-includes\/media.php *\/\n\t\t\t<\/style>\n\t\t<div id='gallery-1' class='dt-gallery-container gallery galleryid-243209 gallery-columns-6 gallery-size-thumbnail'><dl class='gallery-item'>\n\t\t\t\t<dt class='gallery-icon portrait'>\n\t\t\t\t\t<a class=\"rollover rollover-zoom dt-pswp-item\" title=\"257906961_1305114643267350_3490070596912634563_n\" data-dt-img-description=\"\" data-large_image_width=\"158\" data-large_image_height=\"240\"href='https:\/\/www.radiopiu.net\/wordpress\/wp-content\/uploads\/2021\/11\/257906961_1305114643267350_3490070596912634563_n.jpg'><img loading=\"lazy\" decoding=\"async\" width=\"150\" height=\"150\" src=\"https:\/\/www.radiopiu.net\/wordpress\/wp-content\/uploads\/2021\/11\/257906961_1305114643267350_3490070596912634563_n-150x150.jpg\" class=\"attachment-thumbnail size-thumbnail\" alt=\"\" \/><\/a>\n\t\t\t\t<\/dt><\/dl><dl class='gallery-item'>\n\t\t\t\t<dt class='gallery-icon portrait'>\n\t\t\t\t\t<a class=\"rollover rollover-zoom dt-pswp-item\" title=\"257461464_1535260453509761_7605032663668374496_n\" data-dt-img-description=\"\" data-large_image_width=\"151\" data-large_image_height=\"206\"href='https:\/\/www.radiopiu.net\/wordpress\/wp-content\/uploads\/2021\/11\/257461464_1535260453509761_7605032663668374496_n.jpg'><img loading=\"lazy\" decoding=\"async\" width=\"150\" height=\"150\" src=\"https:\/\/www.radiopiu.net\/wordpress\/wp-content\/uploads\/2021\/11\/257461464_1535260453509761_7605032663668374496_n-150x150.jpg\" class=\"attachment-thumbnail size-thumbnail\" alt=\"\" \/><\/a>\n\t\t\t\t<\/dt><\/dl><dl class='gallery-item'>\n\t\t\t\t<dt class='gallery-icon landscape'>\n\t\t\t\t\t<a class=\"rollover rollover-zoom dt-pswp-item\" title=\"258220505_452336959891670_6921691841580458105_n\" data-dt-img-description=\"\" data-large_image_width=\"207\" data-large_image_height=\"206\"href='https:\/\/www.radiopiu.net\/wordpress\/wp-content\/uploads\/2021\/11\/258220505_452336959891670_6921691841580458105_n.jpg'><img loading=\"lazy\" decoding=\"async\" width=\"150\" height=\"150\" src=\"https:\/\/www.radiopiu.net\/wordpress\/wp-content\/uploads\/2021\/11\/258220505_452336959891670_6921691841580458105_n-150x150.jpg\" class=\"attachment-thumbnail size-thumbnail\" alt=\"\" srcset=\"https:\/\/www.radiopiu.net\/wordpress\/wp-content\/uploads\/2021\/11\/258220505_452336959891670_6921691841580458105_n-150x150.jpg 150w, https:\/\/www.radiopiu.net\/wordpress\/wp-content\/uploads\/2021\/11\/258220505_452336959891670_6921691841580458105_n.jpg 207w\" sizes=\"auto, (max-width: 150px) 100vw, 150px\" \/><\/a>\n\t\t\t\t<\/dt><\/dl><dl class='gallery-item'>\n\t\t\t\t<dt class='gallery-icon portrait'>\n\t\t\t\t\t<a class=\"rollover rollover-zoom dt-pswp-item\" title=\"257734580_599855127921422_3907894424521930976_n\" data-dt-img-description=\"\" data-large_image_width=\"180\" data-large_image_height=\"198\"href='https:\/\/www.radiopiu.net\/wordpress\/wp-content\/uploads\/2021\/11\/257734580_599855127921422_3907894424521930976_n.jpg'><img loading=\"lazy\" decoding=\"async\" width=\"150\" height=\"150\" src=\"https:\/\/www.radiopiu.net\/wordpress\/wp-content\/uploads\/2021\/11\/257734580_599855127921422_3907894424521930976_n-150x150.jpg\" class=\"attachment-thumbnail size-thumbnail\" alt=\"\" \/><\/a>\n\t\t\t\t<\/dt><\/dl><dl class='gallery-item'>\n\t\t\t\t<dt class='gallery-icon landscape'>\n\t\t\t\t\t<a class=\"rollover rollover-zoom dt-pswp-item\" title=\"256266429_1636767879992798_7840643122112223428_n\" data-dt-img-description=\"\" data-large_image_width=\"404\" data-large_image_height=\"206\"href='https:\/\/www.radiopiu.net\/wordpress\/wp-content\/uploads\/2021\/11\/256266429_1636767879992798_7840643122112223428_n.jpg'><img loading=\"lazy\" decoding=\"async\" width=\"150\" height=\"150\" src=\"https:\/\/www.radiopiu.net\/wordpress\/wp-content\/uploads\/2021\/11\/256266429_1636767879992798_7840643122112223428_n-150x150.jpg\" class=\"attachment-thumbnail size-thumbnail\" alt=\"\" \/><\/a>\n\t\t\t\t<\/dt><\/dl><dl class='gallery-item'>\n\t\t\t\t<dt class='gallery-icon portrait'>\n\t\t\t\t\t<a class=\"rollover rollover-zoom dt-pswp-item\" title=\"257952628_5329636247051703_6955480785536681635_n\" data-dt-img-description=\"\" data-large_image_width=\"155\" data-large_image_height=\"240\"href='https:\/\/www.radiopiu.net\/wordpress\/wp-content\/uploads\/2021\/11\/257952628_5329636247051703_6955480785536681635_n.jpg'><img loading=\"lazy\" decoding=\"async\" width=\"150\" height=\"150\" src=\"https:\/\/www.radiopiu.net\/wordpress\/wp-content\/uploads\/2021\/11\/257952628_5329636247051703_6955480785536681635_n-150x150.jpg\" class=\"attachment-thumbnail size-thumbnail\" alt=\"\" \/><\/a>\n\t\t\t\t<\/dt><\/dl><br style=\"clear: both\" \/><dl class='gallery-item'>\n\t\t\t\t<dt class='gallery-icon landscape'>\n\t\t\t\t\t<a class=\"rollover rollover-zoom dt-pswp-item\" title=\"258316411_576492523457767_4833829924755960952_n\" data-dt-img-description=\"\" data-large_image_width=\"293\" data-large_image_height=\"206\"href='https:\/\/www.radiopiu.net\/wordpress\/wp-content\/uploads\/2021\/11\/258316411_576492523457767_4833829924755960952_n.jpg'><img loading=\"lazy\" decoding=\"async\" width=\"150\" height=\"150\" src=\"https:\/\/www.radiopiu.net\/wordpress\/wp-content\/uploads\/2021\/11\/258316411_576492523457767_4833829924755960952_n-150x150.jpg\" class=\"attachment-thumbnail size-thumbnail\" alt=\"\" \/><\/a>\n\t\t\t\t<\/dt><\/dl><dl class='gallery-item'>\n\t\t\t\t<dt class='gallery-icon portrait'>\n\t\t\t\t\t<a class=\"rollover rollover-zoom dt-pswp-item\" title=\"258234347_208554327986664_2762682387836369380_n\" data-dt-img-description=\"\" data-large_image_width=\"160\" data-large_image_height=\"205\"href='https:\/\/www.radiopiu.net\/wordpress\/wp-content\/uploads\/2021\/11\/258234347_208554327986664_2762682387836369380_n.jpg'><img loading=\"lazy\" decoding=\"async\" width=\"150\" height=\"150\" src=\"https:\/\/www.radiopiu.net\/wordpress\/wp-content\/uploads\/2021\/11\/258234347_208554327986664_2762682387836369380_n-150x150.jpg\" class=\"attachment-thumbnail size-thumbnail\" alt=\"\" \/><\/a>\n\t\t\t\t<\/dt><\/dl><dl class='gallery-item'>\n\t\t\t\t<dt class='gallery-icon landscape'>\n\t\t\t\t\t<a class=\"rollover rollover-zoom dt-pswp-item\" title=\"258525838_326477042146465_1854563860741444009_n\" data-dt-img-description=\"\" data-large_image_width=\"228\" data-large_image_height=\"205\"href='https:\/\/www.radiopiu.net\/wordpress\/wp-content\/uploads\/2021\/11\/258525838_326477042146465_1854563860741444009_n.jpg'><img loading=\"lazy\" decoding=\"async\" width=\"150\" height=\"150\" src=\"https:\/\/www.radiopiu.net\/wordpress\/wp-content\/uploads\/2021\/11\/258525838_326477042146465_1854563860741444009_n-150x150.jpg\" class=\"attachment-thumbnail size-thumbnail\" alt=\"\" \/><\/a>\n\t\t\t\t<\/dt><\/dl><dl class='gallery-item'>\n\t\t\t\t<dt class='gallery-icon portrait'>\n\t\t\t\t\t<a class=\"rollover rollover-zoom dt-pswp-item\" title=\"257694583_1076891546456038_6089621805123895044_n\" data-dt-img-description=\"\" data-large_image_width=\"155\" data-large_image_height=\"315\"href='https:\/\/www.radiopiu.net\/wordpress\/wp-content\/uploads\/2021\/11\/257694583_1076891546456038_6089621805123895044_n.png'><img loading=\"lazy\" decoding=\"async\" width=\"150\" height=\"150\" src=\"https:\/\/www.radiopiu.net\/wordpress\/wp-content\/uploads\/2021\/11\/257694583_1076891546456038_6089621805123895044_n-150x150.png\" class=\"attachment-thumbnail size-thumbnail\" alt=\"\" \/><\/a>\n\t\t\t\t<\/dt><\/dl><dl class='gallery-item'>\n\t\t\t\t<dt class='gallery-icon landscape'>\n\t\t\t\t\t<a class=\"rollover rollover-zoom dt-pswp-item\" title=\"257470984_1219334448552740_221541138872028880_n\" data-dt-img-description=\"\" data-large_image_width=\"166\" data-large_image_height=\"113\"href='https:\/\/www.radiopiu.net\/wordpress\/wp-content\/uploads\/2021\/11\/257470984_1219334448552740_221541138872028880_n.png'><img loading=\"lazy\" decoding=\"async\" width=\"150\" height=\"113\" src=\"https:\/\/www.radiopiu.net\/wordpress\/wp-content\/uploads\/2021\/11\/257470984_1219334448552740_221541138872028880_n-150x113.png\" class=\"attachment-thumbnail size-thumbnail\" alt=\"\" \/><\/a>\n\t\t\t\t<\/dt><\/dl>\n\t\t\t\t<br style='clear: both' \/>\n\t\t\t<\/div>\n\n<p>&nbsp;<\/p>\n<p>NELLE FOTO (riproduzioni dal libro \u201cI Castelli del Bellunese\u201d, Wikipedia): la copertina del volume; visione di Praderadego col tracciato della via Claudia Altinate; il castello di Zumelle nel disegno di Alberto Alpago Novello, autore anche della planimetria e della pianta; uno scorcio dall\u2019antico mulino; panoramica del maniero zumellese; la rocca di Zumelle; ancora il castello; la storica Luisa Alpago Novello, autrice dell\u2019ottimo primo capitolo del libro; suggestiva immagine notturna del Castello.<\/p>\n<p>&nbsp;<\/p>\n","protected":false},"excerpt":{"rendered":"<p>di\u00a0 RENATO BONA Nel dicembre 1989 &#8211; in occasione del convegno dell\u20191 luglio dello stesso anno, svoltosi in quel di Mel, Palazzo delle Contesse messo a disposizione dal Comune &#8211; Grafiche Longaronesi stampavano per la Comunit\u00e0 montana bellunese, ad iniziativa della Libreria Pilotto editrice di Feltre, il volume \u201cI castelli del Bellunese\u201d, a cura di&hellip;<\/p>\n","protected":false},"author":4,"featured_media":243222,"comment_status":"closed","ping_status":"open","sticky":false,"template":"","format":"standard","meta":{"_monsterinsights_skip_tracking":false,"_monsterinsights_sitenote_active":false,"_monsterinsights_sitenote_note":"","_monsterinsights_sitenote_category":0,"footnotes":""},"categories":[49],"tags":[],"class_list":["post-243209","post","type-post","status-publish","format-standard","has-post-thumbnail","hentry","category-news-18","category-49","description-off"],"img_url":"https:\/\/www.radiopiu.net\/wordpress\/wp-content\/uploads\/2021\/11\/257470984_1219334448552740_221541138872028880_n.png","_links":{"self":[{"href":"https:\/\/www.radiopiu.net\/wordpress\/wp-json\/wp\/v2\/posts\/243209","targetHints":{"allow":["GET"]}}],"collection":[{"href":"https:\/\/www.radiopiu.net\/wordpress\/wp-json\/wp\/v2\/posts"}],"about":[{"href":"https:\/\/www.radiopiu.net\/wordpress\/wp-json\/wp\/v2\/types\/post"}],"author":[{"embeddable":true,"href":"https:\/\/www.radiopiu.net\/wordpress\/wp-json\/wp\/v2\/users\/4"}],"replies":[{"embeddable":true,"href":"https:\/\/www.radiopiu.net\/wordpress\/wp-json\/wp\/v2\/comments?post=243209"}],"version-history":[{"count":0,"href":"https:\/\/www.radiopiu.net\/wordpress\/wp-json\/wp\/v2\/posts\/243209\/revisions"}],"wp:featuredmedia":[{"embeddable":true,"href":"https:\/\/www.radiopiu.net\/wordpress\/wp-json\/wp\/v2\/media\/243222"}],"wp:attachment":[{"href":"https:\/\/www.radiopiu.net\/wordpress\/wp-json\/wp\/v2\/media?parent=243209"}],"wp:term":[{"taxonomy":"category","embeddable":true,"href":"https:\/\/www.radiopiu.net\/wordpress\/wp-json\/wp\/v2\/categories?post=243209"},{"taxonomy":"post_tag","embeddable":true,"href":"https:\/\/www.radiopiu.net\/wordpress\/wp-json\/wp\/v2\/tags?post=243209"}],"curies":[{"name":"wp","href":"https:\/\/api.w.org\/{rel}","templated":true}]}}